{"id":10353,"date":"2016-11-10T17:47:52","date_gmt":"2016-11-10T23:47:52","guid":{"rendered":"https:\/\/graziamagazine.com\/mx\/?p=10353"},"modified":"2020-02-25T13:53:09","modified_gmt":"2020-02-25T18:53:09","slug":"hailey-baldwin-ya-tiene-su-linea-de-makeup","status":"publish","type":"articles","link":"https:\/\/graziamagazine.com\/mx\/articles\/hailey-baldwin-ya-tiene-su-linea-de-makeup\/","title":{"rendered":"Hailey Baldwin ya tiene su l\u00ednea de maquillaje"},"content":{"rendered":"<p><b>La compa\u00f1\u00eda australiana ModelCo la invit\u00f3 a crear 22 productos que saldr\u00e1n a la venta a finales de noviembre.<\/b><!--more--><\/p>\n<p><span style=\"font-weight: 400;\">Mientras su amiga <strong>Kylie<\/strong> est\u00e1 ocupada construyendo un emporio en torno a los labios, <strong>Hailey Baldwin<\/strong> se prepara para debutar su primer colecci\u00f3n para la firma de makeup australiana, <strong>ModelCo<\/strong>. La obsesi\u00f3n de las <em>millennials<\/em> por la rubia no es algo que se tome a la ligera; hace apenas algunos meses, la modelo revel\u00f3 su colecci\u00f3n de <strong>leather goods<\/strong> (del cu\u00e1l ya te <strong><a href=\"https:\/\/graziamagazine.com\/mx\/hailey-baldwin-disena-bolsos\/\" target=\"_blank\" rel=\"noopener\">platicamos<\/a><\/strong>). <\/span><\/p>\n<p><span style=\"font-weight: 400;\">Esta edici\u00f3n especial consiste en <strong>22<\/strong> productos que incluyen kits de <em>contouring<\/em>, base perfeccionadora, delineador de ojos y los favoritos de <strong>Hailey<\/strong>, los b\u00e1lsamos para labios. <strong><em>\u201cTiene el balance perfecto de color y cremosidad para hidratar y volver mis labios m\u00e1s carnosos\u201d<\/em><\/strong>, asegur\u00f3 en el comunicado oficial.<\/span><\/p>\n<p>&nbsp;<\/p>\n<figure id=\"attachment_10356\" aria-describedby=\"caption-attachment-10356\" style=\"width: 610px\" class=\"wp-caption alignnone\"><img loading=\"lazy\" decoding=\"async\" class=\"wp-image-10356\" title=\"Hailey Baldwin ya tiene su l\u00ednea de maquillaje\" src=\"https:\/\/graziamagazine.com\/mx\/wp-content\/uploads\/sites\/13\/2016\/11\/hailey-baldwin-modelco-makeup-collection-1.jpg\" alt=\"Hailey Baldwin for ModelCo.\" width=\"610\" height=\"407\" srcset=\"https:\/\/graziamagazine.com\/mx\/wp-content\/uploads\/sites\/13\/2016\/11\/hailey-baldwin-modelco-makeup-collection-1.jpg 1400w, https:\/\/graziamagazine.com\/mx\/wp-content\/uploads\/sites\/13\/2016\/11\/hailey-baldwin-modelco-makeup-collection-1.jpg?resize=450,300 450w, https:\/\/graziamagazine.com\/mx\/wp-content\/uploads\/sites\/13\/2016\/11\/hailey-baldwin-modelco-makeup-collection-1.jpg?resize=768,512 768w, https:\/\/graziamagazine.com\/mx\/wp-content\/uploads\/sites\/13\/2016\/11\/hailey-baldwin-modelco-makeup-collection-1.jpg?resize=1024,682 1024w, https:\/\/graziamagazine.com\/mx\/wp-content\/uploads\/sites\/13\/2016\/11\/hailey-baldwin-modelco-makeup-collection-1.jpg?resize=155,103 155w\" sizes=\"(max-width: 610px) 100vw, 610px\" \/><figcaption id=\"caption-attachment-10356\" class=\"wp-caption-text\">Hailey Baldwin for ModelCo.<\/figcaption><\/figure>\n<p>&nbsp;<\/p>\n<p><span style=\"font-weight: 400;\">\u00bfLa buena noticia? El sitio de <strong>ModelCo<\/strong> tiene env\u00edos internacionales lo que significa que puedes empezar a pre ordenar lo que m\u00e1s te guste&#8230; \u00a1Antes de que se acaben!<\/span><\/p>\n","protected":false},"author":11636,"featured_media":10354,"template":"","format":"standard","categories":[3,2],"acf":[],"yoast_head":"<!-- This site is optimized with the Yoast SEO Premium plugin v18.5 (Yoast SEO v20.4) - https:\/\/yoast.com\/wordpress\/plugins\/seo\/ -->\n<title>Hailey Baldwin ya tiene su l\u00ednea de maquillaje | Grazia M\u00e9xico y Latinoam\u00e9rica<\/title>\n<meta name=\"description\" content=\"La compa\u00f1\u00eda australiana ModelCo la invit\u00f3 a crear 22 productos que saldr\u00e1n a la venta a finales de noviembre. Mientras su amiga Kylie est\u00e1 ocupada\" \/>\n<meta name=\"robots\" content=\"index, follow, max-snippet:-1, max-image-preview:large, max-video-preview:-1\" \/>\n<link rel=\"canonical\" href=\"https:\/\/graziamagazine.com\/mx\/articles\/hailey-baldwin-ya-tiene-su-linea-de-makeup\/\" \/>\n<meta property=\"og:locale\" content=\"es_MX\" \/>\n<meta property=\"og:type\" content=\"article\" \/>\n<meta property=\"og:title\" content=\"Hailey Baldwin ya tiene su l\u00ednea de maquillaje\" \/>\n<meta property=\"og:description\" content=\"La compa\u00f1\u00eda australiana ModelCo la invit\u00f3 a crear 22 productos que saldr\u00e1n a la venta a finales de noviembre. Mientras su amiga Kylie est\u00e1 ocupada\" \/>\n<meta property=\"og:url\" content=\"https:\/\/graziamagazine.com\/mx\/articles\/hailey-baldwin-ya-tiene-su-linea-de-makeup\/\" \/>\n<meta property=\"og:site_name\" content=\"Grazia M\u00e9xico y Latinoam\u00e9rica\" \/>\n<meta property=\"article:modified_time\" content=\"2020-02-25T18:53:09+00:00\" \/>\n<meta property=\"og:image\" content=\"https:\/\/graziamagazine.com\/mx\/wp-content\/uploads\/sites\/13\/2016\/11\/hailey-baldwin.jpg?fit=835%2C341\" \/>\n\t<meta property=\"og:image:width\" content=\"835\" \/>\n\t<meta property=\"og:image:height\" content=\"341\" \/>\n\t<meta property=\"og:image:type\" content=\"image\/jpeg\" \/>\n<meta name=\"twitter:card\" content=\"summary_large_image\" \/>\n<meta name=\"twitter:label1\" content=\"Est. reading time\" \/>\n\t<meta name=\"twitter:data1\" content=\"1 minuto\" \/>\n<script type=\"application\/ld+json\" class=\"yoast-schema-graph\">{\"@context\":\"https:\/\/schema.org\",\"@graph\":[{\"@type\":\"WebPage\",\"@id\":\"https:\/\/graziamagazine.com\/mx\/articles\/hailey-baldwin-ya-tiene-su-linea-de-makeup\/\",\"url\":\"https:\/\/graziamagazine.com\/mx\/articles\/hailey-baldwin-ya-tiene-su-linea-de-makeup\/\",\"name\":\"Hailey Baldwin ya tiene su l\u00ednea de maquillaje | Grazia M\u00e9xico y Latinoam\u00e9rica\",\"isPartOf\":{\"@id\":\"https:\/\/graziamagazine.com\/mx\/#website\"},\"datePublished\":\"2016-11-10T23:47:52+00:00\",\"dateModified\":\"2020-02-25T18:53:09+00:00\",\"description\":\"La compa\u00f1\u00eda australiana ModelCo la invit\u00f3 a crear 22 productos que saldr\u00e1n a la venta a finales de noviembre. Mientras su amiga Kylie est\u00e1 ocupada\",\"breadcrumb\":{\"@id\":\"https:\/\/graziamagazine.com\/mx\/articles\/hailey-baldwin-ya-tiene-su-linea-de-makeup\/#breadcrumb\"},\"inLanguage\":\"es-MX\",\"potentialAction\":[{\"@type\":\"ReadAction\",\"target\":[\"https:\/\/graziamagazine.com\/mx\/articles\/hailey-baldwin-ya-tiene-su-linea-de-makeup\/\"]}]},{\"@type\":\"BreadcrumbList\",\"@id\":\"https:\/\/graziamagazine.com\/mx\/articles\/hailey-baldwin-ya-tiene-su-linea-de-makeup\/#breadcrumb\",\"itemListElement\":[{\"@type\":\"ListItem\",\"position\":1,\"name\":\"Home\",\"item\":\"https:\/\/graziamagazine.com\/mx\/\"},{\"@type\":\"ListItem\",\"position\":2,\"name\":\"Hailey Baldwin ya tiene su l\u00ednea de maquillaje\"}]},{\"@type\":\"WebSite\",\"@id\":\"https:\/\/graziamagazine.com\/mx\/#website\",\"url\":\"https:\/\/graziamagazine.com\/mx\/\",\"name\":\"Grazia M\u00e9xico y Latinoam\u00e9rica\",\"description\":\"Grazia es moda, belleza y noticias  de actualidad \",\"potentialAction\":[{\"@type\":\"SearchAction\",\"target\":{\"@type\":\"EntryPoint\",\"urlTemplate\":\"https:\/\/graziamagazine.com\/mx\/?s={search_term_string}\"},\"query-input\":\"required name=search_term_string\"}],\"inLanguage\":\"es-MX\"}]}<\/script>\n<!-- \/ Yoast SEO Premium plugin. -->","yoast_head_json":{"title":"Hailey Baldwin ya tiene su l\u00ednea de maquillaje | Grazia M\u00e9xico y Latinoam\u00e9rica","description":"La compa\u00f1\u00eda australiana ModelCo la invit\u00f3 a crear 22 productos que saldr\u00e1n a la venta a finales de noviembre. Mientras su amiga Kylie est\u00e1 ocupada","robots":{"index":"index","follow":"follow","max-snippet":"max-snippet:-1","max-image-preview":"max-image-preview:large","max-video-preview":"max-video-preview:-1"},"canonical":"https:\/\/graziamagazine.com\/mx\/articles\/hailey-baldwin-ya-tiene-su-linea-de-makeup\/","og_locale":"es_MX","og_type":"article","og_title":"Hailey Baldwin ya tiene su l\u00ednea de maquillaje","og_description":"La compa\u00f1\u00eda australiana ModelCo la invit\u00f3 a crear 22 productos que saldr\u00e1n a la venta a finales de noviembre. Mientras su amiga Kylie est\u00e1 ocupada","og_url":"https:\/\/graziamagazine.com\/mx\/articles\/hailey-baldwin-ya-tiene-su-linea-de-makeup\/","og_site_name":"Grazia M\u00e9xico y Latinoam\u00e9rica","article_modified_time":"2020-02-25T18:53:09+00:00","og_image":[{"width":835,"height":341,"url":"https:\/\/graziamagazine.com\/mx\/wp-content\/uploads\/sites\/13\/2016\/11\/hailey-baldwin.jpg?fit=835%2C341","type":"image\/jpeg"}],"twitter_card":"summary_large_image","twitter_misc":{"Est. reading time":"1 minuto"},"schema":{"@context":"https:\/\/schema.org","@graph":[{"@type":"WebPage","@id":"https:\/\/graziamagazine.com\/mx\/articles\/hailey-baldwin-ya-tiene-su-linea-de-makeup\/","url":"https:\/\/graziamagazine.com\/mx\/articles\/hailey-baldwin-ya-tiene-su-linea-de-makeup\/","name":"Hailey Baldwin ya tiene su l\u00ednea de maquillaje | Grazia M\u00e9xico y Latinoam\u00e9rica","isPartOf":{"@id":"https:\/\/graziamagazine.com\/mx\/#website"},"datePublished":"2016-11-10T23:47:52+00:00","dateModified":"2020-02-25T18:53:09+00:00","description":"La compa\u00f1\u00eda australiana ModelCo la invit\u00f3 a crear 22 productos que saldr\u00e1n a la venta a finales de noviembre. Mientras su amiga Kylie est\u00e1 ocupada","breadcrumb":{"@id":"https:\/\/graziamagazine.com\/mx\/articles\/hailey-baldwin-ya-tiene-su-linea-de-makeup\/#breadcrumb"},"inLanguage":"es-MX","potentialAction":[{"@type":"ReadAction","target":["https:\/\/graziamagazine.com\/mx\/articles\/hailey-baldwin-ya-tiene-su-linea-de-makeup\/"]}]},{"@type":"BreadcrumbList","@id":"https:\/\/graziamagazine.com\/mx\/articles\/hailey-baldwin-ya-tiene-su-linea-de-makeup\/#breadcrumb","itemListElement":[{"@type":"ListItem","position":1,"name":"Home","item":"https:\/\/graziamagazine.com\/mx\/"},{"@type":"ListItem","position":2,"name":"Hailey Baldwin ya tiene su l\u00ednea de maquillaje"}]},{"@type":"WebSite","@id":"https:\/\/graziamagazine.com\/mx\/#website","url":"https:\/\/graziamagazine.com\/mx\/","name":"Grazia M\u00e9xico y Latinoam\u00e9rica","description":"Grazia es moda, belleza y noticias  de actualidad ","potentialAction":[{"@type":"SearchAction","target":{"@type":"EntryPoint","urlTemplate":"https:\/\/graziamagazine.com\/mx\/?s={search_term_string}"},"query-input":"required name=search_term_string"}],"inLanguage":"es-MX"}]}},"jetpack_sharing_enabled":true,"distributor_meta":false,"distributor_terms":false,"distributor_media":false,"distributor_original_site_name":"Grazia M\u00e9xico y Latinoam\u00e9rica","distributor_original_site_url":"https:\/\/graziamagazine.com\/mx","push-errors":false,"_links":{"self":[{"href":"https:\/\/graziamagazine.com\/mx\/wp-json\/wp\/v2\/articles\/10353"}],"collection":[{"href":"https:\/\/graziamagazine.com\/mx\/wp-json\/wp\/v2\/articles"}],"about":[{"href":"https:\/\/graziamagazine.com\/mx\/wp-json\/wp\/v2\/types\/articles"}],"author":[{"embeddable":true,"href":"https:\/\/graziamagazine.com\/mx\/wp-json\/wp\/v2\/users\/11636"}],"wp:featuredmedia":[{"embeddable":true,"href":"https:\/\/graziamagazine.com\/mx\/wp-json\/wp\/v2\/media\/10354"}],"wp:attachment":[{"href":"https:\/\/graziamagazine.com\/mx\/wp-json\/wp\/v2\/media?parent=10353"}],"wp:term":[{"taxonomy":"category","embeddable":true,"href":"https:\/\/graziamagazine.com\/mx\/wp-json\/wp\/v2\/categories?post=10353"}],"curies":[{"name":"wp","href":"https:\/\/api.w.org\/{rel}","templated":true}]}}