{"id":103516,"date":"2021-11-18T11:03:29","date_gmt":"2021-11-18T16:03:29","guid":{"rendered":"https:\/\/graziamagazine.com\/mx\/?post_type=articles&#038;p=103516"},"modified":"2021-11-18T09:40:01","modified_gmt":"2021-11-18T14:40:01","slug":"shein-x-belinda-la-colaboracion-que-esta-invadiendo-la-redes-sociales","status":"publish","type":"articles","link":"https:\/\/graziamagazine.com\/mx\/articles\/shein-x-belinda-la-colaboracion-que-esta-invadiendo-la-redes-sociales\/","title":{"rendered":"SHEIN X Belinda, la colaboraci\u00f3n que est\u00e1 invadiendo la redes sociales"},"content":{"rendered":"<p>\u00a1<strong>SHEIN X Belinda<\/strong> es una realidad! Con una serie de prendas que reflejan la estrecha relaci\u00f3n e inquietud en la moda de la artista, esta colaboraci\u00f3n es la fusi\u00f3n ideal entre sensualidad y un estilo refinado y renovado.<\/p>\n<p>Belinda es un \u00edcono de estilo y una experta en moda que a lo largo de los a\u00f1os ha sorprendido a todos con sus <em>looks<\/em> que roban miradas, y claro, esta ocasi\u00f3n no pod\u00edamos pedir (y esperar) mas. Cada\u00a0pieza de esta colaboraci\u00f3n destaca cada esencia <em>girly<\/em>, sin importar la talla o personalidad.<\/p>\n<p>La colecci\u00f3n se compone de 5 estilos llenos de <em>must-haves:<\/em><\/p>\n<p><strong>Fabulosos 90\u00b4s:<\/strong> Con un tono\u00a0<em>retro<\/em> y un giro moderno, estos conjuntos de dos piezas con <em>cropped jackets<\/em>\u00a0siguen \u00a0la tendencia monocolor que defini\u00f3 esa d\u00e9cada.<\/p>\n<p><strong>Urbano majestuoso:<\/strong> \u00a1Mezcla la comodidad con el lujo de verte grandiosa! Y disfruta de <em>bomber jackets<\/em> en colores met\u00e1licos vibrantes, <em>hoodies<\/em> con estampado <em>tie-dye<\/em>, conjuntos deportivos y mucho m\u00e1s.<\/p>\n<div class=\"content-gallery\"><div class=\"gallery-placeholder\"><div class=\"spinner\"><\/div><\/div><span class=\"gallery-pagination\"><\/span><div id=\"gallery-1\" class=\"gallery galleryid-103516 gallery-columns- gallery-size-\"><figure class=\"gallery-item\"><div class=\"gallery-icon landscape\"><img loading=\"lazy\" decoding=\"async\" width=\"1186\" height=\"1788\" src=\"https:\/\/graziamagazine.com\/mx\/wp-content\/uploads\/sites\/13\/2021\/11\/v.jpg\" class=\"lazy\" alt=\"\" \/><\/div><\/figure><figure class=\"gallery-item\"><div class=\"gallery-icon landscape\"><img loading=\"lazy\" decoding=\"async\" width=\"1182\" height=\"1794\" src=\"https:\/\/graziamagazine.com\/mx\/wp-content\/uploads\/sites\/13\/2021\/11\/w.jpg\" class=\"lazy\" alt=\"\" \/><\/div><\/figure><\/div><\/div>\n<p><strong>Destellos de celebridad: <\/strong>Con tops de estilo <em>halter<\/em>, <em>bustiers<\/em> texturizados, y vestidos que enfatizan las curvas, esta colecci\u00f3n es la ideal para cualquiera.<\/p>\n<p><strong>Dulce invierno: <\/strong>Un<em>blazer oversize<\/em>debajo de un maxiabrigo para un efecto <em>layering<\/em> o una <em>puffer jacket<\/em> metalizada con un <em>crop top<\/em> y unos <em>jeans acid wash<\/em> son ideales para un atuendo casual.<\/p>\n<p><em><strong>Glam Rock<\/strong><\/em><strong>: <\/strong>\u00a0Destaca tu personalidad con prendas glamurosas y rebeldes como los vestidos drapeados, blusas con mangas dram\u00e1ticas y tops que se convertir\u00e1n en verdaderas joyas de tu armario.<\/p>\n<div class=\"content-gallery\"><div class=\"gallery-placeholder\"><div class=\"spinner\"><\/div><\/div><span class=\"gallery-pagination\"><\/span><div id=\"gallery-2\" class=\"gallery galleryid-103516 gallery-columns- gallery-size-\"><figure class=\"gallery-item\"><div class=\"gallery-icon landscape\"><img loading=\"lazy\" decoding=\"async\" width=\"1190\" height=\"1786\" src=\"https:\/\/graziamagazine.com\/mx\/wp-content\/uploads\/sites\/13\/2021\/11\/a.jpg\" class=\"lazy\" alt=\"\" \/><\/div><\/figure><figure class=\"gallery-item\"><div class=\"gallery-icon landscape\"><img loading=\"lazy\" decoding=\"async\" width=\"1186\" height=\"1784\" src=\"https:\/\/graziamagazine.com\/mx\/wp-content\/uploads\/sites\/13\/2021\/11\/b.jpg\" class=\"lazy\" alt=\"\" \/><\/div><\/figure><\/div><\/div>\n<p>Puedes adquirir esta colecci\u00f3n en el <a href=\"https:\/\/www.shein.com.mx\/campaign\/sheinxbelinda\" target=\"_blank\" rel=\"noopener\" target=\"_blank\">sitio web de la marca<\/a>\u00a0o descargando la app. Agrega a tu carrito todas las piezas de <strong>SHEIN X Belinda<\/strong>, \u00a1e insp\u00edrate cada d\u00eda para convertirte en una estrella!<\/p>\n<div id=\"gallery-bf19ae11-ff95-46c5-84ee-bec26bf5c544\" class=\"release-content-gallery release-content-gallery--layout-contained chromatic-gallery chromatic-gallery--padding-s chromatic-gallery--thumbnail-size-m\" data-component=\"chromatic-gallery,image-zoom-popup\" data-chromatic-gallery-padding=\"S\" data-chromatic-gallery-thumbnail-size=\"M\" data-chromatic-gallery-captions=\"data:application\/json,true\" data-chromatic-gallery-photos=\"data:application\/json;base64,W3siaWQiOiJhMWJiNmU1NS0zYWUxLTRiYTEtYTM2YS1hYzgwZTEwZWE0ZWEiLCJzcmMiOiJodHRwczpcL1wvY2RuLnVjLmFzc2V0cy5wcmV6bHkuY29tXC9hMWJiNmU1NS0zYWUxLTRiYTEtYTM2YS1hYzgwZTEwZWE0ZWFcLy1cL3ByZXZpZXdcLzExMDh4MTEwOFwvLVwvZm9ybWF0XC9hdXRvXC8iLCJhc3BlY3RfcmF0aW8iOjAuNzUwNzAwMjgwMTEyMDQ0OCwiY2FwdGlvbiI6bnVsbCwiYXR0cmlidXRlcyI6eyJpZCI6ImltYWdlLWExYmI2ZTU1LTNhZTEtNGJhMS1hMzZhLWFjODBlMTBlYTRlYSIsImRhdGEtaWQiOiJhMWJiNmU1NS0zYWUxLTRiYTEtYTM2YS1hYzgwZTEwZWE0ZWEiLCJkYXRhLW1mcC1zcmMiOiJodHRwczpcL1wvY2RuLnVjLmFzc2V0cy5wcmV6bHkuY29tXC9hMWJiNmU1NS0zYWUxLTRiYTEtYTM2YS1hYzgwZTEwZWE0ZWFcLy1cL3ByZXZpZXdcLzEyMDB4MTIwMFwvLVwvZm9ybWF0XC9hdXRvXC8iLCJkYXRhLWRlc2NyaXB0aW9uIjpudWxsLCJkYXRhLW9yaWdpbmFsIjoiaHR0cHM6XC9cL2Nkbi51Yy5hc3NldHMucHJlemx5LmNvbVwvYTFiYjZlNTUtM2FlMS00YmExLWEzNmEtYWM4MGUxMGVhNGVhXC8tXC9pbmxpbmVcL25vXC9zdzIxMDkxNDY2Mjc5MzY0ODkrJTI4MSUyOS5qcGcifX0seyJpZCI6IjhlZDMyYTA4LWY2OGEtNDA5OC05NzY3LTc2ZWM0MmFjZjI1ZSIsInNyYyI6Imh0dHBzOlwvXC9jZG4udWMuYXNzZXRzLnByZXpseS5jb21cLzhlZDMyYTA4LWY2OGEtNDA5OC05NzY3LTc2ZWM0MmFjZjI1ZVwvLVwvcHJldmlld1wvMTEwOHgxMTA4XC8tXC9mb3JtYXRcL2F1dG9cLyIsImFzcGVjdF9yYXRpbyI6MC43NTA3MDAyODAxMTIwNDQ4LCJjYXB0aW9uIjpudWxsLCJhdHRyaWJ1dGVzIjp7ImlkIjoiaW1hZ2UtOGVkMzJhMDgtZjY4YS00MDk4LTk3NjctNzZlYzQyYWNmMjVlIiwiZGF0YS1pZCI6IjhlZDMyYTA4LWY2OGEtNDA5OC05NzY3LTc2ZWM0MmFjZjI1ZSIsImRhdGEtbWZwLXNyYyI6Imh0dHBzOlwvXC9jZG4udWMuYXNzZXRzLnByZXpseS5jb21cLzhlZDMyYTA4LWY2OGEtNDA5OC05NzY3LTc2ZWM0MmFjZjI1ZVwvLVwvcHJldmlld1wvMTIwMHgxMjAwXC8tXC9mb3JtYXRcL2F1dG9cLyIsImRhdGEtZGVzY3JpcHRpb24iOm51bGwsImRhdGEtb3JpZ2luYWwiOiJodHRwczpcL1wvY2RuLnVjLmFzc2V0cy5wcmV6bHkuY29tXC84ZWQzMmEwOC1mNjhhLTQwOTgtOTc2Ny03NmVjNDJhY2YyNWVcLy1cL2lubGluZVwvbm9cL3N3MjEwNzA1OTQxOTgzNzA5NyslMjgxJTI5LmpwZyJ9fSx7ImlkIjoiZjQ5MGUwYmItYzIxMi00ZmNjLTk2NDEtZjBhN2UwZWUxOGMzIiwic3JjIjoiaHR0cHM6XC9cL2Nkbi51Yy5hc3NldHMucHJlemx5LmNvbVwvZjQ5MGUwYmItYzIxMi00ZmNjLTk2NDEtZjBhN2UwZWUxOGMzXC8tXC9wcmV2aWV3XC8xMTA4eDExMDhcLy1cL2Zvcm1hdFwvYXV0b1wvIiwiYXNwZWN0X3JhdGlvIjowLjc1MDcwMDI4MDExMjA0NDgsImNhcHRpb24iOm51bGwsImF0dHJpYnV0ZXMiOnsiaWQiOiJpbWFnZS1mNDkwZTBiYi1jMjEyLTRmY2MtOTY0MS1mMGE3ZTBlZTE4YzMiLCJkYXRhLWlkIjoiZjQ5MGUwYmItYzIxMi00ZmNjLTk2NDEtZjBhN2UwZWUxOGMzIiwiZGF0YS1tZnAtc3JjIjoiaHR0cHM6XC9cL2Nkbi51Yy5hc3NldHMucHJlemx5LmNvbVwvZjQ5MGUwYmItYzIxMi00ZmNjLTk2NDEtZjBhN2UwZWUxOGMzXC8tXC9wcmV2aWV3XC8xMjAweDEyMDBcLy1cL2Zvcm1hdFwvYXV0b1wvIiwiZGF0YS1kZXNjcmlwdGlvbiI6bnVsbCwiZGF0YS1vcmlnaW5hbCI6Imh0dHBzOlwvXC9jZG4udWMuYXNzZXRzLnByZXpseS5jb21cL2Y0OTBlMGJiLWMyMTItNGZjYy05NjQxLWYwYTdlMGVlMThjM1wvLVwvaW5saW5lXC9ub1wvc3cyMTA4MjMzNTk5Mzg4NTA2KyUyODElMjkuanBnIn19XQ==\" data-chromatic-gallery-force-full-width=\"data:application\/json,true\" data-chromatic-gallery-expand-icon=\"data:text\/plain;base64,PHN2ZyBjbGFzcz0iaWNvbiBpY29uLWV4cGFuZCI+CiAgICAgICAgICAgICAgICA8dXNlIHhsaW5rOmhyZWY9IiNpY29uLWV4cGFuZCI+PC91c2U+CiAgICAgICAgICAgIDwvc3ZnPg==\" data-image-zoom-popup-selector=\".chromatic-gallery__photo\" data-image-zoom-popup-i18n=\"data:application\/json;base64,eyJEb3dubG9hZCI6IkRvd25sb2FkIn0=\" data-image-zoom-popup-tracking-view-event=\"Story Image View\" data-image-zoom-popup-tracking-download-event=\"Story Image Download\" data-image-zoom-popup-placement=\"content\">\n<div class=\"chromatic-gallery__content chromatic-gallery\">\n<div id=\"image-f490e0bb-c212-4fcc-9641-f0a7e0ee18c3\" class=\"chromatic-gallery__photo image-thumbnail-rollover\" data-id=\"f490e0bb-c212-4fcc-9641-f0a7e0ee18c3\" data-mfp-src=\"https:\/\/cdn.uc.assets.prezly.com\/f490e0bb-c212-4fcc-9641-f0a7e0ee18c3\/-\/preview\/1200x1200\/-\/format\/auto\/\" data-original=\"https:\/\/cdn.uc.assets.prezly.com\/f490e0bb-c212-4fcc-9641-f0a7e0ee18c3\/-\/inline\/no\/sw2108233599388506+%281%29.jpg\">\n<h5 class=\"image-thumbnail-rollover__caption\">IM\u00c1GENES: Cortes\u00eda de SHEIN<\/h5>\n<\/div>\n<\/div>\n<\/div>\n","protected":false},"author":27779,"featured_media":103519,"template":"","format":"standard","categories":[4],"acf":[],"yoast_head":"<!-- This site is optimized with the Yoast SEO Premium plugin v18.5 (Yoast SEO v20.4) - https:\/\/yoast.com\/wordpress\/plugins\/seo\/ -->\n<title>SHEIN X Belinda, la colaboraci\u00f3n que est\u00e1 invadiendo la redes sociales | Grazia M\u00e9xico y Latinoam\u00e9rica<\/title>\n<meta name=\"description\" content=\"\u00a1SHEIN X Belinda es una realidad! Con una serie de prendas que reflejan la estrecha relaci\u00f3n e inquietud en la moda de la artista, esta colaboraci\u00f3n es la\" \/>\n<meta name=\"robots\" content=\"index, follow, max-snippet:-1, max-image-preview:large, max-video-preview:-1\" \/>\n<link rel=\"canonical\" href=\"https:\/\/graziamagazine.com\/mx\/articles\/shein-x-belinda-la-colaboracion-que-esta-invadiendo-la-redes-sociales\/\" \/>\n<meta property=\"og:locale\" content=\"es_MX\" \/>\n<meta property=\"og:type\" content=\"article\" \/>\n<meta property=\"og:title\" content=\"SHEIN X Belinda, la colaboraci\u00f3n que est\u00e1 invadiendo la redes sociales\" \/>\n<meta property=\"og:description\" content=\"\u00a1SHEIN X Belinda es una realidad! Con una serie de prendas que reflejan la estrecha relaci\u00f3n e inquietud en la moda de la artista, esta colaboraci\u00f3n es la\" \/>\n<meta property=\"og:url\" content=\"https:\/\/graziamagazine.com\/mx\/articles\/shein-x-belinda-la-colaboracion-que-esta-invadiendo-la-redes-sociales\/\" \/>\n<meta property=\"og:site_name\" content=\"Grazia M\u00e9xico y Latinoam\u00e9rica\" \/>\n<meta property=\"article:modified_time\" content=\"2021-11-18T14:40:01+00:00\" \/>\n<meta property=\"og:image\" content=\"https:\/\/graziamagazine.com\/mx\/wp-content\/uploads\/sites\/13\/2021\/11\/r.jpg?fit=1186%2C890\" \/>\n\t<meta property=\"og:image:width\" content=\"1186\" \/>\n\t<meta property=\"og:image:height\" content=\"890\" \/>\n\t<meta property=\"og:image:type\" content=\"image\/jpeg\" \/>\n<meta name=\"twitter:card\" content=\"summary_large_image\" \/>\n<meta name=\"twitter:label1\" content=\"Est. reading time\" \/>\n\t<meta name=\"twitter:data1\" content=\"2 minutos\" \/>\n<script type=\"application\/ld+json\" class=\"yoast-schema-graph\">{\"@context\":\"https:\/\/schema.org\",\"@graph\":[{\"@type\":\"WebPage\",\"@id\":\"https:\/\/graziamagazine.com\/mx\/articles\/shein-x-belinda-la-colaboracion-que-esta-invadiendo-la-redes-sociales\/\",\"url\":\"https:\/\/graziamagazine.com\/mx\/articles\/shein-x-belinda-la-colaboracion-que-esta-invadiendo-la-redes-sociales\/\",\"name\":\"SHEIN X Belinda, la colaboraci\u00f3n que est\u00e1 invadiendo la redes sociales | Grazia M\u00e9xico y Latinoam\u00e9rica\",\"isPartOf\":{\"@id\":\"https:\/\/graziamagazine.com\/mx\/#website\"},\"datePublished\":\"2021-11-18T16:03:29+00:00\",\"dateModified\":\"2021-11-18T14:40:01+00:00\",\"description\":\"\u00a1SHEIN X Belinda es una realidad! Con una serie de prendas que reflejan la estrecha relaci\u00f3n e inquietud en la moda de la artista, esta colaboraci\u00f3n es la\",\"breadcrumb\":{\"@id\":\"https:\/\/graziamagazine.com\/mx\/articles\/shein-x-belinda-la-colaboracion-que-esta-invadiendo-la-redes-sociales\/#breadcrumb\"},\"inLanguage\":\"es-MX\",\"potentialAction\":[{\"@type\":\"ReadAction\",\"target\":[\"https:\/\/graziamagazine.com\/mx\/articles\/shein-x-belinda-la-colaboracion-que-esta-invadiendo-la-redes-sociales\/\"]}]},{\"@type\":\"BreadcrumbList\",\"@id\":\"https:\/\/graziamagazine.com\/mx\/articles\/shein-x-belinda-la-colaboracion-que-esta-invadiendo-la-redes-sociales\/#breadcrumb\",\"itemListElement\":[{\"@type\":\"ListItem\",\"position\":1,\"name\":\"Home\",\"item\":\"https:\/\/graziamagazine.com\/mx\/\"},{\"@type\":\"ListItem\",\"position\":2,\"name\":\"SHEIN X Belinda, la colaboraci\u00f3n que est\u00e1 invadiendo la redes sociales\"}]},{\"@type\":\"WebSite\",\"@id\":\"https:\/\/graziamagazine.com\/mx\/#website\",\"url\":\"https:\/\/graziamagazine.com\/mx\/\",\"name\":\"Grazia M\u00e9xico y Latinoam\u00e9rica\",\"description\":\"Grazia es moda, belleza y noticias  de actualidad \",\"potentialAction\":[{\"@type\":\"SearchAction\",\"target\":{\"@type\":\"EntryPoint\",\"urlTemplate\":\"https:\/\/graziamagazine.com\/mx\/?s={search_term_string}\"},\"query-input\":\"required name=search_term_string\"}],\"inLanguage\":\"es-MX\"}]}<\/script>\n<!-- \/ Yoast SEO Premium plugin. -->","yoast_head_json":{"title":"SHEIN X Belinda, la colaboraci\u00f3n que est\u00e1 invadiendo la redes sociales | Grazia M\u00e9xico y Latinoam\u00e9rica","description":"\u00a1SHEIN X Belinda es una realidad! Con una serie de prendas que reflejan la estrecha relaci\u00f3n e inquietud en la moda de la artista, esta colaboraci\u00f3n es la","robots":{"index":"index","follow":"follow","max-snippet":"max-snippet:-1","max-image-preview":"max-image-preview:large","max-video-preview":"max-video-preview:-1"},"canonical":"https:\/\/graziamagazine.com\/mx\/articles\/shein-x-belinda-la-colaboracion-que-esta-invadiendo-la-redes-sociales\/","og_locale":"es_MX","og_type":"article","og_title":"SHEIN X Belinda, la colaboraci\u00f3n que est\u00e1 invadiendo la redes sociales","og_description":"\u00a1SHEIN X Belinda es una realidad! Con una serie de prendas que reflejan la estrecha relaci\u00f3n e inquietud en la moda de la artista, esta colaboraci\u00f3n es la","og_url":"https:\/\/graziamagazine.com\/mx\/articles\/shein-x-belinda-la-colaboracion-que-esta-invadiendo-la-redes-sociales\/","og_site_name":"Grazia M\u00e9xico y Latinoam\u00e9rica","article_modified_time":"2021-11-18T14:40:01+00:00","og_image":[{"width":1186,"height":890,"url":"https:\/\/graziamagazine.com\/mx\/wp-content\/uploads\/sites\/13\/2021\/11\/r.jpg?fit=1186%2C890","type":"image\/jpeg"}],"twitter_card":"summary_large_image","twitter_misc":{"Est. reading time":"2 minutos"},"schema":{"@context":"https:\/\/schema.org","@graph":[{"@type":"WebPage","@id":"https:\/\/graziamagazine.com\/mx\/articles\/shein-x-belinda-la-colaboracion-que-esta-invadiendo-la-redes-sociales\/","url":"https:\/\/graziamagazine.com\/mx\/articles\/shein-x-belinda-la-colaboracion-que-esta-invadiendo-la-redes-sociales\/","name":"SHEIN X Belinda, la colaboraci\u00f3n que est\u00e1 invadiendo la redes sociales | Grazia M\u00e9xico y Latinoam\u00e9rica","isPartOf":{"@id":"https:\/\/graziamagazine.com\/mx\/#website"},"datePublished":"2021-11-18T16:03:29+00:00","dateModified":"2021-11-18T14:40:01+00:00","description":"\u00a1SHEIN X Belinda es una realidad! Con una serie de prendas que reflejan la estrecha relaci\u00f3n e inquietud en la moda de la artista, esta colaboraci\u00f3n es la","breadcrumb":{"@id":"https:\/\/graziamagazine.com\/mx\/articles\/shein-x-belinda-la-colaboracion-que-esta-invadiendo-la-redes-sociales\/#breadcrumb"},"inLanguage":"es-MX","potentialAction":[{"@type":"ReadAction","target":["https:\/\/graziamagazine.com\/mx\/articles\/shein-x-belinda-la-colaboracion-que-esta-invadiendo-la-redes-sociales\/"]}]},{"@type":"BreadcrumbList","@id":"https:\/\/graziamagazine.com\/mx\/articles\/shein-x-belinda-la-colaboracion-que-esta-invadiendo-la-redes-sociales\/#breadcrumb","itemListElement":[{"@type":"ListItem","position":1,"name":"Home","item":"https:\/\/graziamagazine.com\/mx\/"},{"@type":"ListItem","position":2,"name":"SHEIN X Belinda, la colaboraci\u00f3n que est\u00e1 invadiendo la redes sociales"}]},{"@type":"WebSite","@id":"https:\/\/graziamagazine.com\/mx\/#website","url":"https:\/\/graziamagazine.com\/mx\/","name":"Grazia M\u00e9xico y Latinoam\u00e9rica","description":"Grazia es moda, belleza y noticias  de actualidad ","potentialAction":[{"@type":"SearchAction","target":{"@type":"EntryPoint","urlTemplate":"https:\/\/graziamagazine.com\/mx\/?s={search_term_string}"},"query-input":"required name=search_term_string"}],"inLanguage":"es-MX"}]}},"jetpack_sharing_enabled":true,"distributor_meta":false,"distributor_terms":false,"distributor_media":false,"distributor_original_site_name":"Grazia M\u00e9xico y Latinoam\u00e9rica","distributor_original_site_url":"https:\/\/graziamagazine.com\/mx","push-errors":false,"_links":{"self":[{"href":"https:\/\/graziamagazine.com\/mx\/wp-json\/wp\/v2\/articles\/103516"}],"collection":[{"href":"https:\/\/graziamagazine.com\/mx\/wp-json\/wp\/v2\/articles"}],"about":[{"href":"https:\/\/graziamagazine.com\/mx\/wp-json\/wp\/v2\/types\/articles"}],"author":[{"embeddable":true,"href":"https:\/\/graziamagazine.com\/mx\/wp-json\/wp\/v2\/users\/27779"}],"wp:featuredmedia":[{"embeddable":true,"href":"https:\/\/graziamagazine.com\/mx\/wp-json\/wp\/v2\/media\/103519"}],"wp:attachment":[{"href":"https:\/\/graziamagazine.com\/mx\/wp-json\/wp\/v2\/media?parent=103516"}],"wp:term":[{"taxonomy":"category","embeddable":true,"href":"https:\/\/graziamagazine.com\/mx\/wp-json\/wp\/v2\/categories?post=103516"}],"curies":[{"name":"wp","href":"https:\/\/api.w.org\/{rel}","templated":true}]}}