{"id":103436,"date":"2021-11-16T14:00:04","date_gmt":"2021-11-16T19:00:04","guid":{"rendered":"https:\/\/graziamagazine.com\/mx\/?post_type=articles&#038;p=103436"},"modified":"2021-11-16T14:47:39","modified_gmt":"2021-11-16T19:47:39","slug":"too-faced-lanza-su-nueva-coleccion-navidena-christmas-around-the-world","status":"publish","type":"articles","link":"https:\/\/graziamagazine.com\/mx\/articles\/too-faced-lanza-su-nueva-coleccion-navidena-christmas-around-the-world\/","title":{"rendered":"Too Faced lanza su nueva colecci\u00f3n navide\u00f1a: Christmas Around the World"},"content":{"rendered":"<p>La \u00e9poca decembrina ya est\u00e1 aqu\u00ed y con ello las nuevas colecciones que hemos esperado durante el a\u00f1o. Esta vez es <strong>Too Faced<\/strong> que lanza su colecci\u00f3n m\u00e1s esperada del a\u00f1o:\u00a0<strong><i><span lang=\"ES-TRAD\">Christmas Around the World,<\/span><\/i><\/strong><span lang=\"ES-TRAD\"> i<\/span>nspirada en el aroma a canela, galletas reci\u00e9n horneadas, los buenos deseos, el chocolate caliente y postres deliciosos como: roles de canela, galletas con chispas de chocolate y las tradicionales galletas de jengibre, son algunos elementos que indican que el comienzo de la<span class=\"apple-converted-space\">\u00a0<\/span>\u00e9poca m\u00e1s esperada del a\u00f1o ya est\u00e1 aqu\u00ed, conoce m\u00e1s all\u00e1 de los productos de la nueva colecci\u00f3n:<\/p>\n<h3>Cinnamon Swirl<\/h3>\n<p>Si amas los roles de canela, esta paleta de sombras ser\u00e1 un must para ti. La paleta contiene\u00a018 tonos perfumados inspirados en los tradicionales roles de canela, dulces, c\u00e1lidos y seductores que gritan <strong><em>&#8220;This is how I Roll&#8221;<\/em><\/strong>. Esta paleta es de alta pigmentaci\u00f3n, dentro de sus colores se encuentran:\u00a08 tonos matte, 6 met\u00e1licos y 4 satinados con brillos.<\/p>\n<p><img loading=\"lazy\" decoding=\"async\" class=\"alignnone size-medium wp-image-103472\" src=\"https:\/\/graziamagazine.com\/mx\/wp-content\/uploads\/sites\/13\/2021\/11\/TOO-FACED-1.png?w=450\" alt=\"\" width=\"450\" height=\"313\" \/><\/p>\n<h3>Christmas Coffee<\/h3>\n<div><span lang=\"ES-TRAD\">Para los amantes del caf\u00e9, est\u00e1 paleta tiene tu dosis diaria de color, con tonos c\u00e1lidos como un <em>latte<\/em> caliente por la ma\u00f1ana con pigmento que te acompa\u00f1ar\u00e1 durante todo el d\u00eda. Entre los colores de esta paleta encontrar\u00e1s, 5 matte, 2 met\u00e1licos y 1 con brillos.\u00a0<\/span><\/div>\n<div><img loading=\"lazy\" decoding=\"async\" class=\"alignnone size-medium wp-image-103474\" src=\"https:\/\/graziamagazine.com\/mx\/wp-content\/uploads\/sites\/13\/2021\/11\/TOO-FACED-3.png?w=450\" alt=\"\" width=\"450\" height=\"337\" \/><\/div>\n<p>&nbsp;<\/p>\n<h3>Christmas around the world<\/h3>\n<div>Este kit navide\u00f1o busca llevar felicidad al mundo entero con inspiraci\u00f3n de tres diferentes ciudades para obtener un makeup\u00a0<em>look<\/em> perfecto. Dentro del kit las paletas son:\u00a0<strong><em>Christmas Rio de Janeiro warm neutrals, Christmas in Sydney pops of glam <\/em><\/strong>y<strong><em> Christmas in New York romantic pinks. <\/em><\/strong>Adem\u00e1s de incluir 3 paletas de ojos, incluye\u00a0una paleta para el rostro\u00a0y un\u00a0<em>travel size<\/em> del <em>best seller\u00a0<\/em>de m\u00e1scaras:\u00a0<strong><em>Better than Sex.\u00a0<\/em><\/strong><\/div>\n<div><img loading=\"lazy\" decoding=\"async\" class=\"alignnone size-medium wp-image-103475\" src=\"https:\/\/graziamagazine.com\/mx\/wp-content\/uploads\/sites\/13\/2021\/11\/TOO-FACED-4.png?w=450\" alt=\"\" width=\"450\" height=\"352\" \/><\/div>\n<h3>Christmas in the city<\/h3>\n<p>Este kit de sombras contiene colores neutros, mates, as\u00ed como otros m\u00e1s coloridos y llamativos. Adem\u00e1s de estas dos paletas de sombras:\u00a0<strong><em>Christmas in Paris <\/em><\/strong>y<strong><em> Christmas in Los Angeles<\/em><\/strong>, el kit incluye una paleta de\u00a0<strong><em>blush: Christmas in Rome<\/em><\/strong>, con\u00a0rosa nude, p\u00e9talo de rosa, duraznos y un\u00a0<em>mauve blush<\/em>\u00a0adem\u00e1s de un\u00a0<em>travel size<\/em>\u00a0del\u00a0<em>best seller<\/em><em>\u00a0<\/em>de m\u00e1scaras:\u00a0<strong><em>Better than Sex. \u00a0\u00a0<\/em><\/strong><\/p>\n<div><\/div>\n<h5><img loading=\"lazy\" decoding=\"async\" class=\"alignnone size-medium wp-image-103473\" src=\"https:\/\/graziamagazine.com\/mx\/wp-content\/uploads\/sites\/13\/2021\/11\/TOO-FACED-2.png?w=450\" alt=\"\" width=\"450\" height=\"273\" \/><\/h5>\n<h5>*Im\u00e1genes: Cortesia de Too Faced<\/h5>\n<div><\/div>\n<div><\/div>\n<div><\/div>\n<div><\/div>\n","protected":false},"author":11625,"featured_media":103476,"template":"","format":"standard","categories":[3],"acf":[],"yoast_head":"<!-- This site is optimized with the Yoast SEO Premium plugin v18.5 (Yoast SEO v20.4) - https:\/\/yoast.com\/wordpress\/plugins\/seo\/ -->\n<title>Too Faced lanza su nueva colecci\u00f3n navide\u00f1a: Christmas Around the World | Grazia M\u00e9xico y Latinoam\u00e9rica<\/title>\n<meta name=\"description\" content=\"Christmas Around the World la nueva colecci\u00f3n de Too Faced que llega para quedarse esta \u00e9poca decembrina, conoce m\u00e1s de todos los productos:\" \/>\n<meta name=\"robots\" content=\"index, follow, max-snippet:-1, max-image-preview:large, max-video-preview:-1\" \/>\n<link rel=\"canonical\" href=\"https:\/\/graziamagazine.com\/mx\/articles\/too-faced-lanza-su-nueva-coleccion-navidena-christmas-around-the-world\/\" \/>\n<meta property=\"og:locale\" content=\"es_MX\" \/>\n<meta property=\"og:type\" content=\"article\" \/>\n<meta property=\"og:title\" content=\"Too Faced lanza su nueva colecci\u00f3n navide\u00f1a: Christmas Around the World\" \/>\n<meta property=\"og:description\" content=\"Christmas Around the World la nueva colecci\u00f3n de Too Faced que llega para quedarse esta \u00e9poca decembrina, conoce m\u00e1s de todos los productos:\" \/>\n<meta property=\"og:url\" content=\"https:\/\/graziamagazine.com\/mx\/articles\/too-faced-lanza-su-nueva-coleccion-navidena-christmas-around-the-world\/\" \/>\n<meta property=\"og:site_name\" content=\"Grazia M\u00e9xico y Latinoam\u00e9rica\" \/>\n<meta property=\"article:modified_time\" content=\"2021-11-16T19:47:39+00:00\" \/>\n<meta property=\"og:image\" content=\"https:\/\/graziamagazine.com\/mx\/wp-content\/uploads\/sites\/13\/2021\/11\/TOO-FACED-DESTACADA.png?fit=568%2C425\" \/>\n\t<meta property=\"og:image:width\" content=\"568\" \/>\n\t<meta property=\"og:image:height\" content=\"425\" \/>\n\t<meta property=\"og:image:type\" content=\"image\/png\" \/>\n<meta name=\"twitter:card\" content=\"summary_large_image\" \/>\n<meta name=\"twitter:label1\" content=\"Est. reading time\" \/>\n\t<meta name=\"twitter:data1\" content=\"2 minutos\" \/>\n<script type=\"application\/ld+json\" class=\"yoast-schema-graph\">{\"@context\":\"https:\/\/schema.org\",\"@graph\":[{\"@type\":\"WebPage\",\"@id\":\"https:\/\/graziamagazine.com\/mx\/articles\/too-faced-lanza-su-nueva-coleccion-navidena-christmas-around-the-world\/\",\"url\":\"https:\/\/graziamagazine.com\/mx\/articles\/too-faced-lanza-su-nueva-coleccion-navidena-christmas-around-the-world\/\",\"name\":\"Too Faced lanza su nueva colecci\u00f3n navide\u00f1a: Christmas Around the World | Grazia M\u00e9xico y Latinoam\u00e9rica\",\"isPartOf\":{\"@id\":\"https:\/\/graziamagazine.com\/mx\/#website\"},\"datePublished\":\"2021-11-16T19:00:04+00:00\",\"dateModified\":\"2021-11-16T19:47:39+00:00\",\"description\":\"Christmas Around the World la nueva colecci\u00f3n de Too Faced que llega para quedarse esta \u00e9poca decembrina, conoce m\u00e1s de todos los productos:\",\"breadcrumb\":{\"@id\":\"https:\/\/graziamagazine.com\/mx\/articles\/too-faced-lanza-su-nueva-coleccion-navidena-christmas-around-the-world\/#breadcrumb\"},\"inLanguage\":\"es-MX\",\"potentialAction\":[{\"@type\":\"ReadAction\",\"target\":[\"https:\/\/graziamagazine.com\/mx\/articles\/too-faced-lanza-su-nueva-coleccion-navidena-christmas-around-the-world\/\"]}]},{\"@type\":\"BreadcrumbList\",\"@id\":\"https:\/\/graziamagazine.com\/mx\/articles\/too-faced-lanza-su-nueva-coleccion-navidena-christmas-around-the-world\/#breadcrumb\",\"itemListElement\":[{\"@type\":\"ListItem\",\"position\":1,\"name\":\"Home\",\"item\":\"https:\/\/graziamagazine.com\/mx\/\"},{\"@type\":\"ListItem\",\"position\":2,\"name\":\"Too Faced lanza su nueva colecci\u00f3n navide\u00f1a: Christmas Around the World\"}]},{\"@type\":\"WebSite\",\"@id\":\"https:\/\/graziamagazine.com\/mx\/#website\",\"url\":\"https:\/\/graziamagazine.com\/mx\/\",\"name\":\"Grazia M\u00e9xico y Latinoam\u00e9rica\",\"description\":\"Grazia es moda, belleza y noticias  de actualidad \",\"potentialAction\":[{\"@type\":\"SearchAction\",\"target\":{\"@type\":\"EntryPoint\",\"urlTemplate\":\"https:\/\/graziamagazine.com\/mx\/?s={search_term_string}\"},\"query-input\":\"required name=search_term_string\"}],\"inLanguage\":\"es-MX\"}]}<\/script>\n<!-- \/ Yoast SEO Premium plugin. -->","yoast_head_json":{"title":"Too Faced lanza su nueva colecci\u00f3n navide\u00f1a: Christmas Around the World | Grazia M\u00e9xico y Latinoam\u00e9rica","description":"Christmas Around the World la nueva colecci\u00f3n de Too Faced que llega para quedarse esta \u00e9poca decembrina, conoce m\u00e1s de todos los productos:","robots":{"index":"index","follow":"follow","max-snippet":"max-snippet:-1","max-image-preview":"max-image-preview:large","max-video-preview":"max-video-preview:-1"},"canonical":"https:\/\/graziamagazine.com\/mx\/articles\/too-faced-lanza-su-nueva-coleccion-navidena-christmas-around-the-world\/","og_locale":"es_MX","og_type":"article","og_title":"Too Faced lanza su nueva colecci\u00f3n navide\u00f1a: Christmas Around the World","og_description":"Christmas Around the World la nueva colecci\u00f3n de Too Faced que llega para quedarse esta \u00e9poca decembrina, conoce m\u00e1s de todos los productos:","og_url":"https:\/\/graziamagazine.com\/mx\/articles\/too-faced-lanza-su-nueva-coleccion-navidena-christmas-around-the-world\/","og_site_name":"Grazia M\u00e9xico y Latinoam\u00e9rica","article_modified_time":"2021-11-16T19:47:39+00:00","og_image":[{"width":568,"height":425,"url":"https:\/\/graziamagazine.com\/mx\/wp-content\/uploads\/sites\/13\/2021\/11\/TOO-FACED-DESTACADA.png?fit=568%2C425","type":"image\/png"}],"twitter_card":"summary_large_image","twitter_misc":{"Est. reading time":"2 minutos"},"schema":{"@context":"https:\/\/schema.org","@graph":[{"@type":"WebPage","@id":"https:\/\/graziamagazine.com\/mx\/articles\/too-faced-lanza-su-nueva-coleccion-navidena-christmas-around-the-world\/","url":"https:\/\/graziamagazine.com\/mx\/articles\/too-faced-lanza-su-nueva-coleccion-navidena-christmas-around-the-world\/","name":"Too Faced lanza su nueva colecci\u00f3n navide\u00f1a: Christmas Around the World | Grazia M\u00e9xico y Latinoam\u00e9rica","isPartOf":{"@id":"https:\/\/graziamagazine.com\/mx\/#website"},"datePublished":"2021-11-16T19:00:04+00:00","dateModified":"2021-11-16T19:47:39+00:00","description":"Christmas Around the World la nueva colecci\u00f3n de Too Faced que llega para quedarse esta \u00e9poca decembrina, conoce m\u00e1s de todos los productos:","breadcrumb":{"@id":"https:\/\/graziamagazine.com\/mx\/articles\/too-faced-lanza-su-nueva-coleccion-navidena-christmas-around-the-world\/#breadcrumb"},"inLanguage":"es-MX","potentialAction":[{"@type":"ReadAction","target":["https:\/\/graziamagazine.com\/mx\/articles\/too-faced-lanza-su-nueva-coleccion-navidena-christmas-around-the-world\/"]}]},{"@type":"BreadcrumbList","@id":"https:\/\/graziamagazine.com\/mx\/articles\/too-faced-lanza-su-nueva-coleccion-navidena-christmas-around-the-world\/#breadcrumb","itemListElement":[{"@type":"ListItem","position":1,"name":"Home","item":"https:\/\/graziamagazine.com\/mx\/"},{"@type":"ListItem","position":2,"name":"Too Faced lanza su nueva colecci\u00f3n navide\u00f1a: Christmas Around the World"}]},{"@type":"WebSite","@id":"https:\/\/graziamagazine.com\/mx\/#website","url":"https:\/\/graziamagazine.com\/mx\/","name":"Grazia M\u00e9xico y Latinoam\u00e9rica","description":"Grazia es moda, belleza y noticias  de actualidad ","potentialAction":[{"@type":"SearchAction","target":{"@type":"EntryPoint","urlTemplate":"https:\/\/graziamagazine.com\/mx\/?s={search_term_string}"},"query-input":"required name=search_term_string"}],"inLanguage":"es-MX"}]}},"jetpack_sharing_enabled":true,"distributor_meta":false,"distributor_terms":false,"distributor_media":false,"distributor_original_site_name":"Grazia M\u00e9xico y Latinoam\u00e9rica","distributor_original_site_url":"https:\/\/graziamagazine.com\/mx","push-errors":false,"_links":{"self":[{"href":"https:\/\/graziamagazine.com\/mx\/wp-json\/wp\/v2\/articles\/103436"}],"collection":[{"href":"https:\/\/graziamagazine.com\/mx\/wp-json\/wp\/v2\/articles"}],"about":[{"href":"https:\/\/graziamagazine.com\/mx\/wp-json\/wp\/v2\/types\/articles"}],"author":[{"embeddable":true,"href":"https:\/\/graziamagazine.com\/mx\/wp-json\/wp\/v2\/users\/11625"}],"wp:featuredmedia":[{"embeddable":true,"href":"https:\/\/graziamagazine.com\/mx\/wp-json\/wp\/v2\/media\/103476"}],"wp:attachment":[{"href":"https:\/\/graziamagazine.com\/mx\/wp-json\/wp\/v2\/media?parent=103436"}],"wp:term":[{"taxonomy":"category","embeddable":true,"href":"https:\/\/graziamagazine.com\/mx\/wp-json\/wp\/v2\/categories?post=103436"}],"curies":[{"name":"wp","href":"https:\/\/api.w.org\/{rel}","templated":true}]}}