{"id":103325,"date":"2021-11-10T14:30:04","date_gmt":"2021-11-10T19:30:04","guid":{"rendered":"https:\/\/graziamagazine.com\/mx\/?post_type=articles&#038;p=103325"},"modified":"2021-11-10T12:16:18","modified_gmt":"2021-11-10T17:16:18","slug":"five-echoes-la-instalacion-de-arte-para-celebrar-los-100-anos-de-chanel-n5","status":"publish","type":"articles","link":"https:\/\/graziamagazine.com\/mx\/articles\/five-echoes-la-instalacion-de-arte-para-celebrar-los-100-anos-de-chanel-n5\/","title":{"rendered":"Five Echoes, la instalaci\u00f3n de arte para celebrar los 100 a\u00f1os de Chanel N\u00b05"},"content":{"rendered":"<p><span style=\"font-weight: 400\">La ic\u00f3nica fragancia de la marca <strong>Chanel<\/strong> &#8211; <em><strong>Chanel N\u00b05<\/strong><\/em> &#8211; cumple este 2021 <strong>cien a\u00f1os de haber sido creada por Coco Chanel,<\/strong> en conjunto con Ernest Beaux, por lo que <em>la maison<\/em> francesa ha realizado una instalaci\u00f3n escultural en Miami a cargo de la artista <strong>Es Devlin<\/strong>, para celebrarlo.<\/span><\/p>\n<p><span style=\"font-weight: 400\"><em><strong>Five Echoes<\/strong><\/em> es el nombre de esta puesta de arte que se ha instalado en la <strong>Jungle Plaza de Miami Design District<\/strong>, que estar\u00e1 abierta de manera gratuita para los visitantes del <strong>30 de noviembre hasta el 21 de diciembre de 2021<\/strong>, y los boletos estar\u00e1n disponibles en l\u00ednea a principios de noviembre.\u00a0<\/span><\/p>\n<p><span style=\"font-weight: 400\">\u201c<em>Five Echoes<\/em> fue montada en un bosque ef\u00edmero que bordea un monumental laberinto escultural, animado con luz y sonido (&#8230;) Concebido como una traducci\u00f3n sint\u00e9tica de la fragancia, <em>Five Echoe<\/em>s ilumina lo invisible a trav\u00e9s de su entorno din\u00e1mico y multisensorial. Al culminar la instalaci\u00f3n, el bosque de m\u00e1s de 1000 plantas y \u00e1rboles ser\u00e1 replantado alrededor de los parques de Miami-Dade County\u201d, explica Chanel en un comunicado.<\/span><\/p>\n<p><span style=\"font-weight: 400\">\u201cC<em>hanel N\u00b05<\/em> es la expresi\u00f3n de la conexi\u00f3n sensorial profunda de Coco Chanel con la naturaleza. Creciendo en Aubazine, Chanel fue rodeada por bosques. <em>Chanel N\u00b05<\/em> fue informada por esta historia sensorial e incorpora las esencias de m\u00e1s de 20 plantas. La fragancia ha sido una fuente de inspiraci\u00f3n para artistas, actores y dise\u00f1adores desde que se lanz\u00f3 hace 100 a\u00f1os y sigue resonando con millones alrededor del mundo\u201d, a\u00f1ade.\u00a0<\/span><\/p>\n<p><span style=\"font-weight: 400\">\u201cLa palabra laberinto originalmente se refer\u00eda al movimiento humano: era un baile antes de convertirse en arquitectura. Si nuestro comportamiento puede definir nuestra arquitectura, entonces quiz\u00e1s nuestro arte y arquitectura puede alterar nuestro comportamiento. Si obras de arte pueden ayudarnos a vernos como parte de la biosfera y simbi\u00f3ticamente unidos a ella, si podemos comenzar a ver plantas y animales como protagonistas iguales a nosotros en la vida, yo creo que tenemos una mejor oportunidad de hacer los cambios de comportamiento fundamentales que son necesarios no solo para evitar caos clim\u00e1tico, pero tambi\u00e9n para vivir de una forma m\u00e1s justa, equitativa y alegre\u201d, dijo por su parte Es Devlin, <strong>artista reconocida internacionalmente por crear instalaciones de arte y espect\u00e1culos de grande escala<\/strong>, con el objetivo de asombrar a la gente para generar un cambio en su perspectiva.\u00a0<\/span><\/p>\n<p><span style=\"font-weight: 400\">Entre sus \u00faltimos proyectos est\u00e1n <em><strong>Forest for Change, Conference of the Trees <\/strong><\/em>y<em><strong> Forest of Us<\/strong><\/em>, tres instalaciones para eventos important\u00edsimos a nivel mundial y organizaciones como los Objetivos de Desarrollo Sostenible de la ONU, la Conferencia de Cambio Clim\u00e1tico de la ONU <strong>COP 26<\/strong>, y Superblue Miami. En todas ellas us\u00f3 \u00e1rboles reales para desde la perspectiva del arte, crear consciencia y respeto hacia el medio ambiente.\u00a0<\/span><\/p>\n<p><span style=\"font-weight: 400\"><strong>El bosque temporal de esta instalaci\u00f3n ser\u00e1 replantado en los parques de Miami-Dade County y en las \u00e1reas de Gladeview y Camp Matecumbe<\/strong> de la misma ciudad, mientras que los componentes del laberinto ser\u00e1n reutilizados y reciclados.\u00a0<\/span><\/p>\n<p><span style=\"font-weight: 400\">La organizaci\u00f3n sin fines de lucro <strong>One Tree Planted<\/strong> y la iniciativa <strong>Million Trees Miami<\/strong> de Miami-Dade County que busca lograr un 30% de cobertura de copa de \u00e1rboles urbanos para este condado, est\u00e1n colaborando con Chanel para obtener, plantar, cuidar y finalmente replantar los \u00e1rboles al concluir la obra.<\/span><\/p>\n<p><span style=\"font-weight: 400\">\u201cComo el equipo de Million Trees Miami acert\u00f3, aumentar la cobertura de la copa de los \u00e1rboles a 30% en Miami, no solo reducir\u00e1 la temperatura las emisiones de carbono, sino tambi\u00e9n va a mejorar la calidad de vida de los residentes, ya que la proximidad con \u00e1rboles y los poderosos fitoncidas (aceites esenciales) que emiten, se ha demostrado que alivia la depresi\u00f3n y el estr\u00e9s y mejora la salud de innumerables formas\u201d, dijo tambi\u00e9n Devlin.<\/span><\/p>\n<p><span style=\"font-weight: 400\">Una celebraci\u00f3n emotiva, sustentable y socialmente responsable, por donde se le quiera ver.<\/span><\/p>\n","protected":false},"author":11628,"featured_media":103326,"template":"","format":"standard","categories":[114,4],"acf":[],"yoast_head":"<!-- This site is optimized with the Yoast SEO Premium plugin v18.5 (Yoast SEO v20.4) - https:\/\/yoast.com\/wordpress\/plugins\/seo\/ -->\n<title>Five Echoes, la instalaci\u00f3n de arte para celebrar los 100 a\u00f1os de Chanel N\u00b05 | Grazia M\u00e9xico y Latinoam\u00e9rica<\/title>\n<meta name=\"description\" content=\"Una celebraci\u00f3n emotiva, sustentable y socialmente responsable, por donde se le quiera ver.\" \/>\n<meta name=\"robots\" content=\"index, follow, max-snippet:-1, max-image-preview:large, max-video-preview:-1\" \/>\n<link rel=\"canonical\" href=\"https:\/\/graziamagazine.com\/mx\/articles\/five-echoes-la-instalacion-de-arte-para-celebrar-los-100-anos-de-chanel-n5\/\" \/>\n<meta property=\"og:locale\" content=\"es_MX\" \/>\n<meta property=\"og:type\" content=\"article\" \/>\n<meta property=\"og:title\" content=\"Five Echoes, la instalaci\u00f3n de arte para celebrar los 100 a\u00f1os de Chanel N\u00b05\" \/>\n<meta property=\"og:description\" content=\"Una celebraci\u00f3n emotiva, sustentable y socialmente responsable, por donde se le quiera ver.\" \/>\n<meta property=\"og:url\" content=\"https:\/\/graziamagazine.com\/mx\/articles\/five-echoes-la-instalacion-de-arte-para-celebrar-los-100-anos-de-chanel-n5\/\" \/>\n<meta property=\"og:site_name\" content=\"Grazia M\u00e9xico y Latinoam\u00e9rica\" \/>\n<meta property=\"article:modified_time\" content=\"2021-11-10T17:16:18+00:00\" \/>\n<meta property=\"og:image\" content=\"https:\/\/graziamagazine.com\/mx\/wp-content\/uploads\/sites\/13\/2021\/11\/image002.png\" \/>\n\t<meta property=\"og:image:width\" content=\"1024\" \/>\n\t<meta property=\"og:image:height\" content=\"672\" \/>\n\t<meta property=\"og:image:type\" content=\"image\/png\" \/>\n<meta name=\"twitter:card\" content=\"summary_large_image\" \/>\n<meta name=\"twitter:label1\" content=\"Est. reading time\" \/>\n\t<meta name=\"twitter:data1\" content=\"3 minutos\" \/>\n<script type=\"application\/ld+json\" class=\"yoast-schema-graph\">{\"@context\":\"https:\/\/schema.org\",\"@graph\":[{\"@type\":\"WebPage\",\"@id\":\"https:\/\/graziamagazine.com\/mx\/articles\/five-echoes-la-instalacion-de-arte-para-celebrar-los-100-anos-de-chanel-n5\/\",\"url\":\"https:\/\/graziamagazine.com\/mx\/articles\/five-echoes-la-instalacion-de-arte-para-celebrar-los-100-anos-de-chanel-n5\/\",\"name\":\"Five Echoes, la instalaci\u00f3n de arte para celebrar los 100 a\u00f1os de Chanel N\u00b05 | Grazia M\u00e9xico y Latinoam\u00e9rica\",\"isPartOf\":{\"@id\":\"https:\/\/graziamagazine.com\/mx\/#website\"},\"datePublished\":\"2021-11-10T19:30:04+00:00\",\"dateModified\":\"2021-11-10T17:16:18+00:00\",\"description\":\"Una celebraci\u00f3n emotiva, sustentable y socialmente responsable, por donde se le quiera ver.\",\"breadcrumb\":{\"@id\":\"https:\/\/graziamagazine.com\/mx\/articles\/five-echoes-la-instalacion-de-arte-para-celebrar-los-100-anos-de-chanel-n5\/#breadcrumb\"},\"inLanguage\":\"es-MX\",\"potentialAction\":[{\"@type\":\"ReadAction\",\"target\":[\"https:\/\/graziamagazine.com\/mx\/articles\/five-echoes-la-instalacion-de-arte-para-celebrar-los-100-anos-de-chanel-n5\/\"]}]},{\"@type\":\"BreadcrumbList\",\"@id\":\"https:\/\/graziamagazine.com\/mx\/articles\/five-echoes-la-instalacion-de-arte-para-celebrar-los-100-anos-de-chanel-n5\/#breadcrumb\",\"itemListElement\":[{\"@type\":\"ListItem\",\"position\":1,\"name\":\"Home\",\"item\":\"https:\/\/graziamagazine.com\/mx\/\"},{\"@type\":\"ListItem\",\"position\":2,\"name\":\"Five Echoes, la instalaci\u00f3n de arte para celebrar los 100 a\u00f1os de Chanel N\u00b05\"}]},{\"@type\":\"WebSite\",\"@id\":\"https:\/\/graziamagazine.com\/mx\/#website\",\"url\":\"https:\/\/graziamagazine.com\/mx\/\",\"name\":\"Grazia M\u00e9xico y Latinoam\u00e9rica\",\"description\":\"Grazia es moda, belleza y noticias  de actualidad \",\"potentialAction\":[{\"@type\":\"SearchAction\",\"target\":{\"@type\":\"EntryPoint\",\"urlTemplate\":\"https:\/\/graziamagazine.com\/mx\/?s={search_term_string}\"},\"query-input\":\"required name=search_term_string\"}],\"inLanguage\":\"es-MX\"}]}<\/script>\n<!-- \/ Yoast SEO Premium plugin. -->","yoast_head_json":{"title":"Five Echoes, la instalaci\u00f3n de arte para celebrar los 100 a\u00f1os de Chanel N\u00b05 | Grazia M\u00e9xico y Latinoam\u00e9rica","description":"Una celebraci\u00f3n emotiva, sustentable y socialmente responsable, por donde se le quiera ver.","robots":{"index":"index","follow":"follow","max-snippet":"max-snippet:-1","max-image-preview":"max-image-preview:large","max-video-preview":"max-video-preview:-1"},"canonical":"https:\/\/graziamagazine.com\/mx\/articles\/five-echoes-la-instalacion-de-arte-para-celebrar-los-100-anos-de-chanel-n5\/","og_locale":"es_MX","og_type":"article","og_title":"Five Echoes, la instalaci\u00f3n de arte para celebrar los 100 a\u00f1os de Chanel N\u00b05","og_description":"Una celebraci\u00f3n emotiva, sustentable y socialmente responsable, por donde se le quiera ver.","og_url":"https:\/\/graziamagazine.com\/mx\/articles\/five-echoes-la-instalacion-de-arte-para-celebrar-los-100-anos-de-chanel-n5\/","og_site_name":"Grazia M\u00e9xico y Latinoam\u00e9rica","article_modified_time":"2021-11-10T17:16:18+00:00","og_image":[{"url":"https:\/\/graziamagazine.com\/mx\/wp-content\/uploads\/sites\/13\/2021\/11\/image002.png","width":1024,"height":672,"type":"image\/png"}],"twitter_card":"summary_large_image","twitter_misc":{"Est. reading time":"3 minutos"},"schema":{"@context":"https:\/\/schema.org","@graph":[{"@type":"WebPage","@id":"https:\/\/graziamagazine.com\/mx\/articles\/five-echoes-la-instalacion-de-arte-para-celebrar-los-100-anos-de-chanel-n5\/","url":"https:\/\/graziamagazine.com\/mx\/articles\/five-echoes-la-instalacion-de-arte-para-celebrar-los-100-anos-de-chanel-n5\/","name":"Five Echoes, la instalaci\u00f3n de arte para celebrar los 100 a\u00f1os de Chanel N\u00b05 | Grazia M\u00e9xico y Latinoam\u00e9rica","isPartOf":{"@id":"https:\/\/graziamagazine.com\/mx\/#website"},"datePublished":"2021-11-10T19:30:04+00:00","dateModified":"2021-11-10T17:16:18+00:00","description":"Una celebraci\u00f3n emotiva, sustentable y socialmente responsable, por donde se le quiera ver.","breadcrumb":{"@id":"https:\/\/graziamagazine.com\/mx\/articles\/five-echoes-la-instalacion-de-arte-para-celebrar-los-100-anos-de-chanel-n5\/#breadcrumb"},"inLanguage":"es-MX","potentialAction":[{"@type":"ReadAction","target":["https:\/\/graziamagazine.com\/mx\/articles\/five-echoes-la-instalacion-de-arte-para-celebrar-los-100-anos-de-chanel-n5\/"]}]},{"@type":"BreadcrumbList","@id":"https:\/\/graziamagazine.com\/mx\/articles\/five-echoes-la-instalacion-de-arte-para-celebrar-los-100-anos-de-chanel-n5\/#breadcrumb","itemListElement":[{"@type":"ListItem","position":1,"name":"Home","item":"https:\/\/graziamagazine.com\/mx\/"},{"@type":"ListItem","position":2,"name":"Five Echoes, la instalaci\u00f3n de arte para celebrar los 100 a\u00f1os de Chanel N\u00b05"}]},{"@type":"WebSite","@id":"https:\/\/graziamagazine.com\/mx\/#website","url":"https:\/\/graziamagazine.com\/mx\/","name":"Grazia M\u00e9xico y Latinoam\u00e9rica","description":"Grazia es moda, belleza y noticias  de actualidad ","potentialAction":[{"@type":"SearchAction","target":{"@type":"EntryPoint","urlTemplate":"https:\/\/graziamagazine.com\/mx\/?s={search_term_string}"},"query-input":"required name=search_term_string"}],"inLanguage":"es-MX"}]}},"jetpack_sharing_enabled":true,"distributor_meta":false,"distributor_terms":false,"distributor_media":false,"distributor_original_site_name":"Grazia M\u00e9xico y Latinoam\u00e9rica","distributor_original_site_url":"https:\/\/graziamagazine.com\/mx","push-errors":false,"_links":{"self":[{"href":"https:\/\/graziamagazine.com\/mx\/wp-json\/wp\/v2\/articles\/103325"}],"collection":[{"href":"https:\/\/graziamagazine.com\/mx\/wp-json\/wp\/v2\/articles"}],"about":[{"href":"https:\/\/graziamagazine.com\/mx\/wp-json\/wp\/v2\/types\/articles"}],"author":[{"embeddable":true,"href":"https:\/\/graziamagazine.com\/mx\/wp-json\/wp\/v2\/users\/11628"}],"wp:featuredmedia":[{"embeddable":true,"href":"https:\/\/graziamagazine.com\/mx\/wp-json\/wp\/v2\/media\/103326"}],"wp:attachment":[{"href":"https:\/\/graziamagazine.com\/mx\/wp-json\/wp\/v2\/media?parent=103325"}],"wp:term":[{"taxonomy":"category","embeddable":true,"href":"https:\/\/graziamagazine.com\/mx\/wp-json\/wp\/v2\/categories?post=103325"}],"curies":[{"name":"wp","href":"https:\/\/api.w.org\/{rel}","templated":true}]}}