{"id":103296,"date":"2021-11-10T11:50:24","date_gmt":"2021-11-10T16:50:24","guid":{"rendered":"https:\/\/graziamagazine.com\/mx\/?post_type=articles&#038;p=103296"},"modified":"2021-11-10T10:21:34","modified_gmt":"2021-11-10T15:21:34","slug":"celebrity-style-emily-ratajkowski-y-su-canadian-tuxedo","status":"publish","type":"articles","link":"https:\/\/graziamagazine.com\/mx\/articles\/celebrity-style-emily-ratajkowski-y-su-canadian-tuxedo\/","title":{"rendered":"Celebrity Style: Emily Ratajkowski y su canadian tuxedo"},"content":{"rendered":"<p><strong>Emily Ratajkowski\u00a0<\/strong>es una de nuestras <em>trendsetters<\/em>\u00a0favoritas, desde sus looks de pasarela hasta algunos m\u00e1s casuales desde casa, la modelo no ha dejado de impresionarnos con prendas y accesorios que dejan queriendo a cualquiera.<\/p>\n<p>Esta ocasi\u00f3n es un <em>canadian tuxedo\u00a0<\/em>el que ha dado de que hablar. <strong>Emily Ratajkowski<\/strong> es una aficionada a los jeans de tiro alto y una maestra del <em>double denim,\u00a0<\/em>esta vez es el twist al ya dicho look al combinarlo con un <em>bralette<\/em>\u00a0de Prada y unos pantalones anchos que van muy por encima de la moda cl\u00e1sica del d\u00eda a d\u00eda.<\/p>\n<p><img loading=\"lazy\" decoding=\"async\" class=\"alignnone size-medium wp-image-103299\" src=\"https:\/\/graziamagazine.com\/mx\/wp-content\/uploads\/sites\/13\/2021\/11\/3-5.jpg?w=339\" alt=\"\" width=\"339\" height=\"450\" \/><\/p>\n<p>Con un color oscuro y acentos de cuero marr\u00f3n, la modelo y empresaria mostr\u00f3 c\u00f3mo innovar en el tradicional <em>tuxedo<\/em>utilitario. El \u00edndigo aporta una cierta elegancia al look casual, como demuestran las casas de lujo, como Dior y Herm\u00e8s.<\/p>\n<p>Sin duda, <strong>Emily Ratajkowski<\/strong>\u00a0nos ha demostrado que los cl\u00e1sicos (y b\u00e1sicos) de cualquier armario como lo son unos jeans, pueden combinarse de diversas formas, no s\u00f3lo quedarnos en el ya conocido look de jeans, con tenis y camiseta. Espec\u00edficamente unos vaqueros, son la prenda perfecta para jugar con accesorios que vayan de acuerdo a la ocasi\u00f3n.<\/p>\n<h5>IM\u00c1GENES: Cortes\u00eda de Getty Images<\/h5>\n","protected":false},"author":27779,"featured_media":103298,"template":"","format":"standard","categories":[2,4],"acf":[],"yoast_head":"<!-- This site is optimized with the Yoast SEO Premium plugin v18.5 (Yoast SEO v20.4) - https:\/\/yoast.com\/wordpress\/plugins\/seo\/ -->\n<title>Celebrity Style: Emily Ratajkowski y su canadian tuxedo | Grazia M\u00e9xico y Latinoam\u00e9rica<\/title>\n<meta name=\"description\" content=\"Emily Ratajkowski\u00a0es una de nuestras trendsetters\u00a0favoritas, desde sus looks de pasarela hasta algunos m\u00e1s casuales desde casa, la modelo no ha dejado de\" \/>\n<meta name=\"robots\" content=\"index, follow, max-snippet:-1, max-image-preview:large, max-video-preview:-1\" \/>\n<link rel=\"canonical\" href=\"https:\/\/graziamagazine.com\/mx\/articles\/celebrity-style-emily-ratajkowski-y-su-canadian-tuxedo\/\" \/>\n<meta property=\"og:locale\" content=\"es_MX\" \/>\n<meta property=\"og:type\" content=\"article\" \/>\n<meta property=\"og:title\" content=\"Celebrity Style: Emily Ratajkowski y su canadian tuxedo\" \/>\n<meta property=\"og:description\" content=\"Emily Ratajkowski\u00a0es una de nuestras trendsetters\u00a0favoritas, desde sus looks de pasarela hasta algunos m\u00e1s casuales desde casa, la modelo no ha dejado de\" \/>\n<meta property=\"og:url\" content=\"https:\/\/graziamagazine.com\/mx\/articles\/celebrity-style-emily-ratajkowski-y-su-canadian-tuxedo\/\" \/>\n<meta property=\"og:site_name\" content=\"Grazia M\u00e9xico y Latinoam\u00e9rica\" \/>\n<meta property=\"article:modified_time\" content=\"2021-11-10T15:21:34+00:00\" \/>\n<meta property=\"og:image\" content=\"https:\/\/graziamagazine.com\/mx\/wp-content\/uploads\/sites\/13\/2021\/11\/1-8.jpg?fit=1972%2C1782\" \/>\n\t<meta property=\"og:image:width\" content=\"1972\" \/>\n\t<meta property=\"og:image:height\" content=\"1782\" \/>\n\t<meta property=\"og:image:type\" content=\"image\/jpeg\" \/>\n<meta name=\"twitter:card\" content=\"summary_large_image\" \/>\n<meta name=\"twitter:label1\" content=\"Est. reading time\" \/>\n\t<meta name=\"twitter:data1\" content=\"1 minuto\" \/>\n<script type=\"application\/ld+json\" class=\"yoast-schema-graph\">{\"@context\":\"https:\/\/schema.org\",\"@graph\":[{\"@type\":\"WebPage\",\"@id\":\"https:\/\/graziamagazine.com\/mx\/articles\/celebrity-style-emily-ratajkowski-y-su-canadian-tuxedo\/\",\"url\":\"https:\/\/graziamagazine.com\/mx\/articles\/celebrity-style-emily-ratajkowski-y-su-canadian-tuxedo\/\",\"name\":\"Celebrity Style: Emily Ratajkowski y su canadian tuxedo | Grazia M\u00e9xico y Latinoam\u00e9rica\",\"isPartOf\":{\"@id\":\"https:\/\/graziamagazine.com\/mx\/#website\"},\"datePublished\":\"2021-11-10T16:50:24+00:00\",\"dateModified\":\"2021-11-10T15:21:34+00:00\",\"description\":\"Emily Ratajkowski\u00a0es una de nuestras trendsetters\u00a0favoritas, desde sus looks de pasarela hasta algunos m\u00e1s casuales desde casa, la modelo no ha dejado de\",\"breadcrumb\":{\"@id\":\"https:\/\/graziamagazine.com\/mx\/articles\/celebrity-style-emily-ratajkowski-y-su-canadian-tuxedo\/#breadcrumb\"},\"inLanguage\":\"es-MX\",\"potentialAction\":[{\"@type\":\"ReadAction\",\"target\":[\"https:\/\/graziamagazine.com\/mx\/articles\/celebrity-style-emily-ratajkowski-y-su-canadian-tuxedo\/\"]}]},{\"@type\":\"BreadcrumbList\",\"@id\":\"https:\/\/graziamagazine.com\/mx\/articles\/celebrity-style-emily-ratajkowski-y-su-canadian-tuxedo\/#breadcrumb\",\"itemListElement\":[{\"@type\":\"ListItem\",\"position\":1,\"name\":\"Home\",\"item\":\"https:\/\/graziamagazine.com\/mx\/\"},{\"@type\":\"ListItem\",\"position\":2,\"name\":\"Celebrity Style: Emily Ratajkowski y su canadian tuxedo\"}]},{\"@type\":\"WebSite\",\"@id\":\"https:\/\/graziamagazine.com\/mx\/#website\",\"url\":\"https:\/\/graziamagazine.com\/mx\/\",\"name\":\"Grazia M\u00e9xico y Latinoam\u00e9rica\",\"description\":\"Grazia es moda, belleza y noticias  de actualidad \",\"potentialAction\":[{\"@type\":\"SearchAction\",\"target\":{\"@type\":\"EntryPoint\",\"urlTemplate\":\"https:\/\/graziamagazine.com\/mx\/?s={search_term_string}\"},\"query-input\":\"required name=search_term_string\"}],\"inLanguage\":\"es-MX\"}]}<\/script>\n<!-- \/ Yoast SEO Premium plugin. -->","yoast_head_json":{"title":"Celebrity Style: Emily Ratajkowski y su canadian tuxedo | Grazia M\u00e9xico y Latinoam\u00e9rica","description":"Emily Ratajkowski\u00a0es una de nuestras trendsetters\u00a0favoritas, desde sus looks de pasarela hasta algunos m\u00e1s casuales desde casa, la modelo no ha dejado de","robots":{"index":"index","follow":"follow","max-snippet":"max-snippet:-1","max-image-preview":"max-image-preview:large","max-video-preview":"max-video-preview:-1"},"canonical":"https:\/\/graziamagazine.com\/mx\/articles\/celebrity-style-emily-ratajkowski-y-su-canadian-tuxedo\/","og_locale":"es_MX","og_type":"article","og_title":"Celebrity Style: Emily Ratajkowski y su canadian tuxedo","og_description":"Emily Ratajkowski\u00a0es una de nuestras trendsetters\u00a0favoritas, desde sus looks de pasarela hasta algunos m\u00e1s casuales desde casa, la modelo no ha dejado de","og_url":"https:\/\/graziamagazine.com\/mx\/articles\/celebrity-style-emily-ratajkowski-y-su-canadian-tuxedo\/","og_site_name":"Grazia M\u00e9xico y Latinoam\u00e9rica","article_modified_time":"2021-11-10T15:21:34+00:00","og_image":[{"width":1972,"height":1782,"url":"https:\/\/graziamagazine.com\/mx\/wp-content\/uploads\/sites\/13\/2021\/11\/1-8.jpg?fit=1972%2C1782","type":"image\/jpeg"}],"twitter_card":"summary_large_image","twitter_misc":{"Est. reading time":"1 minuto"},"schema":{"@context":"https:\/\/schema.org","@graph":[{"@type":"WebPage","@id":"https:\/\/graziamagazine.com\/mx\/articles\/celebrity-style-emily-ratajkowski-y-su-canadian-tuxedo\/","url":"https:\/\/graziamagazine.com\/mx\/articles\/celebrity-style-emily-ratajkowski-y-su-canadian-tuxedo\/","name":"Celebrity Style: Emily Ratajkowski y su canadian tuxedo | Grazia M\u00e9xico y Latinoam\u00e9rica","isPartOf":{"@id":"https:\/\/graziamagazine.com\/mx\/#website"},"datePublished":"2021-11-10T16:50:24+00:00","dateModified":"2021-11-10T15:21:34+00:00","description":"Emily Ratajkowski\u00a0es una de nuestras trendsetters\u00a0favoritas, desde sus looks de pasarela hasta algunos m\u00e1s casuales desde casa, la modelo no ha dejado de","breadcrumb":{"@id":"https:\/\/graziamagazine.com\/mx\/articles\/celebrity-style-emily-ratajkowski-y-su-canadian-tuxedo\/#breadcrumb"},"inLanguage":"es-MX","potentialAction":[{"@type":"ReadAction","target":["https:\/\/graziamagazine.com\/mx\/articles\/celebrity-style-emily-ratajkowski-y-su-canadian-tuxedo\/"]}]},{"@type":"BreadcrumbList","@id":"https:\/\/graziamagazine.com\/mx\/articles\/celebrity-style-emily-ratajkowski-y-su-canadian-tuxedo\/#breadcrumb","itemListElement":[{"@type":"ListItem","position":1,"name":"Home","item":"https:\/\/graziamagazine.com\/mx\/"},{"@type":"ListItem","position":2,"name":"Celebrity Style: Emily Ratajkowski y su canadian tuxedo"}]},{"@type":"WebSite","@id":"https:\/\/graziamagazine.com\/mx\/#website","url":"https:\/\/graziamagazine.com\/mx\/","name":"Grazia M\u00e9xico y Latinoam\u00e9rica","description":"Grazia es moda, belleza y noticias  de actualidad ","potentialAction":[{"@type":"SearchAction","target":{"@type":"EntryPoint","urlTemplate":"https:\/\/graziamagazine.com\/mx\/?s={search_term_string}"},"query-input":"required name=search_term_string"}],"inLanguage":"es-MX"}]}},"jetpack_sharing_enabled":true,"distributor_meta":false,"distributor_terms":false,"distributor_media":false,"distributor_original_site_name":"Grazia M\u00e9xico y Latinoam\u00e9rica","distributor_original_site_url":"https:\/\/graziamagazine.com\/mx","push-errors":false,"_links":{"self":[{"href":"https:\/\/graziamagazine.com\/mx\/wp-json\/wp\/v2\/articles\/103296"}],"collection":[{"href":"https:\/\/graziamagazine.com\/mx\/wp-json\/wp\/v2\/articles"}],"about":[{"href":"https:\/\/graziamagazine.com\/mx\/wp-json\/wp\/v2\/types\/articles"}],"author":[{"embeddable":true,"href":"https:\/\/graziamagazine.com\/mx\/wp-json\/wp\/v2\/users\/27779"}],"wp:featuredmedia":[{"embeddable":true,"href":"https:\/\/graziamagazine.com\/mx\/wp-json\/wp\/v2\/media\/103298"}],"wp:attachment":[{"href":"https:\/\/graziamagazine.com\/mx\/wp-json\/wp\/v2\/media?parent=103296"}],"wp:term":[{"taxonomy":"category","embeddable":true,"href":"https:\/\/graziamagazine.com\/mx\/wp-json\/wp\/v2\/categories?post=103296"}],"curies":[{"name":"wp","href":"https:\/\/api.w.org\/{rel}","templated":true}]}}