{"id":103271,"date":"2021-11-11T13:00:59","date_gmt":"2021-11-11T18:00:59","guid":{"rendered":"https:\/\/graziamagazine.com\/mx\/?post_type=articles&#038;p=103271"},"modified":"2021-11-11T11:50:06","modified_gmt":"2021-11-11T16:50:06","slug":"committed-to-the-future-la-nueva-campana-sustentable-de-mango","status":"publish","type":"articles","link":"https:\/\/graziamagazine.com\/mx\/articles\/committed-to-the-future-la-nueva-campana-sustentable-de-mango\/","title":{"rendered":"Committed to the Future, la nueva campa\u00f1a sustentable de Mango"},"content":{"rendered":"<p><span style=\"font-weight: 400\">El inicio de programas, procesos y dise\u00f1os que ayuden a cuidar y preservar el medio ambiente ha sido una tendencia muy popular dentro de la industria de la moda. Y no por nada, sabemos que los expertos han dicho que si no cambiamos nuestra manera de vivir el planeta podr\u00eda sufrir cambios irreparables.\u00a0<\/span><\/p>\n<p><span style=\"font-weight: 400\">En esta ocasi\u00f3n es <strong>MANGO<\/strong> quien ha decidido dar un paso m\u00e1s all\u00e1 con su compromiso por la sustentabilidad presentando una nueva <strong>campa\u00f1a sostenible<\/strong>, en la que dan a conocer c\u00f3mo es que trabajan para un futuro m\u00e1s<em><strong> eco-friendly<\/strong>.<\/em><\/span><\/p>\n<p><span style=\"font-weight: 400\">Para la marca, ser <em>eco-friendly<\/em> nace desde adentro, y son los mismos empleados de la firma quienes han impulsado este enfoque en su d\u00eda a d\u00eda. Por eso, ellos son el foco de esta nueva campa\u00f1a.\u00a0<\/span><\/p>\n<div class=\"content-gallery\"><div class=\"gallery-placeholder\"><div class=\"spinner\"><\/div><\/div><span class=\"gallery-pagination\"><\/span><div id=\"gallery-1\" class=\"gallery galleryid-103271 gallery-columns- gallery-size-\"><figure class=\"gallery-item\"><div class=\"gallery-icon landscape\"><img loading=\"lazy\" decoding=\"async\" width=\"1600\" height=\"2400\" src=\"https:\/\/graziamagazine.com\/mx\/wp-content\/uploads\/sites\/13\/2021\/11\/S20_081.jpg\" class=\"lazy\" alt=\"\" \/><\/div><\/figure><figure class=\"gallery-item\"><div class=\"gallery-icon landscape\"><img loading=\"lazy\" decoding=\"async\" width=\"1600\" height=\"2400\" src=\"https:\/\/graziamagazine.com\/mx\/wp-content\/uploads\/sites\/13\/2021\/11\/S28_098-V2.jpg\" class=\"lazy\" alt=\"\" \/><\/div><\/figure><figure class=\"gallery-item\"><div class=\"gallery-icon landscape\"><img loading=\"lazy\" decoding=\"async\" width=\"1600\" height=\"2400\" src=\"https:\/\/graziamagazine.com\/mx\/wp-content\/uploads\/sites\/13\/2021\/11\/S32_203.jpg\" class=\"lazy\" alt=\"\" \/><\/div><\/figure><figure class=\"gallery-item\"><div class=\"gallery-icon landscape\"><img loading=\"lazy\" decoding=\"async\" width=\"1600\" height=\"2400\" src=\"https:\/\/graziamagazine.com\/mx\/wp-content\/uploads\/sites\/13\/2021\/11\/S35_117.jpg\" class=\"lazy\" alt=\"\" \/><\/div><\/figure><\/div><\/div>\n<p><span style=\"font-weight: 400\">A trav\u00e9s de esta serie, la marca da visibilidad a las historias de <strong>Jordina<\/strong> y <strong>Marta<\/strong>, quienes se desempe\u00f1an como dise\u00f1adora y compradora de <em>outerwear<\/em>, respectivamente. Ellas han impulsado la sustentabilidad sustituyendo el relleno tradicional de las chamarras por unas fibras de poli\u00e9ster reciclado derivadas de botellas de pl\u00e1stico, similares en funci\u00f3n y apariencia al algod\u00f3n en rama.<\/span><\/p>\n<p><span style=\"font-weight: 400\">Por su parte, <strong>David<\/strong>,<em> Head Merchandiser<\/em> en<strong> MANGO Man<\/strong>, cuenta c\u00f3mo han hecho posible que todos los abrigos de sastrer\u00eda masculina est\u00e9n confeccionados a partir de fibras recicladas de lana proveniente de su\u00e9teres. En tanto, <strong>Mar\u00eda<\/strong>, compradora de <em>knitwear<\/em>, nos explica que los materiales empleados en la confecci\u00f3n de las prendas de punto provienen de fibras celul\u00f3sicas de origen trazable y controlado. Y por \u00faltimo, <strong>Sarah<\/strong>, dise\u00f1adora de las l\u00edneas <em>Kids<\/em> y <em>Teen<\/em>, nos presenta la propuesta c\u00e1psula circular de ropa para ni\u00f1os y adolescentes creada a partir de excedentes textiles.<\/span><\/p>\n<p><span style=\"font-weight: 400\"><strong>MANGO<\/strong> contin\u00faa avanzando en <strong>sustentabilidad<\/strong>, la cual, adem\u00e1s de ser una prioridad, es uno de sus pilares estrat\u00e9gicos. La compa\u00f1\u00eda sigue en su af\u00e1n de contribuir a lograr una industria de la moda m\u00e1s responsable y eco-friendly, a trav\u00e9s de iniciativas que reducen su impacto en el medio ambiente. Este a\u00f1o se destacan los avances en la eliminaci\u00f3n del pl\u00e1stico, que se est\u00e1 sustituyendo por papel y otros materiales alternativos de menos impacto, as\u00ed como los nuevos pasos en trazabilidad y transparencia de la cadena de valor.<\/span><\/p>\n<div class=\"content-gallery\"><div class=\"gallery-placeholder\"><div class=\"spinner\"><\/div><\/div><span class=\"gallery-pagination\"><\/span><div id=\"gallery-2\" class=\"gallery galleryid-103271 gallery-columns- gallery-size-\"><figure class=\"gallery-item\"><div class=\"gallery-icon landscape\"><img loading=\"lazy\" decoding=\"async\" width=\"1987\" height=\"1781\" src=\"https:\/\/graziamagazine.com\/mx\/wp-content\/uploads\/sites\/13\/2021\/11\/17077747_TO_B3.jpg\" class=\"lazy\" alt=\"\" \/><\/div><\/figure><figure class=\"gallery-item\"><div class=\"gallery-icon landscape\"><img loading=\"lazy\" decoding=\"async\" width=\"1717\" height=\"2048\" src=\"https:\/\/graziamagazine.com\/mx\/wp-content\/uploads\/sites\/13\/2021\/11\/17045907_99_B3.jpg\" class=\"lazy\" alt=\"\" \/><\/div><\/figure><figure class=\"gallery-item\"><div class=\"gallery-icon landscape\"><img loading=\"lazy\" decoding=\"async\" width=\"1520\" height=\"2048\" src=\"https:\/\/graziamagazine.com\/mx\/wp-content\/uploads\/sites\/13\/2021\/11\/17007122_30_B3.jpg\" class=\"lazy\" alt=\"\" \/><\/div><\/figure><figure class=\"gallery-item\"><div class=\"gallery-icon landscape\"><img loading=\"lazy\" decoding=\"async\" width=\"1820\" height=\"2048\" src=\"https:\/\/graziamagazine.com\/mx\/wp-content\/uploads\/sites\/13\/2021\/11\/17007113_31_B3.jpg\" class=\"lazy\" alt=\"\" \/><\/div><\/figure><\/div><\/div>\n<p><span style=\"font-weight: 400\">La colecci\u00f3n <strong>MANGO Committed<\/strong>, que engloba todas las prendas con caracter\u00edsticas sostenibles de las diferentes l\u00edneas de la compa\u00f1\u00eda, ha evolucionado hasta convertirse en una colecci\u00f3n permanente. El uso de fibras y procesos sostenibles permite reducir el impacto en el medio ambiente y contribuir a un futuro de la moda m\u00e1s sostenible.<\/span><\/p>\n<p><span style=\"font-weight: 400\">Sin duda alguna, iniciativas como <strong>MANGO Committed<\/strong> ayudan a mejorar o cambiar el rumbo del planeta, y qu\u00e9 mejor que hacerlo luciendo incre\u00edble.<\/span><\/p>\n<h5><span style=\"font-weight: 400\"><strong>IM\u00c1GENES: Cortes\u00eda de MANGO<\/strong><\/span><\/h5>\n","protected":false},"author":27779,"featured_media":103280,"template":"","format":"standard","categories":[4],"acf":[],"yoast_head":"<!-- This site is optimized with the Yoast SEO Premium plugin v18.5 (Yoast SEO v20.4) - https:\/\/yoast.com\/wordpress\/plugins\/seo\/ -->\n<title>Committed to the Future, la nueva campa\u00f1a sustentable de Mango | Grazia M\u00e9xico y Latinoam\u00e9rica<\/title>\n<meta name=\"description\" content=\"El inicio de programas, procesos y dise\u00f1os que ayuden a cuidar y preservar el medio ambiente ha sido una tendencia muy popular dentro de la industria de\" \/>\n<meta name=\"robots\" content=\"index, follow, max-snippet:-1, max-image-preview:large, max-video-preview:-1\" \/>\n<link rel=\"canonical\" href=\"https:\/\/graziamagazine.com\/mx\/articles\/committed-to-the-future-la-nueva-campana-sustentable-de-mango\/\" \/>\n<meta property=\"og:locale\" content=\"es_MX\" \/>\n<meta property=\"og:type\" content=\"article\" \/>\n<meta property=\"og:title\" content=\"Committed to the Future, la nueva campa\u00f1a sustentable de Mango\" \/>\n<meta property=\"og:description\" content=\"El inicio de programas, procesos y dise\u00f1os que ayuden a cuidar y preservar el medio ambiente ha sido una tendencia muy popular dentro de la industria de\" \/>\n<meta property=\"og:url\" content=\"https:\/\/graziamagazine.com\/mx\/articles\/committed-to-the-future-la-nueva-campana-sustentable-de-mango\/\" \/>\n<meta property=\"og:site_name\" content=\"Grazia M\u00e9xico y Latinoam\u00e9rica\" \/>\n<meta property=\"article:modified_time\" content=\"2021-11-11T16:50:06+00:00\" \/>\n<meta property=\"og:image\" content=\"https:\/\/graziamagazine.com\/mx\/wp-content\/uploads\/sites\/13\/2021\/11\/22.jpg?fit=2216%2C1799\" \/>\n\t<meta property=\"og:image:width\" content=\"2216\" \/>\n\t<meta property=\"og:image:height\" content=\"1799\" \/>\n\t<meta property=\"og:image:type\" content=\"image\/jpeg\" \/>\n<meta name=\"twitter:card\" content=\"summary_large_image\" \/>\n<meta name=\"twitter:label1\" content=\"Est. reading time\" \/>\n\t<meta name=\"twitter:data1\" content=\"2 minutos\" \/>\n<script type=\"application\/ld+json\" class=\"yoast-schema-graph\">{\"@context\":\"https:\/\/schema.org\",\"@graph\":[{\"@type\":\"WebPage\",\"@id\":\"https:\/\/graziamagazine.com\/mx\/articles\/committed-to-the-future-la-nueva-campana-sustentable-de-mango\/\",\"url\":\"https:\/\/graziamagazine.com\/mx\/articles\/committed-to-the-future-la-nueva-campana-sustentable-de-mango\/\",\"name\":\"Committed to the Future, la nueva campa\u00f1a sustentable de Mango | Grazia M\u00e9xico y Latinoam\u00e9rica\",\"isPartOf\":{\"@id\":\"https:\/\/graziamagazine.com\/mx\/#website\"},\"datePublished\":\"2021-11-11T18:00:59+00:00\",\"dateModified\":\"2021-11-11T16:50:06+00:00\",\"description\":\"El inicio de programas, procesos y dise\u00f1os que ayuden a cuidar y preservar el medio ambiente ha sido una tendencia muy popular dentro de la industria de\",\"breadcrumb\":{\"@id\":\"https:\/\/graziamagazine.com\/mx\/articles\/committed-to-the-future-la-nueva-campana-sustentable-de-mango\/#breadcrumb\"},\"inLanguage\":\"es-MX\",\"potentialAction\":[{\"@type\":\"ReadAction\",\"target\":[\"https:\/\/graziamagazine.com\/mx\/articles\/committed-to-the-future-la-nueva-campana-sustentable-de-mango\/\"]}]},{\"@type\":\"BreadcrumbList\",\"@id\":\"https:\/\/graziamagazine.com\/mx\/articles\/committed-to-the-future-la-nueva-campana-sustentable-de-mango\/#breadcrumb\",\"itemListElement\":[{\"@type\":\"ListItem\",\"position\":1,\"name\":\"Home\",\"item\":\"https:\/\/graziamagazine.com\/mx\/\"},{\"@type\":\"ListItem\",\"position\":2,\"name\":\"Committed to the Future, la nueva campa\u00f1a sustentable de Mango\"}]},{\"@type\":\"WebSite\",\"@id\":\"https:\/\/graziamagazine.com\/mx\/#website\",\"url\":\"https:\/\/graziamagazine.com\/mx\/\",\"name\":\"Grazia M\u00e9xico y Latinoam\u00e9rica\",\"description\":\"Grazia es moda, belleza y noticias  de actualidad \",\"potentialAction\":[{\"@type\":\"SearchAction\",\"target\":{\"@type\":\"EntryPoint\",\"urlTemplate\":\"https:\/\/graziamagazine.com\/mx\/?s={search_term_string}\"},\"query-input\":\"required name=search_term_string\"}],\"inLanguage\":\"es-MX\"}]}<\/script>\n<!-- \/ Yoast SEO Premium plugin. -->","yoast_head_json":{"title":"Committed to the Future, la nueva campa\u00f1a sustentable de Mango | Grazia M\u00e9xico y Latinoam\u00e9rica","description":"El inicio de programas, procesos y dise\u00f1os que ayuden a cuidar y preservar el medio ambiente ha sido una tendencia muy popular dentro de la industria de","robots":{"index":"index","follow":"follow","max-snippet":"max-snippet:-1","max-image-preview":"max-image-preview:large","max-video-preview":"max-video-preview:-1"},"canonical":"https:\/\/graziamagazine.com\/mx\/articles\/committed-to-the-future-la-nueva-campana-sustentable-de-mango\/","og_locale":"es_MX","og_type":"article","og_title":"Committed to the Future, la nueva campa\u00f1a sustentable de Mango","og_description":"El inicio de programas, procesos y dise\u00f1os que ayuden a cuidar y preservar el medio ambiente ha sido una tendencia muy popular dentro de la industria de","og_url":"https:\/\/graziamagazine.com\/mx\/articles\/committed-to-the-future-la-nueva-campana-sustentable-de-mango\/","og_site_name":"Grazia M\u00e9xico y Latinoam\u00e9rica","article_modified_time":"2021-11-11T16:50:06+00:00","og_image":[{"width":2216,"height":1799,"url":"https:\/\/graziamagazine.com\/mx\/wp-content\/uploads\/sites\/13\/2021\/11\/22.jpg?fit=2216%2C1799","type":"image\/jpeg"}],"twitter_card":"summary_large_image","twitter_misc":{"Est. reading time":"2 minutos"},"schema":{"@context":"https:\/\/schema.org","@graph":[{"@type":"WebPage","@id":"https:\/\/graziamagazine.com\/mx\/articles\/committed-to-the-future-la-nueva-campana-sustentable-de-mango\/","url":"https:\/\/graziamagazine.com\/mx\/articles\/committed-to-the-future-la-nueva-campana-sustentable-de-mango\/","name":"Committed to the Future, la nueva campa\u00f1a sustentable de Mango | Grazia M\u00e9xico y Latinoam\u00e9rica","isPartOf":{"@id":"https:\/\/graziamagazine.com\/mx\/#website"},"datePublished":"2021-11-11T18:00:59+00:00","dateModified":"2021-11-11T16:50:06+00:00","description":"El inicio de programas, procesos y dise\u00f1os que ayuden a cuidar y preservar el medio ambiente ha sido una tendencia muy popular dentro de la industria de","breadcrumb":{"@id":"https:\/\/graziamagazine.com\/mx\/articles\/committed-to-the-future-la-nueva-campana-sustentable-de-mango\/#breadcrumb"},"inLanguage":"es-MX","potentialAction":[{"@type":"ReadAction","target":["https:\/\/graziamagazine.com\/mx\/articles\/committed-to-the-future-la-nueva-campana-sustentable-de-mango\/"]}]},{"@type":"BreadcrumbList","@id":"https:\/\/graziamagazine.com\/mx\/articles\/committed-to-the-future-la-nueva-campana-sustentable-de-mango\/#breadcrumb","itemListElement":[{"@type":"ListItem","position":1,"name":"Home","item":"https:\/\/graziamagazine.com\/mx\/"},{"@type":"ListItem","position":2,"name":"Committed to the Future, la nueva campa\u00f1a sustentable de Mango"}]},{"@type":"WebSite","@id":"https:\/\/graziamagazine.com\/mx\/#website","url":"https:\/\/graziamagazine.com\/mx\/","name":"Grazia M\u00e9xico y Latinoam\u00e9rica","description":"Grazia es moda, belleza y noticias  de actualidad ","potentialAction":[{"@type":"SearchAction","target":{"@type":"EntryPoint","urlTemplate":"https:\/\/graziamagazine.com\/mx\/?s={search_term_string}"},"query-input":"required name=search_term_string"}],"inLanguage":"es-MX"}]}},"jetpack_sharing_enabled":true,"distributor_meta":false,"distributor_terms":false,"distributor_media":false,"distributor_original_site_name":"Grazia M\u00e9xico y Latinoam\u00e9rica","distributor_original_site_url":"https:\/\/graziamagazine.com\/mx","push-errors":false,"_links":{"self":[{"href":"https:\/\/graziamagazine.com\/mx\/wp-json\/wp\/v2\/articles\/103271"}],"collection":[{"href":"https:\/\/graziamagazine.com\/mx\/wp-json\/wp\/v2\/articles"}],"about":[{"href":"https:\/\/graziamagazine.com\/mx\/wp-json\/wp\/v2\/types\/articles"}],"author":[{"embeddable":true,"href":"https:\/\/graziamagazine.com\/mx\/wp-json\/wp\/v2\/users\/27779"}],"wp:featuredmedia":[{"embeddable":true,"href":"https:\/\/graziamagazine.com\/mx\/wp-json\/wp\/v2\/media\/103280"}],"wp:attachment":[{"href":"https:\/\/graziamagazine.com\/mx\/wp-json\/wp\/v2\/media?parent=103271"}],"wp:term":[{"taxonomy":"category","embeddable":true,"href":"https:\/\/graziamagazine.com\/mx\/wp-json\/wp\/v2\/categories?post=103271"}],"curies":[{"name":"wp","href":"https:\/\/api.w.org\/{rel}","templated":true}]}}