{"id":102995,"date":"2021-11-03T13:57:41","date_gmt":"2021-11-03T18:57:41","guid":{"rendered":"https:\/\/graziamagazine.com\/mx\/?post_type=articles&#038;p=102995"},"modified":"2021-11-03T14:02:01","modified_gmt":"2021-11-03T19:02:01","slug":"el-calendario-de-adviento-de-tiffany-co-inspirado-en-la-campana-about-love","status":"publish","type":"articles","link":"https:\/\/graziamagazine.com\/mx\/articles\/el-calendario-de-adviento-de-tiffany-co-inspirado-en-la-campana-about-love\/","title":{"rendered":"El calendario de adviento de Tiffany &amp; Co. inspirado en la campa\u00f1a \u2018About Love\u2019"},"content":{"rendered":"<p><span style=\"font-weight: 400\">Como preparaci\u00f3n para las fiestas navide\u00f1as de fin de a\u00f1o, <strong>Tiffany &amp; Co.<\/strong> presenta su nuevo <strong>calendario de adviento<\/strong>, dise\u00f1ado por uno de los artistas estadounidenses m\u00e1s influyentes del siglo XX &#8211; <strong>Jean-Michel Basquiat<\/strong> &#8211; cuya obra fue presentada recientemente en la campa\u00f1a <em><strong>About Love<\/strong><\/em>, en la que recordar\u00e1s vimos la historia de amor de <strong>Beyonc\u00e9 y Jay-Z.<\/strong><\/span><\/p>\n<p><span style=\"font-weight: 400\">Para la tradicional cuenta regresiva de Navidad, este lienzo destaca la misma obra maestra que aparece en <em>About Love<\/em>, el cuadro de Basquiat de 1982, <strong>Equals Pi,<\/strong> que adem\u00e1s rinde homenaje a la creatividad rebelde y al esp\u00edritu de su ciudad fundadora, Nueva York.<\/span><\/p>\n<p><img loading=\"lazy\" decoding=\"async\" class=\"size-medium wp-image-103000 aligncenter\" src=\"https:\/\/graziamagazine.com\/mx\/wp-content\/uploads\/sites\/13\/2021\/11\/unnamed-8.png?w=450\" alt=\"\" width=\"450\" height=\"450\" \/><\/p>\n<p><span style=\"font-weight: 400\">El dise\u00f1o &#8211; que ya disponible en todo el mundo a partir de hoy &#8211; \u201crecuerda a un gabinete de curiosidades, que revela 24 cajas azules llenas de joyas y objetos Tiffany. Inspirado en el lenguaje visual y los subtextos del estilo de Basquiat, el Calendario de Adviento est\u00e1 detallado con elementos de dise\u00f1o que rinden homenaje a su prol\u00edfica obra. En los primeros a\u00f1os de su carrera, Basquiat pint\u00f3 sobre objetos cotidianos como ventanas, puertas y frigor\u00edficos, mismos que contextualiza con los objetos con cart\u00f3n, madera contrachapada y otros materiales. Las puertas del Calendario de Adviento de roble blanco de 1.5 metros son un lienzo adecuado para Equals Pi, un homenaje al uso que el artista hac\u00eda de medios poco convencionales. Compuesta por ecuaciones matem\u00e1ticas, texto, figuras, gestos expresivos y s\u00edmbolos, la obra de arte ejemplifica su enfoque crudo pero metodol\u00f3gico de su oficio\u201d, explica Tiffany &amp; Co. en un comunicado.<\/span><\/p>\n<p><span style=\"font-weight: 400\">\u201cDesde las colaboraciones creativas hasta los legendarios escaparates de la Quinta Avenida, la herencia de Tiffany ha estado anclada tanto en el mundo del arte como en la cultura de la ciudad de Nueva York durante m\u00e1s de un siglo. Adem\u00e1s, como parte de sus continuos esfuerzos por llevar el arte a m\u00e1s comunidades en su ciudad fundadora, Tiffany &amp; Co. se enorgullece de anunciar una nueva asociaci\u00f3n con <em><strong>Free Arts NYC<\/strong><\/em>. La casa donar\u00e1 a la organizaci\u00f3n 250,000 d\u00f3lares procedentes de las compras del Calendario de Adviento 2021, y los fondos servir\u00e1n para financiar una serie de programas que permitir\u00e1n a los ni\u00f1os de las comunidades m\u00e1s desfavorecidas de la ciudad de Nueva York tener un mayor contacto con las artes creativas. Pr\u00f3ximamente se dar\u00e1n m\u00e1s detalles sobre esta iniciativa\u201d, a\u00f1ade.\u00a0<\/span><\/p>\n<p><span style=\"font-weight: 400\">\u00bfMejor manera de esperar la Navidad? \u00a1Imposible!<\/span><\/p>\n","protected":false},"author":11628,"featured_media":103001,"template":"","format":"standard","categories":[9864,4],"acf":[],"yoast_head":"<!-- This site is optimized with the Yoast SEO Premium plugin v18.5 (Yoast SEO v20.4) - https:\/\/yoast.com\/wordpress\/plugins\/seo\/ -->\n<title>El calendario de adviento de Tiffany &amp; Co. inspirado en la campa\u00f1a \u2018About Love\u2019 | Grazia M\u00e9xico y Latinoam\u00e9rica<\/title>\n<meta name=\"description\" content=\"\u00bfExiste mejor manera de esperar la Navidad?\" \/>\n<meta name=\"robots\" content=\"index, follow, max-snippet:-1, max-image-preview:large, max-video-preview:-1\" \/>\n<link rel=\"canonical\" href=\"https:\/\/graziamagazine.com\/mx\/articles\/el-calendario-de-adviento-de-tiffany-co-inspirado-en-la-campana-about-love\/\" \/>\n<meta property=\"og:locale\" content=\"es_MX\" \/>\n<meta property=\"og:type\" content=\"article\" \/>\n<meta property=\"og:title\" content=\"El calendario de adviento de Tiffany &amp; Co. inspirado en la campa\u00f1a \u2018About Love\u2019\" \/>\n<meta property=\"og:description\" content=\"\u00bfExiste mejor manera de esperar la Navidad?\" \/>\n<meta property=\"og:url\" content=\"https:\/\/graziamagazine.com\/mx\/articles\/el-calendario-de-adviento-de-tiffany-co-inspirado-en-la-campana-about-love\/\" \/>\n<meta property=\"og:site_name\" content=\"Grazia M\u00e9xico y Latinoam\u00e9rica\" \/>\n<meta property=\"article:modified_time\" content=\"2021-11-03T19:02:01+00:00\" \/>\n<meta property=\"og:image\" content=\"https:\/\/graziamagazine.com\/mx\/wp-content\/uploads\/sites\/13\/2021\/11\/unnamed-7.png?fit=668%2C724\" \/>\n\t<meta property=\"og:image:width\" content=\"668\" \/>\n\t<meta property=\"og:image:height\" content=\"724\" \/>\n\t<meta property=\"og:image:type\" content=\"image\/png\" \/>\n<meta name=\"twitter:card\" content=\"summary_large_image\" \/>\n<meta name=\"twitter:label1\" content=\"Est. reading time\" \/>\n\t<meta name=\"twitter:data1\" content=\"2 minutos\" \/>\n<script type=\"application\/ld+json\" class=\"yoast-schema-graph\">{\"@context\":\"https:\/\/schema.org\",\"@graph\":[{\"@type\":\"WebPage\",\"@id\":\"https:\/\/graziamagazine.com\/mx\/articles\/el-calendario-de-adviento-de-tiffany-co-inspirado-en-la-campana-about-love\/\",\"url\":\"https:\/\/graziamagazine.com\/mx\/articles\/el-calendario-de-adviento-de-tiffany-co-inspirado-en-la-campana-about-love\/\",\"name\":\"El calendario de adviento de Tiffany &amp; Co. inspirado en la campa\u00f1a \u2018About Love\u2019 | Grazia M\u00e9xico y Latinoam\u00e9rica\",\"isPartOf\":{\"@id\":\"https:\/\/graziamagazine.com\/mx\/#website\"},\"datePublished\":\"2021-11-03T18:57:41+00:00\",\"dateModified\":\"2021-11-03T19:02:01+00:00\",\"description\":\"\u00bfExiste mejor manera de esperar la Navidad?\",\"breadcrumb\":{\"@id\":\"https:\/\/graziamagazine.com\/mx\/articles\/el-calendario-de-adviento-de-tiffany-co-inspirado-en-la-campana-about-love\/#breadcrumb\"},\"inLanguage\":\"es-MX\",\"potentialAction\":[{\"@type\":\"ReadAction\",\"target\":[\"https:\/\/graziamagazine.com\/mx\/articles\/el-calendario-de-adviento-de-tiffany-co-inspirado-en-la-campana-about-love\/\"]}]},{\"@type\":\"BreadcrumbList\",\"@id\":\"https:\/\/graziamagazine.com\/mx\/articles\/el-calendario-de-adviento-de-tiffany-co-inspirado-en-la-campana-about-love\/#breadcrumb\",\"itemListElement\":[{\"@type\":\"ListItem\",\"position\":1,\"name\":\"Home\",\"item\":\"https:\/\/graziamagazine.com\/mx\/\"},{\"@type\":\"ListItem\",\"position\":2,\"name\":\"El calendario de adviento de Tiffany &amp; Co. inspirado en la campa\u00f1a \u2018About Love\u2019\"}]},{\"@type\":\"WebSite\",\"@id\":\"https:\/\/graziamagazine.com\/mx\/#website\",\"url\":\"https:\/\/graziamagazine.com\/mx\/\",\"name\":\"Grazia M\u00e9xico y Latinoam\u00e9rica\",\"description\":\"Grazia es moda, belleza y noticias  de actualidad \",\"potentialAction\":[{\"@type\":\"SearchAction\",\"target\":{\"@type\":\"EntryPoint\",\"urlTemplate\":\"https:\/\/graziamagazine.com\/mx\/?s={search_term_string}\"},\"query-input\":\"required name=search_term_string\"}],\"inLanguage\":\"es-MX\"}]}<\/script>\n<!-- \/ Yoast SEO Premium plugin. -->","yoast_head_json":{"title":"El calendario de adviento de Tiffany &amp; Co. inspirado en la campa\u00f1a \u2018About Love\u2019 | Grazia M\u00e9xico y Latinoam\u00e9rica","description":"\u00bfExiste mejor manera de esperar la Navidad?","robots":{"index":"index","follow":"follow","max-snippet":"max-snippet:-1","max-image-preview":"max-image-preview:large","max-video-preview":"max-video-preview:-1"},"canonical":"https:\/\/graziamagazine.com\/mx\/articles\/el-calendario-de-adviento-de-tiffany-co-inspirado-en-la-campana-about-love\/","og_locale":"es_MX","og_type":"article","og_title":"El calendario de adviento de Tiffany &amp; Co. inspirado en la campa\u00f1a \u2018About Love\u2019","og_description":"\u00bfExiste mejor manera de esperar la Navidad?","og_url":"https:\/\/graziamagazine.com\/mx\/articles\/el-calendario-de-adviento-de-tiffany-co-inspirado-en-la-campana-about-love\/","og_site_name":"Grazia M\u00e9xico y Latinoam\u00e9rica","article_modified_time":"2021-11-03T19:02:01+00:00","og_image":[{"width":668,"height":724,"url":"https:\/\/graziamagazine.com\/mx\/wp-content\/uploads\/sites\/13\/2021\/11\/unnamed-7.png?fit=668%2C724","type":"image\/png"}],"twitter_card":"summary_large_image","twitter_misc":{"Est. reading time":"2 minutos"},"schema":{"@context":"https:\/\/schema.org","@graph":[{"@type":"WebPage","@id":"https:\/\/graziamagazine.com\/mx\/articles\/el-calendario-de-adviento-de-tiffany-co-inspirado-en-la-campana-about-love\/","url":"https:\/\/graziamagazine.com\/mx\/articles\/el-calendario-de-adviento-de-tiffany-co-inspirado-en-la-campana-about-love\/","name":"El calendario de adviento de Tiffany &amp; Co. inspirado en la campa\u00f1a \u2018About Love\u2019 | Grazia M\u00e9xico y Latinoam\u00e9rica","isPartOf":{"@id":"https:\/\/graziamagazine.com\/mx\/#website"},"datePublished":"2021-11-03T18:57:41+00:00","dateModified":"2021-11-03T19:02:01+00:00","description":"\u00bfExiste mejor manera de esperar la Navidad?","breadcrumb":{"@id":"https:\/\/graziamagazine.com\/mx\/articles\/el-calendario-de-adviento-de-tiffany-co-inspirado-en-la-campana-about-love\/#breadcrumb"},"inLanguage":"es-MX","potentialAction":[{"@type":"ReadAction","target":["https:\/\/graziamagazine.com\/mx\/articles\/el-calendario-de-adviento-de-tiffany-co-inspirado-en-la-campana-about-love\/"]}]},{"@type":"BreadcrumbList","@id":"https:\/\/graziamagazine.com\/mx\/articles\/el-calendario-de-adviento-de-tiffany-co-inspirado-en-la-campana-about-love\/#breadcrumb","itemListElement":[{"@type":"ListItem","position":1,"name":"Home","item":"https:\/\/graziamagazine.com\/mx\/"},{"@type":"ListItem","position":2,"name":"El calendario de adviento de Tiffany &amp; Co. inspirado en la campa\u00f1a \u2018About Love\u2019"}]},{"@type":"WebSite","@id":"https:\/\/graziamagazine.com\/mx\/#website","url":"https:\/\/graziamagazine.com\/mx\/","name":"Grazia M\u00e9xico y Latinoam\u00e9rica","description":"Grazia es moda, belleza y noticias  de actualidad ","potentialAction":[{"@type":"SearchAction","target":{"@type":"EntryPoint","urlTemplate":"https:\/\/graziamagazine.com\/mx\/?s={search_term_string}"},"query-input":"required name=search_term_string"}],"inLanguage":"es-MX"}]}},"jetpack_sharing_enabled":true,"distributor_meta":false,"distributor_terms":false,"distributor_media":false,"distributor_original_site_name":"Grazia M\u00e9xico y Latinoam\u00e9rica","distributor_original_site_url":"https:\/\/graziamagazine.com\/mx","push-errors":false,"_links":{"self":[{"href":"https:\/\/graziamagazine.com\/mx\/wp-json\/wp\/v2\/articles\/102995"}],"collection":[{"href":"https:\/\/graziamagazine.com\/mx\/wp-json\/wp\/v2\/articles"}],"about":[{"href":"https:\/\/graziamagazine.com\/mx\/wp-json\/wp\/v2\/types\/articles"}],"author":[{"embeddable":true,"href":"https:\/\/graziamagazine.com\/mx\/wp-json\/wp\/v2\/users\/11628"}],"wp:featuredmedia":[{"embeddable":true,"href":"https:\/\/graziamagazine.com\/mx\/wp-json\/wp\/v2\/media\/103001"}],"wp:attachment":[{"href":"https:\/\/graziamagazine.com\/mx\/wp-json\/wp\/v2\/media?parent=102995"}],"wp:term":[{"taxonomy":"category","embeddable":true,"href":"https:\/\/graziamagazine.com\/mx\/wp-json\/wp\/v2\/categories?post=102995"}],"curies":[{"name":"wp","href":"https:\/\/api.w.org\/{rel}","templated":true}]}}