{"id":102496,"date":"2021-10-19T21:24:57","date_gmt":"2021-10-20T02:24:57","guid":{"rendered":"https:\/\/graziamagazine.com\/mx\/?post_type=articles&#038;p=102496"},"modified":"2021-10-19T21:57:02","modified_gmt":"2021-10-20T02:57:02","slug":"date-nigth-el-short-film-de-tiffany-co-protagonizado-por-beyonce-y-jay-z","status":"publish","type":"articles","link":"https:\/\/graziamagazine.com\/mx\/articles\/date-nigth-el-short-film-de-tiffany-co-protagonizado-por-beyonce-y-jay-z\/","title":{"rendered":"Date Night, el Short film de Tiffany &amp; Co. protagonizado por Beyonc\u00e9 y Jay-Z"},"content":{"rendered":"<p><strong>Tiffany &amp; Co.<\/strong> acaba de lanzar el<em>\u00a0short film<\/em>\u00a0adicional &#8220;<strong>Date Night<\/strong>&#8221; de su campa\u00f1a &#8220;<strong>About Love<\/strong>&#8220;, protagonizada por la poderosa pareja <strong>Beyonc\u00e9<\/strong> y <strong>JAY-Z<\/strong> y con la aparici\u00f3n especial de su hija <strong>Blue Ivy<\/strong>, este <em>film<\/em> se ha convertido en nuestro favorito.<\/p>\n<p>Dirigido por <strong>Dikayl Rimmasch<\/strong> y como director de segunda unidad <strong>Derek Milton<\/strong>, &#8220;<strong>Date Night<\/strong>&#8221; es un contenido adicional que acompa\u00f1a a la campa\u00f1a &#8220;<strong>About Love<\/strong>&#8221; de <strong>Tiffany<\/strong>. La campa\u00f1a general explora la dimensi\u00f3n\u00a0del amor, y el \u00faltimo short film nos muestra el lado divertido\u00a0de la historia de amor.<\/p>\n<p>Ambientada en la ciudad de Nueva York, &#8220;<strong>Date Night<\/strong>&#8221; se inspira en una escena ic\u00f3nica de\u00a0<em>&#8220;<strong>Breakfast at Tiffany&#8217;s<\/strong>&#8220;<\/em>\u00a0y comienza con <strong>Beyonc\u00e9<\/strong> recorriendo <strong>Manhattan<\/strong> en el asiento trasero de un <strong>Rolls Royce<\/strong>. Con\u00a0<em><strong>&#8220;Put Your Head on My Shoulder<\/strong>&#8220;<\/em>\u00a0de <strong>Paul Anka<\/strong> y &#8220;<em><strong>Three O&#8217; Clock In The\u00a0Morning<\/strong>&#8220;<\/em>\u00a0de <strong>Bert Kaempfert<\/strong> como bandas sonoras del viaje en coche, <strong>Beyonc\u00e9<\/strong> juega a &#8220;me quiere, no me quiere&#8221; con una margarita amarilla mientras est\u00e1 sentada junto a <strong>JAY-Z<\/strong>. La pareja contempla el horizonte de la ciudad, mientras comparten una pizza y una copa de champ\u00e1n <strong>Armand de Brignac<\/strong>.<\/p>\n<p>Durante sus salidas nocturnas, los Carter lucen\u00a0incre\u00edbles piezas de <strong>Jean Schlumberger<\/strong>. En especial, <strong>JAY-Z<\/strong> lleva el legendario broche\u00a0<strong><em>Bird on a Rock<\/em><\/strong>. La pieza, uno de los dise\u00f1os m\u00e1s ic\u00f3nicos del siglo XXI, presenta un p\u00e1jaro de platino y oro de 18 quilates posado sobre una gema de morganita de m\u00e1s de 44 quilates. <strong>Beyonc\u00e9<\/strong> tambi\u00e9n luce dise\u00f1os de <strong>Schlumberger<\/strong>, como un anillo de diamantes Ailsa de m\u00e1s de 10 quilates y un par de pendientes<em><strong>\u00a0Ribbon Fan<\/strong>\u00a0<\/em>con diamantes de m\u00e1s de 6 quilates en total.<\/p>\n<div class=\"content-gallery\"><div class=\"gallery-placeholder\"><div class=\"spinner\"><\/div><\/div><span class=\"gallery-pagination\"><\/span><div id=\"gallery-1\" class=\"gallery galleryid-102496 gallery-columns- gallery-size-\"><figure class=\"gallery-item\"><div class=\"gallery-icon landscape\"><img loading=\"lazy\" decoding=\"async\" width=\"4452\" height=\"5311\" src=\"https:\/\/graziamagazine.com\/mx\/wp-content\/uploads\/sites\/13\/2021\/10\/6-7.jpg\" class=\"lazy\" alt=\"\" \/><\/div><\/figure><figure class=\"gallery-item\"><div class=\"gallery-icon landscape\"><img loading=\"lazy\" decoding=\"async\" width=\"3884\" height=\"4472\" src=\"https:\/\/graziamagazine.com\/mx\/wp-content\/uploads\/sites\/13\/2021\/10\/2-14.jpg\" class=\"lazy\" alt=\"\" \/><\/div><\/figure><figure class=\"gallery-item\"><div class=\"gallery-icon landscape\"><img loading=\"lazy\" decoding=\"async\" width=\"4026\" height=\"4755\" src=\"https:\/\/graziamagazine.com\/mx\/wp-content\/uploads\/sites\/13\/2021\/10\/3-14.jpg\" class=\"lazy\" alt=\"\" \/><\/div><\/figure><figure class=\"gallery-item\"><div class=\"gallery-icon landscape\"><img loading=\"lazy\" decoding=\"async\" width=\"4500\" height=\"4500\" src=\"https:\/\/graziamagazine.com\/mx\/wp-content\/uploads\/sites\/13\/2021\/10\/4-12.jpg\" class=\"lazy\" alt=\"\" \/><\/div><\/figure><figure class=\"gallery-item\"><div class=\"gallery-icon landscape\"><img loading=\"lazy\" decoding=\"async\" width=\"4175\" height=\"4868\" src=\"https:\/\/graziamagazine.com\/mx\/wp-content\/uploads\/sites\/13\/2021\/10\/5-8.jpg\" class=\"lazy\" alt=\"\" \/><\/div><\/figure><\/div><\/div>\n<p>&#8220;<strong>Date Night<\/strong>&#8221; es el resultado de otra colaboraci\u00f3n y visi\u00f3n compartida entre los <strong>Carter<\/strong> y <strong>Tiffany &amp; Co.<\/strong> Mientras que la pel\u00edcula de estreno de la campa\u00f1a &#8220;<strong>About Love<\/strong>&#8221; era\u00a0una historia de anhelo y reencuentro, &#8220;<strong>Date Night<\/strong>&#8221; es una historia que demuestra la belleza y la alegr\u00eda del romance cotidiano.<\/p>\n<p>La campa\u00f1a seguir\u00e1 desarroll\u00e1ndose\u00a0con pel\u00edculas adicionales creadas por el aclamado director <strong>Dikayl Rimmasch<\/strong> y el director de segunda unidad <strong>Derek Milton<\/strong>. El equipo de &#8220;<strong>About Love<\/strong>&#8221; incluye a las estilistas de vestuario <strong>June Ambrose<\/strong> y <strong>Marni<\/strong> <strong>Senofonte<\/strong>, las estilistas <strong>Jawara Wauchope<\/strong> y <strong>Nakia Rachon<\/strong> y el maquillador <strong>Sir John Barnett<\/strong>.<\/p>\n<p>Por otro lado y como parte de la colaboraci\u00f3n de la <strong>Casa con los Carter<\/strong>, <strong>Tiffany &amp; Co<\/strong>. se ha asociado con<strong> BeyGOOD<\/strong> y la <strong>Fundaci\u00f3n Shawn Carter<\/strong> para crear el programa de becas<strong> Tiffany &amp; Co. About Love Scholarship Program<\/strong>. A principios de este a\u00f1o, <strong>Tiffany &amp; Co.<\/strong> se comprometi\u00f3 a destinar 2 millones de d\u00f3lares a la financiaci\u00f3n de becas para estudiantes de arte y creatividad de las universidades hist\u00f3ricamente negras (HBCU). A d\u00eda de hoy, la beca <strong>Tiffany &amp; Co. About Love Scholarship<\/strong> se ha concedido a m\u00e1s de 50 estudiantes que re\u00fanen los requisitos en la Lincoln University de Pensilvania, la Norfolk State University de Virginia, el Bennett College de Carolina del Norte, la University of Arkansas at Pine Bluff y la Central State University de Ohio.<\/p>\n<p><iframe loading=\"lazy\" title=\"Tiffany &amp; Co. \u2014 \u201cDate Night\u201d (He Loves Me, He Loves Me Not)\" width=\"500\" height=\"281\" src=\"https:\/\/www.youtube.com\/embed\/wofc5HuInCA?feature=oembed\" frameborder=\"0\" allow=\"accelerometer; autoplay; clipboard-write; encrypted-media; gyroscope; picture-in-picture\" allowfullscreen><\/iframe><\/p>\n<p>Sin duda alguna Tiffany &amp; Co. nos ha demostrado una vez que la fusi\u00f3n entre el dise\u00f1o, creatividad, lujo y atenci\u00f3n al detalle resultan en piezas fascinantes e innovadoras.<\/p>\n<h5>IM\u00c1GENES: Cortes\u00eda de Tiffany &amp; Co.<\/h5>\n","protected":false},"author":27779,"featured_media":102502,"template":"","format":"standard","categories":[4],"acf":[],"yoast_head":"<!-- This site is optimized with the Yoast SEO Premium plugin v18.5 (Yoast SEO v20.4) - https:\/\/yoast.com\/wordpress\/plugins\/seo\/ -->\n<title>Date Night, el Short film de Tiffany &amp; Co. protagonizado por Beyonc\u00e9 y Jay-Z | Grazia M\u00e9xico y Latinoam\u00e9rica<\/title>\n<meta name=\"description\" content=\"Tiffany &amp; Co. acaba de lanzar el\u00a0short film\u00a0adicional &quot;Date Night&quot; de su campa\u00f1a &quot;About Love&quot;, protagonizada por la poderosa pareja Beyonc\u00e9 y JAY-Z y\" \/>\n<meta name=\"robots\" content=\"index, follow, max-snippet:-1, max-image-preview:large, max-video-preview:-1\" \/>\n<link rel=\"canonical\" href=\"https:\/\/graziamagazine.com\/mx\/articles\/date-nigth-el-short-film-de-tiffany-co-protagonizado-por-beyonce-y-jay-z\/\" \/>\n<meta property=\"og:locale\" content=\"es_MX\" \/>\n<meta property=\"og:type\" content=\"article\" \/>\n<meta property=\"og:title\" content=\"Date Night, el Short film de Tiffany &amp; Co. protagonizado por Beyonc\u00e9 y Jay-Z\" \/>\n<meta property=\"og:description\" content=\"Tiffany &amp; Co. acaba de lanzar el\u00a0short film\u00a0adicional &quot;Date Night&quot; de su campa\u00f1a &quot;About Love&quot;, protagonizada por la poderosa pareja Beyonc\u00e9 y JAY-Z y\" \/>\n<meta property=\"og:url\" content=\"https:\/\/graziamagazine.com\/mx\/articles\/date-nigth-el-short-film-de-tiffany-co-protagonizado-por-beyonce-y-jay-z\/\" \/>\n<meta property=\"og:site_name\" content=\"Grazia M\u00e9xico y Latinoam\u00e9rica\" \/>\n<meta property=\"article:modified_time\" content=\"2021-10-20T02:57:02+00:00\" \/>\n<meta property=\"og:image\" content=\"https:\/\/graziamagazine.com\/mx\/wp-content\/uploads\/sites\/13\/2021\/10\/1-18.jpg?fit=8256%2C5504\" \/>\n\t<meta property=\"og:image:width\" content=\"8256\" \/>\n\t<meta property=\"og:image:height\" content=\"5504\" \/>\n\t<meta property=\"og:image:type\" content=\"image\/jpeg\" \/>\n<meta name=\"twitter:card\" content=\"summary_large_image\" \/>\n<meta name=\"twitter:label1\" content=\"Est. reading time\" \/>\n\t<meta name=\"twitter:data1\" content=\"3 minutos\" \/>\n<script type=\"application\/ld+json\" class=\"yoast-schema-graph\">{\"@context\":\"https:\/\/schema.org\",\"@graph\":[{\"@type\":\"WebPage\",\"@id\":\"https:\/\/graziamagazine.com\/mx\/articles\/date-nigth-el-short-film-de-tiffany-co-protagonizado-por-beyonce-y-jay-z\/\",\"url\":\"https:\/\/graziamagazine.com\/mx\/articles\/date-nigth-el-short-film-de-tiffany-co-protagonizado-por-beyonce-y-jay-z\/\",\"name\":\"Date Night, el Short film de Tiffany &amp; Co. protagonizado por Beyonc\u00e9 y Jay-Z | Grazia M\u00e9xico y Latinoam\u00e9rica\",\"isPartOf\":{\"@id\":\"https:\/\/graziamagazine.com\/mx\/#website\"},\"datePublished\":\"2021-10-20T02:24:57+00:00\",\"dateModified\":\"2021-10-20T02:57:02+00:00\",\"description\":\"Tiffany &amp; Co. acaba de lanzar el\u00a0short film\u00a0adicional \\\"Date Night\\\" de su campa\u00f1a \\\"About Love\\\", protagonizada por la poderosa pareja Beyonc\u00e9 y JAY-Z y\",\"breadcrumb\":{\"@id\":\"https:\/\/graziamagazine.com\/mx\/articles\/date-nigth-el-short-film-de-tiffany-co-protagonizado-por-beyonce-y-jay-z\/#breadcrumb\"},\"inLanguage\":\"es-MX\",\"potentialAction\":[{\"@type\":\"ReadAction\",\"target\":[\"https:\/\/graziamagazine.com\/mx\/articles\/date-nigth-el-short-film-de-tiffany-co-protagonizado-por-beyonce-y-jay-z\/\"]}]},{\"@type\":\"BreadcrumbList\",\"@id\":\"https:\/\/graziamagazine.com\/mx\/articles\/date-nigth-el-short-film-de-tiffany-co-protagonizado-por-beyonce-y-jay-z\/#breadcrumb\",\"itemListElement\":[{\"@type\":\"ListItem\",\"position\":1,\"name\":\"Home\",\"item\":\"https:\/\/graziamagazine.com\/mx\/\"},{\"@type\":\"ListItem\",\"position\":2,\"name\":\"Date Night, el Short film de Tiffany &amp; Co. protagonizado por Beyonc\u00e9 y Jay-Z\"}]},{\"@type\":\"WebSite\",\"@id\":\"https:\/\/graziamagazine.com\/mx\/#website\",\"url\":\"https:\/\/graziamagazine.com\/mx\/\",\"name\":\"Grazia M\u00e9xico y Latinoam\u00e9rica\",\"description\":\"Grazia es moda, belleza y noticias  de actualidad \",\"potentialAction\":[{\"@type\":\"SearchAction\",\"target\":{\"@type\":\"EntryPoint\",\"urlTemplate\":\"https:\/\/graziamagazine.com\/mx\/?s={search_term_string}\"},\"query-input\":\"required name=search_term_string\"}],\"inLanguage\":\"es-MX\"}]}<\/script>\n<!-- \/ Yoast SEO Premium plugin. -->","yoast_head_json":{"title":"Date Night, el Short film de Tiffany &amp; Co. protagonizado por Beyonc\u00e9 y Jay-Z | Grazia M\u00e9xico y Latinoam\u00e9rica","description":"Tiffany &amp; Co. acaba de lanzar el\u00a0short film\u00a0adicional \"Date Night\" de su campa\u00f1a \"About Love\", protagonizada por la poderosa pareja Beyonc\u00e9 y JAY-Z y","robots":{"index":"index","follow":"follow","max-snippet":"max-snippet:-1","max-image-preview":"max-image-preview:large","max-video-preview":"max-video-preview:-1"},"canonical":"https:\/\/graziamagazine.com\/mx\/articles\/date-nigth-el-short-film-de-tiffany-co-protagonizado-por-beyonce-y-jay-z\/","og_locale":"es_MX","og_type":"article","og_title":"Date Night, el Short film de Tiffany &amp; Co. protagonizado por Beyonc\u00e9 y Jay-Z","og_description":"Tiffany &amp; Co. acaba de lanzar el\u00a0short film\u00a0adicional \"Date Night\" de su campa\u00f1a \"About Love\", protagonizada por la poderosa pareja Beyonc\u00e9 y JAY-Z y","og_url":"https:\/\/graziamagazine.com\/mx\/articles\/date-nigth-el-short-film-de-tiffany-co-protagonizado-por-beyonce-y-jay-z\/","og_site_name":"Grazia M\u00e9xico y Latinoam\u00e9rica","article_modified_time":"2021-10-20T02:57:02+00:00","og_image":[{"width":8256,"height":5504,"url":"https:\/\/graziamagazine.com\/mx\/wp-content\/uploads\/sites\/13\/2021\/10\/1-18.jpg?fit=8256%2C5504","type":"image\/jpeg"}],"twitter_card":"summary_large_image","twitter_misc":{"Est. reading time":"3 minutos"},"schema":{"@context":"https:\/\/schema.org","@graph":[{"@type":"WebPage","@id":"https:\/\/graziamagazine.com\/mx\/articles\/date-nigth-el-short-film-de-tiffany-co-protagonizado-por-beyonce-y-jay-z\/","url":"https:\/\/graziamagazine.com\/mx\/articles\/date-nigth-el-short-film-de-tiffany-co-protagonizado-por-beyonce-y-jay-z\/","name":"Date Night, el Short film de Tiffany &amp; Co. protagonizado por Beyonc\u00e9 y Jay-Z | Grazia M\u00e9xico y Latinoam\u00e9rica","isPartOf":{"@id":"https:\/\/graziamagazine.com\/mx\/#website"},"datePublished":"2021-10-20T02:24:57+00:00","dateModified":"2021-10-20T02:57:02+00:00","description":"Tiffany &amp; Co. acaba de lanzar el\u00a0short film\u00a0adicional \"Date Night\" de su campa\u00f1a \"About Love\", protagonizada por la poderosa pareja Beyonc\u00e9 y JAY-Z y","breadcrumb":{"@id":"https:\/\/graziamagazine.com\/mx\/articles\/date-nigth-el-short-film-de-tiffany-co-protagonizado-por-beyonce-y-jay-z\/#breadcrumb"},"inLanguage":"es-MX","potentialAction":[{"@type":"ReadAction","target":["https:\/\/graziamagazine.com\/mx\/articles\/date-nigth-el-short-film-de-tiffany-co-protagonizado-por-beyonce-y-jay-z\/"]}]},{"@type":"BreadcrumbList","@id":"https:\/\/graziamagazine.com\/mx\/articles\/date-nigth-el-short-film-de-tiffany-co-protagonizado-por-beyonce-y-jay-z\/#breadcrumb","itemListElement":[{"@type":"ListItem","position":1,"name":"Home","item":"https:\/\/graziamagazine.com\/mx\/"},{"@type":"ListItem","position":2,"name":"Date Night, el Short film de Tiffany &amp; Co. protagonizado por Beyonc\u00e9 y Jay-Z"}]},{"@type":"WebSite","@id":"https:\/\/graziamagazine.com\/mx\/#website","url":"https:\/\/graziamagazine.com\/mx\/","name":"Grazia M\u00e9xico y Latinoam\u00e9rica","description":"Grazia es moda, belleza y noticias  de actualidad ","potentialAction":[{"@type":"SearchAction","target":{"@type":"EntryPoint","urlTemplate":"https:\/\/graziamagazine.com\/mx\/?s={search_term_string}"},"query-input":"required name=search_term_string"}],"inLanguage":"es-MX"}]}},"jetpack_sharing_enabled":true,"distributor_meta":false,"distributor_terms":false,"distributor_media":false,"distributor_original_site_name":"Grazia M\u00e9xico y Latinoam\u00e9rica","distributor_original_site_url":"https:\/\/graziamagazine.com\/mx","push-errors":false,"_links":{"self":[{"href":"https:\/\/graziamagazine.com\/mx\/wp-json\/wp\/v2\/articles\/102496"}],"collection":[{"href":"https:\/\/graziamagazine.com\/mx\/wp-json\/wp\/v2\/articles"}],"about":[{"href":"https:\/\/graziamagazine.com\/mx\/wp-json\/wp\/v2\/types\/articles"}],"author":[{"embeddable":true,"href":"https:\/\/graziamagazine.com\/mx\/wp-json\/wp\/v2\/users\/27779"}],"wp:featuredmedia":[{"embeddable":true,"href":"https:\/\/graziamagazine.com\/mx\/wp-json\/wp\/v2\/media\/102502"}],"wp:attachment":[{"href":"https:\/\/graziamagazine.com\/mx\/wp-json\/wp\/v2\/media?parent=102496"}],"wp:term":[{"taxonomy":"category","embeddable":true,"href":"https:\/\/graziamagazine.com\/mx\/wp-json\/wp\/v2\/categories?post=102496"}],"curies":[{"name":"wp","href":"https:\/\/api.w.org\/{rel}","templated":true}]}}