{"id":102163,"date":"2021-10-08T09:40:10","date_gmt":"2021-10-08T14:40:10","guid":{"rendered":"https:\/\/graziamagazine.com\/mx\/?post_type=articles&#038;p=102163"},"modified":"2021-10-08T13:07:15","modified_gmt":"2021-10-08T18:07:15","slug":"billie-eilish-se-une-al-elenco-del-live-action-de-the-nightmare-before-christmas","status":"publish","type":"articles","link":"https:\/\/graziamagazine.com\/mx\/articles\/billie-eilish-se-une-al-elenco-del-live-action-de-the-nightmare-before-christmas\/","title":{"rendered":"Billie Eilish se une al elenco del live-action de The Nightmare Before Christmas"},"content":{"rendered":"<p><span style=\"font-weight: 400\">\u00a1<strong>Billie Eilish<\/strong> se convertir\u00e1 en uno de nuestros personajes favoritos! La exitosa cantante\u00a0 interpretar\u00e1 a Sally como parte del elenco de la versi\u00f3n<em> live-action<\/em> de <em><strong>The Nightmare Before Christmas<\/strong><\/em>, a cargo de <strong>Tim Burton.<\/strong><\/span><\/p>\n<p><span style=\"font-weight: 400\">De esta manera, Eilish se une al m\u00fasico y productor <strong>Danny Elfman<\/strong>, quien repetir\u00e1 su papel de Jack Skellington; el ganador del Grammy,<strong> Weird Al Yankovic<\/strong>, como Lock; y <strong>Ken Page<\/strong>, que tambi\u00e9n regresa a su papel de Oogie Boogie de la pel\u00edcula original de 1993.<\/span><\/p>\n<blockquote class=\"twitter-tweet\" data-width=\"500\" data-dnt=\"true\">\n<p lang=\"en\" dir=\"ltr\">billie &amp; tim \ud83d\udc9a\ud83d\udda4 <a href=\"https:\/\/t.co\/tLJnkjhdq0\" target=\"_blank\">pic.twitter.com\/tLJnkjhdq0<\/a><\/p>\n<p>&mdash; mandy #freebritney (@queenbpip) <a href=\"https:\/\/twitter.com\/queenbpip\/status\/1222209177474433025?ref_src=twsrc%5Etfw\" target=\"_blank\">January 28, 2020<\/a><\/p><\/blockquote>\n<p><script async src=\"https:\/\/platform.twitter.com\/widgets.js\" charset=\"utf-8\"><\/script><\/p>\n<p><span style=\"font-weight: 400\">La din\u00e1mica se llevar\u00e1 a trav\u00e9s de <strong>conciertos en vivo en Disney,<\/strong> donde los protagonistas estar\u00e1n acompa\u00f1ados por una orquesta completa dirigida por el director John Mauceri, cuyo resultado ser\u00e1 utilizado en la cinta.\u00a0<\/span><\/p>\n<blockquote><p><span style=\"font-weight: 400\">&#8220;\u00a1Estoy absolutamente emocionado de que Billie se una al equipo de Nightmare! \u00a1Esto ser\u00e1 un verdadero placer (no un truco)!&#8221;, dijo Elfman en un comunicado.<\/span><\/p><\/blockquote>\n<p><span style=\"font-weight: 400\">El espect\u00e1culo tendr\u00e1 una duraci\u00f3n de dos noches en el estadio <em>Banc of California<\/em> de Los \u00c1ngeles, los d\u00edas <strong>29 y 31 de octubre<\/strong>, como parte de las actividades de la pel\u00edcula <em>live-action<\/em>, cuya fecha de estreno a\u00fan no se ha anunciado.<\/span><\/p>\n<p><span style=\"font-weight: 400\">Otro triunfo profesional para la cantante que ya estren\u00f3 en Disney+ la pel\u00edcula <em><strong>Happier Than Ever<\/strong><\/em>, sobre su disco hom\u00f3nimo, que fue nombrada la co presidente m\u00e1s joven de la<strong> Met Gala<\/strong> en la historia del evento, y que adem\u00e1s ser\u00e1 la cantante m\u00e1s joven en presentarse en el escenario principal del <strong>Glastonbury Festival.\u00a0<\/strong><\/span><\/p>\n<p>*IMAGEN:<\/p>\n","protected":false},"author":11628,"featured_media":102176,"template":"","format":"standard","categories":[114],"acf":[],"yoast_head":"<!-- This site is optimized with the Yoast SEO Premium plugin v18.5 (Yoast SEO v20.4) - https:\/\/yoast.com\/wordpress\/plugins\/seo\/ -->\n<title>Billie Eilish se une al elenco del live-action de The Nightmare Before Christmas | Grazia M\u00e9xico y Latinoam\u00e9rica<\/title>\n<meta name=\"description\" content=\"No esper\u00e1bamos menos de esta producci\u00f3n.\" \/>\n<meta name=\"robots\" content=\"index, follow, max-snippet:-1, max-image-preview:large, max-video-preview:-1\" \/>\n<link rel=\"canonical\" href=\"https:\/\/graziamagazine.com\/mx\/articles\/billie-eilish-se-une-al-elenco-del-live-action-de-the-nightmare-before-christmas\/\" \/>\n<meta property=\"og:locale\" content=\"es_MX\" \/>\n<meta property=\"og:type\" content=\"article\" \/>\n<meta property=\"og:title\" content=\"Billie Eilish se une al elenco del live-action de The Nightmare Before Christmas\" \/>\n<meta property=\"og:description\" content=\"No esper\u00e1bamos menos de esta producci\u00f3n.\" \/>\n<meta property=\"og:url\" content=\"https:\/\/graziamagazine.com\/mx\/articles\/billie-eilish-se-une-al-elenco-del-live-action-de-the-nightmare-before-christmas\/\" \/>\n<meta property=\"og:site_name\" content=\"Grazia M\u00e9xico y Latinoam\u00e9rica\" \/>\n<meta property=\"article:modified_time\" content=\"2021-10-08T18:07:15+00:00\" \/>\n<meta property=\"og:image\" content=\"https:\/\/graziamagazine.com\/mx\/wp-content\/uploads\/sites\/13\/2021\/10\/cdn.uc_.assets.prezly.jpg?fit=2216%2C2216\" \/>\n\t<meta property=\"og:image:width\" content=\"2216\" \/>\n\t<meta property=\"og:image:height\" content=\"2216\" \/>\n\t<meta property=\"og:image:type\" content=\"image\/jpeg\" \/>\n<meta name=\"twitter:card\" content=\"summary_large_image\" \/>\n<meta name=\"twitter:label1\" content=\"Est. reading time\" \/>\n\t<meta name=\"twitter:data1\" content=\"1 minuto\" \/>\n<script type=\"application\/ld+json\" class=\"yoast-schema-graph\">{\"@context\":\"https:\/\/schema.org\",\"@graph\":[{\"@type\":\"WebPage\",\"@id\":\"https:\/\/graziamagazine.com\/mx\/articles\/billie-eilish-se-une-al-elenco-del-live-action-de-the-nightmare-before-christmas\/\",\"url\":\"https:\/\/graziamagazine.com\/mx\/articles\/billie-eilish-se-une-al-elenco-del-live-action-de-the-nightmare-before-christmas\/\",\"name\":\"Billie Eilish se une al elenco del live-action de The Nightmare Before Christmas | Grazia M\u00e9xico y Latinoam\u00e9rica\",\"isPartOf\":{\"@id\":\"https:\/\/graziamagazine.com\/mx\/#website\"},\"datePublished\":\"2021-10-08T14:40:10+00:00\",\"dateModified\":\"2021-10-08T18:07:15+00:00\",\"description\":\"No esper\u00e1bamos menos de esta producci\u00f3n.\",\"breadcrumb\":{\"@id\":\"https:\/\/graziamagazine.com\/mx\/articles\/billie-eilish-se-une-al-elenco-del-live-action-de-the-nightmare-before-christmas\/#breadcrumb\"},\"inLanguage\":\"es-MX\",\"potentialAction\":[{\"@type\":\"ReadAction\",\"target\":[\"https:\/\/graziamagazine.com\/mx\/articles\/billie-eilish-se-une-al-elenco-del-live-action-de-the-nightmare-before-christmas\/\"]}]},{\"@type\":\"BreadcrumbList\",\"@id\":\"https:\/\/graziamagazine.com\/mx\/articles\/billie-eilish-se-une-al-elenco-del-live-action-de-the-nightmare-before-christmas\/#breadcrumb\",\"itemListElement\":[{\"@type\":\"ListItem\",\"position\":1,\"name\":\"Home\",\"item\":\"https:\/\/graziamagazine.com\/mx\/\"},{\"@type\":\"ListItem\",\"position\":2,\"name\":\"Billie Eilish se une al elenco del live-action de The Nightmare Before Christmas\"}]},{\"@type\":\"WebSite\",\"@id\":\"https:\/\/graziamagazine.com\/mx\/#website\",\"url\":\"https:\/\/graziamagazine.com\/mx\/\",\"name\":\"Grazia M\u00e9xico y Latinoam\u00e9rica\",\"description\":\"Grazia es moda, belleza y noticias  de actualidad \",\"potentialAction\":[{\"@type\":\"SearchAction\",\"target\":{\"@type\":\"EntryPoint\",\"urlTemplate\":\"https:\/\/graziamagazine.com\/mx\/?s={search_term_string}\"},\"query-input\":\"required name=search_term_string\"}],\"inLanguage\":\"es-MX\"}]}<\/script>\n<!-- \/ Yoast SEO Premium plugin. -->","yoast_head_json":{"title":"Billie Eilish se une al elenco del live-action de The Nightmare Before Christmas | Grazia M\u00e9xico y Latinoam\u00e9rica","description":"No esper\u00e1bamos menos de esta producci\u00f3n.","robots":{"index":"index","follow":"follow","max-snippet":"max-snippet:-1","max-image-preview":"max-image-preview:large","max-video-preview":"max-video-preview:-1"},"canonical":"https:\/\/graziamagazine.com\/mx\/articles\/billie-eilish-se-une-al-elenco-del-live-action-de-the-nightmare-before-christmas\/","og_locale":"es_MX","og_type":"article","og_title":"Billie Eilish se une al elenco del live-action de The Nightmare Before Christmas","og_description":"No esper\u00e1bamos menos de esta producci\u00f3n.","og_url":"https:\/\/graziamagazine.com\/mx\/articles\/billie-eilish-se-une-al-elenco-del-live-action-de-the-nightmare-before-christmas\/","og_site_name":"Grazia M\u00e9xico y Latinoam\u00e9rica","article_modified_time":"2021-10-08T18:07:15+00:00","og_image":[{"width":2216,"height":2216,"url":"https:\/\/graziamagazine.com\/mx\/wp-content\/uploads\/sites\/13\/2021\/10\/cdn.uc_.assets.prezly.jpg?fit=2216%2C2216","type":"image\/jpeg"}],"twitter_card":"summary_large_image","twitter_misc":{"Est. reading time":"1 minuto"},"schema":{"@context":"https:\/\/schema.org","@graph":[{"@type":"WebPage","@id":"https:\/\/graziamagazine.com\/mx\/articles\/billie-eilish-se-une-al-elenco-del-live-action-de-the-nightmare-before-christmas\/","url":"https:\/\/graziamagazine.com\/mx\/articles\/billie-eilish-se-une-al-elenco-del-live-action-de-the-nightmare-before-christmas\/","name":"Billie Eilish se une al elenco del live-action de The Nightmare Before Christmas | Grazia M\u00e9xico y Latinoam\u00e9rica","isPartOf":{"@id":"https:\/\/graziamagazine.com\/mx\/#website"},"datePublished":"2021-10-08T14:40:10+00:00","dateModified":"2021-10-08T18:07:15+00:00","description":"No esper\u00e1bamos menos de esta producci\u00f3n.","breadcrumb":{"@id":"https:\/\/graziamagazine.com\/mx\/articles\/billie-eilish-se-une-al-elenco-del-live-action-de-the-nightmare-before-christmas\/#breadcrumb"},"inLanguage":"es-MX","potentialAction":[{"@type":"ReadAction","target":["https:\/\/graziamagazine.com\/mx\/articles\/billie-eilish-se-une-al-elenco-del-live-action-de-the-nightmare-before-christmas\/"]}]},{"@type":"BreadcrumbList","@id":"https:\/\/graziamagazine.com\/mx\/articles\/billie-eilish-se-une-al-elenco-del-live-action-de-the-nightmare-before-christmas\/#breadcrumb","itemListElement":[{"@type":"ListItem","position":1,"name":"Home","item":"https:\/\/graziamagazine.com\/mx\/"},{"@type":"ListItem","position":2,"name":"Billie Eilish se une al elenco del live-action de The Nightmare Before Christmas"}]},{"@type":"WebSite","@id":"https:\/\/graziamagazine.com\/mx\/#website","url":"https:\/\/graziamagazine.com\/mx\/","name":"Grazia M\u00e9xico y Latinoam\u00e9rica","description":"Grazia es moda, belleza y noticias  de actualidad ","potentialAction":[{"@type":"SearchAction","target":{"@type":"EntryPoint","urlTemplate":"https:\/\/graziamagazine.com\/mx\/?s={search_term_string}"},"query-input":"required name=search_term_string"}],"inLanguage":"es-MX"}]}},"jetpack_sharing_enabled":true,"distributor_meta":false,"distributor_terms":false,"distributor_media":false,"distributor_original_site_name":"Grazia M\u00e9xico y Latinoam\u00e9rica","distributor_original_site_url":"https:\/\/graziamagazine.com\/mx","push-errors":false,"_links":{"self":[{"href":"https:\/\/graziamagazine.com\/mx\/wp-json\/wp\/v2\/articles\/102163"}],"collection":[{"href":"https:\/\/graziamagazine.com\/mx\/wp-json\/wp\/v2\/articles"}],"about":[{"href":"https:\/\/graziamagazine.com\/mx\/wp-json\/wp\/v2\/types\/articles"}],"author":[{"embeddable":true,"href":"https:\/\/graziamagazine.com\/mx\/wp-json\/wp\/v2\/users\/11628"}],"wp:featuredmedia":[{"embeddable":true,"href":"https:\/\/graziamagazine.com\/mx\/wp-json\/wp\/v2\/media\/102176"}],"wp:attachment":[{"href":"https:\/\/graziamagazine.com\/mx\/wp-json\/wp\/v2\/media?parent=102163"}],"wp:term":[{"taxonomy":"category","embeddable":true,"href":"https:\/\/graziamagazine.com\/mx\/wp-json\/wp\/v2\/categories?post=102163"}],"curies":[{"name":"wp","href":"https:\/\/api.w.org\/{rel}","templated":true}]}}