{"id":101713,"date":"2021-09-29T09:00:08","date_gmt":"2021-09-29T14:00:08","guid":{"rendered":"https:\/\/graziamagazine.com\/mx\/?post_type=articles&#038;p=101713"},"modified":"2021-09-29T11:02:41","modified_gmt":"2021-09-29T16:02:41","slug":"la-sexta-edicion-de-dior-lady-art-es-una-oda-a-la-diversidad-del-mundo","status":"publish","type":"articles","link":"https:\/\/graziamagazine.com\/mx\/articles\/la-sexta-edicion-de-dior-lady-art-es-una-oda-a-la-diversidad-del-mundo\/","title":{"rendered":"La sexta edici\u00f3n de Dior Lady Art es una oda a la diversidad del mundo"},"content":{"rendered":"<p><span style=\"font-weight: 400\">Tras la repetici\u00f3n de su colecci\u00f3n <\/span><b>pre-fall<\/b><span style=\"font-weight: 400\"> en <\/span><b>Shanghai<\/b><span style=\"font-weight: 400\">, <\/span><b>Dior<\/b><span style=\"font-weight: 400\"> vuelve a utilizar esta sede en noviembre con motivo de la sexta edici\u00f3n de <\/span><b>Dior Lady Art <\/b><span style=\"font-weight: 400\">en conmemoraci\u00f3n al arte y herencia de la firma. <\/span><\/p>\n<p><span style=\"font-weight: 400\">Este a\u00f1o, contar\u00e1 con la participaci\u00f3n de doce artistas provenientes de distintos lugares del mundo \u2014<\/span><b>Manal Al Dowayan, Gisela Col\u00f3n, Johan Creten, Genieve Figgis, Gigisue, Antonin Hako, Zhang Huan, Leonhard Hurzlmeier, Yukimasa Ida, Daisuke Ohba, Li Songsong y Lina Iris Viktor<\/b><span style=\"font-weight: 400\">\u2014 que prometen compartir su cultura y esencia patrimonial con la gran tradici\u00f3n de la Casa francesa.<\/span><\/p>\n<p><span style=\"font-weight: 400\">El bolso <\/span><b>Lady Dior <\/b><span style=\"font-weight: 400\">ha forjado su legado atemporal colecci\u00f3n tras colecci\u00f3n, en esta ocasi\u00f3n tendremos la oportunidad de ver c\u00f3mo las y los artistas contempor\u00e1neos plasman su <\/span><b>reinterpretaci\u00f3n para transformar<\/b><span style=\"font-weight: 400\"> este ic\u00f3nico accesorio en una glorificaci\u00f3n al individualismo.<\/span><\/p>\n<div class=\"content-gallery\"><div class=\"gallery-placeholder\"><div class=\"spinner\"><\/div><\/div><span class=\"gallery-pagination\"><\/span><div id=\"gallery-1\" class=\"gallery galleryid-101713 gallery-columns- gallery-size-\"><figure class=\"gallery-item\"><div class=\"gallery-icon landscape\"><img loading=\"lazy\" decoding=\"async\" width=\"2000\" height=\"2000\" src=\"https:\/\/graziamagazine.com\/mx\/wp-content\/uploads\/sites\/13\/2021\/09\/01.png\" class=\"lazy\" alt=\"\" \/><\/div><figcaption class=\"wp-caption-text gallery-caption\" id=\"gallery-1-101715\">MANAL ALDOWAYAN<\/figcaption><\/figure><figure class=\"gallery-item\"><div class=\"gallery-icon landscape\"><img loading=\"lazy\" decoding=\"async\" width=\"2000\" height=\"2000\" src=\"https:\/\/graziamagazine.com\/mx\/wp-content\/uploads\/sites\/13\/2021\/09\/02.png\" class=\"lazy\" alt=\"\" \/><\/div><figcaption class=\"wp-caption-text gallery-caption\" id=\"gallery-1-101716\">GISELA COLON<\/figcaption><\/figure><figure class=\"gallery-item\"><div class=\"gallery-icon landscape\"><img loading=\"lazy\" decoding=\"async\" width=\"2000\" height=\"2000\" src=\"https:\/\/graziamagazine.com\/mx\/wp-content\/uploads\/sites\/13\/2021\/09\/03.png\" class=\"lazy\" alt=\"\" \/><\/div><figcaption class=\"wp-caption-text gallery-caption\" id=\"gallery-1-101717\">JOHAN CRETEN<\/figcaption><\/figure><figure class=\"gallery-item\"><div class=\"gallery-icon landscape\"><img loading=\"lazy\" decoding=\"async\" width=\"2000\" height=\"2000\" src=\"https:\/\/graziamagazine.com\/mx\/wp-content\/uploads\/sites\/13\/2021\/09\/04.png\" class=\"lazy\" alt=\"\" \/><\/div><figcaption class=\"wp-caption-text gallery-caption\" id=\"gallery-1-101718\">GENIEVE FIGGIS<\/figcaption><\/figure><figure class=\"gallery-item\"><div class=\"gallery-icon landscape\"><img loading=\"lazy\" decoding=\"async\" width=\"2000\" height=\"2000\" src=\"https:\/\/graziamagazine.com\/mx\/wp-content\/uploads\/sites\/13\/2021\/09\/05.png\" class=\"lazy\" alt=\"\" \/><\/div><figcaption class=\"wp-caption-text gallery-caption\" id=\"gallery-1-101719\">GIGISUE<\/figcaption><\/figure><figure class=\"gallery-item\"><div class=\"gallery-icon landscape\"><img loading=\"lazy\" decoding=\"async\" width=\"2000\" height=\"2000\" src=\"https:\/\/graziamagazine.com\/mx\/wp-content\/uploads\/sites\/13\/2021\/09\/06.png\" class=\"lazy\" alt=\"\" \/><\/div><figcaption class=\"wp-caption-text gallery-caption\" id=\"gallery-1-101720\">ANTONIN HAKO<\/figcaption><\/figure><figure class=\"gallery-item\"><div class=\"gallery-icon landscape\"><img loading=\"lazy\" decoding=\"async\" width=\"2000\" height=\"2000\" src=\"https:\/\/graziamagazine.com\/mx\/wp-content\/uploads\/sites\/13\/2021\/09\/07.png\" class=\"lazy\" alt=\"\" \/><\/div><figcaption class=\"wp-caption-text gallery-caption\" id=\"gallery-1-101721\">ZHANG HUAN<\/figcaption><\/figure><figure class=\"gallery-item\"><div class=\"gallery-icon landscape\"><img loading=\"lazy\" decoding=\"async\" width=\"2000\" height=\"2000\" src=\"https:\/\/graziamagazine.com\/mx\/wp-content\/uploads\/sites\/13\/2021\/09\/08.png\" class=\"lazy\" alt=\"\" \/><\/div><figcaption class=\"wp-caption-text gallery-caption\" id=\"gallery-1-101722\">LEONHARD HURZLMEIER<\/figcaption><\/figure><figure class=\"gallery-item\"><div class=\"gallery-icon landscape\"><img loading=\"lazy\" decoding=\"async\" width=\"2000\" height=\"2000\" src=\"https:\/\/graziamagazine.com\/mx\/wp-content\/uploads\/sites\/13\/2021\/09\/09.png\" class=\"lazy\" alt=\"\" \/><\/div><figcaption class=\"wp-caption-text gallery-caption\" id=\"gallery-1-101723\">YUKIMASA IDA<\/figcaption><\/figure><figure class=\"gallery-item\"><div class=\"gallery-icon landscape\"><img loading=\"lazy\" decoding=\"async\" width=\"2000\" height=\"2000\" src=\"https:\/\/graziamagazine.com\/mx\/wp-content\/uploads\/sites\/13\/2021\/09\/10.png\" class=\"lazy\" alt=\"\" \/><\/div><figcaption class=\"wp-caption-text gallery-caption\" id=\"gallery-1-101724\">DAISUKE OHBA<\/figcaption><\/figure><figure class=\"gallery-item\"><div class=\"gallery-icon landscape\"><img loading=\"lazy\" decoding=\"async\" width=\"2000\" height=\"2000\" src=\"https:\/\/graziamagazine.com\/mx\/wp-content\/uploads\/sites\/13\/2021\/09\/11.png\" class=\"lazy\" alt=\"\" \/><\/div><figcaption class=\"wp-caption-text gallery-caption\" id=\"gallery-1-101725\">LI SONGSONG<\/figcaption><\/figure><figure class=\"gallery-item\"><div class=\"gallery-icon landscape\"><img loading=\"lazy\" decoding=\"async\" width=\"2000\" height=\"2000\" src=\"https:\/\/graziamagazine.com\/mx\/wp-content\/uploads\/sites\/13\/2021\/09\/12.png\" class=\"lazy\" alt=\"\" \/><\/div><figcaption class=\"wp-caption-text gallery-caption\" id=\"gallery-1-101726\">LINA IRIS VIKTOR<\/figcaption><\/figure><\/div><\/div>\n<p>&nbsp;<\/p>\n<p><span style=\"font-weight: 400\">Como toque final, estas obras de arte est\u00e1n adornadas con <\/span><b>amuletos de la firma <\/b><span style=\"font-weight: 400\">que nos recuerdan a los <\/span><b>talismanes<\/b><span style=\"font-weight: 400\"> de la suerte que el supersticioso <\/span><b>Christian Dior <\/b><span style=\"font-weight: 400\">llevaba siempre consigo. Estas piezas ofrecen ser un <\/span><b>puente<\/b><span style=\"font-weight: 400\"> entre el esp\u00edritu inigualable de <\/span><b>Dior <\/b><span style=\"font-weight: 400\">y la riqueza artesanal y cultural de la humanidad.<\/span><\/p>\n<h6><b>Im\u00e1genes: Cortes\u00eda de Dior<\/b><\/h6>\n","protected":false},"author":28524,"featured_media":101727,"template":"","format":"standard","categories":[4],"acf":[],"yoast_head":"<!-- This site is optimized with the Yoast SEO Premium plugin v18.5 (Yoast SEO v20.4) - https:\/\/yoast.com\/wordpress\/plugins\/seo\/ -->\n<title>La sexta edici\u00f3n de Dior Lady Art es una oda a la diversidad del mundo<\/title>\n<meta name=\"description\" content=\"Las interpretaciones de doce personalidades del universo del arte elevan el dise\u00f1o de la emblem\u00e1tica bolsa a un nivel rico en patrimonio internacional y mucha creatividad.\" \/>\n<meta name=\"robots\" content=\"index, follow, max-snippet:-1, max-image-preview:large, max-video-preview:-1\" \/>\n<link rel=\"canonical\" href=\"https:\/\/graziamagazine.com\/mx\/articles\/la-sexta-edicion-de-dior-lady-art-es-una-oda-a-la-diversidad-del-mundo\/\" \/>\n<meta property=\"og:locale\" content=\"es_MX\" \/>\n<meta property=\"og:type\" content=\"article\" \/>\n<meta property=\"og:title\" content=\"La sexta edici\u00f3n de Dior Lady Art es una oda a la diversidad del mundo\" \/>\n<meta property=\"og:description\" content=\"Las interpretaciones de doce personalidades del universo del arte elevan el dise\u00f1o de la emblem\u00e1tica bolsa a un nivel rico en patrimonio internacional y mucha creatividad.\" \/>\n<meta property=\"og:url\" content=\"https:\/\/graziamagazine.com\/mx\/articles\/la-sexta-edicion-de-dior-lady-art-es-una-oda-a-la-diversidad-del-mundo\/\" \/>\n<meta property=\"og:site_name\" content=\"Grazia M\u00e9xico y Latinoam\u00e9rica\" \/>\n<meta property=\"article:modified_time\" content=\"2021-09-29T16:02:41+00:00\" \/>\n<meta property=\"og:image\" content=\"https:\/\/graziamagazine.com\/mx\/wp-content\/uploads\/sites\/13\/2021\/09\/0.png?resize=1024,1024\" \/>\n\t<meta property=\"og:image:width\" content=\"1024\" \/>\n\t<meta property=\"og:image:height\" content=\"1024\" \/>\n\t<meta property=\"og:image:type\" content=\"image\/png\" \/>\n<meta name=\"twitter:card\" content=\"summary_large_image\" \/>\n<meta name=\"twitter:label1\" content=\"Est. reading time\" \/>\n\t<meta name=\"twitter:data1\" content=\"1 minuto\" \/>\n<script type=\"application\/ld+json\" class=\"yoast-schema-graph\">{\"@context\":\"https:\/\/schema.org\",\"@graph\":[{\"@type\":\"WebPage\",\"@id\":\"https:\/\/graziamagazine.com\/mx\/articles\/la-sexta-edicion-de-dior-lady-art-es-una-oda-a-la-diversidad-del-mundo\/\",\"url\":\"https:\/\/graziamagazine.com\/mx\/articles\/la-sexta-edicion-de-dior-lady-art-es-una-oda-a-la-diversidad-del-mundo\/\",\"name\":\"La sexta edici\u00f3n de Dior Lady Art es una oda a la diversidad del mundo\",\"isPartOf\":{\"@id\":\"https:\/\/graziamagazine.com\/mx\/#website\"},\"datePublished\":\"2021-09-29T14:00:08+00:00\",\"dateModified\":\"2021-09-29T16:02:41+00:00\",\"description\":\"Las interpretaciones de doce personalidades del universo del arte elevan el dise\u00f1o de la emblem\u00e1tica bolsa a un nivel rico en patrimonio internacional y mucha creatividad.\",\"breadcrumb\":{\"@id\":\"https:\/\/graziamagazine.com\/mx\/articles\/la-sexta-edicion-de-dior-lady-art-es-una-oda-a-la-diversidad-del-mundo\/#breadcrumb\"},\"inLanguage\":\"es-MX\",\"potentialAction\":[{\"@type\":\"ReadAction\",\"target\":[\"https:\/\/graziamagazine.com\/mx\/articles\/la-sexta-edicion-de-dior-lady-art-es-una-oda-a-la-diversidad-del-mundo\/\"]}]},{\"@type\":\"BreadcrumbList\",\"@id\":\"https:\/\/graziamagazine.com\/mx\/articles\/la-sexta-edicion-de-dior-lady-art-es-una-oda-a-la-diversidad-del-mundo\/#breadcrumb\",\"itemListElement\":[{\"@type\":\"ListItem\",\"position\":1,\"name\":\"Home\",\"item\":\"https:\/\/graziamagazine.com\/mx\/\"},{\"@type\":\"ListItem\",\"position\":2,\"name\":\"La sexta edici\u00f3n de Dior Lady Art es una oda a la diversidad del mundo\"}]},{\"@type\":\"WebSite\",\"@id\":\"https:\/\/graziamagazine.com\/mx\/#website\",\"url\":\"https:\/\/graziamagazine.com\/mx\/\",\"name\":\"Grazia M\u00e9xico y Latinoam\u00e9rica\",\"description\":\"Grazia es moda, belleza y noticias  de actualidad \",\"potentialAction\":[{\"@type\":\"SearchAction\",\"target\":{\"@type\":\"EntryPoint\",\"urlTemplate\":\"https:\/\/graziamagazine.com\/mx\/?s={search_term_string}\"},\"query-input\":\"required name=search_term_string\"}],\"inLanguage\":\"es-MX\"}]}<\/script>\n<!-- \/ Yoast SEO Premium plugin. -->","yoast_head_json":{"title":"La sexta edici\u00f3n de Dior Lady Art es una oda a la diversidad del mundo","description":"Las interpretaciones de doce personalidades del universo del arte elevan el dise\u00f1o de la emblem\u00e1tica bolsa a un nivel rico en patrimonio internacional y mucha creatividad.","robots":{"index":"index","follow":"follow","max-snippet":"max-snippet:-1","max-image-preview":"max-image-preview:large","max-video-preview":"max-video-preview:-1"},"canonical":"https:\/\/graziamagazine.com\/mx\/articles\/la-sexta-edicion-de-dior-lady-art-es-una-oda-a-la-diversidad-del-mundo\/","og_locale":"es_MX","og_type":"article","og_title":"La sexta edici\u00f3n de Dior Lady Art es una oda a la diversidad del mundo","og_description":"Las interpretaciones de doce personalidades del universo del arte elevan el dise\u00f1o de la emblem\u00e1tica bolsa a un nivel rico en patrimonio internacional y mucha creatividad.","og_url":"https:\/\/graziamagazine.com\/mx\/articles\/la-sexta-edicion-de-dior-lady-art-es-una-oda-a-la-diversidad-del-mundo\/","og_site_name":"Grazia M\u00e9xico y Latinoam\u00e9rica","article_modified_time":"2021-09-29T16:02:41+00:00","og_image":[{"width":1024,"height":1024,"url":"https:\/\/graziamagazine.com\/mx\/wp-content\/uploads\/sites\/13\/2021\/09\/0.png?resize=1024,1024","type":"image\/png"}],"twitter_card":"summary_large_image","twitter_misc":{"Est. reading time":"1 minuto"},"schema":{"@context":"https:\/\/schema.org","@graph":[{"@type":"WebPage","@id":"https:\/\/graziamagazine.com\/mx\/articles\/la-sexta-edicion-de-dior-lady-art-es-una-oda-a-la-diversidad-del-mundo\/","url":"https:\/\/graziamagazine.com\/mx\/articles\/la-sexta-edicion-de-dior-lady-art-es-una-oda-a-la-diversidad-del-mundo\/","name":"La sexta edici\u00f3n de Dior Lady Art es una oda a la diversidad del mundo","isPartOf":{"@id":"https:\/\/graziamagazine.com\/mx\/#website"},"datePublished":"2021-09-29T14:00:08+00:00","dateModified":"2021-09-29T16:02:41+00:00","description":"Las interpretaciones de doce personalidades del universo del arte elevan el dise\u00f1o de la emblem\u00e1tica bolsa a un nivel rico en patrimonio internacional y mucha creatividad.","breadcrumb":{"@id":"https:\/\/graziamagazine.com\/mx\/articles\/la-sexta-edicion-de-dior-lady-art-es-una-oda-a-la-diversidad-del-mundo\/#breadcrumb"},"inLanguage":"es-MX","potentialAction":[{"@type":"ReadAction","target":["https:\/\/graziamagazine.com\/mx\/articles\/la-sexta-edicion-de-dior-lady-art-es-una-oda-a-la-diversidad-del-mundo\/"]}]},{"@type":"BreadcrumbList","@id":"https:\/\/graziamagazine.com\/mx\/articles\/la-sexta-edicion-de-dior-lady-art-es-una-oda-a-la-diversidad-del-mundo\/#breadcrumb","itemListElement":[{"@type":"ListItem","position":1,"name":"Home","item":"https:\/\/graziamagazine.com\/mx\/"},{"@type":"ListItem","position":2,"name":"La sexta edici\u00f3n de Dior Lady Art es una oda a la diversidad del mundo"}]},{"@type":"WebSite","@id":"https:\/\/graziamagazine.com\/mx\/#website","url":"https:\/\/graziamagazine.com\/mx\/","name":"Grazia M\u00e9xico y Latinoam\u00e9rica","description":"Grazia es moda, belleza y noticias  de actualidad ","potentialAction":[{"@type":"SearchAction","target":{"@type":"EntryPoint","urlTemplate":"https:\/\/graziamagazine.com\/mx\/?s={search_term_string}"},"query-input":"required name=search_term_string"}],"inLanguage":"es-MX"}]}},"jetpack_sharing_enabled":true,"distributor_meta":false,"distributor_terms":false,"distributor_media":false,"distributor_original_site_name":"Grazia M\u00e9xico y Latinoam\u00e9rica","distributor_original_site_url":"https:\/\/graziamagazine.com\/mx","push-errors":false,"_links":{"self":[{"href":"https:\/\/graziamagazine.com\/mx\/wp-json\/wp\/v2\/articles\/101713"}],"collection":[{"href":"https:\/\/graziamagazine.com\/mx\/wp-json\/wp\/v2\/articles"}],"about":[{"href":"https:\/\/graziamagazine.com\/mx\/wp-json\/wp\/v2\/types\/articles"}],"author":[{"embeddable":true,"href":"https:\/\/graziamagazine.com\/mx\/wp-json\/wp\/v2\/users\/28524"}],"wp:featuredmedia":[{"embeddable":true,"href":"https:\/\/graziamagazine.com\/mx\/wp-json\/wp\/v2\/media\/101727"}],"wp:attachment":[{"href":"https:\/\/graziamagazine.com\/mx\/wp-json\/wp\/v2\/media?parent=101713"}],"wp:term":[{"taxonomy":"category","embeddable":true,"href":"https:\/\/graziamagazine.com\/mx\/wp-json\/wp\/v2\/categories?post=101713"}],"curies":[{"name":"wp","href":"https:\/\/api.w.org\/{rel}","templated":true}]}}