{"id":101655,"date":"2021-09-28T13:29:21","date_gmt":"2021-09-28T18:29:21","guid":{"rendered":"https:\/\/graziamagazine.com\/mx\/?post_type=articles&#038;p=101655"},"modified":"2021-09-28T14:14:39","modified_gmt":"2021-09-28T19:14:39","slug":"la-elegancia-se-apodera-del-desfile-de-saint-laurent-en-la-fashion-week-de-paris-2021","status":"publish","type":"articles","link":"https:\/\/graziamagazine.com\/mx\/articles\/la-elegancia-se-apodera-del-desfile-de-saint-laurent-en-la-fashion-week-de-paris-2021\/","title":{"rendered":"La elegancia se apodera del desfile de Saint Laurent en la Semana de la Moda de Par\u00eds 2021"},"content":{"rendered":"<p><b>Saint Laurent<\/b><span style=\"font-weight: 400\"> es una marca sin\u00f3nimo de elegancia y sensualidad, por lo que su aparici\u00f3n en <\/span><b>Paris Fashion Week 2021<\/b><span style=\"font-weight: 400\"> no ha sido una decepci\u00f3n. <\/span><\/p>\n<p><span style=\"font-weight: 400\">El director creativo, <\/span><b>Anthony Vaccarello<\/b><span style=\"font-weight: 400\">, estren\u00f3 la colecci\u00f3n <\/span><b>Saint Laurent<\/b><span style=\"font-weight: 400\"> con sede en la ic\u00f3nica <\/span><b>Fontaine du Jardin du Trocad\u00e9ro<\/b><span style=\"font-weight: 400\"> de Par\u00eds, este desfile es el primero en persona para la C\u00e1mara en casi dos a\u00f1os, tras el inesperado anuncio de que la firma se retirar\u00e1 de la <\/span><b>Semana del Circuito de Moda<\/b><span style=\"font-weight: 400\"> por completo.<\/span><\/p>\n<p><span style=\"font-weight: 400\">La direcci\u00f3n que <\/span><b>Vaccarello<\/b><span style=\"font-weight: 400\"> ha tomado tras el reciente anuncio de que <\/span><b>Kering Group<\/b><span style=\"font-weight: 400\"> ser\u00e1 <\/span><b>100% libre de pieles<\/b><span style=\"font-weight: 400\"> a partir de 2022 nos tiene amando cada elecci\u00f3n de siluetas, colores y texturas. Con un <\/span><i><span style=\"font-weight: 400\">throwback <\/span><\/i><span style=\"font-weight: 400\">a los 80 y un gui\u00f1o a la modernidad, el desfile de la colecci\u00f3n <\/span><b>Spring 2022 Ready-To-Wear <\/b><span style=\"font-weight: 400\">de YSL logra balancear coloridos <\/span><i><span style=\"font-weight: 400\">jumpsuits <\/span><\/i><span style=\"font-weight: 400\">ajustados y hombreras estructuradas con sastrer\u00eda y conjuntos modernos de colores neutros que resumen perfectamente la indumentaria actual.<\/span><\/p>\n<div class=\"content-gallery\"><div class=\"gallery-placeholder\"><div class=\"spinner\"><\/div><\/div><span class=\"gallery-pagination\"><\/span><div id=\"gallery-1\" class=\"gallery galleryid-101655 gallery-columns- gallery-size-\"><figure class=\"gallery-item\"><div class=\"gallery-icon landscape\"><img loading=\"lazy\" decoding=\"async\" width=\"681\" height=\"1024\" src=\"https:\/\/graziamagazine.com\/mx\/wp-content\/uploads\/sites\/13\/2021\/09\/01-4.jpeg\" class=\"lazy\" alt=\"\" \/><\/div><\/figure><figure class=\"gallery-item\"><div class=\"gallery-icon landscape\"><img loading=\"lazy\" decoding=\"async\" width=\"681\" height=\"1024\" src=\"https:\/\/graziamagazine.com\/mx\/wp-content\/uploads\/sites\/13\/2021\/09\/02-4.jpeg\" class=\"lazy\" alt=\"\" \/><\/div><\/figure><figure class=\"gallery-item\"><div class=\"gallery-icon landscape\"><img loading=\"lazy\" decoding=\"async\" width=\"681\" height=\"1024\" src=\"https:\/\/graziamagazine.com\/mx\/wp-content\/uploads\/sites\/13\/2021\/09\/03-3.jpeg\" class=\"lazy\" alt=\"\" \/><\/div><\/figure><figure class=\"gallery-item\"><div class=\"gallery-icon landscape\"><img loading=\"lazy\" decoding=\"async\" width=\"681\" height=\"1024\" src=\"https:\/\/graziamagazine.com\/mx\/wp-content\/uploads\/sites\/13\/2021\/09\/04-2.jpeg\" class=\"lazy\" alt=\"\" \/><\/div><\/figure><figure class=\"gallery-item\"><div class=\"gallery-icon landscape\"><img loading=\"lazy\" decoding=\"async\" width=\"681\" height=\"1024\" src=\"https:\/\/graziamagazine.com\/mx\/wp-content\/uploads\/sites\/13\/2021\/09\/05-2.jpeg\" class=\"lazy\" alt=\"\" \/><\/div><\/figure><figure class=\"gallery-item\"><div class=\"gallery-icon landscape\"><img loading=\"lazy\" decoding=\"async\" width=\"681\" height=\"1024\" src=\"https:\/\/graziamagazine.com\/mx\/wp-content\/uploads\/sites\/13\/2021\/09\/06-3.jpeg\" class=\"lazy\" alt=\"\" \/><\/div><\/figure><figure class=\"gallery-item\"><div class=\"gallery-icon landscape\"><img loading=\"lazy\" decoding=\"async\" width=\"681\" height=\"1024\" src=\"https:\/\/graziamagazine.com\/mx\/wp-content\/uploads\/sites\/13\/2021\/09\/07-2.jpeg\" class=\"lazy\" alt=\"\" \/><\/div><\/figure><figure class=\"gallery-item\"><div class=\"gallery-icon landscape\"><img loading=\"lazy\" decoding=\"async\" width=\"681\" height=\"1024\" src=\"https:\/\/graziamagazine.com\/mx\/wp-content\/uploads\/sites\/13\/2021\/09\/08-2.jpeg\" class=\"lazy\" alt=\"\" \/><\/div><\/figure><figure class=\"gallery-item\"><div class=\"gallery-icon landscape\"><img loading=\"lazy\" decoding=\"async\" width=\"681\" height=\"1024\" src=\"https:\/\/graziamagazine.com\/mx\/wp-content\/uploads\/sites\/13\/2021\/09\/09-2.jpeg\" class=\"lazy\" alt=\"\" \/><\/div><\/figure><figure class=\"gallery-item\"><div class=\"gallery-icon landscape\"><img loading=\"lazy\" decoding=\"async\" width=\"681\" height=\"1024\" src=\"https:\/\/graziamagazine.com\/mx\/wp-content\/uploads\/sites\/13\/2021\/09\/10-1.jpeg\" class=\"lazy\" alt=\"\" \/><\/div><\/figure><figure class=\"gallery-item\"><div class=\"gallery-icon landscape\"><img loading=\"lazy\" decoding=\"async\" width=\"681\" height=\"1024\" src=\"https:\/\/graziamagazine.com\/mx\/wp-content\/uploads\/sites\/13\/2021\/09\/11.jpeg\" class=\"lazy\" alt=\"\" \/><\/div><\/figure><figure class=\"gallery-item\"><div class=\"gallery-icon landscape\"><img loading=\"lazy\" decoding=\"async\" width=\"681\" height=\"1024\" src=\"https:\/\/graziamagazine.com\/mx\/wp-content\/uploads\/sites\/13\/2021\/09\/12.jpeg\" class=\"lazy\" alt=\"\" \/><\/div><\/figure><\/div><\/div>\n<p data-testid=\"paragraph-10\">Si te perdiste del\u00a0<em>show\u00a0<\/em>en vivo, <span style=\"font-weight: 400\">descubre por qu\u00e9 la marca se ha posicionado como una de las favoritas en la Semana de la Moda:<\/span><\/p>\n<p><iframe loading=\"lazy\" title=\"Saint Laurent - Women&#039;s Summer 22 Show\" width=\"500\" height=\"281\" src=\"https:\/\/www.youtube.com\/embed\/UfQaAhD6Vzg?feature=oembed\" frameborder=\"0\" allow=\"accelerometer; autoplay; clipboard-write; encrypted-media; gyroscope; picture-in-picture\" allowfullscreen><\/iframe><\/p>\n<h6 class=\"Text__text___3eVx1j Text__dark-grey___AS2I_p Text__regular___Bh17t- Text__large___1i0u1F Body__base___25kqPt Body__large_body___3g04wK ArticleBody__element___3UrnEs\" data-testid=\"paragraph-10\">IM\u00c1GENES: Cortes\u00eda de Getty Images<\/h6>\n","protected":false},"author":28524,"featured_media":101666,"template":"","format":"standard","categories":[4],"acf":[],"yoast_head":"<!-- This site is optimized with the Yoast SEO Premium plugin v18.5 (Yoast SEO v20.4) - https:\/\/yoast.com\/wordpress\/plugins\/seo\/ -->\n<title>La elegancia se apodera del desfile de Saint Laurent en en la Semana de la Moda de Par\u00eds 2021<\/title>\n<meta name=\"description\" content=\"Anthony Vaccarello nos regala el equilibrio perfecto entre cortes atrevidos, escotes pronunciados y sastrer\u00eda contempor\u00e1nea al completo estilo de YSL.\" \/>\n<meta name=\"robots\" content=\"index, follow, max-snippet:-1, max-image-preview:large, max-video-preview:-1\" \/>\n<link rel=\"canonical\" href=\"https:\/\/graziamagazine.com\/mx\/articles\/la-elegancia-se-apodera-del-desfile-de-saint-laurent-en-la-fashion-week-de-paris-2021\/\" \/>\n<meta property=\"og:locale\" content=\"es_MX\" \/>\n<meta property=\"og:type\" content=\"article\" \/>\n<meta property=\"og:title\" content=\"La elegancia se apodera del desfile de Saint Laurent en la Semana de la Moda de Par\u00eds 2021\" \/>\n<meta property=\"og:description\" content=\"Anthony Vaccarello nos regala el equilibrio perfecto entre cortes atrevidos, escotes pronunciados y sastrer\u00eda contempor\u00e1nea al completo estilo de YSL.\" \/>\n<meta property=\"og:url\" content=\"https:\/\/graziamagazine.com\/mx\/articles\/la-elegancia-se-apodera-del-desfile-de-saint-laurent-en-la-fashion-week-de-paris-2021\/\" \/>\n<meta property=\"og:site_name\" content=\"Grazia M\u00e9xico y Latinoam\u00e9rica\" \/>\n<meta property=\"article:modified_time\" content=\"2021-09-28T19:14:39+00:00\" \/>\n<meta property=\"og:image\" content=\"https:\/\/graziamagazine.com\/mx\/wp-content\/uploads\/sites\/13\/2021\/09\/00-e1632856048260.jpeg?fit=681%2C400\" \/>\n\t<meta property=\"og:image:width\" content=\"681\" \/>\n\t<meta property=\"og:image:height\" content=\"400\" \/>\n\t<meta property=\"og:image:type\" content=\"image\/jpeg\" \/>\n<meta name=\"twitter:card\" content=\"summary_large_image\" \/>\n<meta name=\"twitter:label1\" content=\"Est. reading time\" \/>\n\t<meta name=\"twitter:data1\" content=\"1 minuto\" \/>\n<script type=\"application\/ld+json\" class=\"yoast-schema-graph\">{\"@context\":\"https:\/\/schema.org\",\"@graph\":[{\"@type\":\"WebPage\",\"@id\":\"https:\/\/graziamagazine.com\/mx\/articles\/la-elegancia-se-apodera-del-desfile-de-saint-laurent-en-la-fashion-week-de-paris-2021\/\",\"url\":\"https:\/\/graziamagazine.com\/mx\/articles\/la-elegancia-se-apodera-del-desfile-de-saint-laurent-en-la-fashion-week-de-paris-2021\/\",\"name\":\"La elegancia se apodera del desfile de Saint Laurent en en la Semana de la Moda de Par\u00eds 2021\",\"isPartOf\":{\"@id\":\"https:\/\/graziamagazine.com\/mx\/#website\"},\"datePublished\":\"2021-09-28T18:29:21+00:00\",\"dateModified\":\"2021-09-28T19:14:39+00:00\",\"description\":\"Anthony Vaccarello nos regala el equilibrio perfecto entre cortes atrevidos, escotes pronunciados y sastrer\u00eda contempor\u00e1nea al completo estilo de YSL.\",\"breadcrumb\":{\"@id\":\"https:\/\/graziamagazine.com\/mx\/articles\/la-elegancia-se-apodera-del-desfile-de-saint-laurent-en-la-fashion-week-de-paris-2021\/#breadcrumb\"},\"inLanguage\":\"es-MX\",\"potentialAction\":[{\"@type\":\"ReadAction\",\"target\":[\"https:\/\/graziamagazine.com\/mx\/articles\/la-elegancia-se-apodera-del-desfile-de-saint-laurent-en-la-fashion-week-de-paris-2021\/\"]}]},{\"@type\":\"BreadcrumbList\",\"@id\":\"https:\/\/graziamagazine.com\/mx\/articles\/la-elegancia-se-apodera-del-desfile-de-saint-laurent-en-la-fashion-week-de-paris-2021\/#breadcrumb\",\"itemListElement\":[{\"@type\":\"ListItem\",\"position\":1,\"name\":\"Home\",\"item\":\"https:\/\/graziamagazine.com\/mx\/\"},{\"@type\":\"ListItem\",\"position\":2,\"name\":\"La elegancia se apodera del desfile de Saint Laurent en la Semana de la Moda de Par\u00eds 2021\"}]},{\"@type\":\"WebSite\",\"@id\":\"https:\/\/graziamagazine.com\/mx\/#website\",\"url\":\"https:\/\/graziamagazine.com\/mx\/\",\"name\":\"Grazia M\u00e9xico y Latinoam\u00e9rica\",\"description\":\"Grazia es moda, belleza y noticias  de actualidad \",\"potentialAction\":[{\"@type\":\"SearchAction\",\"target\":{\"@type\":\"EntryPoint\",\"urlTemplate\":\"https:\/\/graziamagazine.com\/mx\/?s={search_term_string}\"},\"query-input\":\"required name=search_term_string\"}],\"inLanguage\":\"es-MX\"}]}<\/script>\n<!-- \/ Yoast SEO Premium plugin. -->","yoast_head_json":{"title":"La elegancia se apodera del desfile de Saint Laurent en en la Semana de la Moda de Par\u00eds 2021","description":"Anthony Vaccarello nos regala el equilibrio perfecto entre cortes atrevidos, escotes pronunciados y sastrer\u00eda contempor\u00e1nea al completo estilo de YSL.","robots":{"index":"index","follow":"follow","max-snippet":"max-snippet:-1","max-image-preview":"max-image-preview:large","max-video-preview":"max-video-preview:-1"},"canonical":"https:\/\/graziamagazine.com\/mx\/articles\/la-elegancia-se-apodera-del-desfile-de-saint-laurent-en-la-fashion-week-de-paris-2021\/","og_locale":"es_MX","og_type":"article","og_title":"La elegancia se apodera del desfile de Saint Laurent en la Semana de la Moda de Par\u00eds 2021","og_description":"Anthony Vaccarello nos regala el equilibrio perfecto entre cortes atrevidos, escotes pronunciados y sastrer\u00eda contempor\u00e1nea al completo estilo de YSL.","og_url":"https:\/\/graziamagazine.com\/mx\/articles\/la-elegancia-se-apodera-del-desfile-de-saint-laurent-en-la-fashion-week-de-paris-2021\/","og_site_name":"Grazia M\u00e9xico y Latinoam\u00e9rica","article_modified_time":"2021-09-28T19:14:39+00:00","og_image":[{"width":681,"height":400,"url":"https:\/\/graziamagazine.com\/mx\/wp-content\/uploads\/sites\/13\/2021\/09\/00-e1632856048260.jpeg?fit=681%2C400","type":"image\/jpeg"}],"twitter_card":"summary_large_image","twitter_misc":{"Est. reading time":"1 minuto"},"schema":{"@context":"https:\/\/schema.org","@graph":[{"@type":"WebPage","@id":"https:\/\/graziamagazine.com\/mx\/articles\/la-elegancia-se-apodera-del-desfile-de-saint-laurent-en-la-fashion-week-de-paris-2021\/","url":"https:\/\/graziamagazine.com\/mx\/articles\/la-elegancia-se-apodera-del-desfile-de-saint-laurent-en-la-fashion-week-de-paris-2021\/","name":"La elegancia se apodera del desfile de Saint Laurent en en la Semana de la Moda de Par\u00eds 2021","isPartOf":{"@id":"https:\/\/graziamagazine.com\/mx\/#website"},"datePublished":"2021-09-28T18:29:21+00:00","dateModified":"2021-09-28T19:14:39+00:00","description":"Anthony Vaccarello nos regala el equilibrio perfecto entre cortes atrevidos, escotes pronunciados y sastrer\u00eda contempor\u00e1nea al completo estilo de YSL.","breadcrumb":{"@id":"https:\/\/graziamagazine.com\/mx\/articles\/la-elegancia-se-apodera-del-desfile-de-saint-laurent-en-la-fashion-week-de-paris-2021\/#breadcrumb"},"inLanguage":"es-MX","potentialAction":[{"@type":"ReadAction","target":["https:\/\/graziamagazine.com\/mx\/articles\/la-elegancia-se-apodera-del-desfile-de-saint-laurent-en-la-fashion-week-de-paris-2021\/"]}]},{"@type":"BreadcrumbList","@id":"https:\/\/graziamagazine.com\/mx\/articles\/la-elegancia-se-apodera-del-desfile-de-saint-laurent-en-la-fashion-week-de-paris-2021\/#breadcrumb","itemListElement":[{"@type":"ListItem","position":1,"name":"Home","item":"https:\/\/graziamagazine.com\/mx\/"},{"@type":"ListItem","position":2,"name":"La elegancia se apodera del desfile de Saint Laurent en la Semana de la Moda de Par\u00eds 2021"}]},{"@type":"WebSite","@id":"https:\/\/graziamagazine.com\/mx\/#website","url":"https:\/\/graziamagazine.com\/mx\/","name":"Grazia M\u00e9xico y Latinoam\u00e9rica","description":"Grazia es moda, belleza y noticias  de actualidad ","potentialAction":[{"@type":"SearchAction","target":{"@type":"EntryPoint","urlTemplate":"https:\/\/graziamagazine.com\/mx\/?s={search_term_string}"},"query-input":"required name=search_term_string"}],"inLanguage":"es-MX"}]}},"jetpack_sharing_enabled":true,"distributor_meta":false,"distributor_terms":false,"distributor_media":false,"distributor_original_site_name":"Grazia M\u00e9xico y Latinoam\u00e9rica","distributor_original_site_url":"https:\/\/graziamagazine.com\/mx","push-errors":false,"_links":{"self":[{"href":"https:\/\/graziamagazine.com\/mx\/wp-json\/wp\/v2\/articles\/101655"}],"collection":[{"href":"https:\/\/graziamagazine.com\/mx\/wp-json\/wp\/v2\/articles"}],"about":[{"href":"https:\/\/graziamagazine.com\/mx\/wp-json\/wp\/v2\/types\/articles"}],"author":[{"embeddable":true,"href":"https:\/\/graziamagazine.com\/mx\/wp-json\/wp\/v2\/users\/28524"}],"wp:featuredmedia":[{"embeddable":true,"href":"https:\/\/graziamagazine.com\/mx\/wp-json\/wp\/v2\/media\/101666"}],"wp:attachment":[{"href":"https:\/\/graziamagazine.com\/mx\/wp-json\/wp\/v2\/media?parent=101655"}],"wp:term":[{"taxonomy":"category","embeddable":true,"href":"https:\/\/graziamagazine.com\/mx\/wp-json\/wp\/v2\/categories?post=101655"}],"curies":[{"name":"wp","href":"https:\/\/api.w.org\/{rel}","templated":true}]}}