{"id":101454,"date":"2021-09-23T14:00:58","date_gmt":"2021-09-23T19:00:58","guid":{"rendered":"https:\/\/graziamagazine.com\/mx\/?post_type=articles&#038;p=101454"},"modified":"2021-09-23T17:37:10","modified_gmt":"2021-09-23T22:37:10","slug":"calista-la-marca-mexicana-que-desfilo-en-el-new-york-fashion-week-2021","status":"publish","type":"articles","link":"https:\/\/graziamagazine.com\/mx\/articles\/calista-la-marca-mexicana-que-desfilo-en-el-new-york-fashion-week-2021\/","title":{"rendered":"CALISTA, la marca mexicana que desfil\u00f3 en el New York Fashion Week 2021"},"content":{"rendered":"<p>Con el inicio del mes de la moda, los desfiles no han parado. Y en esta ocasi\u00f3n es la marca de joyer\u00eda mexicana <strong>Calista<\/strong> quien ha puesto el nombre de <strong>M\u00e9xico<\/strong> en alto al presentar su\u00a0m\u00e1s reciente colecci\u00f3n en el <strong>New York Fashion Week Spring Summer 2022<\/strong>.<\/p>\n<p>Calista es una marca <strong>100% mexicana<\/strong> fundada por <strong>Laura y Regina Hern\u00e1ndez<\/strong>, quienes unieron sus talentos para dar vida a sus colecciones. Tomando inspiraci\u00f3n en historias <strong>mitol\u00f3gicas<\/strong>, cada colecci\u00f3n toma la esencia de estos relatos y los valores que capturan: tenacidad, sabidur\u00eda, belleza y amor.\u00a0Cada pieza es elaborada a mano en lat\u00f3n con ba\u00f1o en oro de 22k y producida de manera <strong>artesanal<\/strong> en Taxco y CDMX.<\/p>\n<p>Titulada <strong>BENNU<\/strong>, esta colecci\u00f3n de la marca estuvo inspirad en\u00a0la historia del<strong> ave mitol\u00f3gica<\/strong> egipcia que muere para resurgir de sus cenizas, capturando valores como la <strong>resiliencia<\/strong>, la capacidad de reinventarse y de reiniciar. Las piezas (como todas las elaboradas por la marca) est\u00e1n elaboradas artesanalmente en lat\u00f3n con chapa de oro de <strong>22 quilates<\/strong>, con aplicaciones de <strong>coral rojo<\/strong> y <strong>lapizl\u00e1zuli<\/strong>.<\/p>\n<div class=\"content-gallery\"><div class=\"gallery-placeholder\"><div class=\"spinner\"><\/div><\/div><span class=\"gallery-pagination\"><\/span><div id=\"gallery-1\" class=\"gallery galleryid-101454 gallery-columns- gallery-size-\"><figure class=\"gallery-item\"><div class=\"gallery-icon landscape\"><img loading=\"lazy\" decoding=\"async\" width=\"2574\" height=\"3861\" src=\"https:\/\/graziamagazine.com\/mx\/wp-content\/uploads\/sites\/13\/2021\/09\/Koreano_S22_056.jpg\" class=\"lazy\" alt=\"CALISTA, la marca mexicana que desfil\u00f3 en el New York Fashion Week 2021\" \/><\/div><figcaption class=\"wp-caption-text gallery-caption\" id=\"gallery-1-101456\">Nolcha Shows NYFW Spring Summer 2022 \nKOREANO<\/figcaption><\/figure><figure class=\"gallery-item\"><div class=\"gallery-icon landscape\"><img loading=\"lazy\" decoding=\"async\" width=\"2574\" height=\"3861\" src=\"https:\/\/graziamagazine.com\/mx\/wp-content\/uploads\/sites\/13\/2021\/09\/Koreano_S22_058.jpg\" class=\"lazy\" alt=\"CALISTA, la marca mexicana que desfil\u00f3 en el New York Fashion Week 2021\" \/><\/div><figcaption class=\"wp-caption-text gallery-caption\" id=\"gallery-1-101457\">Nolcha Shows NYFW Spring Summer 2022 \nKOREANO<\/figcaption><\/figure><figure class=\"gallery-item\"><div class=\"gallery-icon landscape\"><img loading=\"lazy\" decoding=\"async\" width=\"2574\" height=\"3861\" src=\"https:\/\/graziamagazine.com\/mx\/wp-content\/uploads\/sites\/13\/2021\/09\/Koreano_S22_052.jpg\" class=\"lazy\" alt=\"CALISTA, la marca mexicana que desfil\u00f3 en el New York Fashion Week 2021\" \/><\/div><figcaption class=\"wp-caption-text gallery-caption\" id=\"gallery-1-101458\">Nolcha Shows NYFW Spring Summer 2022 \nKOREANO<\/figcaption><\/figure><\/div><\/div>\n<p>El rascacielos <strong>FIFTH<\/strong> fue el escenario del debut de <strong>Calista<\/strong> en <strong>NYFW<\/strong>, el cual se convirti\u00f3 en el escenario perfecto para que desfilara sus m\u00e1s recientes creaciones de la mano de la marca de moda de origen chino, <strong>Koreano<\/strong>.<\/p>\n<p>Por otro lado la marca mexicana form\u00f3 parte de los desfiles \u201c<strong>The Ones to Watch<\/strong>\u201d como parte <a href=\"https:\/\/nolchashows.com\/\" target=\"_blank\" rel=\"noopener\" data-saferedirecturl=\"https:\/\/www.google.com\/url?q=https:\/\/nolchashows.com\/&amp;source=gmail&amp;ust=1632496753236000&amp;usg=AFQjCNGcBS9XwhCB-RT7ZKarn7hyKM-8LQ\" target=\"_blank\">The Nolcha Shows, <\/a>donde se presentaron marcas independientes que epitomizan libertad, individualidad, elegancia y que reflejan el mundo contempor\u00e1neo, reimaginando la <strong>moda<\/strong> para la sociedad actual.<\/p>\n<div class=\"content-gallery\"><div class=\"gallery-placeholder\"><div class=\"spinner\"><\/div><\/div><span class=\"gallery-pagination\"><\/span><div id=\"gallery-2\" class=\"gallery galleryid-101454 gallery-columns- gallery-size-\"><figure class=\"gallery-item\"><div class=\"gallery-icon landscape\"><img loading=\"lazy\" decoding=\"async\" width=\"2574\" height=\"3861\" src=\"https:\/\/graziamagazine.com\/mx\/wp-content\/uploads\/sites\/13\/2021\/09\/Koreano_S22_036.jpg\" class=\"lazy\" alt=\"CALISTA, la marca mexicana que desfil\u00f3 en el New York Fashion Week 2021\" \/><\/div><figcaption class=\"wp-caption-text gallery-caption\" id=\"gallery-2-101459\">Nolcha Shows NYFW Spring Summer 2022 \nKOREANO<\/figcaption><\/figure><figure class=\"gallery-item\"><div class=\"gallery-icon landscape\"><img loading=\"lazy\" decoding=\"async\" width=\"2574\" height=\"3861\" src=\"https:\/\/graziamagazine.com\/mx\/wp-content\/uploads\/sites\/13\/2021\/09\/Koreano_S22_046.jpg\" class=\"lazy\" alt=\"CALISTA, la marca mexicana que desfil\u00f3 en el New York Fashion Week 2021\" \/><\/div><figcaption class=\"wp-caption-text gallery-caption\" id=\"gallery-2-101461\">Nolcha Shows NYFW Spring Summer 2022 \nKOREANO<\/figcaption><\/figure><figure class=\"gallery-item\"><div class=\"gallery-icon landscape\"><img loading=\"lazy\" decoding=\"async\" width=\"2574\" height=\"3861\" src=\"https:\/\/graziamagazine.com\/mx\/wp-content\/uploads\/sites\/13\/2021\/09\/Koreano_S22_042.jpg\" class=\"lazy\" alt=\"CALISTA, la marca mexicana que desfil\u00f3 en el New York Fashion Week 2021\" \/><\/div><figcaption class=\"wp-caption-text gallery-caption\" id=\"gallery-2-101460\">Nolcha Shows NYFW Spring Summer 2022 \nKOREANO<\/figcaption><\/figure><\/div><\/div>\n<p>Cada a\u00f1o, <strong>The Nolcha Shows<\/strong> reafirma su labor como una de las plataformas encargadas de presentar el talento del dise\u00f1o global actual durante uno de los eventos m\u00e1s importantes de la moda en el mundo.\u00a0En sus <strong>desfiles<\/strong>, dise\u00f1adores de moda independientes muestran sus colecciones a una audiencia global de prensa, vendedores, estilistas e influencers de la industria a trav\u00e9s de desfiles y exposiciones.<\/p>\n<p>Sin duda alguna, <strong>Calista<\/strong> se ha convertido en un referente en la industria de la moda en <strong>M\u00e9xico<\/strong> y una posible oportunidad de crecimiento global para la <strong>moda mexicana<\/strong>.<\/p>\n<h5>IM\u00c1GENES: Cortes\u00eda de Calista<\/h5>\n","protected":false},"author":27779,"featured_media":101462,"template":"","format":"standard","categories":[4],"acf":[],"yoast_head":"<!-- This site is optimized with the Yoast SEO Premium plugin v18.5 (Yoast SEO v20.4) - https:\/\/yoast.com\/wordpress\/plugins\/seo\/ -->\n<title>CALISTA, la marca mexicana que desfil\u00f3 en el New York Fashion Week 2021 | Grazia M\u00e9xico y Latinoam\u00e9rica<\/title>\n<meta name=\"description\" content=\"En colaboraci\u00f3n con Koreano, la marca nos present\u00f3 una colecci\u00f3n de blancos y negros que domin\u00f3 el rascacielos FIFTH.\" \/>\n<meta name=\"robots\" content=\"index, follow, max-snippet:-1, max-image-preview:large, max-video-preview:-1\" \/>\n<link rel=\"canonical\" href=\"https:\/\/graziamagazine.com\/mx\/articles\/calista-la-marca-mexicana-que-desfilo-en-el-new-york-fashion-week-2021\/\" \/>\n<meta property=\"og:locale\" content=\"es_MX\" \/>\n<meta property=\"og:type\" content=\"article\" \/>\n<meta property=\"og:title\" content=\"CALISTA, la marca mexicana que desfil\u00f3 en el New York Fashion Week 2021\" \/>\n<meta property=\"og:description\" content=\"En colaboraci\u00f3n con Koreano, la marca nos present\u00f3 una colecci\u00f3n de blancos y negros que domin\u00f3 el rascacielos FIFTH.\" \/>\n<meta property=\"og:url\" content=\"https:\/\/graziamagazine.com\/mx\/articles\/calista-la-marca-mexicana-que-desfilo-en-el-new-york-fashion-week-2021\/\" \/>\n<meta property=\"og:site_name\" content=\"Grazia M\u00e9xico y Latinoam\u00e9rica\" \/>\n<meta property=\"article:modified_time\" content=\"2021-09-23T22:37:10+00:00\" \/>\n<meta property=\"og:image\" content=\"https:\/\/graziamagazine.com\/mx\/wp-content\/uploads\/sites\/13\/2021\/09\/6-3.jpg?fit=2574%2C2141\" \/>\n\t<meta property=\"og:image:width\" content=\"2574\" \/>\n\t<meta property=\"og:image:height\" content=\"2141\" \/>\n\t<meta property=\"og:image:type\" content=\"image\/jpeg\" \/>\n<meta name=\"twitter:card\" content=\"summary_large_image\" \/>\n<meta name=\"twitter:label1\" content=\"Est. reading time\" \/>\n\t<meta name=\"twitter:data1\" content=\"2 minutos\" \/>\n<script type=\"application\/ld+json\" class=\"yoast-schema-graph\">{\"@context\":\"https:\/\/schema.org\",\"@graph\":[{\"@type\":\"WebPage\",\"@id\":\"https:\/\/graziamagazine.com\/mx\/articles\/calista-la-marca-mexicana-que-desfilo-en-el-new-york-fashion-week-2021\/\",\"url\":\"https:\/\/graziamagazine.com\/mx\/articles\/calista-la-marca-mexicana-que-desfilo-en-el-new-york-fashion-week-2021\/\",\"name\":\"CALISTA, la marca mexicana que desfil\u00f3 en el New York Fashion Week 2021 | Grazia M\u00e9xico y Latinoam\u00e9rica\",\"isPartOf\":{\"@id\":\"https:\/\/graziamagazine.com\/mx\/#website\"},\"datePublished\":\"2021-09-23T19:00:58+00:00\",\"dateModified\":\"2021-09-23T22:37:10+00:00\",\"description\":\"En colaboraci\u00f3n con Koreano, la marca nos present\u00f3 una colecci\u00f3n de blancos y negros que domin\u00f3 el rascacielos FIFTH.\",\"breadcrumb\":{\"@id\":\"https:\/\/graziamagazine.com\/mx\/articles\/calista-la-marca-mexicana-que-desfilo-en-el-new-york-fashion-week-2021\/#breadcrumb\"},\"inLanguage\":\"es-MX\",\"potentialAction\":[{\"@type\":\"ReadAction\",\"target\":[\"https:\/\/graziamagazine.com\/mx\/articles\/calista-la-marca-mexicana-que-desfilo-en-el-new-york-fashion-week-2021\/\"]}]},{\"@type\":\"BreadcrumbList\",\"@id\":\"https:\/\/graziamagazine.com\/mx\/articles\/calista-la-marca-mexicana-que-desfilo-en-el-new-york-fashion-week-2021\/#breadcrumb\",\"itemListElement\":[{\"@type\":\"ListItem\",\"position\":1,\"name\":\"Home\",\"item\":\"https:\/\/graziamagazine.com\/mx\/\"},{\"@type\":\"ListItem\",\"position\":2,\"name\":\"CALISTA, la marca mexicana que desfil\u00f3 en el New York Fashion Week 2021\"}]},{\"@type\":\"WebSite\",\"@id\":\"https:\/\/graziamagazine.com\/mx\/#website\",\"url\":\"https:\/\/graziamagazine.com\/mx\/\",\"name\":\"Grazia M\u00e9xico y Latinoam\u00e9rica\",\"description\":\"Grazia es moda, belleza y noticias  de actualidad \",\"potentialAction\":[{\"@type\":\"SearchAction\",\"target\":{\"@type\":\"EntryPoint\",\"urlTemplate\":\"https:\/\/graziamagazine.com\/mx\/?s={search_term_string}\"},\"query-input\":\"required name=search_term_string\"}],\"inLanguage\":\"es-MX\"}]}<\/script>\n<!-- \/ Yoast SEO Premium plugin. -->","yoast_head_json":{"title":"CALISTA, la marca mexicana que desfil\u00f3 en el New York Fashion Week 2021 | Grazia M\u00e9xico y Latinoam\u00e9rica","description":"En colaboraci\u00f3n con Koreano, la marca nos present\u00f3 una colecci\u00f3n de blancos y negros que domin\u00f3 el rascacielos FIFTH.","robots":{"index":"index","follow":"follow","max-snippet":"max-snippet:-1","max-image-preview":"max-image-preview:large","max-video-preview":"max-video-preview:-1"},"canonical":"https:\/\/graziamagazine.com\/mx\/articles\/calista-la-marca-mexicana-que-desfilo-en-el-new-york-fashion-week-2021\/","og_locale":"es_MX","og_type":"article","og_title":"CALISTA, la marca mexicana que desfil\u00f3 en el New York Fashion Week 2021","og_description":"En colaboraci\u00f3n con Koreano, la marca nos present\u00f3 una colecci\u00f3n de blancos y negros que domin\u00f3 el rascacielos FIFTH.","og_url":"https:\/\/graziamagazine.com\/mx\/articles\/calista-la-marca-mexicana-que-desfilo-en-el-new-york-fashion-week-2021\/","og_site_name":"Grazia M\u00e9xico y Latinoam\u00e9rica","article_modified_time":"2021-09-23T22:37:10+00:00","og_image":[{"width":2574,"height":2141,"url":"https:\/\/graziamagazine.com\/mx\/wp-content\/uploads\/sites\/13\/2021\/09\/6-3.jpg?fit=2574%2C2141","type":"image\/jpeg"}],"twitter_card":"summary_large_image","twitter_misc":{"Est. reading time":"2 minutos"},"schema":{"@context":"https:\/\/schema.org","@graph":[{"@type":"WebPage","@id":"https:\/\/graziamagazine.com\/mx\/articles\/calista-la-marca-mexicana-que-desfilo-en-el-new-york-fashion-week-2021\/","url":"https:\/\/graziamagazine.com\/mx\/articles\/calista-la-marca-mexicana-que-desfilo-en-el-new-york-fashion-week-2021\/","name":"CALISTA, la marca mexicana que desfil\u00f3 en el New York Fashion Week 2021 | Grazia M\u00e9xico y Latinoam\u00e9rica","isPartOf":{"@id":"https:\/\/graziamagazine.com\/mx\/#website"},"datePublished":"2021-09-23T19:00:58+00:00","dateModified":"2021-09-23T22:37:10+00:00","description":"En colaboraci\u00f3n con Koreano, la marca nos present\u00f3 una colecci\u00f3n de blancos y negros que domin\u00f3 el rascacielos FIFTH.","breadcrumb":{"@id":"https:\/\/graziamagazine.com\/mx\/articles\/calista-la-marca-mexicana-que-desfilo-en-el-new-york-fashion-week-2021\/#breadcrumb"},"inLanguage":"es-MX","potentialAction":[{"@type":"ReadAction","target":["https:\/\/graziamagazine.com\/mx\/articles\/calista-la-marca-mexicana-que-desfilo-en-el-new-york-fashion-week-2021\/"]}]},{"@type":"BreadcrumbList","@id":"https:\/\/graziamagazine.com\/mx\/articles\/calista-la-marca-mexicana-que-desfilo-en-el-new-york-fashion-week-2021\/#breadcrumb","itemListElement":[{"@type":"ListItem","position":1,"name":"Home","item":"https:\/\/graziamagazine.com\/mx\/"},{"@type":"ListItem","position":2,"name":"CALISTA, la marca mexicana que desfil\u00f3 en el New York Fashion Week 2021"}]},{"@type":"WebSite","@id":"https:\/\/graziamagazine.com\/mx\/#website","url":"https:\/\/graziamagazine.com\/mx\/","name":"Grazia M\u00e9xico y Latinoam\u00e9rica","description":"Grazia es moda, belleza y noticias  de actualidad ","potentialAction":[{"@type":"SearchAction","target":{"@type":"EntryPoint","urlTemplate":"https:\/\/graziamagazine.com\/mx\/?s={search_term_string}"},"query-input":"required name=search_term_string"}],"inLanguage":"es-MX"}]}},"jetpack_sharing_enabled":true,"distributor_meta":false,"distributor_terms":false,"distributor_media":false,"distributor_original_site_name":"Grazia M\u00e9xico y Latinoam\u00e9rica","distributor_original_site_url":"https:\/\/graziamagazine.com\/mx","push-errors":false,"_links":{"self":[{"href":"https:\/\/graziamagazine.com\/mx\/wp-json\/wp\/v2\/articles\/101454"}],"collection":[{"href":"https:\/\/graziamagazine.com\/mx\/wp-json\/wp\/v2\/articles"}],"about":[{"href":"https:\/\/graziamagazine.com\/mx\/wp-json\/wp\/v2\/types\/articles"}],"author":[{"embeddable":true,"href":"https:\/\/graziamagazine.com\/mx\/wp-json\/wp\/v2\/users\/27779"}],"wp:featuredmedia":[{"embeddable":true,"href":"https:\/\/graziamagazine.com\/mx\/wp-json\/wp\/v2\/media\/101462"}],"wp:attachment":[{"href":"https:\/\/graziamagazine.com\/mx\/wp-json\/wp\/v2\/media?parent=101454"}],"wp:term":[{"taxonomy":"category","embeddable":true,"href":"https:\/\/graziamagazine.com\/mx\/wp-json\/wp\/v2\/categories?post=101454"}],"curies":[{"name":"wp","href":"https:\/\/api.w.org\/{rel}","templated":true}]}}