{"id":101350,"date":"2021-09-21T16:15:24","date_gmt":"2021-09-21T21:15:24","guid":{"rendered":"https:\/\/graziamagazine.com\/mx\/?post_type=articles&#038;p=101350"},"modified":"2021-09-21T16:36:55","modified_gmt":"2021-09-21T21:36:55","slug":"gwendoline-christie-se-une-al-elenco-de-la-serie-de-netflix-de-tim-burton-wednesday","status":"publish","type":"articles","link":"https:\/\/graziamagazine.com\/mx\/articles\/gwendoline-christie-se-une-al-elenco-de-la-serie-de-netflix-de-tim-burton-wednesday\/","title":{"rendered":"Gwendoline Christie se une al elenco de la serie de Netflix de Tim Burton \u2018Wednesday\u2019"},"content":{"rendered":"<p><span style=\"font-weight: 400\"><strong>Gwendoline Christie<\/strong>, a quien conocemos de <strong><em>Game of Thrones,<\/em><\/strong> ser\u00e1 protagonista de <em><strong>Wednesday<\/strong><\/em>, la nueva serie <em>live-action<\/em> de<strong> Tim Burton<\/strong> para <strong>Netflix.<\/strong> La actriz llega a esta producci\u00f3n para formar parte de la historia de la famosa y tenebrosa familia Addams, junto a un elenco espectacular.<\/span><\/p>\n<p><span style=\"font-weight: 400\">Christie dar\u00e1 vida a Larissa Weems, la directora de Nevermore Academy, que a\u00f1os despu\u00e9s sigue con un rencor pendiente contra su ex compa\u00f1era de clase, Morticia Addams, interpretada por <strong>Catherine Zeta-Jones<\/strong>, por lo que enfrentar\u00e1 la venganza a trav\u00e9s de su hija y estudiante del colegio, Wednesday Addams, en la piel de la actriz <strong>Jenna Ortega.<\/strong><\/span><\/p>\n<p><span style=\"font-weight: 400\">La serie de comedia creada por Tim Burton narrar\u00e1 los a\u00f1os de Wednesday Addams como estudiante en Nevermore Academy. Ah\u00ed es donde intenta dominar su habilidad ps\u00edquica emergente, frustrar una monstruosa ola de asesinatos que han aterrorizado a la ciudad local y resolver el misterio sobrenatural que involucr\u00f3 a sus padres hace 25 a\u00f1os, todo mientras navega por sus nuevas y muy enredadas relaciones en Nevermore.<\/span><\/p>\n<p><span style=\"font-weight: 400\">El elenco lo completan Luis Guzm\u00e1n como Gomez Addams; Victor Dorobantu, que interpreta a Thing, la mano sin cuerpo no verbal de la familia; Issac Ordonez como Pugsley Addams, George Burcea como Lurch, Tommie Earl Jenkins como el alcalde Walker, Iman Marson como Lucas Walker, William Houston como Joseph Crackstone, Luyanda Unati Lewis-Nyawo como el Diputado Santiago, Oliver Watson como Kent, Calum Ross como Rowan y Johnna Dias Watson como Divina.<\/span><\/p>\n<p><span style=\"font-weight: 400\">Ellos se unen a los actores previamente anunciados: Thora Birch, Riki Lindhome, Jamie McShane, Hunter Doohan, Georgie Farmer, Moosa Mostafa, Emma Myers, Naomi J. Ogawa, Joy Sunday y Percy Hynes White.<\/span><\/p>\n<p><span style=\"font-weight: 400\">Gwendoline Christie recibi\u00f3 una nominaci\u00f3n al Emmy como actriz de reparto por su interpretaci\u00f3n de Brienne of Tarth, en <em>Game of Thrones.<\/em> Tambi\u00e9n la veremos pr\u00f3ximamente en un papel protag\u00f3nico en la adaptaci\u00f3n de Netflix de,<em><strong> The Sandman.\u00a0<\/strong><\/em><\/span><\/p>\n<p><span style=\"font-weight: 400\">Burton tambi\u00e9n es productor ejecutivo junto a Al Gough y Miles Millar, quienes adem\u00e1s ser\u00e1n guionistas y <em>showrunners<\/em> de la serie.\u00a0<\/span><\/p>\n<p><span style=\"font-weight: 400\">\u00a1Ya la queremos ver!<\/span><\/p>\n","protected":false},"author":11628,"featured_media":101379,"template":"","format":"standard","categories":[114],"acf":[],"yoast_head":"<!-- This site is optimized with the Yoast SEO Premium plugin v18.5 (Yoast SEO v20.4) - https:\/\/yoast.com\/wordpress\/plugins\/seo\/ -->\n<title>Gwendoline Christie se une al elenco de la serie de Netflix de Tim Burton \u2018Wednesday\u2019 | Grazia M\u00e9xico y Latinoam\u00e9rica<\/title>\n<meta name=\"description\" content=\"La historia que nos urg\u00eda ver.\" \/>\n<meta name=\"robots\" content=\"index, follow, max-snippet:-1, max-image-preview:large, max-video-preview:-1\" \/>\n<link rel=\"canonical\" href=\"https:\/\/graziamagazine.com\/mx\/articles\/gwendoline-christie-se-une-al-elenco-de-la-serie-de-netflix-de-tim-burton-wednesday\/\" \/>\n<meta property=\"og:locale\" content=\"es_MX\" \/>\n<meta property=\"og:type\" content=\"article\" \/>\n<meta property=\"og:title\" content=\"Gwendoline Christie se une al elenco de la serie de Netflix de Tim Burton \u2018Wednesday\u2019\" \/>\n<meta property=\"og:description\" content=\"La historia que nos urg\u00eda ver.\" \/>\n<meta property=\"og:url\" content=\"https:\/\/graziamagazine.com\/mx\/articles\/gwendoline-christie-se-une-al-elenco-de-la-serie-de-netflix-de-tim-burton-wednesday\/\" \/>\n<meta property=\"og:site_name\" content=\"Grazia M\u00e9xico y Latinoam\u00e9rica\" \/>\n<meta property=\"article:modified_time\" content=\"2021-09-21T21:36:55+00:00\" \/>\n<meta property=\"og:image\" content=\"https:\/\/graziamagazine.com\/mx\/wp-content\/uploads\/sites\/13\/2021\/09\/1200627930.jpeg?fit=3200%2C2130\" \/>\n\t<meta property=\"og:image:width\" content=\"3200\" \/>\n\t<meta property=\"og:image:height\" content=\"2130\" \/>\n\t<meta property=\"og:image:type\" content=\"image\/jpeg\" \/>\n<meta name=\"twitter:card\" content=\"summary_large_image\" \/>\n<meta name=\"twitter:label1\" content=\"Est. reading time\" \/>\n\t<meta name=\"twitter:data1\" content=\"2 minutos\" \/>\n<script type=\"application\/ld+json\" class=\"yoast-schema-graph\">{\"@context\":\"https:\/\/schema.org\",\"@graph\":[{\"@type\":\"WebPage\",\"@id\":\"https:\/\/graziamagazine.com\/mx\/articles\/gwendoline-christie-se-une-al-elenco-de-la-serie-de-netflix-de-tim-burton-wednesday\/\",\"url\":\"https:\/\/graziamagazine.com\/mx\/articles\/gwendoline-christie-se-une-al-elenco-de-la-serie-de-netflix-de-tim-burton-wednesday\/\",\"name\":\"Gwendoline Christie se une al elenco de la serie de Netflix de Tim Burton \u2018Wednesday\u2019 | Grazia M\u00e9xico y Latinoam\u00e9rica\",\"isPartOf\":{\"@id\":\"https:\/\/graziamagazine.com\/mx\/#website\"},\"datePublished\":\"2021-09-21T21:15:24+00:00\",\"dateModified\":\"2021-09-21T21:36:55+00:00\",\"description\":\"La historia que nos urg\u00eda ver.\",\"breadcrumb\":{\"@id\":\"https:\/\/graziamagazine.com\/mx\/articles\/gwendoline-christie-se-une-al-elenco-de-la-serie-de-netflix-de-tim-burton-wednesday\/#breadcrumb\"},\"inLanguage\":\"es-MX\",\"potentialAction\":[{\"@type\":\"ReadAction\",\"target\":[\"https:\/\/graziamagazine.com\/mx\/articles\/gwendoline-christie-se-une-al-elenco-de-la-serie-de-netflix-de-tim-burton-wednesday\/\"]}]},{\"@type\":\"BreadcrumbList\",\"@id\":\"https:\/\/graziamagazine.com\/mx\/articles\/gwendoline-christie-se-une-al-elenco-de-la-serie-de-netflix-de-tim-burton-wednesday\/#breadcrumb\",\"itemListElement\":[{\"@type\":\"ListItem\",\"position\":1,\"name\":\"Home\",\"item\":\"https:\/\/graziamagazine.com\/mx\/\"},{\"@type\":\"ListItem\",\"position\":2,\"name\":\"Gwendoline Christie se une al elenco de la serie de Netflix de Tim Burton \u2018Wednesday\u2019\"}]},{\"@type\":\"WebSite\",\"@id\":\"https:\/\/graziamagazine.com\/mx\/#website\",\"url\":\"https:\/\/graziamagazine.com\/mx\/\",\"name\":\"Grazia M\u00e9xico y Latinoam\u00e9rica\",\"description\":\"Grazia es moda, belleza y noticias  de actualidad \",\"potentialAction\":[{\"@type\":\"SearchAction\",\"target\":{\"@type\":\"EntryPoint\",\"urlTemplate\":\"https:\/\/graziamagazine.com\/mx\/?s={search_term_string}\"},\"query-input\":\"required name=search_term_string\"}],\"inLanguage\":\"es-MX\"}]}<\/script>\n<!-- \/ Yoast SEO Premium plugin. -->","yoast_head_json":{"title":"Gwendoline Christie se une al elenco de la serie de Netflix de Tim Burton \u2018Wednesday\u2019 | Grazia M\u00e9xico y Latinoam\u00e9rica","description":"La historia que nos urg\u00eda ver.","robots":{"index":"index","follow":"follow","max-snippet":"max-snippet:-1","max-image-preview":"max-image-preview:large","max-video-preview":"max-video-preview:-1"},"canonical":"https:\/\/graziamagazine.com\/mx\/articles\/gwendoline-christie-se-une-al-elenco-de-la-serie-de-netflix-de-tim-burton-wednesday\/","og_locale":"es_MX","og_type":"article","og_title":"Gwendoline Christie se une al elenco de la serie de Netflix de Tim Burton \u2018Wednesday\u2019","og_description":"La historia que nos urg\u00eda ver.","og_url":"https:\/\/graziamagazine.com\/mx\/articles\/gwendoline-christie-se-une-al-elenco-de-la-serie-de-netflix-de-tim-burton-wednesday\/","og_site_name":"Grazia M\u00e9xico y Latinoam\u00e9rica","article_modified_time":"2021-09-21T21:36:55+00:00","og_image":[{"width":3200,"height":2130,"url":"https:\/\/graziamagazine.com\/mx\/wp-content\/uploads\/sites\/13\/2021\/09\/1200627930.jpeg?fit=3200%2C2130","type":"image\/jpeg"}],"twitter_card":"summary_large_image","twitter_misc":{"Est. reading time":"2 minutos"},"schema":{"@context":"https:\/\/schema.org","@graph":[{"@type":"WebPage","@id":"https:\/\/graziamagazine.com\/mx\/articles\/gwendoline-christie-se-une-al-elenco-de-la-serie-de-netflix-de-tim-burton-wednesday\/","url":"https:\/\/graziamagazine.com\/mx\/articles\/gwendoline-christie-se-une-al-elenco-de-la-serie-de-netflix-de-tim-burton-wednesday\/","name":"Gwendoline Christie se une al elenco de la serie de Netflix de Tim Burton \u2018Wednesday\u2019 | Grazia M\u00e9xico y Latinoam\u00e9rica","isPartOf":{"@id":"https:\/\/graziamagazine.com\/mx\/#website"},"datePublished":"2021-09-21T21:15:24+00:00","dateModified":"2021-09-21T21:36:55+00:00","description":"La historia que nos urg\u00eda ver.","breadcrumb":{"@id":"https:\/\/graziamagazine.com\/mx\/articles\/gwendoline-christie-se-une-al-elenco-de-la-serie-de-netflix-de-tim-burton-wednesday\/#breadcrumb"},"inLanguage":"es-MX","potentialAction":[{"@type":"ReadAction","target":["https:\/\/graziamagazine.com\/mx\/articles\/gwendoline-christie-se-une-al-elenco-de-la-serie-de-netflix-de-tim-burton-wednesday\/"]}]},{"@type":"BreadcrumbList","@id":"https:\/\/graziamagazine.com\/mx\/articles\/gwendoline-christie-se-une-al-elenco-de-la-serie-de-netflix-de-tim-burton-wednesday\/#breadcrumb","itemListElement":[{"@type":"ListItem","position":1,"name":"Home","item":"https:\/\/graziamagazine.com\/mx\/"},{"@type":"ListItem","position":2,"name":"Gwendoline Christie se une al elenco de la serie de Netflix de Tim Burton \u2018Wednesday\u2019"}]},{"@type":"WebSite","@id":"https:\/\/graziamagazine.com\/mx\/#website","url":"https:\/\/graziamagazine.com\/mx\/","name":"Grazia M\u00e9xico y Latinoam\u00e9rica","description":"Grazia es moda, belleza y noticias  de actualidad ","potentialAction":[{"@type":"SearchAction","target":{"@type":"EntryPoint","urlTemplate":"https:\/\/graziamagazine.com\/mx\/?s={search_term_string}"},"query-input":"required name=search_term_string"}],"inLanguage":"es-MX"}]}},"jetpack_sharing_enabled":true,"distributor_meta":false,"distributor_terms":false,"distributor_media":false,"distributor_original_site_name":"Grazia M\u00e9xico y Latinoam\u00e9rica","distributor_original_site_url":"https:\/\/graziamagazine.com\/mx","push-errors":false,"_links":{"self":[{"href":"https:\/\/graziamagazine.com\/mx\/wp-json\/wp\/v2\/articles\/101350"}],"collection":[{"href":"https:\/\/graziamagazine.com\/mx\/wp-json\/wp\/v2\/articles"}],"about":[{"href":"https:\/\/graziamagazine.com\/mx\/wp-json\/wp\/v2\/types\/articles"}],"author":[{"embeddable":true,"href":"https:\/\/graziamagazine.com\/mx\/wp-json\/wp\/v2\/users\/11628"}],"wp:featuredmedia":[{"embeddable":true,"href":"https:\/\/graziamagazine.com\/mx\/wp-json\/wp\/v2\/media\/101379"}],"wp:attachment":[{"href":"https:\/\/graziamagazine.com\/mx\/wp-json\/wp\/v2\/media?parent=101350"}],"wp:term":[{"taxonomy":"category","embeddable":true,"href":"https:\/\/graziamagazine.com\/mx\/wp-json\/wp\/v2\/categories?post=101350"}],"curies":[{"name":"wp","href":"https:\/\/api.w.org\/{rel}","templated":true}]}}