{"id":101327,"date":"2021-09-21T14:45:20","date_gmt":"2021-09-21T19:45:20","guid":{"rendered":"https:\/\/graziamagazine.com\/mx\/?post_type=articles&#038;p=101327"},"modified":"2021-09-21T16:16:26","modified_gmt":"2021-09-21T21:16:26","slug":"apple-watch-hermes-serie-7-el-deseado-hijo-entre-apple-y-hermes","status":"publish","type":"articles","link":"https:\/\/graziamagazine.com\/mx\/articles\/apple-watch-hermes-serie-7-el-deseado-hijo-entre-apple-y-hermes\/","title":{"rendered":"Apple Watch Herm\u00e8s Serie 7, el deseado hijo entre Apple y Herm\u00e8s"},"content":{"rendered":"<p><span style=\"font-weight: 400\"><strong>Apple y Herm\u00e8s<\/strong> se unido para dar vida a un producto de envidia. Con tecnolog\u00eda, dise\u00f1o y lujo, ambas marcas han dado lo mejor de s\u00ed para crear el <strong>Apple Watch Herm\u00e8s Serie 7,<\/strong> un reloj con toda la experiencia de la marca de la manzana, y el estilo insuperable de la casa de moda francesa.<\/span><\/p>\n<p><span style=\"font-weight: 400\">Ser\u00e1 este oto\u00f1o que estar\u00e1 disponible la edici\u00f3n especial de este precioso reloj con enlaces gourmet y motivos de <em>Cha\u00eene d&#8217;ancre<\/em> en las correas, adem\u00e1s de la esfera del reloj de de Apple.<\/span><\/p>\n<p><span style=\"font-weight: 400\">\u201cEsta elegante banda Double Tour de piel de becerro Bar\u00e9nia est\u00e1 inspirada en las cadenas de los collares para perros que present\u00f3 Herm\u00e8s en la d\u00e9cada de 1930. Juega con el contraste entre la materia prima y la forma sofisticada de una pulsera gourmet para convertirse en una cadena, una serie de eslabones de cuero que dan volumen. Sus cantos, sin costuras, est\u00e1n bru\u00f1idos en toda su longitud, as\u00ed como en el interior de los eslabones\u201d, dice el comunicado del lanzamiento.<\/span><\/p>\n<p><span style=\"font-weight: 400\">\u201cEn referencia al brazalete <em>Cha\u00eene d&#8217;ancre<\/em>, la correa <em>Single Tour Circuit H<\/em> en piel de becerro Swift est\u00e1 impresa con un patr\u00f3n de eslabones superpuestos muy gr\u00e1ficos que contin\u00faa en el reloj\u201d, a\u00f1ade.<\/span><\/p>\n<blockquote><p><span style=\"font-weight: 400\">Estas correas est\u00e1n disponibles en<strong> tres combinaciones de colores: Biscuit con Bleu \u00c9lectrique, Rouge H con Noir y Noir con Bleu \u00c9lectrique.<\/strong><\/span><\/p><\/blockquote>\n<p><img loading=\"lazy\" decoding=\"async\" class=\"alignnone wp-image-101368 size-large\" src=\"https:\/\/graziamagazine.com\/mx\/wp-content\/uploads\/sites\/13\/2021\/09\/158377-smartwatches-news-apple-watch-series-7-hermes-image2-k8myhgwdzk-jpg.jpg?w=660\" alt=\"\" width=\"660\" height=\"440\" \/><\/p>\n<p><span style=\"font-weight: 400\">Apple Watch Herm\u00e8s Series 7 llegar\u00e1 a tiendas seleccionadas de Australia, Canad\u00e1, China, Francia, Alemania, Italia, Jap\u00f3n, Corea, M\u00e9xico, Singapur, Espa\u00f1a, Suiza, Taiw\u00e1n, Tailandia, Emiratos \u00c1rabes Unidos y Estados Unidos. Reino y Estados Unidos.<\/span><\/p>\n<p><span style=\"font-weight: 400\">\u201cApple y Herm\u00e8s apoyan el estilo de vida de sus contempor\u00e1neos con la ambici\u00f3n compartida de combinar est\u00e9tica y funcionalidad en sus creaciones. Establecida en 2015, la asociaci\u00f3n Apple-Herm\u00e8s es el encuentro de dos culturas unidas por una b\u00fasqueda com\u00fan de la excelencia y la autenticidad. Satisface las necesidades de las personas que buscan belleza en el dise\u00f1o, tecnolog\u00eda de vanguardia, materiales de alta calidad y un saber hacer excepcional\u201d.<\/span><\/p>\n<p><span style=\"font-weight: 400\">\u00a1Una colaboraci\u00f3n que nos encanta!<\/span><\/p>\n<p><strong><em>*IMAGEN: cortes\u00eda de Herm\u00e8s<\/em><\/strong><\/p>\n","protected":false},"author":11628,"featured_media":101367,"template":"","format":"standard","categories":[4],"acf":[],"yoast_head":"<!-- This site is optimized with the Yoast SEO Premium plugin v18.5 (Yoast SEO v20.4) - https:\/\/yoast.com\/wordpress\/plugins\/seo\/ -->\n<title>Apple Watch Herm\u00e8s Serie 7, el deseado hijo entre Apple y Herm\u00e8s | Grazia M\u00e9xico y Latinoam\u00e9rica<\/title>\n<meta name=\"description\" content=\"La innovaci\u00f3n y el estilo se conectan en tu mu\u00f1eca.\" \/>\n<meta name=\"robots\" content=\"index, follow, max-snippet:-1, max-image-preview:large, max-video-preview:-1\" \/>\n<link rel=\"canonical\" href=\"https:\/\/graziamagazine.com\/mx\/articles\/apple-watch-hermes-serie-7-el-deseado-hijo-entre-apple-y-hermes\/\" \/>\n<meta property=\"og:locale\" content=\"es_MX\" \/>\n<meta property=\"og:type\" content=\"article\" \/>\n<meta property=\"og:title\" content=\"Apple Watch Herm\u00e8s Serie 7, el deseado hijo entre Apple y Herm\u00e8s\" \/>\n<meta property=\"og:description\" content=\"La innovaci\u00f3n y el estilo se conectan en tu mu\u00f1eca.\" \/>\n<meta property=\"og:url\" content=\"https:\/\/graziamagazine.com\/mx\/articles\/apple-watch-hermes-serie-7-el-deseado-hijo-entre-apple-y-hermes\/\" \/>\n<meta property=\"og:site_name\" content=\"Grazia M\u00e9xico y Latinoam\u00e9rica\" \/>\n<meta property=\"article:modified_time\" content=\"2021-09-21T21:16:26+00:00\" \/>\n<meta property=\"og:image\" content=\"https:\/\/graziamagazine.com\/mx\/wp-content\/uploads\/sites\/13\/2021\/09\/158377-smartwatches-news-apple-watch-series-7-hermes-image1-jinrhoabl4-jpg.jpg?fit=660%2C440\" \/>\n\t<meta property=\"og:image:width\" content=\"660\" \/>\n\t<meta property=\"og:image:height\" content=\"440\" \/>\n\t<meta property=\"og:image:type\" content=\"image\/jpeg\" \/>\n<meta name=\"twitter:card\" content=\"summary_large_image\" \/>\n<meta name=\"twitter:label1\" content=\"Est. reading time\" \/>\n\t<meta name=\"twitter:data1\" content=\"2 minutos\" \/>\n<script type=\"application\/ld+json\" class=\"yoast-schema-graph\">{\"@context\":\"https:\/\/schema.org\",\"@graph\":[{\"@type\":\"WebPage\",\"@id\":\"https:\/\/graziamagazine.com\/mx\/articles\/apple-watch-hermes-serie-7-el-deseado-hijo-entre-apple-y-hermes\/\",\"url\":\"https:\/\/graziamagazine.com\/mx\/articles\/apple-watch-hermes-serie-7-el-deseado-hijo-entre-apple-y-hermes\/\",\"name\":\"Apple Watch Herm\u00e8s Serie 7, el deseado hijo entre Apple y Herm\u00e8s | Grazia M\u00e9xico y Latinoam\u00e9rica\",\"isPartOf\":{\"@id\":\"https:\/\/graziamagazine.com\/mx\/#website\"},\"datePublished\":\"2021-09-21T19:45:20+00:00\",\"dateModified\":\"2021-09-21T21:16:26+00:00\",\"description\":\"La innovaci\u00f3n y el estilo se conectan en tu mu\u00f1eca.\",\"breadcrumb\":{\"@id\":\"https:\/\/graziamagazine.com\/mx\/articles\/apple-watch-hermes-serie-7-el-deseado-hijo-entre-apple-y-hermes\/#breadcrumb\"},\"inLanguage\":\"es-MX\",\"potentialAction\":[{\"@type\":\"ReadAction\",\"target\":[\"https:\/\/graziamagazine.com\/mx\/articles\/apple-watch-hermes-serie-7-el-deseado-hijo-entre-apple-y-hermes\/\"]}]},{\"@type\":\"BreadcrumbList\",\"@id\":\"https:\/\/graziamagazine.com\/mx\/articles\/apple-watch-hermes-serie-7-el-deseado-hijo-entre-apple-y-hermes\/#breadcrumb\",\"itemListElement\":[{\"@type\":\"ListItem\",\"position\":1,\"name\":\"Home\",\"item\":\"https:\/\/graziamagazine.com\/mx\/\"},{\"@type\":\"ListItem\",\"position\":2,\"name\":\"Apple Watch Herm\u00e8s Serie 7, el deseado hijo entre Apple y Herm\u00e8s\"}]},{\"@type\":\"WebSite\",\"@id\":\"https:\/\/graziamagazine.com\/mx\/#website\",\"url\":\"https:\/\/graziamagazine.com\/mx\/\",\"name\":\"Grazia M\u00e9xico y Latinoam\u00e9rica\",\"description\":\"Grazia es moda, belleza y noticias  de actualidad \",\"potentialAction\":[{\"@type\":\"SearchAction\",\"target\":{\"@type\":\"EntryPoint\",\"urlTemplate\":\"https:\/\/graziamagazine.com\/mx\/?s={search_term_string}\"},\"query-input\":\"required name=search_term_string\"}],\"inLanguage\":\"es-MX\"}]}<\/script>\n<!-- \/ Yoast SEO Premium plugin. -->","yoast_head_json":{"title":"Apple Watch Herm\u00e8s Serie 7, el deseado hijo entre Apple y Herm\u00e8s | Grazia M\u00e9xico y Latinoam\u00e9rica","description":"La innovaci\u00f3n y el estilo se conectan en tu mu\u00f1eca.","robots":{"index":"index","follow":"follow","max-snippet":"max-snippet:-1","max-image-preview":"max-image-preview:large","max-video-preview":"max-video-preview:-1"},"canonical":"https:\/\/graziamagazine.com\/mx\/articles\/apple-watch-hermes-serie-7-el-deseado-hijo-entre-apple-y-hermes\/","og_locale":"es_MX","og_type":"article","og_title":"Apple Watch Herm\u00e8s Serie 7, el deseado hijo entre Apple y Herm\u00e8s","og_description":"La innovaci\u00f3n y el estilo se conectan en tu mu\u00f1eca.","og_url":"https:\/\/graziamagazine.com\/mx\/articles\/apple-watch-hermes-serie-7-el-deseado-hijo-entre-apple-y-hermes\/","og_site_name":"Grazia M\u00e9xico y Latinoam\u00e9rica","article_modified_time":"2021-09-21T21:16:26+00:00","og_image":[{"width":660,"height":440,"url":"https:\/\/graziamagazine.com\/mx\/wp-content\/uploads\/sites\/13\/2021\/09\/158377-smartwatches-news-apple-watch-series-7-hermes-image1-jinrhoabl4-jpg.jpg?fit=660%2C440","type":"image\/jpeg"}],"twitter_card":"summary_large_image","twitter_misc":{"Est. reading time":"2 minutos"},"schema":{"@context":"https:\/\/schema.org","@graph":[{"@type":"WebPage","@id":"https:\/\/graziamagazine.com\/mx\/articles\/apple-watch-hermes-serie-7-el-deseado-hijo-entre-apple-y-hermes\/","url":"https:\/\/graziamagazine.com\/mx\/articles\/apple-watch-hermes-serie-7-el-deseado-hijo-entre-apple-y-hermes\/","name":"Apple Watch Herm\u00e8s Serie 7, el deseado hijo entre Apple y Herm\u00e8s | Grazia M\u00e9xico y Latinoam\u00e9rica","isPartOf":{"@id":"https:\/\/graziamagazine.com\/mx\/#website"},"datePublished":"2021-09-21T19:45:20+00:00","dateModified":"2021-09-21T21:16:26+00:00","description":"La innovaci\u00f3n y el estilo se conectan en tu mu\u00f1eca.","breadcrumb":{"@id":"https:\/\/graziamagazine.com\/mx\/articles\/apple-watch-hermes-serie-7-el-deseado-hijo-entre-apple-y-hermes\/#breadcrumb"},"inLanguage":"es-MX","potentialAction":[{"@type":"ReadAction","target":["https:\/\/graziamagazine.com\/mx\/articles\/apple-watch-hermes-serie-7-el-deseado-hijo-entre-apple-y-hermes\/"]}]},{"@type":"BreadcrumbList","@id":"https:\/\/graziamagazine.com\/mx\/articles\/apple-watch-hermes-serie-7-el-deseado-hijo-entre-apple-y-hermes\/#breadcrumb","itemListElement":[{"@type":"ListItem","position":1,"name":"Home","item":"https:\/\/graziamagazine.com\/mx\/"},{"@type":"ListItem","position":2,"name":"Apple Watch Herm\u00e8s Serie 7, el deseado hijo entre Apple y Herm\u00e8s"}]},{"@type":"WebSite","@id":"https:\/\/graziamagazine.com\/mx\/#website","url":"https:\/\/graziamagazine.com\/mx\/","name":"Grazia M\u00e9xico y Latinoam\u00e9rica","description":"Grazia es moda, belleza y noticias  de actualidad ","potentialAction":[{"@type":"SearchAction","target":{"@type":"EntryPoint","urlTemplate":"https:\/\/graziamagazine.com\/mx\/?s={search_term_string}"},"query-input":"required name=search_term_string"}],"inLanguage":"es-MX"}]}},"jetpack_sharing_enabled":true,"distributor_meta":false,"distributor_terms":false,"distributor_media":false,"distributor_original_site_name":"Grazia M\u00e9xico y Latinoam\u00e9rica","distributor_original_site_url":"https:\/\/graziamagazine.com\/mx","push-errors":false,"_links":{"self":[{"href":"https:\/\/graziamagazine.com\/mx\/wp-json\/wp\/v2\/articles\/101327"}],"collection":[{"href":"https:\/\/graziamagazine.com\/mx\/wp-json\/wp\/v2\/articles"}],"about":[{"href":"https:\/\/graziamagazine.com\/mx\/wp-json\/wp\/v2\/types\/articles"}],"author":[{"embeddable":true,"href":"https:\/\/graziamagazine.com\/mx\/wp-json\/wp\/v2\/users\/11628"}],"wp:featuredmedia":[{"embeddable":true,"href":"https:\/\/graziamagazine.com\/mx\/wp-json\/wp\/v2\/media\/101367"}],"wp:attachment":[{"href":"https:\/\/graziamagazine.com\/mx\/wp-json\/wp\/v2\/media?parent=101327"}],"wp:term":[{"taxonomy":"category","embeddable":true,"href":"https:\/\/graziamagazine.com\/mx\/wp-json\/wp\/v2\/categories?post=101327"}],"curies":[{"name":"wp","href":"https:\/\/api.w.org\/{rel}","templated":true}]}}