{"id":101218,"date":"2021-09-20T08:00:03","date_gmt":"2021-09-20T13:00:03","guid":{"rendered":"https:\/\/graziamagazine.com\/mx\/?post_type=articles&#038;p=101218"},"modified":"2021-09-20T08:51:49","modified_gmt":"2021-09-20T13:51:49","slug":"todos-los-ganadores-de-los-premios-emmy-2021","status":"publish","type":"articles","link":"https:\/\/graziamagazine.com\/mx\/articles\/todos-los-ganadores-de-los-premios-emmy-2021\/","title":{"rendered":"Todos los ganadores de los premios Emmy 2021"},"content":{"rendered":"<p><span style=\"font-weight: 400\">Este 13 de julio se dieron a conocer las nominaciones al <\/span><b>Emmy 2021<\/b><span style=\"font-weight: 400\">. El premio, otorgado por la Academia de Artes y Ciencias de la Televisi\u00f3n, la Academia Nacional de Artes y Ciencias de la Televisi\u00f3n, y la Academia Internacional de Artes y Ciencias de la Televisi\u00f3n, dio a conocer a los actores y personas involucradas en el mundo del cine y la televisi\u00f3n que compiten por la estatuilla.<\/span><\/p>\n<p><span style=\"font-weight: 400\">Tambi\u00e9n se dio a conocer que <\/span><b>Cedric the Entertainer<\/b><span style=\"font-weight: 400\"> ser\u00e1 el anfitri\u00f3n de los Emmy de este a\u00f1o, que se llevaron a cabo de manera presencial hoy domingo 19 de septiembre, a las 7pm (hora del centro de M\u00e9xico).<\/span><\/p>\n<blockquote><p><span style=\"font-weight: 400\">&#8220;No puedo esperar para subir al escenario para celebrar todos los grandes espect\u00e1culos y actuaciones que nos hicieron re\u00edr, llorar, bailar y cantar durante el a\u00f1o pasado&#8221;, dijo Cedric en un comunicado.<\/span><\/p><\/blockquote>\n<p><span style=\"font-weight: 400\">En 2020, la pandemia por covid-19 hizo que la entrega de estos premios fuera completamente virtual, pero este a\u00f1o, como lo est\u00e1n siendo los eventos m\u00e1s importantes de la industria del entretenimiento, ser\u00e1 presencial, con poca afluencia de invitados, y todas las medidas sanitarias correspondientes.\u00a0<\/span><\/p>\n<p>La mejor comedia fue para\u00a0<strong>Ted Lasso (Apple TV)<\/strong>\u00a0y la mejor miniserie fue\u00a0<strong>&#8216;Gambito de dama&#8217; (Netflix)<\/strong>. Como se esperaba, &#8216;The Crown&#8217; con siete premios fue la serie m\u00e1s galardonada en los Emmy 2021, seguida por &#8216;Ted Lasso (4), &#8216;Hacks&#8217; (3), &#8216;Mare of Easttown&#8217; (3) y &#8216;Gambito de dama&#8217; (2).<\/p>\n<h3 class=\"ue-c-article__subheadline\">Ganadores Premios Emmy 2021<\/h3>\n<p><strong>Mejor serie de drama:<\/strong>\u00a0The Crown (Netflix)<\/p>\n<p><strong>Mejor serie de comedia:<\/strong>\u00a0Ted Lasso (Apple TV+)<\/p>\n<p><strong>Mejor miniserie:<\/strong> Gambito de dama (Netflix)<\/p>\n<div class=\"ue-c-article__body\">\n<p><strong>Mejor actor principal de drama:<\/strong>\u00a0Josh O&#8217;Connor (The Crown)<\/p>\n<p><strong>Mejor actriz principal de drama:<\/strong>\u00a0Olivia Colman (The Crown)<\/p>\n<p><iframe loading=\"lazy\" title=\"73rd Emmys Opening\" width=\"500\" height=\"281\" src=\"https:\/\/www.youtube.com\/embed\/stunxvGDqTM?feature=oembed\" frameborder=\"0\" allow=\"accelerometer; autoplay; clipboard-write; encrypted-media; gyroscope; picture-in-picture\" allowfullscreen><\/iframe><\/p>\n<p><strong>Mejor actor secundario de drama:<\/strong>\u00a0Tobias Menzies (The Crown)<\/p>\n<p><strong>Mejor actriz secundaria de drama:<\/strong>\u00a0Gillian Anderson (The Crown)<\/p>\n<p><strong>Mejor gui\u00f3n de drama:<\/strong>\u00a0Peter Morgan (The Crown &#8211; Episodio: &#8216;War&#8217;)<\/p>\n<p><strong>Mejor direcci\u00f3n de drama:<\/strong>\u00a0Jessica Hobbs (The Crown &#8211; Episodio: &#8216;War&#8217;)<\/p>\n<p><strong>Mejor actor principal de comedia:<\/strong>\u00a0Jason Sudeikis (Ted Lasso)<\/p>\n<p><strong>Mejor actriz principal de comedia:<\/strong>\u00a0Jean Smart (Hacks)<\/p>\n<p><strong>Mejor actor secundario de comedia:<\/strong>\u00a0Brett Goldstein (Ted Lasso)<\/p>\n<p><strong>Mejor actriz secundaria de comedia:<\/strong>\u00a0Hannah Waddingham (Ted Lasso)<\/p>\n<p><strong>Mejor guion de comedia:<\/strong>\u00a0Lucia Aniello, Paul W. Downs y Jen Statsky (Hacks &#8211; Episodio: &#8216;There Is No Line&#8217;)<\/p>\n<p><strong>Mejor direcci\u00f3n de comedia<\/strong>: Lucia Aniello (Hacks &#8211; Episodio: &#8216;There Is No Line&#8217;)<\/p>\n<p><strong>Mejor actor principal de miniserie:<\/strong>\u00a0Ewan McGregor (Halston)<\/p>\n<p><strong>Mejor actriz principal de miniserie:<\/strong>\u00a0Kate Winslet (Mare of Easttown)<\/p>\n<p><strong>Mejor actor secundario de miniserie:<\/strong>\u00a0Evan Peters (Mare of Easttown)<\/p>\n<p><strong>Mejor actriz secundaria de miniserie:<\/strong>\u00a0Julianne Nicholson (Mare of Easttown)<\/p>\n<p><strong>Mejor direcci\u00f3n de miniserie:<\/strong>\u00a0Scott Frank (The Queen&#8217;s Gambit)<\/p>\n<p><strong>Mejor guion de miniserie:<\/strong>\u00a0Michaela Coel (I May Destroy You)<\/p>\n<p><strong>Mejor TV Movie:<\/strong>\u00a0Dolly Parton: Navidad en la plaza (Netflix)<\/p>\n<p><strong>Mejor serie de animaci\u00f3n:<\/strong>\u00a0Primal (Adult Swim)<\/p>\n<p><strong>Mejor reality concurso:\u00a0<\/strong>RuPaul&#8217;s Drag Race (VH1)<\/p>\n<p><strong>Mejor talk show:<\/strong>\u00a0Last Week Tonight with John Oliver (HBO)<\/p>\n<div class=\"midwidget-taboola\">\n<div id=\"taboola-mid-article-mca-oc-1632145420058\" class=\"taboola-mid-article-widget trc_related_container trc_spotlight_widget trc_elastic trc_elastic_organic-thumbnails-d-2x1 \" data-placement-name=\"Mid Article-MCA-OC\">\n<div class=\"trc_rbox_container\">\n<div id=\"trc_wrapper_33164\" class=\"trc_rbox organic-thumbnails-d-2x1 trc-content-organic \">\n<div id=\"trc_header_33164\" class=\"trc_rbox_header trc_rbox_border_elm\">\n<div class=\"trc_header_ext\"><strong><em>*IMAGEN: Getty Images<\/em><\/strong><\/div>\n<\/div>\n<\/div>\n<\/div>\n<\/div>\n<\/div>\n<div class=\"ue-c-article__bar-secondary ue-u-hide-until-tablet ue-l-article--leftcol-width-from-tablet ue-l-article--float-left-from-tablet-no-margin ue-l-article--move-to-leftcol-from-tablet ue-u-sticky-top-80\"><\/div>\n<div class=\"ue-c-article__body\">\n<p>&nbsp;<\/p>\n<\/div>\n<\/div>\n","protected":false},"author":11636,"featured_media":101281,"template":"","format":"standard","categories":[],"acf":[],"yoast_head":"<!-- This site is optimized with the Yoast SEO Premium plugin v18.5 (Yoast SEO v20.4) - https:\/\/yoast.com\/wordpress\/plugins\/seo\/ -->\n<title>Todos los ganadores de los premios Emmy 2021 | Grazia M\u00e9xico y Latinoam\u00e9rica<\/title>\n<meta name=\"description\" content=\"Ya sabemos qui\u00e9nes ganaron la estatuilla en la edici\u00f3n n\u00famero 73 de los premios de la Televisi\u00f3n de Estados Unidos.\" \/>\n<meta name=\"robots\" content=\"index, follow, max-snippet:-1, max-image-preview:large, max-video-preview:-1\" \/>\n<link rel=\"canonical\" href=\"https:\/\/graziamagazine.com\/mx\/articles\/todos-los-ganadores-de-los-premios-emmy-2021\/\" \/>\n<meta property=\"og:locale\" content=\"es_MX\" \/>\n<meta property=\"og:type\" content=\"article\" \/>\n<meta property=\"og:title\" content=\"Todos los ganadores de los premios Emmy 2021\" \/>\n<meta property=\"og:description\" content=\"Ya sabemos qui\u00e9nes ganaron la estatuilla en la edici\u00f3n n\u00famero 73 de los premios de la Televisi\u00f3n de Estados Unidos.\" \/>\n<meta property=\"og:url\" content=\"https:\/\/graziamagazine.com\/mx\/articles\/todos-los-ganadores-de-los-premios-emmy-2021\/\" \/>\n<meta property=\"og:site_name\" content=\"Grazia M\u00e9xico y Latinoam\u00e9rica\" \/>\n<meta property=\"article:modified_time\" content=\"2021-09-20T13:51:49+00:00\" \/>\n<meta property=\"og:image\" content=\"https:\/\/graziamagazine.com\/mx\/wp-content\/uploads\/sites\/13\/2021\/09\/2a26311b-71e7-45ff-b9b6-5df5cda1b400_alta-libre-aspect-ratio_default_0.jpeg?fit=1200%2C787\" \/>\n\t<meta property=\"og:image:width\" content=\"1200\" \/>\n\t<meta property=\"og:image:height\" content=\"787\" \/>\n\t<meta property=\"og:image:type\" content=\"image\/jpeg\" \/>\n<meta name=\"twitter:card\" content=\"summary_large_image\" \/>\n<meta name=\"twitter:label1\" content=\"Est. reading time\" \/>\n\t<meta name=\"twitter:data1\" content=\"2 minutos\" \/>\n<script type=\"application\/ld+json\" class=\"yoast-schema-graph\">{\"@context\":\"https:\/\/schema.org\",\"@graph\":[{\"@type\":\"WebPage\",\"@id\":\"https:\/\/graziamagazine.com\/mx\/articles\/todos-los-ganadores-de-los-premios-emmy-2021\/\",\"url\":\"https:\/\/graziamagazine.com\/mx\/articles\/todos-los-ganadores-de-los-premios-emmy-2021\/\",\"name\":\"Todos los ganadores de los premios Emmy 2021 | Grazia M\u00e9xico y Latinoam\u00e9rica\",\"isPartOf\":{\"@id\":\"https:\/\/graziamagazine.com\/mx\/#website\"},\"datePublished\":\"2021-09-20T13:00:03+00:00\",\"dateModified\":\"2021-09-20T13:51:49+00:00\",\"description\":\"Ya sabemos qui\u00e9nes ganaron la estatuilla en la edici\u00f3n n\u00famero 73 de los premios de la Televisi\u00f3n de Estados Unidos.\",\"breadcrumb\":{\"@id\":\"https:\/\/graziamagazine.com\/mx\/articles\/todos-los-ganadores-de-los-premios-emmy-2021\/#breadcrumb\"},\"inLanguage\":\"es-MX\",\"potentialAction\":[{\"@type\":\"ReadAction\",\"target\":[\"https:\/\/graziamagazine.com\/mx\/articles\/todos-los-ganadores-de-los-premios-emmy-2021\/\"]}]},{\"@type\":\"BreadcrumbList\",\"@id\":\"https:\/\/graziamagazine.com\/mx\/articles\/todos-los-ganadores-de-los-premios-emmy-2021\/#breadcrumb\",\"itemListElement\":[{\"@type\":\"ListItem\",\"position\":1,\"name\":\"Home\",\"item\":\"https:\/\/graziamagazine.com\/mx\/\"},{\"@type\":\"ListItem\",\"position\":2,\"name\":\"Todos los ganadores de los premios Emmy 2021\"}]},{\"@type\":\"WebSite\",\"@id\":\"https:\/\/graziamagazine.com\/mx\/#website\",\"url\":\"https:\/\/graziamagazine.com\/mx\/\",\"name\":\"Grazia M\u00e9xico y Latinoam\u00e9rica\",\"description\":\"Grazia es moda, belleza y noticias  de actualidad \",\"potentialAction\":[{\"@type\":\"SearchAction\",\"target\":{\"@type\":\"EntryPoint\",\"urlTemplate\":\"https:\/\/graziamagazine.com\/mx\/?s={search_term_string}\"},\"query-input\":\"required name=search_term_string\"}],\"inLanguage\":\"es-MX\"}]}<\/script>\n<!-- \/ Yoast SEO Premium plugin. -->","yoast_head_json":{"title":"Todos los ganadores de los premios Emmy 2021 | Grazia M\u00e9xico y Latinoam\u00e9rica","description":"Ya sabemos qui\u00e9nes ganaron la estatuilla en la edici\u00f3n n\u00famero 73 de los premios de la Televisi\u00f3n de Estados Unidos.","robots":{"index":"index","follow":"follow","max-snippet":"max-snippet:-1","max-image-preview":"max-image-preview:large","max-video-preview":"max-video-preview:-1"},"canonical":"https:\/\/graziamagazine.com\/mx\/articles\/todos-los-ganadores-de-los-premios-emmy-2021\/","og_locale":"es_MX","og_type":"article","og_title":"Todos los ganadores de los premios Emmy 2021","og_description":"Ya sabemos qui\u00e9nes ganaron la estatuilla en la edici\u00f3n n\u00famero 73 de los premios de la Televisi\u00f3n de Estados Unidos.","og_url":"https:\/\/graziamagazine.com\/mx\/articles\/todos-los-ganadores-de-los-premios-emmy-2021\/","og_site_name":"Grazia M\u00e9xico y Latinoam\u00e9rica","article_modified_time":"2021-09-20T13:51:49+00:00","og_image":[{"width":1200,"height":787,"url":"https:\/\/graziamagazine.com\/mx\/wp-content\/uploads\/sites\/13\/2021\/09\/2a26311b-71e7-45ff-b9b6-5df5cda1b400_alta-libre-aspect-ratio_default_0.jpeg?fit=1200%2C787","type":"image\/jpeg"}],"twitter_card":"summary_large_image","twitter_misc":{"Est. reading time":"2 minutos"},"schema":{"@context":"https:\/\/schema.org","@graph":[{"@type":"WebPage","@id":"https:\/\/graziamagazine.com\/mx\/articles\/todos-los-ganadores-de-los-premios-emmy-2021\/","url":"https:\/\/graziamagazine.com\/mx\/articles\/todos-los-ganadores-de-los-premios-emmy-2021\/","name":"Todos los ganadores de los premios Emmy 2021 | Grazia M\u00e9xico y Latinoam\u00e9rica","isPartOf":{"@id":"https:\/\/graziamagazine.com\/mx\/#website"},"datePublished":"2021-09-20T13:00:03+00:00","dateModified":"2021-09-20T13:51:49+00:00","description":"Ya sabemos qui\u00e9nes ganaron la estatuilla en la edici\u00f3n n\u00famero 73 de los premios de la Televisi\u00f3n de Estados Unidos.","breadcrumb":{"@id":"https:\/\/graziamagazine.com\/mx\/articles\/todos-los-ganadores-de-los-premios-emmy-2021\/#breadcrumb"},"inLanguage":"es-MX","potentialAction":[{"@type":"ReadAction","target":["https:\/\/graziamagazine.com\/mx\/articles\/todos-los-ganadores-de-los-premios-emmy-2021\/"]}]},{"@type":"BreadcrumbList","@id":"https:\/\/graziamagazine.com\/mx\/articles\/todos-los-ganadores-de-los-premios-emmy-2021\/#breadcrumb","itemListElement":[{"@type":"ListItem","position":1,"name":"Home","item":"https:\/\/graziamagazine.com\/mx\/"},{"@type":"ListItem","position":2,"name":"Todos los ganadores de los premios Emmy 2021"}]},{"@type":"WebSite","@id":"https:\/\/graziamagazine.com\/mx\/#website","url":"https:\/\/graziamagazine.com\/mx\/","name":"Grazia M\u00e9xico y Latinoam\u00e9rica","description":"Grazia es moda, belleza y noticias  de actualidad ","potentialAction":[{"@type":"SearchAction","target":{"@type":"EntryPoint","urlTemplate":"https:\/\/graziamagazine.com\/mx\/?s={search_term_string}"},"query-input":"required name=search_term_string"}],"inLanguage":"es-MX"}]}},"jetpack_sharing_enabled":true,"distributor_meta":false,"distributor_terms":false,"distributor_media":false,"distributor_original_site_name":"Grazia M\u00e9xico y Latinoam\u00e9rica","distributor_original_site_url":"https:\/\/graziamagazine.com\/mx","push-errors":false,"_links":{"self":[{"href":"https:\/\/graziamagazine.com\/mx\/wp-json\/wp\/v2\/articles\/101218"}],"collection":[{"href":"https:\/\/graziamagazine.com\/mx\/wp-json\/wp\/v2\/articles"}],"about":[{"href":"https:\/\/graziamagazine.com\/mx\/wp-json\/wp\/v2\/types\/articles"}],"author":[{"embeddable":true,"href":"https:\/\/graziamagazine.com\/mx\/wp-json\/wp\/v2\/users\/11636"}],"wp:featuredmedia":[{"embeddable":true,"href":"https:\/\/graziamagazine.com\/mx\/wp-json\/wp\/v2\/media\/101281"}],"wp:attachment":[{"href":"https:\/\/graziamagazine.com\/mx\/wp-json\/wp\/v2\/media?parent=101218"}],"wp:term":[{"taxonomy":"category","embeddable":true,"href":"https:\/\/graziamagazine.com\/mx\/wp-json\/wp\/v2\/categories?post=101218"}],"curies":[{"name":"wp","href":"https:\/\/api.w.org\/{rel}","templated":true}]}}