{"id":101180,"date":"2021-09-20T12:30:28","date_gmt":"2021-09-20T17:30:28","guid":{"rendered":"https:\/\/graziamagazine.com\/mx\/?post_type=articles&#038;p=101180"},"modified":"2021-09-20T12:02:56","modified_gmt":"2021-09-20T17:02:56","slug":"asi-es-el-nuevo-iphone-13-pro-de-apple-esto-es-todo-lo-que-debes-saber","status":"publish","type":"articles","link":"https:\/\/graziamagazine.com\/mx\/articles\/asi-es-el-nuevo-iphone-13-pro-de-apple-esto-es-todo-lo-que-debes-saber\/","title":{"rendered":"As\u00ed es el nuevo iPhone 13 Pro de Apple: esto es todo lo que debes saber"},"content":{"rendered":"<p><span style=\"font-weight: 400\"><strong>\u200b\u200bApple<\/strong> dio a conocer su nueva generaci\u00f3n de tel\u00e9fonos inteligentes, el <strong>iPhone 13, iPhone 13 mini, iPhone Pro y el iPhone Pro Max<\/strong>, adem\u00e1s de una actualizaci\u00f3n a su sistema operativo, desatando la impaciencia de los <em>apple lovers<\/em> con los elevados precios de los equipos.\u00a0<\/span><\/p>\n<p><span style=\"font-weight: 400\">La \u00faltima versi\u00f3n del iPhone estar\u00e1 <strong>disponible en M\u00e9xico a partir del 10 de octubre<\/strong>, y podr\u00e1s adquirirlo en preventa desde el primer d\u00eda de ese mes. Se trata de una versi\u00f3n mucho m\u00e1s avanzada que las anteriores, con c\u00e1mara fotogr\u00e1fica mejorada, amigable con el medio ambiente y nuevas funciones para los usuarios.<\/span><\/p>\n<p><span style=\"font-weight: 400\">\u201cEl sistema de c\u00e1mara profesional m\u00e1s avanzado jam\u00e1s instalado en el iPhone; Pantalla Super Retina XDR con ProMotion; un salto masivo en la duraci\u00f3n de la bater\u00eda; A15 Bionic, el chip m\u00e1s r\u00e1pido en un tel\u00e9fono inteligente; una experiencia 5G avanzada; y mucho m\u00e1s\u201d, explic\u00f3 Apple en el comunicado del lanzamiento.<\/span><\/p>\n<p><span style=\"font-weight: 400\">Todas estas funciones se ejecutan en el <strong>sistema iOs 15<\/strong>, una actualizaci\u00f3n que incluye mejoras en los <em>widgets<\/em> de la pantalla de inicio, que estar\u00e1 <strong>disponible de manera gratuita el lunes 20 de septiembre.<\/strong><\/span><\/p>\n<p><span style=\"font-weight: 400\">Los costos del iPhone son:<\/span><\/p>\n<ul>\n<li><span style=\"font-weight: 400\">iPhone 13 mini: $17,999 pesos.<\/span><\/li>\n<li><span style=\"font-weight: 400\">iPhone 13: $20,999 pesos.<\/span><\/li>\n<li><span style=\"font-weight: 400\">iPhone 13 Pro: $25,999 pesos.<\/span><\/li>\n<li><span style=\"font-weight: 400\">iPhone 13 Pro Max: $29,999.<\/span><\/li>\n<\/ul>\n<p><span style=\"font-weight: 400\">\u201cEstas tecnolog\u00edas permiten nuevas e impresionantes capacidades fotogr\u00e1ficas nunca antes posibles en el iPhone, como la fotograf\u00eda macro en la nueva c\u00e1mara Ultra Wide y un rendimiento mejorado con poca luz de hasta 2.2x en la nueva c\u00e1mara Wide. Las nuevas funciones de fotograf\u00eda computacional, como los estilos fotogr\u00e1ficos, personalizan el aspecto de las im\u00e1genes en la aplicaci\u00f3n C\u00e1mara, y ambos modelos ahora incluyen el modo nocturno en todas las c\u00e1maras. El video da un gran paso adelante con el modo Cinem\u00e1tico para hermosas transiciones de profundidad de campo, video macro, Time-lapse y Slo-mo, e incluso un mejor rendimiento con poca luz. Ambos modelos tambi\u00e9n ofrecen flujos de trabajo profesionales de extremo a extremo en Dolby Vision y, por primera vez, ProRes, solo disponible en iPhone. El iPhone 13 Pro y el iPhone 13 Pro Max tambi\u00e9n incluyen 5G con m\u00e1s bandas para una mejor cobertura, grandes mejoras en la duraci\u00f3n de la bater\u00eda para la mejor duraci\u00f3n de la bater\u00eda en el iPhone con iPhone 13 Pro Max, nueva capacidad de almacenamiento de 1TB y la cubierta frontal Ceramic Shield. M\u00e1s resistente que el cristal de cualquier smartphone\u201d, se lee en el comunicado.<\/span><\/p>\n<blockquote><p><span style=\"font-weight: 400\">El iPhone 13 Pro y el iPhone 13 Pro Max estar\u00e1n disponibles en cuatro acabados, que incluyen grafito, dorado, plateado y el nuevo azul sierra.<\/span><\/p><\/blockquote>\n<p><img loading=\"lazy\" decoding=\"async\" class=\"alignnone wp-image-101289 size-large\" src=\"https:\/\/graziamagazine.com\/mx\/wp-content\/uploads\/sites\/13\/2021\/09\/Apple_iPhone-13-Pro_Colors_09142021.jpeg?w=1024\" alt=\"As\u00ed es el nuevo iPhone 13 Pro de Apple: esto es todo lo que debes saber\" width=\"1024\" height=\"819\" \/><\/p>\n<p><span style=\"font-weight: 400\">\u201cEl iPhone 13 Pro y el iPhone 13 Pro Max conforman nuestra l\u00ednea de iPhone m\u00e1s profesional con el mayor avance para nuestro sistema de c\u00e1mara, la mejor duraci\u00f3n de la bater\u00eda en un iPhone y el rendimiento m\u00e1s r\u00e1pido de cualquier tel\u00e9fono inteligente, estableciendo un nuevo est\u00e1ndar para iPhone y permitiendo experiencias incre\u00edbles nunca antes posibles \u201d, dijo Greg Joswiak, vicepresidente senior de marketing mundial de Apple. \u201cEl nuevo sistema de c\u00e1mara profesional ofrece a\u00fan m\u00e1s capacidades de fotograf\u00eda profesional como zoom telefoto mejorado, fotograf\u00eda macro, estilos fotogr\u00e1ficos, modo cinematogr\u00e1fico, as\u00ed como video ProRes y Dolby Vision. La pantalla Super Retina XDR con ProMotion es nuestra mejor pantalla; responde de forma inteligente al contenido de la pantalla, ofrece un rendimiento gr\u00e1fico fant\u00e1stico y es perfecto para cualquier experiencia visual&#8221;.<\/span><\/p>\n<p><span style=\"font-weight: 400\">El iPhone 13 Pro y el iPhone 13 Pro Max est\u00e1n dise\u00f1ados para minimizar su impacto en el medio ambiente, incluido el uso de elementos de tierras raras 100% reciclados en imanes como los que se utilizan en MagSafe, esta\u00f1o 100% reciclado en la soldadura de la placa l\u00f3gica principal y, por primera vez, en la soldadura de la unidad de gesti\u00f3n de la bater\u00eda.\u00a0<\/span><\/p>\n<p><span style=\"font-weight: 400\">Ambos modelos tambi\u00e9n introducen oro 100 por ciento reciclado en el revestimiento de la placa l\u00f3gica principal y el cable en la c\u00e1mara frontal y las c\u00e1maras traseras.\u00a0<\/span><\/p>\n<p><span style=\"font-weight: 400\">\u00bfLo vas a comprar?<\/span><\/p>\n<p><em><strong>*IM\u00c1GENES: cortes\u00eda de Apple<\/strong><\/em><\/p>\n","protected":false},"author":11628,"featured_media":101288,"template":"","format":"standard","categories":[114],"acf":[],"yoast_head":"<!-- This site is optimized with the Yoast SEO Premium plugin v18.5 (Yoast SEO v20.4) - https:\/\/yoast.com\/wordpress\/plugins\/seo\/ -->\n<title>As\u00ed es el nuevo iPhone 13 Pro de Apple: esto es todo lo que debes saber | Grazia M\u00e9xico y Latinoam\u00e9rica<\/title>\n<meta name=\"description\" content=\"Cuatro nuevas opciones de tel\u00e9fonos inteligentes, pero \u00bfa qu\u00e9 costo?\" \/>\n<meta name=\"robots\" content=\"index, follow, max-snippet:-1, max-image-preview:large, max-video-preview:-1\" \/>\n<link rel=\"canonical\" href=\"https:\/\/graziamagazine.com\/mx\/articles\/asi-es-el-nuevo-iphone-13-pro-de-apple-esto-es-todo-lo-que-debes-saber\/\" \/>\n<meta property=\"og:locale\" content=\"es_MX\" \/>\n<meta property=\"og:type\" content=\"article\" \/>\n<meta property=\"og:title\" content=\"As\u00ed es el nuevo iPhone 13 Pro de Apple: esto es todo lo que debes saber\" \/>\n<meta property=\"og:description\" content=\"Cuatro nuevas opciones de tel\u00e9fonos inteligentes, pero \u00bfa qu\u00e9 costo?\" \/>\n<meta property=\"og:url\" content=\"https:\/\/graziamagazine.com\/mx\/articles\/asi-es-el-nuevo-iphone-13-pro-de-apple-esto-es-todo-lo-que-debes-saber\/\" \/>\n<meta property=\"og:site_name\" content=\"Grazia M\u00e9xico y Latinoam\u00e9rica\" \/>\n<meta property=\"article:modified_time\" content=\"2021-09-20T17:02:56+00:00\" \/>\n<meta property=\"og:image\" content=\"https:\/\/graziamagazine.com\/mx\/wp-content\/uploads\/sites\/13\/2021\/09\/Apple_iphone13_design_09142021.jpeg?fit=1960%2C1102\" \/>\n\t<meta property=\"og:image:width\" content=\"1960\" \/>\n\t<meta property=\"og:image:height\" content=\"1102\" \/>\n\t<meta property=\"og:image:type\" content=\"image\/jpeg\" \/>\n<meta name=\"twitter:card\" content=\"summary_large_image\" \/>\n<meta name=\"twitter:label1\" content=\"Est. reading time\" \/>\n\t<meta name=\"twitter:data1\" content=\"4 minutos\" \/>\n<script type=\"application\/ld+json\" class=\"yoast-schema-graph\">{\"@context\":\"https:\/\/schema.org\",\"@graph\":[{\"@type\":\"WebPage\",\"@id\":\"https:\/\/graziamagazine.com\/mx\/articles\/asi-es-el-nuevo-iphone-13-pro-de-apple-esto-es-todo-lo-que-debes-saber\/\",\"url\":\"https:\/\/graziamagazine.com\/mx\/articles\/asi-es-el-nuevo-iphone-13-pro-de-apple-esto-es-todo-lo-que-debes-saber\/\",\"name\":\"As\u00ed es el nuevo iPhone 13 Pro de Apple: esto es todo lo que debes saber | Grazia M\u00e9xico y Latinoam\u00e9rica\",\"isPartOf\":{\"@id\":\"https:\/\/graziamagazine.com\/mx\/#website\"},\"datePublished\":\"2021-09-20T17:30:28+00:00\",\"dateModified\":\"2021-09-20T17:02:56+00:00\",\"description\":\"Cuatro nuevas opciones de tel\u00e9fonos inteligentes, pero \u00bfa qu\u00e9 costo?\",\"breadcrumb\":{\"@id\":\"https:\/\/graziamagazine.com\/mx\/articles\/asi-es-el-nuevo-iphone-13-pro-de-apple-esto-es-todo-lo-que-debes-saber\/#breadcrumb\"},\"inLanguage\":\"es-MX\",\"potentialAction\":[{\"@type\":\"ReadAction\",\"target\":[\"https:\/\/graziamagazine.com\/mx\/articles\/asi-es-el-nuevo-iphone-13-pro-de-apple-esto-es-todo-lo-que-debes-saber\/\"]}]},{\"@type\":\"BreadcrumbList\",\"@id\":\"https:\/\/graziamagazine.com\/mx\/articles\/asi-es-el-nuevo-iphone-13-pro-de-apple-esto-es-todo-lo-que-debes-saber\/#breadcrumb\",\"itemListElement\":[{\"@type\":\"ListItem\",\"position\":1,\"name\":\"Home\",\"item\":\"https:\/\/graziamagazine.com\/mx\/\"},{\"@type\":\"ListItem\",\"position\":2,\"name\":\"As\u00ed es el nuevo iPhone 13 Pro de Apple: esto es todo lo que debes saber\"}]},{\"@type\":\"WebSite\",\"@id\":\"https:\/\/graziamagazine.com\/mx\/#website\",\"url\":\"https:\/\/graziamagazine.com\/mx\/\",\"name\":\"Grazia M\u00e9xico y Latinoam\u00e9rica\",\"description\":\"Grazia es moda, belleza y noticias  de actualidad \",\"potentialAction\":[{\"@type\":\"SearchAction\",\"target\":{\"@type\":\"EntryPoint\",\"urlTemplate\":\"https:\/\/graziamagazine.com\/mx\/?s={search_term_string}\"},\"query-input\":\"required name=search_term_string\"}],\"inLanguage\":\"es-MX\"}]}<\/script>\n<!-- \/ Yoast SEO Premium plugin. -->","yoast_head_json":{"title":"As\u00ed es el nuevo iPhone 13 Pro de Apple: esto es todo lo que debes saber | Grazia M\u00e9xico y Latinoam\u00e9rica","description":"Cuatro nuevas opciones de tel\u00e9fonos inteligentes, pero \u00bfa qu\u00e9 costo?","robots":{"index":"index","follow":"follow","max-snippet":"max-snippet:-1","max-image-preview":"max-image-preview:large","max-video-preview":"max-video-preview:-1"},"canonical":"https:\/\/graziamagazine.com\/mx\/articles\/asi-es-el-nuevo-iphone-13-pro-de-apple-esto-es-todo-lo-que-debes-saber\/","og_locale":"es_MX","og_type":"article","og_title":"As\u00ed es el nuevo iPhone 13 Pro de Apple: esto es todo lo que debes saber","og_description":"Cuatro nuevas opciones de tel\u00e9fonos inteligentes, pero \u00bfa qu\u00e9 costo?","og_url":"https:\/\/graziamagazine.com\/mx\/articles\/asi-es-el-nuevo-iphone-13-pro-de-apple-esto-es-todo-lo-que-debes-saber\/","og_site_name":"Grazia M\u00e9xico y Latinoam\u00e9rica","article_modified_time":"2021-09-20T17:02:56+00:00","og_image":[{"width":1960,"height":1102,"url":"https:\/\/graziamagazine.com\/mx\/wp-content\/uploads\/sites\/13\/2021\/09\/Apple_iphone13_design_09142021.jpeg?fit=1960%2C1102","type":"image\/jpeg"}],"twitter_card":"summary_large_image","twitter_misc":{"Est. reading time":"4 minutos"},"schema":{"@context":"https:\/\/schema.org","@graph":[{"@type":"WebPage","@id":"https:\/\/graziamagazine.com\/mx\/articles\/asi-es-el-nuevo-iphone-13-pro-de-apple-esto-es-todo-lo-que-debes-saber\/","url":"https:\/\/graziamagazine.com\/mx\/articles\/asi-es-el-nuevo-iphone-13-pro-de-apple-esto-es-todo-lo-que-debes-saber\/","name":"As\u00ed es el nuevo iPhone 13 Pro de Apple: esto es todo lo que debes saber | Grazia M\u00e9xico y Latinoam\u00e9rica","isPartOf":{"@id":"https:\/\/graziamagazine.com\/mx\/#website"},"datePublished":"2021-09-20T17:30:28+00:00","dateModified":"2021-09-20T17:02:56+00:00","description":"Cuatro nuevas opciones de tel\u00e9fonos inteligentes, pero \u00bfa qu\u00e9 costo?","breadcrumb":{"@id":"https:\/\/graziamagazine.com\/mx\/articles\/asi-es-el-nuevo-iphone-13-pro-de-apple-esto-es-todo-lo-que-debes-saber\/#breadcrumb"},"inLanguage":"es-MX","potentialAction":[{"@type":"ReadAction","target":["https:\/\/graziamagazine.com\/mx\/articles\/asi-es-el-nuevo-iphone-13-pro-de-apple-esto-es-todo-lo-que-debes-saber\/"]}]},{"@type":"BreadcrumbList","@id":"https:\/\/graziamagazine.com\/mx\/articles\/asi-es-el-nuevo-iphone-13-pro-de-apple-esto-es-todo-lo-que-debes-saber\/#breadcrumb","itemListElement":[{"@type":"ListItem","position":1,"name":"Home","item":"https:\/\/graziamagazine.com\/mx\/"},{"@type":"ListItem","position":2,"name":"As\u00ed es el nuevo iPhone 13 Pro de Apple: esto es todo lo que debes saber"}]},{"@type":"WebSite","@id":"https:\/\/graziamagazine.com\/mx\/#website","url":"https:\/\/graziamagazine.com\/mx\/","name":"Grazia M\u00e9xico y Latinoam\u00e9rica","description":"Grazia es moda, belleza y noticias  de actualidad ","potentialAction":[{"@type":"SearchAction","target":{"@type":"EntryPoint","urlTemplate":"https:\/\/graziamagazine.com\/mx\/?s={search_term_string}"},"query-input":"required name=search_term_string"}],"inLanguage":"es-MX"}]}},"jetpack_sharing_enabled":true,"distributor_meta":false,"distributor_terms":false,"distributor_media":false,"distributor_original_site_name":"Grazia M\u00e9xico y Latinoam\u00e9rica","distributor_original_site_url":"https:\/\/graziamagazine.com\/mx","push-errors":false,"_links":{"self":[{"href":"https:\/\/graziamagazine.com\/mx\/wp-json\/wp\/v2\/articles\/101180"}],"collection":[{"href":"https:\/\/graziamagazine.com\/mx\/wp-json\/wp\/v2\/articles"}],"about":[{"href":"https:\/\/graziamagazine.com\/mx\/wp-json\/wp\/v2\/types\/articles"}],"author":[{"embeddable":true,"href":"https:\/\/graziamagazine.com\/mx\/wp-json\/wp\/v2\/users\/11628"}],"wp:featuredmedia":[{"embeddable":true,"href":"https:\/\/graziamagazine.com\/mx\/wp-json\/wp\/v2\/media\/101288"}],"wp:attachment":[{"href":"https:\/\/graziamagazine.com\/mx\/wp-json\/wp\/v2\/media?parent=101180"}],"wp:term":[{"taxonomy":"category","embeddable":true,"href":"https:\/\/graziamagazine.com\/mx\/wp-json\/wp\/v2\/categories?post=101180"}],"curies":[{"name":"wp","href":"https:\/\/api.w.org\/{rel}","templated":true}]}}