{"id":101159,"date":"2021-09-22T09:30:50","date_gmt":"2021-09-22T14:30:50","guid":{"rendered":"https:\/\/graziamagazine.com\/mx\/?post_type=articles&#038;p=101159"},"modified":"2021-09-22T10:32:50","modified_gmt":"2021-09-22T15:32:50","slug":"ca-presenta-su-nueva-estrategia-de-sustentabilidad-2028","status":"publish","type":"articles","link":"https:\/\/graziamagazine.com\/mx\/articles\/ca-presenta-su-nueva-estrategia-de-sustentabilidad-2028\/","title":{"rendered":"C&amp;A presenta su nueva estrategia de sustentabilidad 2028"},"content":{"rendered":"<p><strong>C&amp;A<\/strong> se ha caracterizado por ofrecernos prendas que adem\u00e1s de verse incre\u00edbles, tambi\u00e9n ayudan al movimiento sustentable dentro de la industria de la moda. Desde su estrategia para disminuir su impacto <strong>ambiental<\/strong> sin comprometer la calidad de sus productos hasta opciones de compra alternativas m\u00e1s <strong>sustentables<\/strong>,<\/p>\n<p>Hoy, adem\u00e1s de tocar sus planes a futuro, tambi\u00e9n han mencionado los resultados de su estrategia anterior, teniendo al <strong>Reporte Global de Sustentabilidad 2020<\/strong> como la recopilaci\u00f3n de lo que ha ocurrido en este camino hacia el cambio.<\/p>\n<blockquote><p>\u201cNos hemos retado a nosotros mismos, hemos sido retados por otros y hemos superado los l\u00edmites de lo posible: aprender y perfeccionar nuestro enfoque a lo largo del camino\u201d, dijo <strong>Aleix Busquets Gonzales<\/strong>, Director Global de Sustentabilidad de la marca.<\/p>\n<p>https:\/\/www.instagram.com\/p\/CTQW6kUsErI\/<\/p><\/blockquote>\n<p>Entre los puntos a destacar en este informe mencionan que forman parte del programa <strong>ZDHC (Zero Discharge of Hazardous Chemicals)<\/strong>, por lo que actualmente son la \u00fanica marca de moda en M\u00e9xico que forma parte de \u00e9l. Tambi\u00e9n mencionan que el 69% de la materia prima de <strong>C&amp;A<\/strong> a nivel mundial es m\u00e1s sustentable. En 2016, M\u00e9xico ten\u00eda solo el 1%, en <strong>2020 llegaron al 31%<\/strong> de <strong>materia prima m\u00e1s sustentable.<\/strong><\/p>\n<div>Gracias al programa de reciclaje de prendas, en Europa la marca lleg\u00f3 a la cifra de 3,157 toneladas recolectadas para poder darles una segunda vida. En <strong>M\u00e9xico<\/strong>, por su parte est\u00e1n apunto de relanzar <strong>ReutiliC&amp;A,\u00a0<\/strong>despu\u00e9s de la pausa que sufri\u00f3 el programa a ra\u00edz de la pandemia.\u00a0<strong>C&amp;A M\u00e9xico<\/strong> fue la marca mejor evaluada por el <strong>\u00cdndice de Transparencia de la Moda<\/strong> de <strong>Fashion Revolution M\u00e9xico<\/strong> en 2020.<\/div>\n<div>\n<!--[if lt IE 9]><script>document.createElement('video');<\/script><![endif]-->\n\t<div class=\"wp-playlist wp-video-playlist wp-playlist-light\">\n\t\t<video controls=\"controls\" preload=\"none\" width=\"640\"\n\t\t height=\"360\"\t><\/video>\n\t<div class=\"wp-playlist-next\"><\/div>\n\t<div class=\"wp-playlist-prev\"><\/div>\n\t<noscript>\n\t<ol>\n\t\t<li><a href='https:\/\/graziamagazine.com\/mx\/wp-content\/uploads\/sites\/13\/2021\/09\/3x3_Nesus.mp4'>C&amp;A<\/a><\/li>\t<\/ol>\n\t<\/noscript>\n\t<script type=\"application\/json\" class=\"wp-playlist-script\">{\"type\":\"video\",\"tracklist\":true,\"tracknumbers\":true,\"images\":true,\"artists\":true,\"tracks\":[{\"src\":\"https:\\\/\\\/graziamagazine.com\\\/mx\\\/wp-content\\\/uploads\\\/sites\\\/13\\\/2021\\\/09\\\/3x3_Nesus.mp4\",\"type\":\"video\\\/mp4\",\"title\":\"C&amp;A\",\"caption\":\"\",\"description\":\"\",\"meta\":{\"length_formatted\":\"0:24\"},\"dimensions\":{\"original\":{\"width\":1920,\"height\":1080},\"resized\":{\"width\":640,\"height\":360}},\"image\":{\"src\":\"https:\\\/\\\/graziamagazine.com\\\/mx\\\/wp-includes\\\/images\\\/media\\\/video.png\",\"width\":48,\"height\":64},\"thumb\":{\"src\":\"https:\\\/\\\/graziamagazine.com\\\/mx\\\/wp-includes\\\/images\\\/media\\\/video.png\",\"width\":48,\"height\":64}}]}<\/script>\n<\/div>\n\t\n<\/div>\n<div><\/div>\n<div>\n<p>Por otro lado para el 2028, la misi\u00f3n de la marca continua haciendo <strong>moda accesible de manera responsable<\/strong> no solo es necesaria, sino que adem\u00e1s requiere de nuevas metas y objetivos que nos acerquen cada vez m\u00e1s a <strong>vestir el cambio<\/strong>. Recientemente presentaron a nivel global una estrategia basada en tres principales objetivos que involucran distintas acciones:<\/p>\n<ul>\n<li>\n<div><strong>Personas: <\/strong>Contribuyen a mejorar el bienestar de las personas; desde quienes trabajan en nuestra cadena de suministro, hasta nuestros propios colaboradores, incluyendo las comunidades en las que tenemos presencia.<\/div>\n<\/li>\n<li><strong>Planeta:<\/strong> Renovaron\u00a0y restauraron recursos naturales, trabajaron constantemente para reducir el impacto ambiental eliminando las descargas de sustancias qu\u00edmicas peligrosas, reduciendo el consumo de agua y energ\u00eda el\u00e9ctrica.<\/li>\n<li><strong>Futuro: <\/strong>Incluyeron materiales y procesos m\u00e1s sustentables en cada colecci\u00f3n, adoptando los principios de circularidad.<\/li>\n<\/ul>\n<\/div>\n<div>Sin duda alguna estos movimientos pro-ambientales y sociales de la marca est\u00e1n forjando un camino m\u00e1s saludable para el planeta y para la industria.<\/div>\n<div><\/div>\n<div><\/div>\n<h5>IM\u00c1GENES: Cortes\u00eda de C&amp;A<\/h5>\n","protected":false},"author":27779,"featured_media":101162,"template":"","format":"standard","categories":[4],"acf":[],"yoast_head":"<!-- This site is optimized with the Yoast SEO Premium plugin v18.5 (Yoast SEO v20.4) - https:\/\/yoast.com\/wordpress\/plugins\/seo\/ -->\n<title>C&amp;A presenta su nueva estrategia de sustentabilidad 2028 | Grazia M\u00e9xico y Latinoam\u00e9rica<\/title>\n<meta name=\"description\" content=\"C&amp;A se ha caracterizado por ofrecernos prendas que adem\u00e1s de verse incre\u00edbles, tambi\u00e9n ayudan al movimiento sustentable dentro de la industria de la\" \/>\n<meta name=\"robots\" content=\"index, follow, max-snippet:-1, max-image-preview:large, max-video-preview:-1\" \/>\n<link rel=\"canonical\" href=\"https:\/\/graziamagazine.com\/mx\/articles\/ca-presenta-su-nueva-estrategia-de-sustentabilidad-2028\/\" \/>\n<meta property=\"og:locale\" content=\"es_MX\" \/>\n<meta property=\"og:type\" content=\"article\" \/>\n<meta property=\"og:title\" content=\"C&amp;A presenta su nueva estrategia de sustentabilidad 2028\" \/>\n<meta property=\"og:description\" content=\"C&amp;A se ha caracterizado por ofrecernos prendas que adem\u00e1s de verse incre\u00edbles, tambi\u00e9n ayudan al movimiento sustentable dentro de la industria de la\" \/>\n<meta property=\"og:url\" content=\"https:\/\/graziamagazine.com\/mx\/articles\/ca-presenta-su-nueva-estrategia-de-sustentabilidad-2028\/\" \/>\n<meta property=\"og:site_name\" content=\"Grazia M\u00e9xico y Latinoam\u00e9rica\" \/>\n<meta property=\"article:modified_time\" content=\"2021-09-22T15:32:50+00:00\" \/>\n<meta property=\"og:image\" content=\"https:\/\/graziamagazine.com\/mx\/wp-content\/uploads\/sites\/13\/2021\/09\/236299065_199925075445851_7887091267264690404_n.jpg?fit=1080%2C821\" \/>\n\t<meta property=\"og:image:width\" content=\"1080\" \/>\n\t<meta property=\"og:image:height\" content=\"821\" \/>\n\t<meta property=\"og:image:type\" content=\"image\/jpeg\" \/>\n<meta name=\"twitter:card\" content=\"summary_large_image\" \/>\n<meta name=\"twitter:label1\" content=\"Est. reading time\" \/>\n\t<meta name=\"twitter:data1\" content=\"2 minutos\" \/>\n<script type=\"application\/ld+json\" class=\"yoast-schema-graph\">{\"@context\":\"https:\/\/schema.org\",\"@graph\":[{\"@type\":\"WebPage\",\"@id\":\"https:\/\/graziamagazine.com\/mx\/articles\/ca-presenta-su-nueva-estrategia-de-sustentabilidad-2028\/\",\"url\":\"https:\/\/graziamagazine.com\/mx\/articles\/ca-presenta-su-nueva-estrategia-de-sustentabilidad-2028\/\",\"name\":\"C&amp;A presenta su nueva estrategia de sustentabilidad 2028 | Grazia M\u00e9xico y Latinoam\u00e9rica\",\"isPartOf\":{\"@id\":\"https:\/\/graziamagazine.com\/mx\/#website\"},\"datePublished\":\"2021-09-22T14:30:50+00:00\",\"dateModified\":\"2021-09-22T15:32:50+00:00\",\"description\":\"C&amp;A se ha caracterizado por ofrecernos prendas que adem\u00e1s de verse incre\u00edbles, tambi\u00e9n ayudan al movimiento sustentable dentro de la industria de la\",\"breadcrumb\":{\"@id\":\"https:\/\/graziamagazine.com\/mx\/articles\/ca-presenta-su-nueva-estrategia-de-sustentabilidad-2028\/#breadcrumb\"},\"inLanguage\":\"es-MX\",\"potentialAction\":[{\"@type\":\"ReadAction\",\"target\":[\"https:\/\/graziamagazine.com\/mx\/articles\/ca-presenta-su-nueva-estrategia-de-sustentabilidad-2028\/\"]}]},{\"@type\":\"BreadcrumbList\",\"@id\":\"https:\/\/graziamagazine.com\/mx\/articles\/ca-presenta-su-nueva-estrategia-de-sustentabilidad-2028\/#breadcrumb\",\"itemListElement\":[{\"@type\":\"ListItem\",\"position\":1,\"name\":\"Home\",\"item\":\"https:\/\/graziamagazine.com\/mx\/\"},{\"@type\":\"ListItem\",\"position\":2,\"name\":\"C&amp;A presenta su nueva estrategia de sustentabilidad 2028\"}]},{\"@type\":\"WebSite\",\"@id\":\"https:\/\/graziamagazine.com\/mx\/#website\",\"url\":\"https:\/\/graziamagazine.com\/mx\/\",\"name\":\"Grazia M\u00e9xico y Latinoam\u00e9rica\",\"description\":\"Grazia es moda, belleza y noticias  de actualidad \",\"potentialAction\":[{\"@type\":\"SearchAction\",\"target\":{\"@type\":\"EntryPoint\",\"urlTemplate\":\"https:\/\/graziamagazine.com\/mx\/?s={search_term_string}\"},\"query-input\":\"required name=search_term_string\"}],\"inLanguage\":\"es-MX\"}]}<\/script>\n<!-- \/ Yoast SEO Premium plugin. -->","yoast_head_json":{"title":"C&amp;A presenta su nueva estrategia de sustentabilidad 2028 | Grazia M\u00e9xico y Latinoam\u00e9rica","description":"C&amp;A se ha caracterizado por ofrecernos prendas que adem\u00e1s de verse incre\u00edbles, tambi\u00e9n ayudan al movimiento sustentable dentro de la industria de la","robots":{"index":"index","follow":"follow","max-snippet":"max-snippet:-1","max-image-preview":"max-image-preview:large","max-video-preview":"max-video-preview:-1"},"canonical":"https:\/\/graziamagazine.com\/mx\/articles\/ca-presenta-su-nueva-estrategia-de-sustentabilidad-2028\/","og_locale":"es_MX","og_type":"article","og_title":"C&amp;A presenta su nueva estrategia de sustentabilidad 2028","og_description":"C&amp;A se ha caracterizado por ofrecernos prendas que adem\u00e1s de verse incre\u00edbles, tambi\u00e9n ayudan al movimiento sustentable dentro de la industria de la","og_url":"https:\/\/graziamagazine.com\/mx\/articles\/ca-presenta-su-nueva-estrategia-de-sustentabilidad-2028\/","og_site_name":"Grazia M\u00e9xico y Latinoam\u00e9rica","article_modified_time":"2021-09-22T15:32:50+00:00","og_image":[{"width":1080,"height":821,"url":"https:\/\/graziamagazine.com\/mx\/wp-content\/uploads\/sites\/13\/2021\/09\/236299065_199925075445851_7887091267264690404_n.jpg?fit=1080%2C821","type":"image\/jpeg"}],"twitter_card":"summary_large_image","twitter_misc":{"Est. reading time":"2 minutos"},"schema":{"@context":"https:\/\/schema.org","@graph":[{"@type":"WebPage","@id":"https:\/\/graziamagazine.com\/mx\/articles\/ca-presenta-su-nueva-estrategia-de-sustentabilidad-2028\/","url":"https:\/\/graziamagazine.com\/mx\/articles\/ca-presenta-su-nueva-estrategia-de-sustentabilidad-2028\/","name":"C&amp;A presenta su nueva estrategia de sustentabilidad 2028 | Grazia M\u00e9xico y Latinoam\u00e9rica","isPartOf":{"@id":"https:\/\/graziamagazine.com\/mx\/#website"},"datePublished":"2021-09-22T14:30:50+00:00","dateModified":"2021-09-22T15:32:50+00:00","description":"C&amp;A se ha caracterizado por ofrecernos prendas que adem\u00e1s de verse incre\u00edbles, tambi\u00e9n ayudan al movimiento sustentable dentro de la industria de la","breadcrumb":{"@id":"https:\/\/graziamagazine.com\/mx\/articles\/ca-presenta-su-nueva-estrategia-de-sustentabilidad-2028\/#breadcrumb"},"inLanguage":"es-MX","potentialAction":[{"@type":"ReadAction","target":["https:\/\/graziamagazine.com\/mx\/articles\/ca-presenta-su-nueva-estrategia-de-sustentabilidad-2028\/"]}]},{"@type":"BreadcrumbList","@id":"https:\/\/graziamagazine.com\/mx\/articles\/ca-presenta-su-nueva-estrategia-de-sustentabilidad-2028\/#breadcrumb","itemListElement":[{"@type":"ListItem","position":1,"name":"Home","item":"https:\/\/graziamagazine.com\/mx\/"},{"@type":"ListItem","position":2,"name":"C&amp;A presenta su nueva estrategia de sustentabilidad 2028"}]},{"@type":"WebSite","@id":"https:\/\/graziamagazine.com\/mx\/#website","url":"https:\/\/graziamagazine.com\/mx\/","name":"Grazia M\u00e9xico y Latinoam\u00e9rica","description":"Grazia es moda, belleza y noticias  de actualidad ","potentialAction":[{"@type":"SearchAction","target":{"@type":"EntryPoint","urlTemplate":"https:\/\/graziamagazine.com\/mx\/?s={search_term_string}"},"query-input":"required name=search_term_string"}],"inLanguage":"es-MX"}]}},"jetpack_sharing_enabled":true,"distributor_meta":false,"distributor_terms":false,"distributor_media":false,"distributor_original_site_name":"Grazia M\u00e9xico y Latinoam\u00e9rica","distributor_original_site_url":"https:\/\/graziamagazine.com\/mx","push-errors":false,"_links":{"self":[{"href":"https:\/\/graziamagazine.com\/mx\/wp-json\/wp\/v2\/articles\/101159"}],"collection":[{"href":"https:\/\/graziamagazine.com\/mx\/wp-json\/wp\/v2\/articles"}],"about":[{"href":"https:\/\/graziamagazine.com\/mx\/wp-json\/wp\/v2\/types\/articles"}],"author":[{"embeddable":true,"href":"https:\/\/graziamagazine.com\/mx\/wp-json\/wp\/v2\/users\/27779"}],"wp:featuredmedia":[{"embeddable":true,"href":"https:\/\/graziamagazine.com\/mx\/wp-json\/wp\/v2\/media\/101162"}],"wp:attachment":[{"href":"https:\/\/graziamagazine.com\/mx\/wp-json\/wp\/v2\/media?parent=101159"}],"wp:term":[{"taxonomy":"category","embeddable":true,"href":"https:\/\/graziamagazine.com\/mx\/wp-json\/wp\/v2\/categories?post=101159"}],"curies":[{"name":"wp","href":"https:\/\/api.w.org\/{rel}","templated":true}]}}