{"id":100505,"date":"2021-08-31T12:00:26","date_gmt":"2021-08-31T17:00:26","guid":{"rendered":"https:\/\/graziamagazine.com\/mx\/?post_type=articles&#038;p=100505"},"modified":"2021-08-31T12:11:29","modified_gmt":"2021-08-31T17:11:29","slug":"scarlett-johansson-y-chris-evans-protagonizaran-la-cinta-ghosted","status":"publish","type":"articles","link":"https:\/\/graziamagazine.com\/mx\/articles\/scarlett-johansson-y-chris-evans-protagonizaran-la-cinta-ghosted\/","title":{"rendered":"Scarlett Johansson y Chris Evans protagonizar\u00e1n la cinta Ghosted"},"content":{"rendered":"<p><span style=\"font-weight: 400\">As\u00ed como sucedi\u00f3 en 2007 en la cinta <em><strong>The Nanny Diaries<\/strong><\/em>, <strong>Scarlett Johansson y Chris Evans<\/strong> compartir\u00e1n pantalla en la pel\u00edcula <em><strong>Ghosted<\/strong><\/em>, una aventura de acci\u00f3n rom\u00e1ntica producida por Apple Studios para<strong> Apple TV+.<\/strong><\/span><\/p>\n<p><span style=\"font-weight: 400\">El director de este largometraje es<strong> Dexter Fletcher<\/strong>, director de exitosas producciones como <em><strong>Rocketman <\/strong><\/em>y<em><strong> Bohemian Rhapsody<\/strong><\/em>, y el gui\u00f3n es de Paul Wernick y Rhett Reese, escritores de las pel\u00edculas <em><strong>Deadpool <\/strong><\/em>y<em><strong> Zombieland<\/strong><\/em>, por lo que podemos imaginar el tipo de pel\u00edcula que ser\u00e1.<\/span><\/p>\n<p><span style=\"font-weight: 400\"><em>Ghosted<\/em> representa para Apple Studios otra gran producci\u00f3n con elenco de lujo, como lo ha hecho anteriormente con las series <em><strong>Ted Lasso<\/strong><\/em>, con <strong>Jason Sudeikis<\/strong>; o <em><strong>The Morning Show<\/strong><\/em>, con <strong>Reese Whiterspooon y Jennifer Aniston<\/strong>, al igual que con <em><strong>WeCrashed<\/strong><\/em>, que est\u00e1 siendo grabada con<strong> Anne Hathaway y Jared Leto.\u00a0<\/strong><\/span><\/p>\n<p><span style=\"font-weight: 400\">Chris Evans ya ha trabajado con Apple Studios, en la serie <em><strong>Defending Jacob<\/strong> <\/em>en la que el actor interpreta a un fiscal de distrito que tiene un caso sumamente complicado, pues una acusaci\u00f3n de asesinato recae sobre su hijo y tiene la oportunidad de usar sus influencias para salvarlo, o hacer respetar la ley.<\/span><\/p>\n<p><span style=\"font-weight: 400\">Para Scarlett, <em>Ghosted<\/em> es la primera pel\u00edcula que firma despu\u00e9s de su demanda contra <strong>Disney<\/strong> por la transmisi\u00f3n de <em><strong>Black Widow<\/strong><\/em> en <strong>Disney+.\u00a0<\/strong><\/span><\/p>\n<p><span style=\"font-weight: 400\">Adem\u00e1s de <em>The Nanny Diaries<\/em>, Johansson y Evans han trabajado juntos en <em><strong>The Avengers, Captain America: Winter Soldier<\/strong><\/em> y<em><strong> Captain America: Civil War<\/strong><\/em>, por lo que ya sabemos lo bien que trabajan en equipo y la qu\u00edmica que existe entre ellos.<\/span><\/p>\n<p><span style=\"font-weight: 400\">Te mantendremos informada del avance de esta producci\u00f3n.<\/span><\/p>\n<p>&nbsp;<\/p>\n","protected":false},"author":11628,"featured_media":100517,"template":"","format":"standard","categories":[114],"acf":[],"yoast_head":"<!-- This site is optimized with the Yoast SEO Premium plugin v18.5 (Yoast SEO v20.4) - https:\/\/yoast.com\/wordpress\/plugins\/seo\/ -->\n<title>Scarlett Johansson y Chris Evans protagonizar\u00e1n la cinta Ghosted | Grazia M\u00e9xico y Latinoam\u00e9rica<\/title>\n<meta name=\"description\" content=\"Los actores y amigos volver\u00e1n a compartir pantalla.\" \/>\n<meta name=\"robots\" content=\"index, follow, max-snippet:-1, max-image-preview:large, max-video-preview:-1\" \/>\n<link rel=\"canonical\" href=\"https:\/\/graziamagazine.com\/mx\/articles\/scarlett-johansson-y-chris-evans-protagonizaran-la-cinta-ghosted\/\" \/>\n<meta property=\"og:locale\" content=\"es_MX\" \/>\n<meta property=\"og:type\" content=\"article\" \/>\n<meta property=\"og:title\" content=\"Scarlett Johansson y Chris Evans protagonizar\u00e1n la cinta Ghosted\" \/>\n<meta property=\"og:description\" content=\"Los actores y amigos volver\u00e1n a compartir pantalla.\" \/>\n<meta property=\"og:url\" content=\"https:\/\/graziamagazine.com\/mx\/articles\/scarlett-johansson-y-chris-evans-protagonizaran-la-cinta-ghosted\/\" \/>\n<meta property=\"og:site_name\" content=\"Grazia M\u00e9xico y Latinoam\u00e9rica\" \/>\n<meta property=\"article:modified_time\" content=\"2021-08-31T17:11:29+00:00\" \/>\n<meta property=\"og:image\" content=\"https:\/\/graziamagazine.com\/mx\/wp-content\/uploads\/sites\/13\/2021\/08\/DJ8JNzXV4AAya1_.jpeg?fit=1200%2C675\" \/>\n\t<meta property=\"og:image:width\" content=\"1200\" \/>\n\t<meta property=\"og:image:height\" content=\"675\" \/>\n\t<meta property=\"og:image:type\" content=\"image\/jpeg\" \/>\n<meta name=\"twitter:card\" content=\"summary_large_image\" \/>\n<meta name=\"twitter:label1\" content=\"Est. reading time\" \/>\n\t<meta name=\"twitter:data1\" content=\"1 minuto\" \/>\n<script type=\"application\/ld+json\" class=\"yoast-schema-graph\">{\"@context\":\"https:\/\/schema.org\",\"@graph\":[{\"@type\":\"WebPage\",\"@id\":\"https:\/\/graziamagazine.com\/mx\/articles\/scarlett-johansson-y-chris-evans-protagonizaran-la-cinta-ghosted\/\",\"url\":\"https:\/\/graziamagazine.com\/mx\/articles\/scarlett-johansson-y-chris-evans-protagonizaran-la-cinta-ghosted\/\",\"name\":\"Scarlett Johansson y Chris Evans protagonizar\u00e1n la cinta Ghosted | Grazia M\u00e9xico y Latinoam\u00e9rica\",\"isPartOf\":{\"@id\":\"https:\/\/graziamagazine.com\/mx\/#website\"},\"datePublished\":\"2021-08-31T17:00:26+00:00\",\"dateModified\":\"2021-08-31T17:11:29+00:00\",\"description\":\"Los actores y amigos volver\u00e1n a compartir pantalla.\",\"breadcrumb\":{\"@id\":\"https:\/\/graziamagazine.com\/mx\/articles\/scarlett-johansson-y-chris-evans-protagonizaran-la-cinta-ghosted\/#breadcrumb\"},\"inLanguage\":\"es-MX\",\"potentialAction\":[{\"@type\":\"ReadAction\",\"target\":[\"https:\/\/graziamagazine.com\/mx\/articles\/scarlett-johansson-y-chris-evans-protagonizaran-la-cinta-ghosted\/\"]}]},{\"@type\":\"BreadcrumbList\",\"@id\":\"https:\/\/graziamagazine.com\/mx\/articles\/scarlett-johansson-y-chris-evans-protagonizaran-la-cinta-ghosted\/#breadcrumb\",\"itemListElement\":[{\"@type\":\"ListItem\",\"position\":1,\"name\":\"Home\",\"item\":\"https:\/\/graziamagazine.com\/mx\/\"},{\"@type\":\"ListItem\",\"position\":2,\"name\":\"Scarlett Johansson y Chris Evans protagonizar\u00e1n la cinta Ghosted\"}]},{\"@type\":\"WebSite\",\"@id\":\"https:\/\/graziamagazine.com\/mx\/#website\",\"url\":\"https:\/\/graziamagazine.com\/mx\/\",\"name\":\"Grazia M\u00e9xico y Latinoam\u00e9rica\",\"description\":\"Grazia es moda, belleza y noticias  de actualidad \",\"potentialAction\":[{\"@type\":\"SearchAction\",\"target\":{\"@type\":\"EntryPoint\",\"urlTemplate\":\"https:\/\/graziamagazine.com\/mx\/?s={search_term_string}\"},\"query-input\":\"required name=search_term_string\"}],\"inLanguage\":\"es-MX\"}]}<\/script>\n<!-- \/ Yoast SEO Premium plugin. -->","yoast_head_json":{"title":"Scarlett Johansson y Chris Evans protagonizar\u00e1n la cinta Ghosted | Grazia M\u00e9xico y Latinoam\u00e9rica","description":"Los actores y amigos volver\u00e1n a compartir pantalla.","robots":{"index":"index","follow":"follow","max-snippet":"max-snippet:-1","max-image-preview":"max-image-preview:large","max-video-preview":"max-video-preview:-1"},"canonical":"https:\/\/graziamagazine.com\/mx\/articles\/scarlett-johansson-y-chris-evans-protagonizaran-la-cinta-ghosted\/","og_locale":"es_MX","og_type":"article","og_title":"Scarlett Johansson y Chris Evans protagonizar\u00e1n la cinta Ghosted","og_description":"Los actores y amigos volver\u00e1n a compartir pantalla.","og_url":"https:\/\/graziamagazine.com\/mx\/articles\/scarlett-johansson-y-chris-evans-protagonizaran-la-cinta-ghosted\/","og_site_name":"Grazia M\u00e9xico y Latinoam\u00e9rica","article_modified_time":"2021-08-31T17:11:29+00:00","og_image":[{"width":1200,"height":675,"url":"https:\/\/graziamagazine.com\/mx\/wp-content\/uploads\/sites\/13\/2021\/08\/DJ8JNzXV4AAya1_.jpeg?fit=1200%2C675","type":"image\/jpeg"}],"twitter_card":"summary_large_image","twitter_misc":{"Est. reading time":"1 minuto"},"schema":{"@context":"https:\/\/schema.org","@graph":[{"@type":"WebPage","@id":"https:\/\/graziamagazine.com\/mx\/articles\/scarlett-johansson-y-chris-evans-protagonizaran-la-cinta-ghosted\/","url":"https:\/\/graziamagazine.com\/mx\/articles\/scarlett-johansson-y-chris-evans-protagonizaran-la-cinta-ghosted\/","name":"Scarlett Johansson y Chris Evans protagonizar\u00e1n la cinta Ghosted | Grazia M\u00e9xico y Latinoam\u00e9rica","isPartOf":{"@id":"https:\/\/graziamagazine.com\/mx\/#website"},"datePublished":"2021-08-31T17:00:26+00:00","dateModified":"2021-08-31T17:11:29+00:00","description":"Los actores y amigos volver\u00e1n a compartir pantalla.","breadcrumb":{"@id":"https:\/\/graziamagazine.com\/mx\/articles\/scarlett-johansson-y-chris-evans-protagonizaran-la-cinta-ghosted\/#breadcrumb"},"inLanguage":"es-MX","potentialAction":[{"@type":"ReadAction","target":["https:\/\/graziamagazine.com\/mx\/articles\/scarlett-johansson-y-chris-evans-protagonizaran-la-cinta-ghosted\/"]}]},{"@type":"BreadcrumbList","@id":"https:\/\/graziamagazine.com\/mx\/articles\/scarlett-johansson-y-chris-evans-protagonizaran-la-cinta-ghosted\/#breadcrumb","itemListElement":[{"@type":"ListItem","position":1,"name":"Home","item":"https:\/\/graziamagazine.com\/mx\/"},{"@type":"ListItem","position":2,"name":"Scarlett Johansson y Chris Evans protagonizar\u00e1n la cinta Ghosted"}]},{"@type":"WebSite","@id":"https:\/\/graziamagazine.com\/mx\/#website","url":"https:\/\/graziamagazine.com\/mx\/","name":"Grazia M\u00e9xico y Latinoam\u00e9rica","description":"Grazia es moda, belleza y noticias  de actualidad ","potentialAction":[{"@type":"SearchAction","target":{"@type":"EntryPoint","urlTemplate":"https:\/\/graziamagazine.com\/mx\/?s={search_term_string}"},"query-input":"required name=search_term_string"}],"inLanguage":"es-MX"}]}},"jetpack_sharing_enabled":true,"distributor_meta":false,"distributor_terms":false,"distributor_media":false,"distributor_original_site_name":"Grazia M\u00e9xico y Latinoam\u00e9rica","distributor_original_site_url":"https:\/\/graziamagazine.com\/mx","push-errors":false,"_links":{"self":[{"href":"https:\/\/graziamagazine.com\/mx\/wp-json\/wp\/v2\/articles\/100505"}],"collection":[{"href":"https:\/\/graziamagazine.com\/mx\/wp-json\/wp\/v2\/articles"}],"about":[{"href":"https:\/\/graziamagazine.com\/mx\/wp-json\/wp\/v2\/types\/articles"}],"author":[{"embeddable":true,"href":"https:\/\/graziamagazine.com\/mx\/wp-json\/wp\/v2\/users\/11628"}],"wp:featuredmedia":[{"embeddable":true,"href":"https:\/\/graziamagazine.com\/mx\/wp-json\/wp\/v2\/media\/100517"}],"wp:attachment":[{"href":"https:\/\/graziamagazine.com\/mx\/wp-json\/wp\/v2\/media?parent=100505"}],"wp:term":[{"taxonomy":"category","embeddable":true,"href":"https:\/\/graziamagazine.com\/mx\/wp-json\/wp\/v2\/categories?post=100505"}],"curies":[{"name":"wp","href":"https:\/\/api.w.org\/{rel}","templated":true}]}}