{"id":100431,"date":"2021-08-31T09:15:29","date_gmt":"2021-08-31T14:15:29","guid":{"rendered":"https:\/\/graziamagazine.com\/mx\/?post_type=articles&#038;p=100431"},"modified":"2021-08-31T07:27:27","modified_gmt":"2021-08-31T12:27:27","slug":"warner-bros-revela-el-trailer-y-el-titulo-de-matrix-4","status":"publish","type":"articles","link":"https:\/\/graziamagazine.com\/mx\/articles\/warner-bros-revela-el-trailer-y-el-titulo-de-matrix-4\/","title":{"rendered":"Warner Bros revela el tr\u00e1iler y el t\u00edtulo de Matrix 4"},"content":{"rendered":"<p><span style=\"font-weight: 400\">El <strong>CinemaCon<\/strong> de este 2021 lleg\u00f3 con grandes sorpresas para los cin\u00e9filos. Pero en especial, este evento que ocurri\u00f3 del 23 al 26 de agosto en el hotel <strong>Caesars Palace<\/strong> de Las Vegas, revel\u00f3 informaci\u00f3n importante y emocionante: el t\u00edtulo y el <em>trailer<\/em> de la esperada tercera secuela de <em><strong>Matrix.\u00a0<\/strong><\/em><\/span><\/p>\n<p><span style=\"font-weight: 400\"><em><strong>The Matrix: Resurrections<\/strong><\/em>, es el t\u00edtulo de esta esperada pel\u00edcula, de la que han pasado 22 a\u00f1os luego del estreno de la primera pel\u00edcula de la saga, en 1999, para estrenarse el pr\u00f3ximo <strong>22 de diciembre de 2021.<\/strong><\/span><\/p>\n<p><span style=\"font-weight: 400\">Con el t\u00edtulo lleg\u00f3 el <em>trailer,<\/em> presentado en las pantallas del CinemaCon, pero sin haberse compartido todav\u00eda en Internet, por lo que no podemos ponerte la liga aqu\u00ed, pero s\u00ed podemos contarte al respecto.<\/span><\/p>\n<p><span style=\"font-weight: 400\">El avance comienza con el actor <strong>Neil Patrick Harris<\/strong> hablando con Neo (<strong>Keanu Reeves<\/strong>), en un futuro cercano en San Francisco, California. Parece que Neo est\u00e1 atrapado en un mundo mon\u00f3tono, al igual que su primer personaje en la pel\u00edcula de 1999. Simplemente no est\u00e1 entendiendo lo que le rodea.<\/span><\/p>\n<p><span style=\"font-weight: 400\">&#8220;\u00bfEstoy loco?&#8221;, pregunta Neo. &#8220;No usamos esa palabra aqu\u00ed&#8221;, dice Harris en su papel de terapeuta (es lo \u00fanico que sabemos hasta ahora).<\/span><\/p>\n<p><span style=\"font-weight: 400\">Reeves entra en contacto con la Trinity de <strong>Carrie Anne Moss<\/strong> en un caf\u00e9: &#8220;\u00bfNos conocemos?&#8221;, le pregunta a Neo. Y despu\u00e9s, una inyecci\u00f3n de pastillas azules que se derraman en un fregadero, mientras suena la canci\u00f3n <em><strong>White Rabbit,<\/strong><\/em> de <strong>Jefferson Airplane.<\/strong><\/span><\/p>\n<p><span style=\"font-weight: 400\">Despu\u00e9s, una toma de Neo transform\u00e1ndose en un anciano en el espejo. Un Morfeo m\u00e1s joven le dice a Neo &#8220;es hora de volar&#8221;, entreg\u00e1ndole una pastilla roja.<\/span><\/p>\n<p><span style=\"font-weight: 400\">Luego, muchos saltos, muchos giros en el aire, karate y todos los acr\u00f3batas que esperamos ver en una pel\u00edcula de <em>Matrix.<\/em><\/span><\/p>\n<p><span style=\"font-weight: 400\">Algo confuso hasta el momento, sinceramente, si no tenemos m\u00e1s informaci\u00f3n. Pero excelente estrategia para desear ver esta cinta con todas nuestras ganas.<\/span><\/p>\n<p><iframe loading=\"lazy\" title=\"The Matrix 4 TRAILER | The Matrix 4 OFFICIAL TRAILER | The Matrix 4 Child of Zion 2020 Trailer\" width=\"500\" height=\"281\" src=\"https:\/\/www.youtube.com\/embed\/PkhXLgu-mYM?feature=oembed\" frameborder=\"0\" allow=\"accelerometer; autoplay; clipboard-write; encrypted-media; gyroscope; picture-in-picture\" allowfullscreen><\/iframe><\/p>\n<p><em><strong>*IMAGEN: still Matrix<\/strong><\/em><\/p>\n","protected":false},"author":11628,"featured_media":100490,"template":"","format":"standard","categories":[114],"acf":[],"yoast_head":"<!-- This site is optimized with the Yoast SEO Premium plugin v18.5 (Yoast SEO v20.4) - https:\/\/yoast.com\/wordpress\/plugins\/seo\/ -->\n<title>Warner Bros revela el tr\u00e1iler y el t\u00edtulo de Matrix 4 | Grazia M\u00e9xico y Latinoam\u00e9rica<\/title>\n<meta name=\"description\" content=\"Informaci\u00f3n un tanto confusa hasta el momento.\" \/>\n<meta name=\"robots\" content=\"index, follow, max-snippet:-1, max-image-preview:large, max-video-preview:-1\" \/>\n<link rel=\"canonical\" href=\"https:\/\/graziamagazine.com\/mx\/articles\/warner-bros-revela-el-trailer-y-el-titulo-de-matrix-4\/\" \/>\n<meta property=\"og:locale\" content=\"es_MX\" \/>\n<meta property=\"og:type\" content=\"article\" \/>\n<meta property=\"og:title\" content=\"Warner Bros revela el tr\u00e1iler y el t\u00edtulo de Matrix 4\" \/>\n<meta property=\"og:description\" content=\"Informaci\u00f3n un tanto confusa hasta el momento.\" \/>\n<meta property=\"og:url\" content=\"https:\/\/graziamagazine.com\/mx\/articles\/warner-bros-revela-el-trailer-y-el-titulo-de-matrix-4\/\" \/>\n<meta property=\"og:site_name\" content=\"Grazia M\u00e9xico y Latinoam\u00e9rica\" \/>\n<meta property=\"article:modified_time\" content=\"2021-08-31T12:27:27+00:00\" \/>\n<meta property=\"og:image\" content=\"https:\/\/graziamagazine.com\/mx\/wp-content\/uploads\/sites\/13\/2021\/08\/matrix-4-working-title-project-ice-cream-1568020586.jpeg?fit=1200%2C602\" \/>\n\t<meta property=\"og:image:width\" content=\"1200\" \/>\n\t<meta property=\"og:image:height\" content=\"602\" \/>\n\t<meta property=\"og:image:type\" content=\"image\/jpeg\" \/>\n<meta name=\"twitter:card\" content=\"summary_large_image\" \/>\n<meta name=\"twitter:label1\" content=\"Est. reading time\" \/>\n\t<meta name=\"twitter:data1\" content=\"2 minutos\" \/>\n<script type=\"application\/ld+json\" class=\"yoast-schema-graph\">{\"@context\":\"https:\/\/schema.org\",\"@graph\":[{\"@type\":\"WebPage\",\"@id\":\"https:\/\/graziamagazine.com\/mx\/articles\/warner-bros-revela-el-trailer-y-el-titulo-de-matrix-4\/\",\"url\":\"https:\/\/graziamagazine.com\/mx\/articles\/warner-bros-revela-el-trailer-y-el-titulo-de-matrix-4\/\",\"name\":\"Warner Bros revela el tr\u00e1iler y el t\u00edtulo de Matrix 4 | Grazia M\u00e9xico y Latinoam\u00e9rica\",\"isPartOf\":{\"@id\":\"https:\/\/graziamagazine.com\/mx\/#website\"},\"datePublished\":\"2021-08-31T14:15:29+00:00\",\"dateModified\":\"2021-08-31T12:27:27+00:00\",\"description\":\"Informaci\u00f3n un tanto confusa hasta el momento.\",\"breadcrumb\":{\"@id\":\"https:\/\/graziamagazine.com\/mx\/articles\/warner-bros-revela-el-trailer-y-el-titulo-de-matrix-4\/#breadcrumb\"},\"inLanguage\":\"es-MX\",\"potentialAction\":[{\"@type\":\"ReadAction\",\"target\":[\"https:\/\/graziamagazine.com\/mx\/articles\/warner-bros-revela-el-trailer-y-el-titulo-de-matrix-4\/\"]}]},{\"@type\":\"BreadcrumbList\",\"@id\":\"https:\/\/graziamagazine.com\/mx\/articles\/warner-bros-revela-el-trailer-y-el-titulo-de-matrix-4\/#breadcrumb\",\"itemListElement\":[{\"@type\":\"ListItem\",\"position\":1,\"name\":\"Home\",\"item\":\"https:\/\/graziamagazine.com\/mx\/\"},{\"@type\":\"ListItem\",\"position\":2,\"name\":\"Warner Bros revela el tr\u00e1iler y el t\u00edtulo de Matrix 4\"}]},{\"@type\":\"WebSite\",\"@id\":\"https:\/\/graziamagazine.com\/mx\/#website\",\"url\":\"https:\/\/graziamagazine.com\/mx\/\",\"name\":\"Grazia M\u00e9xico y Latinoam\u00e9rica\",\"description\":\"Grazia es moda, belleza y noticias  de actualidad \",\"potentialAction\":[{\"@type\":\"SearchAction\",\"target\":{\"@type\":\"EntryPoint\",\"urlTemplate\":\"https:\/\/graziamagazine.com\/mx\/?s={search_term_string}\"},\"query-input\":\"required name=search_term_string\"}],\"inLanguage\":\"es-MX\"}]}<\/script>\n<!-- \/ Yoast SEO Premium plugin. -->","yoast_head_json":{"title":"Warner Bros revela el tr\u00e1iler y el t\u00edtulo de Matrix 4 | Grazia M\u00e9xico y Latinoam\u00e9rica","description":"Informaci\u00f3n un tanto confusa hasta el momento.","robots":{"index":"index","follow":"follow","max-snippet":"max-snippet:-1","max-image-preview":"max-image-preview:large","max-video-preview":"max-video-preview:-1"},"canonical":"https:\/\/graziamagazine.com\/mx\/articles\/warner-bros-revela-el-trailer-y-el-titulo-de-matrix-4\/","og_locale":"es_MX","og_type":"article","og_title":"Warner Bros revela el tr\u00e1iler y el t\u00edtulo de Matrix 4","og_description":"Informaci\u00f3n un tanto confusa hasta el momento.","og_url":"https:\/\/graziamagazine.com\/mx\/articles\/warner-bros-revela-el-trailer-y-el-titulo-de-matrix-4\/","og_site_name":"Grazia M\u00e9xico y Latinoam\u00e9rica","article_modified_time":"2021-08-31T12:27:27+00:00","og_image":[{"width":1200,"height":602,"url":"https:\/\/graziamagazine.com\/mx\/wp-content\/uploads\/sites\/13\/2021\/08\/matrix-4-working-title-project-ice-cream-1568020586.jpeg?fit=1200%2C602","type":"image\/jpeg"}],"twitter_card":"summary_large_image","twitter_misc":{"Est. reading time":"2 minutos"},"schema":{"@context":"https:\/\/schema.org","@graph":[{"@type":"WebPage","@id":"https:\/\/graziamagazine.com\/mx\/articles\/warner-bros-revela-el-trailer-y-el-titulo-de-matrix-4\/","url":"https:\/\/graziamagazine.com\/mx\/articles\/warner-bros-revela-el-trailer-y-el-titulo-de-matrix-4\/","name":"Warner Bros revela el tr\u00e1iler y el t\u00edtulo de Matrix 4 | Grazia M\u00e9xico y Latinoam\u00e9rica","isPartOf":{"@id":"https:\/\/graziamagazine.com\/mx\/#website"},"datePublished":"2021-08-31T14:15:29+00:00","dateModified":"2021-08-31T12:27:27+00:00","description":"Informaci\u00f3n un tanto confusa hasta el momento.","breadcrumb":{"@id":"https:\/\/graziamagazine.com\/mx\/articles\/warner-bros-revela-el-trailer-y-el-titulo-de-matrix-4\/#breadcrumb"},"inLanguage":"es-MX","potentialAction":[{"@type":"ReadAction","target":["https:\/\/graziamagazine.com\/mx\/articles\/warner-bros-revela-el-trailer-y-el-titulo-de-matrix-4\/"]}]},{"@type":"BreadcrumbList","@id":"https:\/\/graziamagazine.com\/mx\/articles\/warner-bros-revela-el-trailer-y-el-titulo-de-matrix-4\/#breadcrumb","itemListElement":[{"@type":"ListItem","position":1,"name":"Home","item":"https:\/\/graziamagazine.com\/mx\/"},{"@type":"ListItem","position":2,"name":"Warner Bros revela el tr\u00e1iler y el t\u00edtulo de Matrix 4"}]},{"@type":"WebSite","@id":"https:\/\/graziamagazine.com\/mx\/#website","url":"https:\/\/graziamagazine.com\/mx\/","name":"Grazia M\u00e9xico y Latinoam\u00e9rica","description":"Grazia es moda, belleza y noticias  de actualidad ","potentialAction":[{"@type":"SearchAction","target":{"@type":"EntryPoint","urlTemplate":"https:\/\/graziamagazine.com\/mx\/?s={search_term_string}"},"query-input":"required name=search_term_string"}],"inLanguage":"es-MX"}]}},"jetpack_sharing_enabled":true,"distributor_meta":false,"distributor_terms":false,"distributor_media":false,"distributor_original_site_name":"Grazia M\u00e9xico y Latinoam\u00e9rica","distributor_original_site_url":"https:\/\/graziamagazine.com\/mx","push-errors":false,"_links":{"self":[{"href":"https:\/\/graziamagazine.com\/mx\/wp-json\/wp\/v2\/articles\/100431"}],"collection":[{"href":"https:\/\/graziamagazine.com\/mx\/wp-json\/wp\/v2\/articles"}],"about":[{"href":"https:\/\/graziamagazine.com\/mx\/wp-json\/wp\/v2\/types\/articles"}],"author":[{"embeddable":true,"href":"https:\/\/graziamagazine.com\/mx\/wp-json\/wp\/v2\/users\/11628"}],"wp:featuredmedia":[{"embeddable":true,"href":"https:\/\/graziamagazine.com\/mx\/wp-json\/wp\/v2\/media\/100490"}],"wp:attachment":[{"href":"https:\/\/graziamagazine.com\/mx\/wp-json\/wp\/v2\/media?parent=100431"}],"wp:term":[{"taxonomy":"category","embeddable":true,"href":"https:\/\/graziamagazine.com\/mx\/wp-json\/wp\/v2\/categories?post=100431"}],"curies":[{"name":"wp","href":"https:\/\/api.w.org\/{rel}","templated":true}]}}