{"id":72664,"date":"2026-08-31T14:57:55","date_gmt":"2026-08-31T10:57:55","guid":{"rendered":"https:\/\/graziamagazine.com\/me\/?post_type=articles&#038;p=72664"},"modified":"2026-08-31T14:57:55","modified_gmt":"2026-08-31T10:57:55","slug":"cartier-turkey-celebrities","status":"publish","type":"articles","link":"https:\/\/graziamagazine.com\/me\/articles\/cartier-turkey-celebrities\/","title":{"rendered":"Cartier Brings Regional A-Listers Together In Star-Studded Turkey Event"},"content":{"rendered":"<p>From the Panth\u00e8re to the Santos, Cartier\u2019s latest gathering brought some of the region\u2019s most recognisable faces to the Turkish island.<\/p>\n<p>Cartier took its fascination with the wild to B\u00fcy\u00fckada, T\u00fcrkiye, bringing together a mix of actors, filmmakers, presenters and creatives from across the Middle East, T\u00fcrkiye and India for its latest \u201cInto The Wild\u201d gathering. The choice of setting felt fitting for a Maison whose jewellery has long looked to the animal world for inspiration, particularly its Panth\u00e8re motif.<\/p>\n<p>Set against the backdrop of one of Istanbul\u2019s Princes\u2019 Islands, the event brought together names including Razane Jammal, Nadine Labaki, Raya Abirached, Ahmed Malek, Yousra, Anas Bukhash, Fady El Sayed, Saba Mubarak, Bader Kabbani, Tara Emad and Enjy Kiwan, alongside Turkish and Indian stars including Tuba B\u00fcy\u00fck\u00fcst\u00fcn, Bar\u0131\u015f Ardu\u00e7, Suhana Khan and Ishaan Khatter.<\/p>\n<p>Naturally, the jewellery was just as much a part of the occasion. The Panth\u00e8re took centre stage across the guest list, appearing in a range of interpretations from delicate earrings to sculptural necklaces.<\/p>\n<h3>Razane Jammal<\/h3>\n<figure id=\"attachment_72668\" aria-describedby=\"caption-attachment-72668\" style=\"width: 2565px\" class=\"wp-caption alignnone\"><img loading=\"lazy\" decoding=\"async\" class=\"size-full wp-image-72668\" src=\"https:\/\/graziamagazine.com\/me\/wp-content\/uploads\/sites\/16\/2026\/08\/Razane-Jammal.png\" alt=\"Razane Jammal, Cartier's Into The Wild\" width=\"2565\" height=\"3206\" srcset=\"https:\/\/graziamagazine.com\/me\/wp-content\/uploads\/sites\/16\/2026\/08\/Razane-Jammal.png 2565w, https:\/\/graziamagazine.com\/me\/wp-content\/uploads\/sites\/16\/2026\/08\/Razane-Jammal-240x300.png 240w, https:\/\/graziamagazine.com\/me\/wp-content\/uploads\/sites\/16\/2026\/08\/Razane-Jammal-819x1024.png 819w, https:\/\/graziamagazine.com\/me\/wp-content\/uploads\/sites\/16\/2026\/08\/Razane-Jammal-768x960.png 768w, https:\/\/graziamagazine.com\/me\/wp-content\/uploads\/sites\/16\/2026\/08\/Razane-Jammal-1229x1536.png 1229w, https:\/\/graziamagazine.com\/me\/wp-content\/uploads\/sites\/16\/2026\/08\/Razane-Jammal-1639x2048.png 1639w, https:\/\/graziamagazine.com\/me\/wp-content\/uploads\/sites\/16\/2026\/08\/Razane-Jammal-400x500.png 400w, https:\/\/graziamagazine.com\/me\/wp-content\/uploads\/sites\/16\/2026\/08\/Razane-Jammal-155x194.png 155w, https:\/\/graziamagazine.com\/me\/wp-content\/uploads\/sites\/16\/2026\/08\/Razane-Jammal-150x187.png 150w\" sizes=\"(max-width: 2565px) 100vw, 2565px\" \/><figcaption id=\"caption-attachment-72668\" class=\"wp-caption-text\">Photo: Supplied<\/figcaption><\/figure>\n<p>The Lebanese-British actress and author wore the Panth\u00e8re torque necklace in yellow gold, lacquer, onyx and tsavorite garnets, paired with matching stud earrings.<\/p>\n<h3>Tara Emad<\/h3>\n<figure id=\"attachment_72671\" aria-describedby=\"caption-attachment-72671\" style=\"width: 2565px\" class=\"wp-caption alignnone\"><img loading=\"lazy\" decoding=\"async\" class=\"size-full wp-image-72671\" src=\"https:\/\/graziamagazine.com\/me\/wp-content\/uploads\/sites\/16\/2026\/08\/Tara-Emad.png\" alt=\"Tara Emad, Cartier's Into the Wild\" width=\"2565\" height=\"3206\" srcset=\"https:\/\/graziamagazine.com\/me\/wp-content\/uploads\/sites\/16\/2026\/08\/Tara-Emad.png 2565w, https:\/\/graziamagazine.com\/me\/wp-content\/uploads\/sites\/16\/2026\/08\/Tara-Emad-240x300.png 240w, https:\/\/graziamagazine.com\/me\/wp-content\/uploads\/sites\/16\/2026\/08\/Tara-Emad-819x1024.png 819w, https:\/\/graziamagazine.com\/me\/wp-content\/uploads\/sites\/16\/2026\/08\/Tara-Emad-768x960.png 768w, https:\/\/graziamagazine.com\/me\/wp-content\/uploads\/sites\/16\/2026\/08\/Tara-Emad-1229x1536.png 1229w, https:\/\/graziamagazine.com\/me\/wp-content\/uploads\/sites\/16\/2026\/08\/Tara-Emad-1639x2048.png 1639w, https:\/\/graziamagazine.com\/me\/wp-content\/uploads\/sites\/16\/2026\/08\/Tara-Emad-400x500.png 400w, https:\/\/graziamagazine.com\/me\/wp-content\/uploads\/sites\/16\/2026\/08\/Tara-Emad-155x194.png 155w, https:\/\/graziamagazine.com\/me\/wp-content\/uploads\/sites\/16\/2026\/08\/Tara-Emad-150x187.png 150w\" sizes=\"(max-width: 2565px) 100vw, 2565px\" \/><figcaption id=\"caption-attachment-72671\" class=\"wp-caption-text\">Photo: Supplied<\/figcaption><\/figure>\n<p>The Egyptian actress and former GRAZIA cover star opted for a more dramatic white-gold version of Panth\u00e8re de Cartier paved with emeralds, onyx and diamonds.<\/p>\n<h3>Tuba B\u00fcy\u00fck\u00fcst\u00fcn<\/h3>\n<figure id=\"attachment_72672\" aria-describedby=\"caption-attachment-72672\" style=\"width: 2565px\" class=\"wp-caption alignnone\"><img loading=\"lazy\" decoding=\"async\" class=\"size-full wp-image-72672\" src=\"https:\/\/graziamagazine.com\/me\/wp-content\/uploads\/sites\/16\/2026\/08\/Tuba-Bu\u0308yu\u0308ku\u0308stu\u0308n.png\" alt=\"Tuba Bu\u0308yu\u0308ku\u0308stu\u0308n, Cartier's Into the Wild\" width=\"2565\" height=\"3206\" srcset=\"https:\/\/graziamagazine.com\/me\/wp-content\/uploads\/sites\/16\/2026\/08\/Tuba-Bu\u0308yu\u0308ku\u0308stu\u0308n.png 2565w, https:\/\/graziamagazine.com\/me\/wp-content\/uploads\/sites\/16\/2026\/08\/Tuba-Bu\u0308yu\u0308ku\u0308stu\u0308n-240x300.png 240w, https:\/\/graziamagazine.com\/me\/wp-content\/uploads\/sites\/16\/2026\/08\/Tuba-Bu\u0308yu\u0308ku\u0308stu\u0308n-819x1024.png 819w, https:\/\/graziamagazine.com\/me\/wp-content\/uploads\/sites\/16\/2026\/08\/Tuba-Bu\u0308yu\u0308ku\u0308stu\u0308n-768x960.png 768w, https:\/\/graziamagazine.com\/me\/wp-content\/uploads\/sites\/16\/2026\/08\/Tuba-Bu\u0308yu\u0308ku\u0308stu\u0308n-1229x1536.png 1229w, https:\/\/graziamagazine.com\/me\/wp-content\/uploads\/sites\/16\/2026\/08\/Tuba-Bu\u0308yu\u0308ku\u0308stu\u0308n-1639x2048.png 1639w, https:\/\/graziamagazine.com\/me\/wp-content\/uploads\/sites\/16\/2026\/08\/Tuba-Bu\u0308yu\u0308ku\u0308stu\u0308n-400x500.png 400w, https:\/\/graziamagazine.com\/me\/wp-content\/uploads\/sites\/16\/2026\/08\/Tuba-Bu\u0308yu\u0308ku\u0308stu\u0308n-155x194.png 155w, https:\/\/graziamagazine.com\/me\/wp-content\/uploads\/sites\/16\/2026\/08\/Tuba-Bu\u0308yu\u0308ku\u0308stu\u0308n-150x187.png 150w\" sizes=\"(max-width: 2565px) 100vw, 2565px\" \/><figcaption id=\"caption-attachment-72672\" class=\"wp-caption-text\">Photo: Supplied<\/figcaption><\/figure>\n<p>Tuba B\u00fcy\u00fck\u00fcst\u00fcn, Turkish actress, also embraced the house\u2019s signature feline, wearing a Panth\u00e8re necklace and earrings in white gold, onyx, emeralds and diamonds.<\/p>\n<h3>Suhana Khan<\/h3>\n<figure id=\"attachment_72674\" aria-describedby=\"caption-attachment-72674\" style=\"width: 2565px\" class=\"wp-caption alignnone\"><img loading=\"lazy\" decoding=\"async\" class=\"size-full wp-image-72674\" src=\"https:\/\/graziamagazine.com\/me\/wp-content\/uploads\/sites\/16\/2026\/08\/Suhana-Khan.png\" alt=\"Suhana Khan, Cartier's Into the Wild\" width=\"2565\" height=\"3206\" srcset=\"https:\/\/graziamagazine.com\/me\/wp-content\/uploads\/sites\/16\/2026\/08\/Suhana-Khan.png 2565w, https:\/\/graziamagazine.com\/me\/wp-content\/uploads\/sites\/16\/2026\/08\/Suhana-Khan-240x300.png 240w, https:\/\/graziamagazine.com\/me\/wp-content\/uploads\/sites\/16\/2026\/08\/Suhana-Khan-819x1024.png 819w, https:\/\/graziamagazine.com\/me\/wp-content\/uploads\/sites\/16\/2026\/08\/Suhana-Khan-768x960.png 768w, https:\/\/graziamagazine.com\/me\/wp-content\/uploads\/sites\/16\/2026\/08\/Suhana-Khan-1229x1536.png 1229w, https:\/\/graziamagazine.com\/me\/wp-content\/uploads\/sites\/16\/2026\/08\/Suhana-Khan-1639x2048.png 1639w, https:\/\/graziamagazine.com\/me\/wp-content\/uploads\/sites\/16\/2026\/08\/Suhana-Khan-400x500.png 400w, https:\/\/graziamagazine.com\/me\/wp-content\/uploads\/sites\/16\/2026\/08\/Suhana-Khan-155x194.png 155w, https:\/\/graziamagazine.com\/me\/wp-content\/uploads\/sites\/16\/2026\/08\/Suhana-Khan-150x187.png 150w\" sizes=\"(max-width: 2565px) 100vw, 2565px\" \/><figcaption id=\"caption-attachment-72674\" class=\"wp-caption-text\">Photo: Supplied<\/figcaption><\/figure>\n<p>The Indian movie star chose a Panth\u00e8re torque necklace in white gold, featuring emerald, sapphire, onyx and diamonds.<\/p>\n<h3>Yousra<\/h3>\n<figure id=\"attachment_72678\" aria-describedby=\"caption-attachment-72678\" style=\"width: 2565px\" class=\"wp-caption alignnone\"><img loading=\"lazy\" decoding=\"async\" class=\"size-full wp-image-72678\" src=\"https:\/\/graziamagazine.com\/me\/wp-content\/uploads\/sites\/16\/2026\/08\/Yousra.png\" alt=\"Yousra, Cartier's Into the Wild\" width=\"2565\" height=\"3206\" srcset=\"https:\/\/graziamagazine.com\/me\/wp-content\/uploads\/sites\/16\/2026\/08\/Yousra.png 2565w, https:\/\/graziamagazine.com\/me\/wp-content\/uploads\/sites\/16\/2026\/08\/Yousra-240x300.png 240w, https:\/\/graziamagazine.com\/me\/wp-content\/uploads\/sites\/16\/2026\/08\/Yousra-819x1024.png 819w, https:\/\/graziamagazine.com\/me\/wp-content\/uploads\/sites\/16\/2026\/08\/Yousra-768x960.png 768w, https:\/\/graziamagazine.com\/me\/wp-content\/uploads\/sites\/16\/2026\/08\/Yousra-1229x1536.png 1229w, https:\/\/graziamagazine.com\/me\/wp-content\/uploads\/sites\/16\/2026\/08\/Yousra-1639x2048.png 1639w, https:\/\/graziamagazine.com\/me\/wp-content\/uploads\/sites\/16\/2026\/08\/Yousra-400x500.png 400w, https:\/\/graziamagazine.com\/me\/wp-content\/uploads\/sites\/16\/2026\/08\/Yousra-155x194.png 155w, https:\/\/graziamagazine.com\/me\/wp-content\/uploads\/sites\/16\/2026\/08\/Yousra-150x187.png 150w\" sizes=\"(max-width: 2565px) 100vw, 2565px\" \/><figcaption id=\"caption-attachment-72678\" class=\"wp-caption-text\">Photo: Supplied<\/figcaption><\/figure>\n<p>The all-time favourite Egyptian superstar layered a yellow gold Panth\u00e8re necklace and bracelet featuring tsavorite garnets, onyx, black lacquer and diamonds with matching earrings.<\/p>\n<h3>Raya Abirached<\/h3>\n<figure id=\"attachment_72679\" aria-describedby=\"caption-attachment-72679\" style=\"width: 2565px\" class=\"wp-caption alignnone\"><img loading=\"lazy\" decoding=\"async\" class=\"size-full wp-image-72679\" src=\"https:\/\/graziamagazine.com\/me\/wp-content\/uploads\/sites\/16\/2026\/08\/Raya-Abirached.png\" alt=\"Raya Abirached, Cartier's Into the Wild\" width=\"2565\" height=\"3206\" srcset=\"https:\/\/graziamagazine.com\/me\/wp-content\/uploads\/sites\/16\/2026\/08\/Raya-Abirached.png 2565w, https:\/\/graziamagazine.com\/me\/wp-content\/uploads\/sites\/16\/2026\/08\/Raya-Abirached-240x300.png 240w, https:\/\/graziamagazine.com\/me\/wp-content\/uploads\/sites\/16\/2026\/08\/Raya-Abirached-819x1024.png 819w, https:\/\/graziamagazine.com\/me\/wp-content\/uploads\/sites\/16\/2026\/08\/Raya-Abirached-768x960.png 768w, https:\/\/graziamagazine.com\/me\/wp-content\/uploads\/sites\/16\/2026\/08\/Raya-Abirached-1229x1536.png 1229w, https:\/\/graziamagazine.com\/me\/wp-content\/uploads\/sites\/16\/2026\/08\/Raya-Abirached-1639x2048.png 1639w, https:\/\/graziamagazine.com\/me\/wp-content\/uploads\/sites\/16\/2026\/08\/Raya-Abirached-400x500.png 400w, https:\/\/graziamagazine.com\/me\/wp-content\/uploads\/sites\/16\/2026\/08\/Raya-Abirached-155x194.png 155w, https:\/\/graziamagazine.com\/me\/wp-content\/uploads\/sites\/16\/2026\/08\/Raya-Abirached-150x187.png 150w\" sizes=\"(max-width: 2565px) 100vw, 2565px\" \/><figcaption id=\"caption-attachment-72679\" class=\"wp-caption-text\">Photo: Supplied<\/figcaption><\/figure>\n<p>Elsewhere, Cartier\u2019s other signatures made their way into the looks. Lebanese TV presenter and celebrity journalist at MBC, paired her Panth\u00e8re, paved in white gold, rubellite, onyx, emeralds and diamonds with a Juste un Cloud ring and a Clash de Cartier ring, all in white gold.<\/p>\n<h3>Enjy Kiwan<\/h3>\n<figure id=\"attachment_72680\" aria-describedby=\"caption-attachment-72680\" style=\"width: 2565px\" class=\"wp-caption alignnone\"><img loading=\"lazy\" decoding=\"async\" class=\"size-full wp-image-72680\" src=\"https:\/\/graziamagazine.com\/me\/wp-content\/uploads\/sites\/16\/2026\/08\/Enjy-Kiwan.png\" alt=\"Enjy Kiwan, Cartier's Into the Wild\" width=\"2565\" height=\"3206\" srcset=\"https:\/\/graziamagazine.com\/me\/wp-content\/uploads\/sites\/16\/2026\/08\/Enjy-Kiwan.png 2565w, https:\/\/graziamagazine.com\/me\/wp-content\/uploads\/sites\/16\/2026\/08\/Enjy-Kiwan-240x300.png 240w, https:\/\/graziamagazine.com\/me\/wp-content\/uploads\/sites\/16\/2026\/08\/Enjy-Kiwan-819x1024.png 819w, https:\/\/graziamagazine.com\/me\/wp-content\/uploads\/sites\/16\/2026\/08\/Enjy-Kiwan-768x960.png 768w, https:\/\/graziamagazine.com\/me\/wp-content\/uploads\/sites\/16\/2026\/08\/Enjy-Kiwan-1229x1536.png 1229w, https:\/\/graziamagazine.com\/me\/wp-content\/uploads\/sites\/16\/2026\/08\/Enjy-Kiwan-1639x2048.png 1639w, https:\/\/graziamagazine.com\/me\/wp-content\/uploads\/sites\/16\/2026\/08\/Enjy-Kiwan-400x500.png 400w, https:\/\/graziamagazine.com\/me\/wp-content\/uploads\/sites\/16\/2026\/08\/Enjy-Kiwan-155x194.png 155w, https:\/\/graziamagazine.com\/me\/wp-content\/uploads\/sites\/16\/2026\/08\/Enjy-Kiwan-150x187.png 150w\" sizes=\"(max-width: 2565px) 100vw, 2565px\" \/><figcaption id=\"caption-attachment-72680\" class=\"wp-caption-text\">Photo: Supplied<\/figcaption><\/figure>\n<p>Egyptian actress, Enjy Kiwan, wore the Clash de Cartier necklace in rose gold and diamonds with matching hoop earrings.<\/p>\n<h3>Nadine Labaki<\/h3>\n<figure id=\"attachment_72682\" aria-describedby=\"caption-attachment-72682\" style=\"width: 2565px\" class=\"wp-caption alignnone\"><img loading=\"lazy\" decoding=\"async\" class=\"size-full wp-image-72682\" src=\"https:\/\/graziamagazine.com\/me\/wp-content\/uploads\/sites\/16\/2026\/08\/Nadine-Labaki.png\" alt=\"Nadine Labaki, Cartier's Into the Wild\" width=\"2565\" height=\"3206\" srcset=\"https:\/\/graziamagazine.com\/me\/wp-content\/uploads\/sites\/16\/2026\/08\/Nadine-Labaki.png 2565w, https:\/\/graziamagazine.com\/me\/wp-content\/uploads\/sites\/16\/2026\/08\/Nadine-Labaki-240x300.png 240w, https:\/\/graziamagazine.com\/me\/wp-content\/uploads\/sites\/16\/2026\/08\/Nadine-Labaki-819x1024.png 819w, https:\/\/graziamagazine.com\/me\/wp-content\/uploads\/sites\/16\/2026\/08\/Nadine-Labaki-768x960.png 768w, https:\/\/graziamagazine.com\/me\/wp-content\/uploads\/sites\/16\/2026\/08\/Nadine-Labaki-1229x1536.png 1229w, https:\/\/graziamagazine.com\/me\/wp-content\/uploads\/sites\/16\/2026\/08\/Nadine-Labaki-1639x2048.png 1639w, https:\/\/graziamagazine.com\/me\/wp-content\/uploads\/sites\/16\/2026\/08\/Nadine-Labaki-400x500.png 400w, https:\/\/graziamagazine.com\/me\/wp-content\/uploads\/sites\/16\/2026\/08\/Nadine-Labaki-155x194.png 155w, https:\/\/graziamagazine.com\/me\/wp-content\/uploads\/sites\/16\/2026\/08\/Nadine-Labaki-150x187.png 150w\" sizes=\"(max-width: 2565px) 100vw, 2565px\" \/><figcaption id=\"caption-attachment-72682\" class=\"wp-caption-text\">Photo: Supplied<\/figcaption><\/figure>\n<p>The Lebanese actress, director and activist kept the focus on a pair of small Panth\u00e8re earrings in rose gold, Onyx, emeralds and diamonds.<\/p>\n<h3>Busra Develi<\/h3>\n<figure id=\"attachment_72683\" aria-describedby=\"caption-attachment-72683\" style=\"width: 2565px\" class=\"wp-caption alignnone\"><img loading=\"lazy\" decoding=\"async\" class=\"size-full wp-image-72683\" src=\"https:\/\/graziamagazine.com\/me\/wp-content\/uploads\/sites\/16\/2026\/08\/Busra-Develi.png\" alt=\"Busra Develi, Cartier's Into the Wild\" width=\"2565\" height=\"3206\" srcset=\"https:\/\/graziamagazine.com\/me\/wp-content\/uploads\/sites\/16\/2026\/08\/Busra-Develi.png 2565w, https:\/\/graziamagazine.com\/me\/wp-content\/uploads\/sites\/16\/2026\/08\/Busra-Develi-240x300.png 240w, https:\/\/graziamagazine.com\/me\/wp-content\/uploads\/sites\/16\/2026\/08\/Busra-Develi-819x1024.png 819w, https:\/\/graziamagazine.com\/me\/wp-content\/uploads\/sites\/16\/2026\/08\/Busra-Develi-768x960.png 768w, https:\/\/graziamagazine.com\/me\/wp-content\/uploads\/sites\/16\/2026\/08\/Busra-Develi-1229x1536.png 1229w, https:\/\/graziamagazine.com\/me\/wp-content\/uploads\/sites\/16\/2026\/08\/Busra-Develi-1639x2048.png 1639w, https:\/\/graziamagazine.com\/me\/wp-content\/uploads\/sites\/16\/2026\/08\/Busra-Develi-400x500.png 400w, https:\/\/graziamagazine.com\/me\/wp-content\/uploads\/sites\/16\/2026\/08\/Busra-Develi-155x194.png 155w, https:\/\/graziamagazine.com\/me\/wp-content\/uploads\/sites\/16\/2026\/08\/Busra-Develi-150x187.png 150w\" sizes=\"(max-width: 2565px) 100vw, 2565px\" \/><figcaption id=\"caption-attachment-72683\" class=\"wp-caption-text\">Photo: Supplied<\/figcaption><\/figure>\n<p>Turkish actress Busra Develi leaned into the Panth\u00e8re with a half-pav\u00e9 white gold necklace and matching hoop earrings accented with emeralds, onyx and diamonds.<\/p>\n<h3>Saba Mubarak<\/h3>\n<figure id=\"attachment_72684\" aria-describedby=\"caption-attachment-72684\" style=\"width: 2565px\" class=\"wp-caption alignnone\"><img loading=\"lazy\" decoding=\"async\" class=\"size-full wp-image-72684\" src=\"https:\/\/graziamagazine.com\/me\/wp-content\/uploads\/sites\/16\/2026\/08\/Saba-Mubarak.png\" alt=\"Saba Mubarak, Cartier's Into the Wild\" width=\"2565\" height=\"3206\" srcset=\"https:\/\/graziamagazine.com\/me\/wp-content\/uploads\/sites\/16\/2026\/08\/Saba-Mubarak.png 2565w, https:\/\/graziamagazine.com\/me\/wp-content\/uploads\/sites\/16\/2026\/08\/Saba-Mubarak-240x300.png 240w, https:\/\/graziamagazine.com\/me\/wp-content\/uploads\/sites\/16\/2026\/08\/Saba-Mubarak-819x1024.png 819w, https:\/\/graziamagazine.com\/me\/wp-content\/uploads\/sites\/16\/2026\/08\/Saba-Mubarak-768x960.png 768w, https:\/\/graziamagazine.com\/me\/wp-content\/uploads\/sites\/16\/2026\/08\/Saba-Mubarak-1229x1536.png 1229w, https:\/\/graziamagazine.com\/me\/wp-content\/uploads\/sites\/16\/2026\/08\/Saba-Mubarak-1639x2048.png 1639w, https:\/\/graziamagazine.com\/me\/wp-content\/uploads\/sites\/16\/2026\/08\/Saba-Mubarak-400x500.png 400w, https:\/\/graziamagazine.com\/me\/wp-content\/uploads\/sites\/16\/2026\/08\/Saba-Mubarak-155x194.png 155w, https:\/\/graziamagazine.com\/me\/wp-content\/uploads\/sites\/16\/2026\/08\/Saba-Mubarak-150x187.png 150w\" sizes=\"(max-width: 2565px) 100vw, 2565px\" \/><figcaption id=\"caption-attachment-72684\" class=\"wp-caption-text\">Photo: Supplied<\/figcaption><\/figure>\n<p>The Jordanian actress and producer kept things understated with yellow gold Panth\u00e8re earrings featuring tsavorite garnets. Onyx and diamonds.<\/p>\n<h3>Ishaan Khatter<\/h3>\n<figure id=\"attachment_72685\" aria-describedby=\"caption-attachment-72685\" style=\"width: 2565px\" class=\"wp-caption alignnone\"><img loading=\"lazy\" decoding=\"async\" class=\"size-full wp-image-72685\" src=\"https:\/\/graziamagazine.com\/me\/wp-content\/uploads\/sites\/16\/2026\/08\/Ishaan-Khatter.png\" alt=\"Ishaan Khatter, Cartier's Into the Wild\" width=\"2565\" height=\"3206\" srcset=\"https:\/\/graziamagazine.com\/me\/wp-content\/uploads\/sites\/16\/2026\/08\/Ishaan-Khatter.png 2565w, https:\/\/graziamagazine.com\/me\/wp-content\/uploads\/sites\/16\/2026\/08\/Ishaan-Khatter-240x300.png 240w, https:\/\/graziamagazine.com\/me\/wp-content\/uploads\/sites\/16\/2026\/08\/Ishaan-Khatter-819x1024.png 819w, https:\/\/graziamagazine.com\/me\/wp-content\/uploads\/sites\/16\/2026\/08\/Ishaan-Khatter-768x960.png 768w, https:\/\/graziamagazine.com\/me\/wp-content\/uploads\/sites\/16\/2026\/08\/Ishaan-Khatter-1229x1536.png 1229w, https:\/\/graziamagazine.com\/me\/wp-content\/uploads\/sites\/16\/2026\/08\/Ishaan-Khatter-1639x2048.png 1639w, https:\/\/graziamagazine.com\/me\/wp-content\/uploads\/sites\/16\/2026\/08\/Ishaan-Khatter-400x500.png 400w, https:\/\/graziamagazine.com\/me\/wp-content\/uploads\/sites\/16\/2026\/08\/Ishaan-Khatter-155x194.png 155w, https:\/\/graziamagazine.com\/me\/wp-content\/uploads\/sites\/16\/2026\/08\/Ishaan-Khatter-150x187.png 150w\" sizes=\"(max-width: 2565px) 100vw, 2565px\" \/><figcaption id=\"caption-attachment-72685\" class=\"wp-caption-text\">Photo: Supplied<\/figcaption><\/figure>\n<p>Ishaan Khatter added a diamond-paved Juste un Clou long necklace in white gold to a Tank Am\u00e9ricaine watch in platinum.<\/p>\n<h3>Bar\u0131\u015f Ardu\u00e7<\/h3>\n<figure id=\"attachment_72686\" aria-describedby=\"caption-attachment-72686\" style=\"width: 2565px\" class=\"wp-caption alignnone\"><img loading=\"lazy\" decoding=\"async\" class=\"size-full wp-image-72686\" src=\"https:\/\/graziamagazine.com\/me\/wp-content\/uploads\/sites\/16\/2026\/08\/Baris\u0327-Arduc\u0327.png\" alt=\"Bar\u0131\u015f Ardu\u00e7, Cartier's Into the Wild\" width=\"2565\" height=\"3206\" srcset=\"https:\/\/graziamagazine.com\/me\/wp-content\/uploads\/sites\/16\/2026\/08\/Baris\u0327-Arduc\u0327.png 2565w, https:\/\/graziamagazine.com\/me\/wp-content\/uploads\/sites\/16\/2026\/08\/Baris\u0327-Arduc\u0327-240x300.png 240w, https:\/\/graziamagazine.com\/me\/wp-content\/uploads\/sites\/16\/2026\/08\/Baris\u0327-Arduc\u0327-819x1024.png 819w, https:\/\/graziamagazine.com\/me\/wp-content\/uploads\/sites\/16\/2026\/08\/Baris\u0327-Arduc\u0327-768x960.png 768w, https:\/\/graziamagazine.com\/me\/wp-content\/uploads\/sites\/16\/2026\/08\/Baris\u0327-Arduc\u0327-1229x1536.png 1229w, https:\/\/graziamagazine.com\/me\/wp-content\/uploads\/sites\/16\/2026\/08\/Baris\u0327-Arduc\u0327-1639x2048.png 1639w, https:\/\/graziamagazine.com\/me\/wp-content\/uploads\/sites\/16\/2026\/08\/Baris\u0327-Arduc\u0327-400x500.png 400w, https:\/\/graziamagazine.com\/me\/wp-content\/uploads\/sites\/16\/2026\/08\/Baris\u0327-Arduc\u0327-155x194.png 155w, https:\/\/graziamagazine.com\/me\/wp-content\/uploads\/sites\/16\/2026\/08\/Baris\u0327-Arduc\u0327-150x187.png 150w\" sizes=\"(max-width: 2565px) 100vw, 2565px\" \/><figcaption id=\"caption-attachment-72686\" class=\"wp-caption-text\">Photo: Supplied<\/figcaption><\/figure>\n<p>Turkish film star, Bar\u0131\u015f Ardu\u00e7, wore a Santos de Cartier watch in yellow gold and steel with a matching Santos necklace chain.<\/p>\n<h3>Fady El Sayed<\/h3>\n<figure id=\"attachment_72688\" aria-describedby=\"caption-attachment-72688\" style=\"width: 2565px\" class=\"wp-caption alignnone\"><img loading=\"lazy\" decoding=\"async\" class=\"size-full wp-image-72688\" src=\"https:\/\/graziamagazine.com\/me\/wp-content\/uploads\/sites\/16\/2026\/08\/Fady-El-Sayed.png\" alt=\"Fady El Sayed, Cartier's Into The Wild\" width=\"2565\" height=\"3206\" srcset=\"https:\/\/graziamagazine.com\/me\/wp-content\/uploads\/sites\/16\/2026\/08\/Fady-El-Sayed.png 2565w, https:\/\/graziamagazine.com\/me\/wp-content\/uploads\/sites\/16\/2026\/08\/Fady-El-Sayed-240x300.png 240w, https:\/\/graziamagazine.com\/me\/wp-content\/uploads\/sites\/16\/2026\/08\/Fady-El-Sayed-819x1024.png 819w, https:\/\/graziamagazine.com\/me\/wp-content\/uploads\/sites\/16\/2026\/08\/Fady-El-Sayed-768x960.png 768w, https:\/\/graziamagazine.com\/me\/wp-content\/uploads\/sites\/16\/2026\/08\/Fady-El-Sayed-1229x1536.png 1229w, https:\/\/graziamagazine.com\/me\/wp-content\/uploads\/sites\/16\/2026\/08\/Fady-El-Sayed-1639x2048.png 1639w, https:\/\/graziamagazine.com\/me\/wp-content\/uploads\/sites\/16\/2026\/08\/Fady-El-Sayed-400x500.png 400w, https:\/\/graziamagazine.com\/me\/wp-content\/uploads\/sites\/16\/2026\/08\/Fady-El-Sayed-155x194.png 155w, https:\/\/graziamagazine.com\/me\/wp-content\/uploads\/sites\/16\/2026\/08\/Fady-El-Sayed-150x187.png 150w\" sizes=\"(max-width: 2565px) 100vw, 2565px\" \/><figcaption id=\"caption-attachment-72688\" class=\"wp-caption-text\">Photo: Supplied<\/figcaption><\/figure>\n<p>Egyptian-British actor, Fady El Sayed opted for a Tank Louis Cartier watch in yellow gold, finished with a Faune et Flore de Cartier brooch featuring tsavorites and black lacquer.<\/p>\n<h3>Bader Kabbani<\/h3>\n<figure id=\"attachment_72689\" aria-describedby=\"caption-attachment-72689\" style=\"width: 2565px\" class=\"wp-caption alignnone\"><img loading=\"lazy\" decoding=\"async\" class=\"size-full wp-image-72689\" src=\"https:\/\/graziamagazine.com\/me\/wp-content\/uploads\/sites\/16\/2026\/08\/Bader-Kabbani.png\" alt=\"Bader Kabbani, Cartier's Into the Wild\" width=\"2565\" height=\"3206\" srcset=\"https:\/\/graziamagazine.com\/me\/wp-content\/uploads\/sites\/16\/2026\/08\/Bader-Kabbani.png 2565w, https:\/\/graziamagazine.com\/me\/wp-content\/uploads\/sites\/16\/2026\/08\/Bader-Kabbani-240x300.png 240w, https:\/\/graziamagazine.com\/me\/wp-content\/uploads\/sites\/16\/2026\/08\/Bader-Kabbani-819x1024.png 819w, https:\/\/graziamagazine.com\/me\/wp-content\/uploads\/sites\/16\/2026\/08\/Bader-Kabbani-768x960.png 768w, https:\/\/graziamagazine.com\/me\/wp-content\/uploads\/sites\/16\/2026\/08\/Bader-Kabbani-1229x1536.png 1229w, https:\/\/graziamagazine.com\/me\/wp-content\/uploads\/sites\/16\/2026\/08\/Bader-Kabbani-1639x2048.png 1639w, https:\/\/graziamagazine.com\/me\/wp-content\/uploads\/sites\/16\/2026\/08\/Bader-Kabbani-400x500.png 400w, https:\/\/graziamagazine.com\/me\/wp-content\/uploads\/sites\/16\/2026\/08\/Bader-Kabbani-155x194.png 155w, https:\/\/graziamagazine.com\/me\/wp-content\/uploads\/sites\/16\/2026\/08\/Bader-Kabbani-150x187.png 150w\" sizes=\"(max-width: 2565px) 100vw, 2565px\" \/><figcaption id=\"caption-attachment-72689\" class=\"wp-caption-text\">Photo: Supplied<\/figcaption><\/figure>\n<p>Bader Kabbani chose a classic Santos-Dumont watch in steel.<\/p>\n<h3>Anas Bukhash<\/h3>\n<figure id=\"attachment_72690\" aria-describedby=\"caption-attachment-72690\" style=\"width: 2565px\" class=\"wp-caption alignnone\"><img loading=\"lazy\" decoding=\"async\" class=\"size-full wp-image-72690\" src=\"https:\/\/graziamagazine.com\/me\/wp-content\/uploads\/sites\/16\/2026\/08\/Anas-Bukhash.png\" alt=\"Anas Bukhash, Cartier's Into The Wild\" width=\"2565\" height=\"3206\" srcset=\"https:\/\/graziamagazine.com\/me\/wp-content\/uploads\/sites\/16\/2026\/08\/Anas-Bukhash.png 2565w, https:\/\/graziamagazine.com\/me\/wp-content\/uploads\/sites\/16\/2026\/08\/Anas-Bukhash-240x300.png 240w, https:\/\/graziamagazine.com\/me\/wp-content\/uploads\/sites\/16\/2026\/08\/Anas-Bukhash-819x1024.png 819w, https:\/\/graziamagazine.com\/me\/wp-content\/uploads\/sites\/16\/2026\/08\/Anas-Bukhash-768x960.png 768w, https:\/\/graziamagazine.com\/me\/wp-content\/uploads\/sites\/16\/2026\/08\/Anas-Bukhash-1229x1536.png 1229w, https:\/\/graziamagazine.com\/me\/wp-content\/uploads\/sites\/16\/2026\/08\/Anas-Bukhash-1639x2048.png 1639w, https:\/\/graziamagazine.com\/me\/wp-content\/uploads\/sites\/16\/2026\/08\/Anas-Bukhash-400x500.png 400w, https:\/\/graziamagazine.com\/me\/wp-content\/uploads\/sites\/16\/2026\/08\/Anas-Bukhash-155x194.png 155w, https:\/\/graziamagazine.com\/me\/wp-content\/uploads\/sites\/16\/2026\/08\/Anas-Bukhash-150x187.png 150w\" sizes=\"(max-width: 2565px) 100vw, 2565px\" \/><figcaption id=\"caption-attachment-72690\" class=\"wp-caption-text\">Photo: Supplied<\/figcaption><\/figure>\n<p>The Emirati entrepreneur opted for Cartier\u2019s petite Baignoire watch in yellow gold, pairing it with the yellow-gold Panth\u00e8re de Cartier necklace, Juste un Clou bracelet, alongside the Love Unlimited bracelet and the Cartier Love ring.<\/p>\n","protected":false},"author":42781,"featured_media":72708,"template":"","format":"standard","categories":[65,35],"yoast_head":"<!-- This site is optimized with the Yoast SEO Premium plugin v18.5 (Yoast SEO v20.4) - https:\/\/yoast.com\/wordpress\/plugins\/seo\/ -->\n<title>Cartier Into the Wild With Razane Jammal, Nadine Labaki &amp; More<\/title>\n<meta name=\"description\" content=\"Cartier brings regional and international stars together in B\u00fcy\u00fckada for its Into the Wild gathering, celebrating jewellery and watchmaking.\" \/>\n<meta name=\"robots\" content=\"index, follow, max-snippet:-1, max-image-preview:large, max-video-preview:-1\" \/>\n<link rel=\"canonical\" href=\"https:\/\/graziamagazine.com\/me\/articles\/cartier-turkey-celebrities\/\" \/>\n<meta property=\"og:locale\" content=\"en_US\" \/>\n<meta property=\"og:type\" content=\"article\" \/>\n<meta property=\"og:title\" content=\"Cartier Brings Regional A-Listers Together In Star-Studded Turkey Event\" \/>\n<meta property=\"og:description\" content=\"Cartier brings regional and international stars together in B\u00fcy\u00fckada for its Into the Wild gathering, celebrating jewellery and watchmaking.\" \/>\n<meta property=\"og:url\" content=\"https:\/\/graziamagazine.com\/me\/articles\/cartier-turkey-celebrities\/\" \/>\n<meta property=\"og:site_name\" content=\"Grazia Middle East\" \/>\n<meta property=\"og:image\" content=\"https:\/\/graziamagazine.com\/me\/wp-content\/uploads\/sites\/16\/2026\/08\/Tara-Emad-Cartier.png\" \/>\n\t<meta property=\"og:image:width\" content=\"1280\" \/>\n\t<meta property=\"og:image:height\" content=\"720\" \/>\n\t<meta property=\"og:image:type\" content=\"image\/png\" \/>\n<meta name=\"twitter:card\" content=\"summary_large_image\" \/>\n<meta name=\"twitter:label1\" content=\"Est. reading time\" \/>\n\t<meta name=\"twitter:data1\" content=\"6 minutes\" \/>\n<script type=\"application\/ld+json\" class=\"yoast-schema-graph\">{\"@context\":\"https:\/\/schema.org\",\"@graph\":[{\"@type\":\"WebPage\",\"@id\":\"https:\/\/graziamagazine.com\/me\/articles\/cartier-turkey-celebrities\/\",\"url\":\"https:\/\/graziamagazine.com\/me\/articles\/cartier-turkey-celebrities\/\",\"name\":\"Cartier Into the Wild With Razane Jammal, Nadine Labaki & More\",\"isPartOf\":{\"@id\":\"https:\/\/graziamagazine.com\/me\/#website\"},\"datePublished\":\"2026-08-31T10:57:55+00:00\",\"dateModified\":\"2026-08-31T10:57:55+00:00\",\"description\":\"Cartier brings regional and international stars together in B\u00fcy\u00fckada for its Into the Wild gathering, celebrating jewellery and watchmaking.\",\"breadcrumb\":{\"@id\":\"https:\/\/graziamagazine.com\/me\/articles\/cartier-turkey-celebrities\/#breadcrumb\"},\"inLanguage\":\"en-US\",\"potentialAction\":[{\"@type\":\"ReadAction\",\"target\":[\"https:\/\/graziamagazine.com\/me\/articles\/cartier-turkey-celebrities\/\"]}]},{\"@type\":\"BreadcrumbList\",\"@id\":\"https:\/\/graziamagazine.com\/me\/articles\/cartier-turkey-celebrities\/#breadcrumb\",\"itemListElement\":[{\"@type\":\"ListItem\",\"position\":1,\"name\":\"Home\",\"item\":\"https:\/\/graziamagazine.com\/me\/\"},{\"@type\":\"ListItem\",\"position\":2,\"name\":\"Cartier Brings Regional A-Listers Together In Star-Studded Turkey Event\"}]},{\"@type\":\"WebSite\",\"@id\":\"https:\/\/graziamagazine.com\/me\/#website\",\"url\":\"https:\/\/graziamagazine.com\/me\/\",\"name\":\"Grazia Middle East\",\"description\":\"Grazia&#039;s Middle East Site\",\"alternateName\":\"Grazia ME\",\"potentialAction\":[{\"@type\":\"SearchAction\",\"target\":{\"@type\":\"EntryPoint\",\"urlTemplate\":\"https:\/\/graziamagazine.com\/me\/?s={search_term_string}\"},\"query-input\":\"required name=search_term_string\"}],\"inLanguage\":\"en-US\"}]}<\/script>\n<!-- \/ Yoast SEO Premium plugin. -->","yoast_head_json":{"title":"Cartier Into the Wild With Razane Jammal, Nadine Labaki & More","description":"Cartier brings regional and international stars together in B\u00fcy\u00fckada for its Into the Wild gathering, celebrating jewellery and watchmaking.","robots":{"index":"index","follow":"follow","max-snippet":"max-snippet:-1","max-image-preview":"max-image-preview:large","max-video-preview":"max-video-preview:-1"},"canonical":"https:\/\/graziamagazine.com\/me\/articles\/cartier-turkey-celebrities\/","og_locale":"en_US","og_type":"article","og_title":"Cartier Brings Regional A-Listers Together In Star-Studded Turkey Event","og_description":"Cartier brings regional and international stars together in B\u00fcy\u00fckada for its Into the Wild gathering, celebrating jewellery and watchmaking.","og_url":"https:\/\/graziamagazine.com\/me\/articles\/cartier-turkey-celebrities\/","og_site_name":"Grazia Middle East","og_image":[{"width":1280,"height":720,"url":"https:\/\/graziamagazine.com\/me\/wp-content\/uploads\/sites\/16\/2026\/08\/Tara-Emad-Cartier.png","type":"image\/png"}],"twitter_card":"summary_large_image","twitter_misc":{"Est. reading time":"6 minutes"},"schema":{"@context":"https:\/\/schema.org","@graph":[{"@type":"WebPage","@id":"https:\/\/graziamagazine.com\/me\/articles\/cartier-turkey-celebrities\/","url":"https:\/\/graziamagazine.com\/me\/articles\/cartier-turkey-celebrities\/","name":"Cartier Into the Wild With Razane Jammal, Nadine Labaki & More","isPartOf":{"@id":"https:\/\/graziamagazine.com\/me\/#website"},"datePublished":"2026-08-31T10:57:55+00:00","dateModified":"2026-08-31T10:57:55+00:00","description":"Cartier brings regional and international stars together in B\u00fcy\u00fckada for its Into the Wild gathering, celebrating jewellery and watchmaking.","breadcrumb":{"@id":"https:\/\/graziamagazine.com\/me\/articles\/cartier-turkey-celebrities\/#breadcrumb"},"inLanguage":"en-US","potentialAction":[{"@type":"ReadAction","target":["https:\/\/graziamagazine.com\/me\/articles\/cartier-turkey-celebrities\/"]}]},{"@type":"BreadcrumbList","@id":"https:\/\/graziamagazine.com\/me\/articles\/cartier-turkey-celebrities\/#breadcrumb","itemListElement":[{"@type":"ListItem","position":1,"name":"Home","item":"https:\/\/graziamagazine.com\/me\/"},{"@type":"ListItem","position":2,"name":"Cartier Brings Regional A-Listers Together In Star-Studded Turkey Event"}]},{"@type":"WebSite","@id":"https:\/\/graziamagazine.com\/me\/#website","url":"https:\/\/graziamagazine.com\/me\/","name":"Grazia Middle East","description":"Grazia&#039;s Middle East Site","alternateName":"Grazia ME","potentialAction":[{"@type":"SearchAction","target":{"@type":"EntryPoint","urlTemplate":"https:\/\/graziamagazine.com\/me\/?s={search_term_string}"},"query-input":"required name=search_term_string"}],"inLanguage":"en-US"}]}},"jetpack_sharing_enabled":true,"distributor_meta":false,"distributor_terms":false,"distributor_media":false,"distributor_original_site_name":"Grazia Middle East","distributor_original_site_url":"https:\/\/graziamagazine.com\/me","push-errors":false,"_links":{"self":[{"href":"https:\/\/graziamagazine.com\/me\/wp-json\/wp\/v2\/articles\/72664"}],"collection":[{"href":"https:\/\/graziamagazine.com\/me\/wp-json\/wp\/v2\/articles"}],"about":[{"href":"https:\/\/graziamagazine.com\/me\/wp-json\/wp\/v2\/types\/articles"}],"author":[{"embeddable":true,"href":"https:\/\/graziamagazine.com\/me\/wp-json\/wp\/v2\/users\/42781"}],"wp:featuredmedia":[{"embeddable":true,"href":"https:\/\/graziamagazine.com\/me\/wp-json\/wp\/v2\/media\/72708"}],"wp:attachment":[{"href":"https:\/\/graziamagazine.com\/me\/wp-json\/wp\/v2\/media?parent=72664"}],"wp:term":[{"taxonomy":"category","embeddable":true,"href":"https:\/\/graziamagazine.com\/me\/wp-json\/wp\/v2\/categories?post=72664"}],"curies":[{"name":"wp","href":"https:\/\/api.w.org\/{rel}","templated":true}]}}