{"id":38099,"date":"2023-06-24T18:18:07","date_gmt":"2023-06-24T14:18:07","guid":{"rendered":"https:\/\/graziamagazine.com\/me\/?post_type=articles&#038;p=38099"},"modified":"2023-06-24T18:18:07","modified_gmt":"2023-06-24T14:18:07","slug":"royal-weddings-2023","status":"publish","type":"articles","link":"https:\/\/graziamagazine.com\/me\/articles\/royal-weddings-2023\/","title":{"rendered":"Here Are All The Royal Weddings To Look Forward To In 2023"},"content":{"rendered":"<figure id=\"attachment_37520\" aria-describedby=\"caption-attachment-37520\" style=\"width: 1080px\" class=\"wp-caption alignnone\"><img loading=\"lazy\" decoding=\"async\" class=\"wp-image-37520 size-full\" src=\"https:\/\/graziamagazine.com\/me\/wp-content\/uploads\/sites\/16\/2023\/06\/Dubai-Royal-Wedding-e1687519713607.jpg\" alt=\"\" width=\"1080\" height=\"764\" \/><figcaption id=\"caption-attachment-37520\" class=\"wp-caption-text\">Instagram @hhshmahra<\/figcaption><\/figure>\n<p>This year, 2023, is the year of royal weddings. From Sheikha Mahra&#8217;s enchanting fairy-tale-like wedding to Princess Iman&#8217;s graceful ceremony. If you feel like you can&#8217;t keep up, scroll to find all the royal weddings that took place so far, and potential upcoming ones this year.<\/p>\n<p><!--more--><\/p>\n<p style=\"text-align: center;\"><a href=\"https:\/\/graziamagazine.com\/me\/articles\/jordan-royal-wedding-best-dressed-guests\/\" target=\"_blank\" rel=\"noopener\">Read More: The Best Dressed Guests At Jordan\u2019s Royal Wedding<\/a><\/p>\n<h3>SHEIKHA MAHRA AND ShEikh mana<\/h3>\n<figure id=\"attachment_37528\" aria-describedby=\"caption-attachment-37528\" style=\"width: 501px\" class=\"wp-caption alignnone\"><img loading=\"lazy\" decoding=\"async\" class=\"wp-image-37528\" src=\"https:\/\/graziamagazine.com\/me\/wp-content\/uploads\/sites\/16\/2023\/06\/Sheikha-Mahra-Royal-Wedding.jpg\" alt=\"royal weddings 2023\" width=\"501\" height=\"617\" \/><figcaption id=\"caption-attachment-37528\" class=\"wp-caption-text\">Instagram @hhshmahra<\/figcaption><\/figure>\n<p>Sheikha Mahra, the daughter of His Highness Sheikh Mohammed bin Rashid Al Maktoum, recently got married to <a href=\"https:\/\/graziamagazine.com\/me\/articles\/sheikha-mahra-future-husband-sheikh-mana\/\" target=\"_blank\" rel=\"noopener\">Sheikh Mana<\/a> on the 27th of May. The bride was elegantly dressed in an ethereal white embroidered ballgown by Dubai-based designer Ezra Couture. <!--more--><\/p>\n<p style=\"text-align: center;\"><a href=\"https:\/\/graziamagazine.com\/me\/articles\/sheikha-mahra-wedding-photos\/\" target=\"_blank\" rel=\"noopener\">Read More: Dubai\u2019s Royal Wedding: Sheikha Mahra\u2019s Wedding Photos<\/a><\/p>\n<h3>Princess Iman AND Jameel Alexander Thermiotis<\/h3>\n<figure id=\"attachment_37303\" aria-describedby=\"caption-attachment-37303\" style=\"width: 501px\" class=\"wp-caption alignnone\"><img loading=\"lazy\" decoding=\"async\" class=\"wp-image-37303\" src=\"https:\/\/graziamagazine.com\/me\/wp-content\/uploads\/sites\/16\/2023\/06\/Princess-Iman-wedding.jpg\" alt=\"princess iman wedding\" width=\"501\" height=\"751\" \/><figcaption id=\"caption-attachment-37303\" class=\"wp-caption-text\">AMMAN, JORDAN- MARCH 12: (&#8212;-EDITORIAL USE ONLY &#8211; MANDATORY CREDIT &#8211; &#8216;THE ROYAL HASHEMITE COURT \/ HANDOUT&#8217; &#8211; NO MARKETING NO ADVERTISING CAMPAIGNS &#8211; DISTRIBUTED AS A SERVICE TO CLIENTS&#8212;-) King of Jordan Abdullah II (L), Princess Iman (2nd L), Jameel Alexander Thermiotis (2nd R) and Queen Rania (R) pose for a photo at the Royal Wedding of Princess Iman Bint Abdullah II and Jameel Alexander Thermiotis on March 12, 2023 (Photo by Royal Hashemite Court \/Handout\/Anadolu Agency via Getty Images)<\/figcaption><\/figure>\n<p>Princess Iman bint Abdullah II married <a href=\"https:\/\/graziamagazine.com\/me\/articles\/princess-iman-new-fiance-jameel-alexander-thermiotis\/\" target=\"_blank\" rel=\"noopener\">Jameel Alexander Thermiotis<\/a> on the 12th of March in Amman, Jordan. The 26-year-old looked absolutely mesmerising in her white Dior gown and Chaumet <a href=\"https:\/\/graziamagazine.com\/me\/articles\/tiara-at-royal-wedding-of-crown-prince-hussein-and-rajwa-al-saif\/\" target=\"_blank\" rel=\"noopener\">tiara<\/a>.<\/p>\n<h3>crown prince Hussein bin Abdullah Ii AND Princess Rajwa Al Hussein<\/h3>\n<figure id=\"attachment_36957\" aria-describedby=\"caption-attachment-36957\" style=\"width: 501px\" class=\"wp-caption alignnone\"><img loading=\"lazy\" decoding=\"async\" class=\"wp-image-36957\" src=\"https:\/\/graziamagazine.com\/me\/wp-content\/uploads\/sites\/16\/2023\/06\/rajwa-al-saif-wedding-makeup-beauty-look-secrets.jpg\" alt=\"rajwa al saif wedding makeup beauty look secrets\" width=\"501\" height=\"282\" \/><figcaption id=\"caption-attachment-36957\" class=\"wp-caption-text\">Courtesy of Royal Hashemite Court<\/figcaption><\/figure>\n<p>It&#8217;s a double wedding year for the royal family of Jordan. Crown Prince Hussein and Princess Rajwa Al Hussein united on June 1st in Amman, Jordan, at the Zahran Palace. On her special day, <a href=\"https:\/\/graziamagazine.com\/me\/articles\/rajwa-al-saif-wedding-dress-elie-saab-crown-prince-hussein\/\" target=\"_blank\" rel=\"noopener\">Princess Rajwa wore a stunning Elie Saab couture gown<\/a> and a delicate tiara that held a <a href=\"https:\/\/graziamagazine.com\/me\/articles\/tiara-at-royal-wedding-of-crown-prince-hussein-and-rajwa-al-saif\/\" target=\"_blank\" rel=\"noopener\">secret message<\/a>.<\/p>\n<p><!--more--><\/p>\n<p style=\"text-align: center;\"><a href=\"https:\/\/graziamagazine.com\/me\/articles\/prince-hussein-wedding-photos-are-officially-released\/\" target=\"_blank\" rel=\"noopener\">Read More: Every Photo From The Royal Wedding Of Crown Prince Hussein And Princess Rajwa Al Saif<\/a><\/p>\n<h3>Lady Amelia Spencer and Greg Mallett<\/h3>\n<figure id=\"attachment_38105\" aria-describedby=\"caption-attachment-38105\" style=\"width: 501px\" class=\"wp-caption alignnone\"><img loading=\"lazy\" decoding=\"async\" class=\"wp-image-38105\" src=\"https:\/\/graziamagazine.com\/me\/wp-content\/uploads\/sites\/16\/2023\/06\/Lady-Amelia-Spencer.jpg\" alt=\"royal weddings 2023\" width=\"501\" height=\"626\" \/><figcaption id=\"caption-attachment-38105\" class=\"wp-caption-text\">Instagram @ameliaspencer15<\/figcaption><\/figure>\n<p>Lady Amelia, the 30-year-old niece of Diana, Princess of Wales, exchanged vows with Greg Mallett on the 21st March in Cape Town, South Africa. In a custom Atelier Versace dress, Lady Amelia celebrated her dream wedding alongside friends and family members.<\/p>\n<h3>Princess Alexandra and Nicholas Bagoy<\/h3>\n<figure id=\"attachment_38106\" aria-describedby=\"caption-attachment-38106\" style=\"width: 501px\" class=\"wp-caption alignnone\"><img loading=\"lazy\" decoding=\"async\" class=\"wp-image-38106\" src=\"https:\/\/graziamagazine.com\/me\/wp-content\/uploads\/sites\/16\/2023\/06\/Princess-Alexandra-of-Luxembourg.jpg\" alt=\"Princess Alexandra of Luxembourg\" width=\"501\" height=\"626\" \/><figcaption id=\"caption-attachment-38106\" class=\"wp-caption-text\">Instagram @coutureandroyals<\/figcaption><\/figure>\n<p>Princess Alexandra, the only daughter of the Grand Duke and Grand Duchess of Luxembourg, and French businessman Nicholas Bagoy exchanged vows on the 22nd of April. The princess looked beautiful dressed in a custom satin gown by Elie Saab.<\/p>\n<h3>Princess &#8216;Azemah Ni&#8217;matul Bolkiah and Prince Bahar ibni Jefri Bolkiah<\/h3>\n<figure id=\"attachment_38104\" aria-describedby=\"caption-attachment-38104\" style=\"width: 501px\" class=\"wp-caption alignnone\"><img loading=\"lazy\" decoding=\"async\" class=\"wp-image-38104\" src=\"https:\/\/graziamagazine.com\/me\/wp-content\/uploads\/sites\/16\/2023\/06\/Prince-of-Brunei.png\" alt=\"royal weddings 2023\" width=\"501\" height=\"334\" \/><figcaption id=\"caption-attachment-38104\" class=\"wp-caption-text\">Instagram @tmski<\/figcaption><\/figure>\n<p>Princess \u2019Azemah Ni\u2019matul Bolkiah of Brunei, the Sultan of Brunei&#8217;s daughter, tied the know with Prince Bahar ibni Jefri Bolkiah of Brunei, her first cousin. The ceremony took place on the 11th of January at the sultan\u2019s opulent official residence.<\/p>\n<h3>Prince Ludwig and Sophie-Alexandra Evekink<\/h3>\n<figure id=\"attachment_38114\" aria-describedby=\"caption-attachment-38114\" style=\"width: 501px\" class=\"wp-caption alignnone\"><img loading=\"lazy\" decoding=\"async\" class=\"wp-image-38114\" src=\"https:\/\/graziamagazine.com\/me\/wp-content\/uploads\/sites\/16\/2023\/06\/Prince-Ludwig-and-Sophie.jpg\" alt=\"Prince Ludwig wedding\" width=\"501\" height=\"626\" \/><figcaption id=\"caption-attachment-38114\" class=\"wp-caption-text\">Instagram @eugeniagaravani<\/figcaption><\/figure>\n<p>Prince Ludwig of Bavaria married Oxford criminology student Sophie-Alexandra Evekink in Munich, Germany, on the 22nd of May. Sophie wore a feminine bridal gown from Lebanese designer Reem Acra.<\/p>\n<h3>The Marquesa of Gri\u00f1\u00f3n and \u00cd\u00f1igo Onieva<\/h3>\n<figure id=\"attachment_38116\" aria-describedby=\"caption-attachment-38116\" style=\"width: 501px\" class=\"wp-caption alignnone\"><img loading=\"lazy\" decoding=\"async\" class=\"wp-image-38116\" src=\"https:\/\/graziamagazine.com\/me\/wp-content\/uploads\/sites\/16\/2023\/06\/The-Marquesa-of-Grinon-and-Inigo-Onieva.jpg\" alt=\"Tamara Falco wedding\" width=\"501\" height=\"626\" \/><figcaption id=\"caption-attachment-38116\" class=\"wp-caption-text\">Instagram @ionieva<\/figcaption><\/figure>\n<p>Tamara Falc\u00f3, Marquesa of Gri\u00f1\u00f3n, put her engagement with \u00cd\u00f1igo Onieva on hold after a video of him kissing another woman was leaked. Now, the couple is set to get married on the 8th of July after they publicly reconciled.<\/p>\n<h3>The Duke of Westminster and Olivia Henson<\/h3>\n<figure id=\"attachment_38115\" aria-describedby=\"caption-attachment-38115\" style=\"width: 501px\" class=\"wp-caption alignnone\"><img loading=\"lazy\" decoding=\"async\" class=\"wp-image-38115\" src=\"https:\/\/graziamagazine.com\/me\/wp-content\/uploads\/sites\/16\/2023\/06\/The-Duke-of-Westminster-and-Olivia-Henson.jpg\" alt=\"The Duke of Westminster wedding\" width=\"501\" height=\"626\" \/><figcaption id=\"caption-attachment-38115\" class=\"wp-caption-text\">Instagram @rroyalhat<\/figcaption><\/figure>\n<p>The Duke of Westminster, Prince George&#8217;s godfather, has proposed to Olivia Henson, his girlfriend of 2 years, back in April. A <a href=\"https:\/\/www.dailymail.co.uk\/femail\/article-12004333\/The-Duke-Westminster-announces-engagement-girlfriend-Olivia-Henson.html\" target=\"_blank\" rel=\"noopener\" target=\"_blank\">statement<\/a> was released, saying, &#8220;The couple, who have been together for two years, recently became engaged at the Duke&#8217;s family home at Eaton Hall in Cheshire.&#8221; It could be possible for the two to get married this year unless they decide to take things slow. Questions arise, will Prince George take part in the wedding of his godfather?<\/p>\n<p><!--more--><\/p>\n<p style=\"text-align: center;\"><a href=\"https:\/\/graziamagazine.com\/me\/articles\/king-abdullah-and-queen-rania-30th-anniversary-best-photos-throughout-years\/\" target=\"_blank\" rel=\"noopener\">Read More:\u00a0Ahead Of King Abdullah And Queen Rania\u2019s 30th Anniversary, We Look Back At Their Best Photos Throughout The Years<\/a><\/p>\n","protected":false},"author":42677,"featured_media":38117,"template":"","format":"standard","categories":[35,5512],"yoast_head":"<!-- This site is optimized with the Yoast SEO Premium plugin v18.5 (Yoast SEO v20.4) - https:\/\/yoast.com\/wordpress\/plugins\/seo\/ -->\n<title>Royal Weddings 2023: All The Weddings You Need To Bookmark<\/title>\n<meta name=\"description\" content=\"2023 is the year of royal weddings. Click here to find all the weddings that took place, and potential upcoming ones this year.\" \/>\n<meta name=\"robots\" content=\"index, follow, max-snippet:-1, max-image-preview:large, max-video-preview:-1\" \/>\n<link rel=\"canonical\" href=\"https:\/\/graziamagazine.com\/me\/articles\/royal-weddings-2023\/\" \/>\n<meta property=\"og:locale\" content=\"en_US\" \/>\n<meta property=\"og:type\" content=\"article\" \/>\n<meta property=\"og:title\" content=\"Here Are All The Royal Weddings To Look Forward To In 2023\" \/>\n<meta property=\"og:description\" content=\"2023 is the year of royal weddings. Click here to find all the weddings that took place, and potential upcoming ones this year.\" \/>\n<meta property=\"og:url\" content=\"https:\/\/graziamagazine.com\/me\/articles\/royal-weddings-2023\/\" \/>\n<meta property=\"og:site_name\" content=\"Grazia Middle East\" \/>\n<meta property=\"og:image\" content=\"https:\/\/graziamagazine.com\/me\/wp-content\/uploads\/sites\/16\/2023\/06\/Sheikha-Mahra-Wedding-Cake.png\" \/>\n\t<meta property=\"og:image:width\" content=\"1024\" \/>\n\t<meta property=\"og:image:height\" content=\"576\" \/>\n\t<meta property=\"og:image:type\" content=\"image\/png\" \/>\n<meta name=\"twitter:card\" content=\"summary_large_image\" \/>\n<meta name=\"twitter:label1\" content=\"Est. reading time\" \/>\n\t<meta name=\"twitter:data1\" content=\"6 minutes\" \/>\n<script type=\"application\/ld+json\" class=\"yoast-schema-graph\">{\"@context\":\"https:\/\/schema.org\",\"@graph\":[{\"@type\":\"WebPage\",\"@id\":\"https:\/\/graziamagazine.com\/me\/articles\/royal-weddings-2023\/\",\"url\":\"https:\/\/graziamagazine.com\/me\/articles\/royal-weddings-2023\/\",\"name\":\"Royal Weddings 2023: All The Weddings You Need To Bookmark\",\"isPartOf\":{\"@id\":\"https:\/\/graziamagazine.com\/me\/#website\"},\"datePublished\":\"2023-06-24T14:18:07+00:00\",\"dateModified\":\"2023-06-24T14:18:07+00:00\",\"description\":\"2023 is the year of royal weddings. Click here to find all the weddings that took place, and potential upcoming ones this year.\",\"breadcrumb\":{\"@id\":\"https:\/\/graziamagazine.com\/me\/articles\/royal-weddings-2023\/#breadcrumb\"},\"inLanguage\":\"en-US\",\"potentialAction\":[{\"@type\":\"ReadAction\",\"target\":[\"https:\/\/graziamagazine.com\/me\/articles\/royal-weddings-2023\/\"]}]},{\"@type\":\"BreadcrumbList\",\"@id\":\"https:\/\/graziamagazine.com\/me\/articles\/royal-weddings-2023\/#breadcrumb\",\"itemListElement\":[{\"@type\":\"ListItem\",\"position\":1,\"name\":\"Home\",\"item\":\"https:\/\/graziamagazine.com\/me\/\"},{\"@type\":\"ListItem\",\"position\":2,\"name\":\"Here Are All The Royal Weddings To Look Forward To In 2023\"}]},{\"@type\":\"WebSite\",\"@id\":\"https:\/\/graziamagazine.com\/me\/#website\",\"url\":\"https:\/\/graziamagazine.com\/me\/\",\"name\":\"Grazia Middle East\",\"description\":\"Grazia&#039;s Middle East Site\",\"alternateName\":\"Grazia ME\",\"potentialAction\":[{\"@type\":\"SearchAction\",\"target\":{\"@type\":\"EntryPoint\",\"urlTemplate\":\"https:\/\/graziamagazine.com\/me\/?s={search_term_string}\"},\"query-input\":\"required name=search_term_string\"}],\"inLanguage\":\"en-US\"}]}<\/script>\n<!-- \/ Yoast SEO Premium plugin. -->","yoast_head_json":{"title":"Royal Weddings 2023: All The Weddings You Need To Bookmark","description":"2023 is the year of royal weddings. Click here to find all the weddings that took place, and potential upcoming ones this year.","robots":{"index":"index","follow":"follow","max-snippet":"max-snippet:-1","max-image-preview":"max-image-preview:large","max-video-preview":"max-video-preview:-1"},"canonical":"https:\/\/graziamagazine.com\/me\/articles\/royal-weddings-2023\/","og_locale":"en_US","og_type":"article","og_title":"Here Are All The Royal Weddings To Look Forward To In 2023","og_description":"2023 is the year of royal weddings. Click here to find all the weddings that took place, and potential upcoming ones this year.","og_url":"https:\/\/graziamagazine.com\/me\/articles\/royal-weddings-2023\/","og_site_name":"Grazia Middle East","og_image":[{"url":"https:\/\/graziamagazine.com\/me\/wp-content\/uploads\/sites\/16\/2023\/06\/Sheikha-Mahra-Wedding-Cake.png","width":1024,"height":576,"type":"image\/png"}],"twitter_card":"summary_large_image","twitter_misc":{"Est. reading time":"6 minutes"},"schema":{"@context":"https:\/\/schema.org","@graph":[{"@type":"WebPage","@id":"https:\/\/graziamagazine.com\/me\/articles\/royal-weddings-2023\/","url":"https:\/\/graziamagazine.com\/me\/articles\/royal-weddings-2023\/","name":"Royal Weddings 2023: All The Weddings You Need To Bookmark","isPartOf":{"@id":"https:\/\/graziamagazine.com\/me\/#website"},"datePublished":"2023-06-24T14:18:07+00:00","dateModified":"2023-06-24T14:18:07+00:00","description":"2023 is the year of royal weddings. Click here to find all the weddings that took place, and potential upcoming ones this year.","breadcrumb":{"@id":"https:\/\/graziamagazine.com\/me\/articles\/royal-weddings-2023\/#breadcrumb"},"inLanguage":"en-US","potentialAction":[{"@type":"ReadAction","target":["https:\/\/graziamagazine.com\/me\/articles\/royal-weddings-2023\/"]}]},{"@type":"BreadcrumbList","@id":"https:\/\/graziamagazine.com\/me\/articles\/royal-weddings-2023\/#breadcrumb","itemListElement":[{"@type":"ListItem","position":1,"name":"Home","item":"https:\/\/graziamagazine.com\/me\/"},{"@type":"ListItem","position":2,"name":"Here Are All The Royal Weddings To Look Forward To In 2023"}]},{"@type":"WebSite","@id":"https:\/\/graziamagazine.com\/me\/#website","url":"https:\/\/graziamagazine.com\/me\/","name":"Grazia Middle East","description":"Grazia&#039;s Middle East Site","alternateName":"Grazia ME","potentialAction":[{"@type":"SearchAction","target":{"@type":"EntryPoint","urlTemplate":"https:\/\/graziamagazine.com\/me\/?s={search_term_string}"},"query-input":"required name=search_term_string"}],"inLanguage":"en-US"}]}},"jetpack_sharing_enabled":true,"distributor_meta":false,"distributor_terms":false,"distributor_media":false,"distributor_original_site_name":"Grazia Middle East","distributor_original_site_url":"https:\/\/graziamagazine.com\/me","push-errors":false,"_links":{"self":[{"href":"https:\/\/graziamagazine.com\/me\/wp-json\/wp\/v2\/articles\/38099"}],"collection":[{"href":"https:\/\/graziamagazine.com\/me\/wp-json\/wp\/v2\/articles"}],"about":[{"href":"https:\/\/graziamagazine.com\/me\/wp-json\/wp\/v2\/types\/articles"}],"author":[{"embeddable":true,"href":"https:\/\/graziamagazine.com\/me\/wp-json\/wp\/v2\/users\/42677"}],"wp:featuredmedia":[{"embeddable":true,"href":"https:\/\/graziamagazine.com\/me\/wp-json\/wp\/v2\/media\/38117"}],"wp:attachment":[{"href":"https:\/\/graziamagazine.com\/me\/wp-json\/wp\/v2\/media?parent=38099"}],"wp:term":[{"taxonomy":"category","embeddable":true,"href":"https:\/\/graziamagazine.com\/me\/wp-json\/wp\/v2\/categories?post=38099"}],"curies":[{"name":"wp","href":"https:\/\/api.w.org\/{rel}","templated":true}]}}