{"id":97601,"date":"2016-12-14T18:47:41","date_gmt":"2016-12-14T17:47:41","guid":{"rendered":"https:\/\/graziamagazine.com\/es\/?p=97601"},"modified":"2017-10-30T17:37:20","modified_gmt":"2017-10-30T16:37:20","slug":"disenadores-mas-buscados-google-2016","status":"publish","type":"articles","link":"https:\/\/graziamagazine.com\/es\/articles\/disenadores-mas-buscados-google-2016\/","title":{"rendered":"Los dise\u00f1adores m\u00e1s buscados en Google en 2016 no son los que imaginas"},"content":{"rendered":"<p>Los internautas han hablado, \u00a1y de qu\u00e9 manera! En esta era 2.0 en la que las tendencias se diluyen, la moda llega a m\u00e1s gente que nunca y las barreras de la industria han desaparecido (gracias, Instagram), el mundo de la moda m\u00e1s purista ha sufrido un rev\u00e9s digital.<\/p>\n<figure id=\"attachment_97602\" aria-describedby=\"caption-attachment-97602\" style=\"width: 245px\" class=\"wp-caption aligncenter\"><img loading=\"lazy\" decoding=\"async\" class=\"size-full wp-image-97602\" src=\"https:\/\/graziamagazine.com\/es\/wp-content\/uploads\/sites\/12\/2016\/12\/diablo-viste-de-prada.gif\" alt=\"Nos da que Miranda no va a estar muy contenta con esta lista...\" width=\"245\" height=\"130\" \/><figcaption id=\"caption-attachment-97602\" class=\"wp-caption-text\">Miranda no va a estar muy contenta con esta lista.<\/figcaption><\/figure>\n<p>Google ha publicado su lista anual con los dise\u00f1adores m\u00e1s buscados durante el 2016 en su cajet\u00edn y&#8230; bueno, c\u00f3mo decirlo&#8230; resulta que dise\u00f1adores hay m\u00e1s bien pocos.<\/p>\n<figure id=\"attachment_97631\" aria-describedby=\"caption-attachment-97631\" style=\"width: 785px\" class=\"wp-caption aligncenter\"><img loading=\"lazy\" decoding=\"async\" class=\"size-full wp-image-97631\" src=\"https:\/\/graziamagazine.com\/es\/wp-content\/uploads\/sites\/12\/2016\/12\/01-disen\u0303adores-2016.jpg\" alt=\"Las celebs como marca interesan m\u00e1s que cualquier firma de moda. Palabra de Google. \u00a9 Getty Images\" width=\"785\" height=\"480\" srcset=\"https:\/\/graziamagazine.com\/es\/wp-content\/uploads\/sites\/12\/2016\/12\/01-disen\u0303adores-2016.jpg 785w, https:\/\/graziamagazine.com\/es\/wp-content\/uploads\/sites\/12\/2016\/12\/01-disen\u0303adores-2016-300x183.jpg 300w, https:\/\/graziamagazine.com\/es\/wp-content\/uploads\/sites\/12\/2016\/12\/01-disen\u0303adores-2016-768x470.jpg 768w, https:\/\/graziamagazine.com\/es\/wp-content\/uploads\/sites\/12\/2016\/12\/01-disen\u0303adores-2016-695x425.jpg 695w, https:\/\/graziamagazine.com\/es\/wp-content\/uploads\/sites\/12\/2016\/12\/01-disen\u0303adores-2016-720x440.jpg 720w, https:\/\/graziamagazine.com\/es\/wp-content\/uploads\/sites\/12\/2016\/12\/01-disen\u0303adores-2016-626x383.jpg 626w, https:\/\/graziamagazine.com\/es\/wp-content\/uploads\/sites\/12\/2016\/12\/01-disen\u0303adores-2016-360x220.jpg 360w\" sizes=\"(max-width: 785px) 100vw, 785px\" \/><figcaption id=\"caption-attachment-97631\" class=\"wp-caption-text\">Las celebs como marca interesan m\u00e1s que cualquier firma de moda. Palabra de Google. \u00a9 Getty Images<\/figcaption><\/figure>\n<p><span style=\"text-decoration: underline;\"><strong>1. Rachel Roy<\/strong><\/span><\/p>\n<p>La dise\u00f1adora ha sido una de la elegidas por <a href=\"https:\/\/graziamagazine.com\/es\/lifestyle\/6-cosas-echaremos-menos-michelle-obama\/\" target=\"_blank\" rel=\"noopener\">Michelle Obama<\/a> para vestir durante sus ocho a\u00f1os como primera dama. Sin embargo, eso no la ha hecho convertirse en la m\u00e1s buscada. Seg\u00fan Google, las b\u00fasquedas sobre la californiana se incrementaron cuando <strong>los fans de <a href=\"https:\/\/graziamagazine.com\/es\/etiqueta\/beyonce\/\" target=\"_blank\" rel=\"noopener\">Beyonc\u00e9<\/a> creyeron que era<\/strong> <strong>una de las amantes de Jay-Z, concretamente a la mujer en la que se refer\u00eda Queen B. en su <em>Lemonade.<\/em><\/strong><\/p>\n<figure id=\"attachment_97634\" aria-describedby=\"caption-attachment-97634\" style=\"width: 785px\" class=\"wp-caption aligncenter\"><img loading=\"lazy\" decoding=\"async\" class=\"size-full wp-image-97634\" src=\"https:\/\/graziamagazine.com\/es\/wp-content\/uploads\/sites\/12\/2016\/12\/rachel-roy1.jpg\" alt=\"Una posible infidelidad ha hecho que Rachel Roy se alce con el premio a dise\u00f1adora m\u00e1s buscada en Google. \u00a1Qu\u00e9 vida esta! \u00a9 Getty Images \" width=\"785\" height=\"523\" srcset=\"https:\/\/graziamagazine.com\/es\/wp-content\/uploads\/sites\/12\/2016\/12\/rachel-roy1.jpg 785w, https:\/\/graziamagazine.com\/es\/wp-content\/uploads\/sites\/12\/2016\/12\/rachel-roy1-300x200.jpg 300w, https:\/\/graziamagazine.com\/es\/wp-content\/uploads\/sites\/12\/2016\/12\/rachel-roy1-768x512.jpg 768w, https:\/\/graziamagazine.com\/es\/wp-content\/uploads\/sites\/12\/2016\/12\/rachel-roy1-720x480.jpg 720w, https:\/\/graziamagazine.com\/es\/wp-content\/uploads\/sites\/12\/2016\/12\/rachel-roy1-626x417.jpg 626w, https:\/\/graziamagazine.com\/es\/wp-content\/uploads\/sites\/12\/2016\/12\/rachel-roy1-360x240.jpg 360w\" sizes=\"(max-width: 785px) 100vw, 785px\" \/><figcaption id=\"caption-attachment-97634\" class=\"wp-caption-text\">Una posible infidelidad ha hecho que Rachel Roy se alce con el premio a dise\u00f1adora m\u00e1s buscada en Google. \u00a1Qu\u00e9 vida esta! \u00a9 Getty Images<\/figcaption><\/figure>\n<p><span style=\"text-decoration: underline;\"><strong>2. Mary Kate y Ashley Olsen<\/strong><\/span><\/p>\n<p>Su imperio textil hizo que ambas decidieron dejar la interpretaci\u00f3n (y dejar paso a su hermana Elizabeth). Sus firmas The Row y Elizabeth and James lo petan en ventas y en b\u00fasquedas online. \u00a1Bravas!<\/p>\n<figure id=\"attachment_97604\" aria-describedby=\"caption-attachment-97604\" style=\"width: 360px\" class=\"wp-caption aligncenter\"><img loading=\"lazy\" decoding=\"async\" class=\"size-full wp-image-97604\" src=\"https:\/\/graziamagazine.com\/es\/wp-content\/uploads\/sites\/12\/2016\/12\/Full-House.gif\" alt=\"Y adem\u00e1s una de ellas bes\u00f3 a John Stamos en la boca... \u00a1Envidia!\" width=\"360\" height=\"219\" \/><figcaption id=\"caption-attachment-97604\" class=\"wp-caption-text\">Y adem\u00e1s besan a John Stamos en la boca&#8230; \u00a1Envidia!<\/figcaption><\/figure>\n<p><span style=\"text-decoration: underline;\"><strong>3. Angela Simmons<\/strong><\/span><\/p>\n<p>Propietaria de la firma\u00a0<a href=\"http:\/\/www.foofiandbella.com\/\" target=\"_blank\">Foofi and Bella<\/a>, triunfa ofreciendo productos veganos y prendas en las que el proceso de producci\u00f3n no perjudica a ning\u00fan animal. Es <strong>experta en abrigos, parkas y cazadoras de piel sint\u00e9tica<\/strong> con los que se ha hecho un nombre dentro de la corriente <em>eco-friendly<\/em> de la industria.<\/p>\n<figure id=\"attachment_97605\" aria-describedby=\"caption-attachment-97605\" style=\"width: 500px\" class=\"wp-caption aligncenter\"><img loading=\"lazy\" decoding=\"async\" class=\"wp-image-97605\" src=\"https:\/\/graziamagazine.com\/es\/wp-content\/uploads\/sites\/12\/2016\/12\/angela-simmons.jpg\" alt=\"Y adem\u00e1s hace de modelo de sus campa\u00f1as. \u00a1Lo tiene todo! \u00a9Instagram \u00a9angelasimmons\" width=\"500\" height=\"625\" srcset=\"https:\/\/graziamagazine.com\/es\/wp-content\/uploads\/sites\/12\/2016\/12\/angela-simmons.jpg 552w, https:\/\/graziamagazine.com\/es\/wp-content\/uploads\/sites\/12\/2016\/12\/angela-simmons-240x300.jpg 240w, https:\/\/graziamagazine.com\/es\/wp-content\/uploads\/sites\/12\/2016\/12\/angela-simmons-360x450.jpg 360w\" sizes=\"(max-width: 500px) 100vw, 500px\" \/><figcaption id=\"caption-attachment-97605\" class=\"wp-caption-text\">Y adem\u00e1s hace de modelo de sus campa\u00f1as. \u00a1Lo tiene todo! \u00a9Instagram @angelasimmons<\/figcaption><\/figure>\n<p><span style=\"text-decoration: underline;\"><strong>4. Zendaya<\/strong><\/span><\/p>\n<p>La cantante se\u00a0inici\u00f3 en el mundo de la moda con <a href=\"https:\/\/dayabyzendaya.com\/\" target=\"_blank\" rel=\"noopener\" target=\"_blank\">Daya by Zendaya<\/a>. El secreto de su \u00e9xito est\u00e1 en que todas las piezas de su colecci\u00f3n (39 en total) est\u00e1n disponibles <strong>tambi\u00e9n en tallas grandes<\/strong>. Adem\u00e1s, los precios van desde los 18 d\u00f3lares a los 158.<\/p>\n<figure id=\"attachment_97606\" aria-describedby=\"caption-attachment-97606\" style=\"width: 600px\" class=\"wp-caption aligncenter\"><img loading=\"lazy\" decoding=\"async\" class=\"wp-image-97606\" src=\"https:\/\/graziamagazine.com\/es\/wp-content\/uploads\/sites\/12\/2016\/12\/daya-by-zendaya.jpg\" alt=\"Si es que la chica sabe c\u00f3mo vender su ropa... Cortes\u00eda de \u00a9Daya by Zendaya\" width=\"600\" height=\"691\" srcset=\"https:\/\/graziamagazine.com\/es\/wp-content\/uploads\/sites\/12\/2016\/12\/daya-by-zendaya.jpg 834w, https:\/\/graziamagazine.com\/es\/wp-content\/uploads\/sites\/12\/2016\/12\/daya-by-zendaya-261x300.jpg 261w, https:\/\/graziamagazine.com\/es\/wp-content\/uploads\/sites\/12\/2016\/12\/daya-by-zendaya-768x884.jpg 768w, https:\/\/graziamagazine.com\/es\/wp-content\/uploads\/sites\/12\/2016\/12\/daya-by-zendaya-720x829.jpg 720w, https:\/\/graziamagazine.com\/es\/wp-content\/uploads\/sites\/12\/2016\/12\/daya-by-zendaya-626x721.jpg 626w, https:\/\/graziamagazine.com\/es\/wp-content\/uploads\/sites\/12\/2016\/12\/daya-by-zendaya-360x414.jpg 360w\" sizes=\"(max-width: 600px) 100vw, 600px\" \/><figcaption id=\"caption-attachment-97606\" class=\"wp-caption-text\">Si es que la chica sabe c\u00f3mo vender su ropa&#8230; Cortes\u00eda de \u00a9Daya by Zendaya<\/figcaption><\/figure>\n<p><span style=\"text-decoration: underline;\"><strong>5. Kendall y Kylie Jenner<\/strong><\/span><\/p>\n<p>Qu\u00e9 decir de ellas que no sep\u00e1is. Reinas de <a href=\"https:\/\/graziamagazine.com\/es\/lifestyle\/instagram-para-mejorar-tu-carrera-profesional\/\" target=\"_blank\" rel=\"noopener\">Instagram<\/a>, de la televisi\u00f3n y de la moda, las dos hermanas menores de las <a href=\"https:\/\/graziamagazine.com\/es\/celebs\/cuanto-ganan-las-kardashian-en-un-ano\/\" target=\"_blank\" rel=\"noopener\">Kardashian<\/a> <strong>han dado la campanada<\/strong> con su firma <a href=\"http:\/\/kendall-kylie.com\/\" target=\"_blank\" rel=\"noopener\" target=\"_blank\">Kendall + Kylie<\/a>.<\/p>\n<figure id=\"attachment_97607\" aria-describedby=\"caption-attachment-97607\" style=\"width: 785px\" class=\"wp-caption aligncenter\"><img loading=\"lazy\" decoding=\"async\" class=\"wp-image-97607\" src=\"https:\/\/graziamagazine.com\/es\/wp-content\/uploads\/sites\/12\/2016\/12\/kendall-kylie.jpg\" alt=\"Como no pod\u00eda ser de otra manera, Kendall y Kylie lucen sus propios dise\u00f1os. Cortes\u00eda de \u00a9Kendall + Kylie\" width=\"785\" height=\"525\" srcset=\"https:\/\/graziamagazine.com\/es\/wp-content\/uploads\/sites\/12\/2016\/12\/kendall-kylie.jpg 1600w, https:\/\/graziamagazine.com\/es\/wp-content\/uploads\/sites\/12\/2016\/12\/kendall-kylie-300x201.jpg 300w, https:\/\/graziamagazine.com\/es\/wp-content\/uploads\/sites\/12\/2016\/12\/kendall-kylie-768x514.jpg 768w, https:\/\/graziamagazine.com\/es\/wp-content\/uploads\/sites\/12\/2016\/12\/kendall-kylie-1024x685.jpg 1024w, https:\/\/graziamagazine.com\/es\/wp-content\/uploads\/sites\/12\/2016\/12\/kendall-kylie-720x482.jpg 720w, https:\/\/graziamagazine.com\/es\/wp-content\/uploads\/sites\/12\/2016\/12\/kendall-kylie-1200x803.jpg 1200w, https:\/\/graziamagazine.com\/es\/wp-content\/uploads\/sites\/12\/2016\/12\/kendall-kylie-626x419.jpg 626w, https:\/\/graziamagazine.com\/es\/wp-content\/uploads\/sites\/12\/2016\/12\/kendall-kylie-360x241.jpg 360w\" sizes=\"(max-width: 785px) 100vw, 785px\" \/><figcaption id=\"caption-attachment-97607\" class=\"wp-caption-text\">Como no pod\u00eda ser de otra manera, Kendall y Kylie lucen sus propios dise\u00f1os.<\/figcaption><\/figure>\n<p><span style=\"text-decoration: underline;\"><strong>6. Beyonc\u00e9<\/strong><\/span><\/p>\n<p>Paso a la diva de la m\u00fasica porque su <strong>l\u00ednea de ropa deportiva,<\/strong> <a href=\"http:\/\/www.topshop.com\/en\/tsuk\/category\/clothing-427\/ivy-park-5463599\/N-1zeuZdgl?No=0&amp;Nrpp=20&amp;siteId=%2F12556&amp;geoip=noredirect\" target=\"_blank\" rel=\"noopener\" target=\"_blank\">Ivy Park,<\/a> la ha situado en el sexto lugar de esta lista. Sus precios asequibles y sus dise\u00f1os urbanos han conseguido que sus seguidores hicieran buen uso de la tarjeta de cr\u00e9dito. Todo lo que toca <em>Queen B<\/em> se convierte en oro.<\/p>\n<figure id=\"attachment_97608\" aria-describedby=\"caption-attachment-97608\" style=\"width: 575px\" class=\"wp-caption aligncenter\"><img loading=\"lazy\" decoding=\"async\" class=\"wp-image-97608\" src=\"https:\/\/graziamagazine.com\/es\/wp-content\/uploads\/sites\/12\/2016\/12\/Ivy-Park.png\" alt=\"Y si la promociona as\u00ed de sexy, pues bombazo asegurado. Cortes\u00eda de \u00a9Ivy Park\" width=\"575\" height=\"372\" srcset=\"https:\/\/graziamagazine.com\/es\/wp-content\/uploads\/sites\/12\/2016\/12\/Ivy-Park.png 620w, https:\/\/graziamagazine.com\/es\/wp-content\/uploads\/sites\/12\/2016\/12\/Ivy-Park-300x194.png 300w, https:\/\/graziamagazine.com\/es\/wp-content\/uploads\/sites\/12\/2016\/12\/Ivy-Park-360x233.png 360w\" sizes=\"(max-width: 575px) 100vw, 575px\" \/><figcaption id=\"caption-attachment-97608\" class=\"wp-caption-text\">Y si la promociona as\u00ed de sexy, pues bombazo asegurado.<\/figcaption><\/figure>\n<p><span style=\"text-decoration: underline;\"><strong>7. Anita Dongre<\/strong><\/span><\/p>\n<p>Puede que no te suena su nombre, pero es la <strong>dise\u00f1adora india m\u00e1s influyente del planeta<\/strong>. Sus <a href=\"http:\/\/shop.anitadongre.com\/\" target=\"_blank\" rel=\"noopener\" target=\"_blank\">saris y vestidos de novia<\/a> son una aut\u00e9nticas maravillas. Ah, y tambi\u00e9n tiene l\u00ednea de hombre. Y s\u00ed, su firma se llama igual que ella, Anita Dongre. <del>Para qu\u00e9 complicarse, \u00bfverdad?<\/del><\/p>\n<figure id=\"attachment_97610\" aria-describedby=\"caption-attachment-97610\" style=\"width: 409px\" class=\"wp-caption aligncenter\"><img loading=\"lazy\" decoding=\"async\" class=\"size-full wp-image-97610\" src=\"https:\/\/graziamagazine.com\/es\/wp-content\/uploads\/sites\/12\/2016\/12\/Anita-Dongre.jpg\" alt=\"Sus vestidos nos transportan a las 'Mil y una noches'. M\u00e1gicos. \u00a9Instagram \u00a9anitadongre\" width=\"409\" height=\"612\" srcset=\"https:\/\/graziamagazine.com\/es\/wp-content\/uploads\/sites\/12\/2016\/12\/Anita-Dongre.jpg 409w, https:\/\/graziamagazine.com\/es\/wp-content\/uploads\/sites\/12\/2016\/12\/Anita-Dongre-200x300.jpg 200w, https:\/\/graziamagazine.com\/es\/wp-content\/uploads\/sites\/12\/2016\/12\/Anita-Dongre-151x227.jpg 151w, https:\/\/graziamagazine.com\/es\/wp-content\/uploads\/sites\/12\/2016\/12\/Anita-Dongre-157x236.jpg 157w, https:\/\/graziamagazine.com\/es\/wp-content\/uploads\/sites\/12\/2016\/12\/Anita-Dongre-360x539.jpg 360w, https:\/\/graziamagazine.com\/es\/wp-content\/uploads\/sites\/12\/2016\/12\/Anita-Dongre-128x192.jpg 128w, https:\/\/graziamagazine.com\/es\/wp-content\/uploads\/sites\/12\/2016\/12\/Anita-Dongre-364x546.jpg 364w, https:\/\/graziamagazine.com\/es\/wp-content\/uploads\/sites\/12\/2016\/12\/Anita-Dongre-220x330.jpg 220w\" sizes=\"(max-width: 409px) 100vw, 409px\" \/><figcaption id=\"caption-attachment-97610\" class=\"wp-caption-text\">Sus vestidos transportan a las &#8216;Mil y una noches&#8217;. M\u00e1gicos. \u00a9Instagram @anitadongre<\/figcaption><\/figure>\n<p><span style=\"text-decoration: underline;\"><strong>8. Sonia Rykiel<\/strong><\/span><\/p>\n<p>Fallecida en agosto de este a\u00f1o a los 86 a\u00f1os, la <a href=\"https:\/\/graziamagazine.com\/es\/moda\/5-cosas-le-deberias-agradecer-sonia-rykiel\/\" target=\"_blank\" rel=\"noopener\">dise\u00f1adora francesa<\/a>\u00a0dej\u00f3 tras de s\u00ed un legado valios\u00edsimo. Su \u00fanica obsesi\u00f3n era la de crear prendas que dieran libertad a la mujer y eso hizo durante toda una vida dedicada a la moda. Fran\u00e7ois Hollande dijo de ella que era \u00ab<strong>una pionera de la liberaci\u00f3n de las mujeres a trav\u00e9s de la moda<\/strong>\u00ab.<\/p>\n<figure id=\"attachment_97638\" aria-describedby=\"caption-attachment-97638\" style=\"width: 785px\" class=\"wp-caption aligncenter\"><img loading=\"lazy\" decoding=\"async\" class=\"size-full wp-image-97638\" src=\"https:\/\/graziamagazine.com\/es\/wp-content\/uploads\/sites\/12\/2016\/12\/02-sonia-rykiel.jpeg\" alt=\"Sonia Rykiel, la reina del punto. \u00a9 Cordon Press\" width=\"785\" height=\"527\" srcset=\"https:\/\/graziamagazine.com\/es\/wp-content\/uploads\/sites\/12\/2016\/12\/02-sonia-rykiel.jpeg 785w, https:\/\/graziamagazine.com\/es\/wp-content\/uploads\/sites\/12\/2016\/12\/02-sonia-rykiel-300x201.jpeg 300w, https:\/\/graziamagazine.com\/es\/wp-content\/uploads\/sites\/12\/2016\/12\/02-sonia-rykiel-768x516.jpeg 768w, https:\/\/graziamagazine.com\/es\/wp-content\/uploads\/sites\/12\/2016\/12\/02-sonia-rykiel-720x483.jpeg 720w, https:\/\/graziamagazine.com\/es\/wp-content\/uploads\/sites\/12\/2016\/12\/02-sonia-rykiel-626x420.jpeg 626w, https:\/\/graziamagazine.com\/es\/wp-content\/uploads\/sites\/12\/2016\/12\/02-sonia-rykiel-360x242.jpeg 360w\" sizes=\"(max-width: 785px) 100vw, 785px\" \/><figcaption id=\"caption-attachment-97638\" class=\"wp-caption-text\">Sonia Rykiel, la reina del punto. \u00a9 Cordon Press<\/figcaption><\/figure>\n<p><span style=\"text-decoration: underline;\"><strong>9. Ivanka Trump<\/strong><\/span><\/p>\n<p>El hecho de que su padre, <a href=\"https:\/\/graziamagazine.com\/es\/lifestyle\/esto-piensa-de-las-mujeres-donald-trump\/\" target=\"_blank\" rel=\"noopener\">Donald Trump<\/a>, haya sido elegido presidente de los Estados Unidos quiz\u00e1 tenga algo que ver con el ascenso mete\u00f3rico de la firma de Ivanka. Una marca que <a href=\"http:\/\/smoda.elpais.com\/moda\/la-hipocresia-la-campana-donald-trump-se-ejemplifica-este-vestido\/\" target=\"_blank\" rel=\"noopener\" target=\"_blank\">ha tra\u00eddo alg\u00fan quebradero de cabeza a su papi durante la campa\u00f1a<\/a>, pero que no es nueva en el panorama: naci\u00f3 en 2007 cuando la multimillonaria lanz\u00f3 una l\u00ednea de joyer\u00eda que posteriormente derivar\u00eda en ropa, calzado y accesorios. Aunque no cuenta con web propia, sus piezas se venden en plataformas como <a href=\"http:\/\/shop.nordstrom.com\/c\/ivanka-trump\" target=\"_blank\" rel=\"noopener\" target=\"_blank\">Nordstrom.com<\/a>.<\/p>\n<figure id=\"attachment_97616\" aria-describedby=\"caption-attachment-97616\" style=\"width: 600px\" class=\"wp-caption aligncenter\"><img loading=\"lazy\" decoding=\"async\" class=\"wp-image-97616\" src=\"https:\/\/graziamagazine.com\/es\/wp-content\/uploads\/sites\/12\/2016\/12\/Ivanka.jpg\" alt=\"Su l\u00ednea va dirigida a la mujer trabajadora. Cortes\u00eda de \u00a9Ivanka Trump\" width=\"600\" height=\"422\" srcset=\"https:\/\/graziamagazine.com\/es\/wp-content\/uploads\/sites\/12\/2016\/12\/Ivanka.jpg 760w, https:\/\/graziamagazine.com\/es\/wp-content\/uploads\/sites\/12\/2016\/12\/Ivanka-300x211.jpg 300w, https:\/\/graziamagazine.com\/es\/wp-content\/uploads\/sites\/12\/2016\/12\/Ivanka-720x506.jpg 720w, https:\/\/graziamagazine.com\/es\/wp-content\/uploads\/sites\/12\/2016\/12\/Ivanka-626x440.jpg 626w, https:\/\/graziamagazine.com\/es\/wp-content\/uploads\/sites\/12\/2016\/12\/Ivanka-360x253.jpg 360w\" sizes=\"(max-width: 600px) 100vw, 600px\" \/><figcaption id=\"caption-attachment-97616\" class=\"wp-caption-text\">Sus colecciones van dirigidas a la mujer trabajadora.<\/figcaption><\/figure>\n<p><strong>10. Kanye West<\/strong><\/p>\n<p>\u00a1Toma sorpresa! \u00c9l <strong>\u00fanico hombre\u00a0de la lista<\/strong> no es otro que el marido de <a href=\"https:\/\/graziamagazine.com\/es\/celebs\/el-regreso-de-kim-kardashian\/\" target=\"_blank\" rel=\"noopener\">Kim Kardashian<\/a>. Por muchas pol\u00e9micas a las que se enfrente, su nombre vende. Eso es as\u00ed. Su firma de ropa Yeezy se ha convertido en objeto de culto para sus seguidores, pese a <a href=\"http:\/\/smoda.elpais.com\/moda\/parecen-condones-gigantes-la-infinita-lluvia-palos-lo-ultimo-kanye-west\/\" target=\"_blank\" rel=\"noopener\" target=\"_blank\">las pol\u00e9micas entre la cr\u00edtica<\/a> tras sus \u00faltimos desfiles.<\/p>\n<figure id=\"attachment_97617\" aria-describedby=\"caption-attachment-97617\" style=\"width: 550px\" class=\"wp-caption aligncenter\"><img loading=\"lazy\" decoding=\"async\" class=\"wp-image-97617\" src=\"https:\/\/graziamagazine.com\/es\/wp-content\/uploads\/sites\/12\/2016\/12\/kanye.jpg\" alt=\"Es un gur\u00fa de la moda lo queramos o no. \u00a9Instagram \u00a9privatekanye\" width=\"550\" height=\"546\" srcset=\"https:\/\/graziamagazine.com\/es\/wp-content\/uploads\/sites\/12\/2016\/12\/kanye.jpg 614w, https:\/\/graziamagazine.com\/es\/wp-content\/uploads\/sites\/12\/2016\/12\/kanye-150x150.jpg 150w, https:\/\/graziamagazine.com\/es\/wp-content\/uploads\/sites\/12\/2016\/12\/kanye-300x298.jpg 300w, https:\/\/graziamagazine.com\/es\/wp-content\/uploads\/sites\/12\/2016\/12\/kanye-360x357.jpg 360w\" sizes=\"(max-width: 550px) 100vw, 550px\" \/><figcaption id=\"caption-attachment-97617\" class=\"wp-caption-text\">Es un gur\u00fa de la moda lo queramos o no. \u00a9Instagram \u00a9privatekanye<\/figcaption><\/figure>\n<ul>\n<li><span style=\"text-decoration: underline;\"><strong>M\u00e1s mujeres\u00a0y <em>celebrities<\/em> que en 2015<\/strong><\/span><\/li>\n<\/ul>\n<p>\u00bfEl mundo se ha vuelto loco? No, Google simplemente ha decidido incluir en sus par\u00e1metros a un universo m\u00e1s amplio de nombres relacionados con la moda, a\u00f1adiendo a los dise\u00f1adores de maniqu\u00ed y atelier toda una lista de personajes relacionados de una manera u otra con una l\u00ednea de moda (ya sea dise\u00f1ando o sonriendo con su cara bonita). Por ello el a\u00f1o pasado la lista fue muy diferente:<\/p>\n<ol>\n<li>Raf Simons<\/li>\n<li>Shoshanna Lonstein Gruss<\/li>\n<li>Giambattista Valli<\/li>\n<li>Thakoon<\/li>\n<li>Tadashi Shoji<\/li>\n<li>Elie Saab<\/li>\n<li>Karl Lagerfeld<\/li>\n<li>Christian Lacroix<\/li>\n<li>Zuhair Murad<\/li>\n<li>Tommy Hilfiger<\/li>\n<\/ol>\n<p><iframe loading=\"lazy\" style=\"border: none; overflow: hidden; height: 258px;\" src=\"\/\/www.facebook.com\/plugins\/likebox.php?href=https%3A%2F%2Fwww.facebook.com%2Fgraziaespana&amp;width&amp;height=258&amp;colorscheme=light&amp;show_faces=true&amp;header=false&amp;stream=false&amp;show_border=false&amp;appId=349017955267591\" width=\"300\" height=\"150\" frameborder=\"0\" scrolling=\"no\"><\/iframe><\/p>\n","protected":false},"author":13931,"featured_media":0,"template":"","format":"standard","categories":[3,1],"acf":[],"yoast_head":"<!-- This site is optimized with the Yoast SEO Premium plugin v18.5 (Yoast SEO v20.4) - https:\/\/yoast.com\/wordpress\/plugins\/seo\/ -->\n<title>Los dise\u00f1adores m\u00e1s buscados en Google en 2016 no son los que imaginas | Grazia<\/title>\n<meta name=\"description\" content=\"Las agujas m\u00e1s tradicionales han perdido el p\u00f3dium del mundo digital a favor de los nombres m\u00e1s medi\u00e1ticos en este 2016 a punto de finalizar.\" \/>\n<meta name=\"robots\" content=\"index, follow, max-snippet:-1, max-image-preview:large, max-video-preview:-1\" \/>\n<link rel=\"canonical\" href=\"https:\/\/graziamagazine.com\/es\/articles\/disenadores-mas-buscados-google-2016\/\" \/>\n<meta property=\"og:locale\" content=\"es_ES\" \/>\n<meta property=\"og:type\" content=\"article\" \/>\n<meta property=\"og:title\" content=\"Los dise\u00f1adores m\u00e1s buscados en Google en 2016 no son los que imaginas\" \/>\n<meta property=\"og:description\" content=\"Las agujas m\u00e1s tradicionales han perdido el p\u00f3dium del mundo digital a favor de los nombres m\u00e1s medi\u00e1ticos.\" \/>\n<meta property=\"og:url\" content=\"https:\/\/graziamagazine.com\/es\/articles\/disenadores-mas-buscados-google-2016\/\" \/>\n<meta property=\"og:site_name\" content=\"Grazia\" \/>\n<meta property=\"article:modified_time\" content=\"2017-10-30T16:37:20+00:00\" \/>\n<meta name=\"twitter:card\" content=\"summary_large_image\" \/>\n<meta name=\"twitter:title\" content=\"Los dise\u00f1adores m\u00e1s buscados en Google en 2016 no son los que imaginas\" \/>\n<meta name=\"twitter:description\" content=\"...los que no esperabas. 2016 ha inclinado la balanza hacia celebrities convertidas en dise\u00f1adores y ha dejado de lado a las agujas m\u00e1s tradicionales.\" \/>\n<meta name=\"twitter:image\" content=\"http:\/\/s3-eu-west-1.amazonaws.com\/grazia-cdn\/wp-content\/uploads\/sites\/12\/2016\/12\/14182325\/01-disenadores-2016.jpg\" \/>\n<meta name=\"twitter:label1\" content=\"Est. reading time\" \/>\n\t<meta name=\"twitter:data1\" content=\"5 minutos\" \/>\n<script type=\"application\/ld+json\" class=\"yoast-schema-graph\">{\"@context\":\"https:\/\/schema.org\",\"@graph\":[{\"@type\":\"WebPage\",\"@id\":\"https:\/\/graziamagazine.com\/es\/articles\/disenadores-mas-buscados-google-2016\/\",\"url\":\"https:\/\/graziamagazine.com\/es\/articles\/disenadores-mas-buscados-google-2016\/\",\"name\":\"Los dise\u00f1adores m\u00e1s buscados en Google en 2016 no son los que imaginas | Grazia\",\"isPartOf\":{\"@id\":\"https:\/\/graziamagazine.com\/es\/#website\"},\"datePublished\":\"2016-12-14T17:47:41+00:00\",\"dateModified\":\"2017-10-30T16:37:20+00:00\",\"description\":\"Las agujas m\u00e1s tradicionales han perdido el p\u00f3dium del mundo digital a favor de los nombres m\u00e1s medi\u00e1ticos en este 2016 a punto de finalizar.\",\"breadcrumb\":{\"@id\":\"https:\/\/graziamagazine.com\/es\/articles\/disenadores-mas-buscados-google-2016\/#breadcrumb\"},\"inLanguage\":\"es\",\"potentialAction\":[{\"@type\":\"ReadAction\",\"target\":[\"https:\/\/graziamagazine.com\/es\/articles\/disenadores-mas-buscados-google-2016\/\"]}]},{\"@type\":\"BreadcrumbList\",\"@id\":\"https:\/\/graziamagazine.com\/es\/articles\/disenadores-mas-buscados-google-2016\/#breadcrumb\",\"itemListElement\":[{\"@type\":\"ListItem\",\"position\":1,\"name\":\"Portada\",\"item\":\"https:\/\/graziamagazine.com\/es\/\"},{\"@type\":\"ListItem\",\"position\":2,\"name\":\"Los dise\u00f1adores m\u00e1s buscados en Google en 2016 no son los que imaginas\"}]},{\"@type\":\"WebSite\",\"@id\":\"https:\/\/graziamagazine.com\/es\/#website\",\"url\":\"https:\/\/graziamagazine.com\/es\/\",\"name\":\"Grazia\",\"description\":\"Moda, belleza, celebrities, estilo de vida...\",\"potentialAction\":[{\"@type\":\"SearchAction\",\"target\":{\"@type\":\"EntryPoint\",\"urlTemplate\":\"https:\/\/graziamagazine.com\/es\/?s={search_term_string}\"},\"query-input\":\"required name=search_term_string\"}],\"inLanguage\":\"es\"}]}<\/script>\n<!-- \/ Yoast SEO Premium plugin. -->","yoast_head_json":{"title":"Los dise\u00f1adores m\u00e1s buscados en Google en 2016 no son los que imaginas | Grazia","description":"Las agujas m\u00e1s tradicionales han perdido el p\u00f3dium del mundo digital a favor de los nombres m\u00e1s medi\u00e1ticos en este 2016 a punto de finalizar.","robots":{"index":"index","follow":"follow","max-snippet":"max-snippet:-1","max-image-preview":"max-image-preview:large","max-video-preview":"max-video-preview:-1"},"canonical":"https:\/\/graziamagazine.com\/es\/articles\/disenadores-mas-buscados-google-2016\/","og_locale":"es_ES","og_type":"article","og_title":"Los dise\u00f1adores m\u00e1s buscados en Google en 2016 no son los que imaginas","og_description":"Las agujas m\u00e1s tradicionales han perdido el p\u00f3dium del mundo digital a favor de los nombres m\u00e1s medi\u00e1ticos.","og_url":"https:\/\/graziamagazine.com\/es\/articles\/disenadores-mas-buscados-google-2016\/","og_site_name":"Grazia","article_modified_time":"2017-10-30T16:37:20+00:00","twitter_card":"summary_large_image","twitter_title":"Los dise\u00f1adores m\u00e1s buscados en Google en 2016 no son los que imaginas","twitter_description":"...los que no esperabas. 2016 ha inclinado la balanza hacia celebrities convertidas en dise\u00f1adores y ha dejado de lado a las agujas m\u00e1s tradicionales.","twitter_image":"http:\/\/s3-eu-west-1.amazonaws.com\/grazia-cdn\/wp-content\/uploads\/sites\/12\/2016\/12\/14182325\/01-disenadores-2016.jpg","twitter_misc":{"Est. reading time":"5 minutos"},"schema":{"@context":"https:\/\/schema.org","@graph":[{"@type":"WebPage","@id":"https:\/\/graziamagazine.com\/es\/articles\/disenadores-mas-buscados-google-2016\/","url":"https:\/\/graziamagazine.com\/es\/articles\/disenadores-mas-buscados-google-2016\/","name":"Los dise\u00f1adores m\u00e1s buscados en Google en 2016 no son los que imaginas | Grazia","isPartOf":{"@id":"https:\/\/graziamagazine.com\/es\/#website"},"datePublished":"2016-12-14T17:47:41+00:00","dateModified":"2017-10-30T16:37:20+00:00","description":"Las agujas m\u00e1s tradicionales han perdido el p\u00f3dium del mundo digital a favor de los nombres m\u00e1s medi\u00e1ticos en este 2016 a punto de finalizar.","breadcrumb":{"@id":"https:\/\/graziamagazine.com\/es\/articles\/disenadores-mas-buscados-google-2016\/#breadcrumb"},"inLanguage":"es","potentialAction":[{"@type":"ReadAction","target":["https:\/\/graziamagazine.com\/es\/articles\/disenadores-mas-buscados-google-2016\/"]}]},{"@type":"BreadcrumbList","@id":"https:\/\/graziamagazine.com\/es\/articles\/disenadores-mas-buscados-google-2016\/#breadcrumb","itemListElement":[{"@type":"ListItem","position":1,"name":"Portada","item":"https:\/\/graziamagazine.com\/es\/"},{"@type":"ListItem","position":2,"name":"Los dise\u00f1adores m\u00e1s buscados en Google en 2016 no son los que imaginas"}]},{"@type":"WebSite","@id":"https:\/\/graziamagazine.com\/es\/#website","url":"https:\/\/graziamagazine.com\/es\/","name":"Grazia","description":"Moda, belleza, celebrities, estilo de vida...","potentialAction":[{"@type":"SearchAction","target":{"@type":"EntryPoint","urlTemplate":"https:\/\/graziamagazine.com\/es\/?s={search_term_string}"},"query-input":"required name=search_term_string"}],"inLanguage":"es"}]}},"jetpack_sharing_enabled":true,"distributor_meta":false,"distributor_terms":false,"distributor_media":false,"distributor_original_site_name":"Grazia","distributor_original_site_url":"https:\/\/graziamagazine.com\/es","push-errors":false,"_links":{"self":[{"href":"https:\/\/graziamagazine.com\/es\/wp-json\/wp\/v2\/articles\/97601"}],"collection":[{"href":"https:\/\/graziamagazine.com\/es\/wp-json\/wp\/v2\/articles"}],"about":[{"href":"https:\/\/graziamagazine.com\/es\/wp-json\/wp\/v2\/types\/articles"}],"author":[{"embeddable":true,"href":"https:\/\/graziamagazine.com\/es\/wp-json\/wp\/v2\/users\/13931"}],"wp:attachment":[{"href":"https:\/\/graziamagazine.com\/es\/wp-json\/wp\/v2\/media?parent=97601"}],"wp:term":[{"taxonomy":"category","embeddable":true,"href":"https:\/\/graziamagazine.com\/es\/wp-json\/wp\/v2\/categories?post=97601"}],"curies":[{"name":"wp","href":"https:\/\/api.w.org\/{rel}","templated":true}]}}