{"id":97470,"date":"2016-12-13T11:40:10","date_gmt":"2016-12-13T10:40:10","guid":{"rendered":"https:\/\/graziamagazine.com\/es\/?p=97470"},"modified":"2016-12-13T11:40:11","modified_gmt":"2016-12-13T10:40:11","slug":"el-regreso-de-kim-kardashian","status":"publish","type":"articles","link":"https:\/\/graziamagazine.com\/es\/articles\/el-regreso-de-kim-kardashian\/","title":{"rendered":"As\u00ed ha sido el regreso de Kim Kardashian"},"content":{"rendered":"<p>Ha pasado unos meses en la sombra,\u00a0alejada\u00a0de las redes sociales, de las alfombras rojas y hasta de su propio <em>reality<\/em> (al que, todo parece indicar, no piensa volver), pero el periodo de exilio voluntario ha terminado. <a href=\"https:\/\/graziamagazine.com\/es\/etiqueta\/kim-kardashian\/\" target=\"_blank\"><strong>Kim Kardashian<\/strong><\/a>\u00a0ya est\u00e1 aqu\u00ed otra vez haciendo lo que mejor sabe hacer: generando titulares.<\/p>\n<p>Porque no ha finiquitado sus semanas de ausencia en el candelero con una simple fotito en su\u00a0<a href=\"https:\/\/www.instagram.com\/kimkardashian\/?hl=es\" target=\"_blank\" target=\"_blank\">perfil de Instagram<\/a>, no. Lo ha hecho convirti\u00e9ndose en<strong>\u00a0la protagonista de\u00a0uno de los d\u00edas\u00a0del calendario de adviento de la revista <a href=\"http:\/\/advent.thelovemagazine.co.uk\/2016\/day\/12\" target=\"_blank\" target=\"_blank\"><em>Love<\/em><\/a>.\u00a0<\/strong>En concreto,\u00a0del d\u00eda 12, <del>una fecha un poco <em>random<\/em>, la verdad sea dicha.<\/del><\/p>\n<figure id=\"attachment_97475\" aria-describedby=\"caption-attachment-97475\" style=\"width: 785px\" class=\"wp-caption aligncenter\"><img loading=\"lazy\" decoding=\"async\" class=\"wp-image-97475 size-full\" src=\"https:\/\/graziamagazine.com\/es\/wp-content\/uploads\/sites\/12\/2016\/12\/kimkardashianNavidad4.jpg\" alt=\"kimkardashiannavidad4\" width=\"785\" height=\"500\" srcset=\"https:\/\/graziamagazine.com\/es\/wp-content\/uploads\/sites\/12\/2016\/12\/kimkardashianNavidad4.jpg 785w, https:\/\/graziamagazine.com\/es\/wp-content\/uploads\/sites\/12\/2016\/12\/kimkardashianNavidad4-300x191.jpg 300w, https:\/\/graziamagazine.com\/es\/wp-content\/uploads\/sites\/12\/2016\/12\/kimkardashianNavidad4-768x489.jpg 768w, https:\/\/graziamagazine.com\/es\/wp-content\/uploads\/sites\/12\/2016\/12\/kimkardashianNavidad4-720x459.jpg 720w, https:\/\/graziamagazine.com\/es\/wp-content\/uploads\/sites\/12\/2016\/12\/kimkardashianNavidad4-626x399.jpg 626w, https:\/\/graziamagazine.com\/es\/wp-content\/uploads\/sites\/12\/2016\/12\/kimkardashianNavidad4-360x229.jpg 360w\" sizes=\"(max-width: 785px) 100vw, 785px\" \/><figcaption id=\"caption-attachment-97475\" class=\"wp-caption-text\">Kim, dispuesta a traer la paz en el mundo.<\/figcaption><\/figure>\n<p>Kim ten\u00eda planeada su vuelta a la escena p\u00fablica asistiendo a una gala en homenaje a su padre, el fallecido abogado Robert Kardashian, el pasado 24 de noviembre. Pero, casualidades de la vida <em>celeb,<\/em> <strong>aquella noche Kanye West sufri\u00f3 una crisis de ansiedad, tuvo que ser ingresado y el sonado <em>comeback<\/em> de Kardashian, retrasado.<\/strong> Es lo que tiene ser la mujer del rapero m\u00e1s eg\u00f3latra del panorama. Pero con su maridito ya en casa, parece que las aguas vuelven a su cauce y el rostro de Kim a las p\u00e1ginas de actualidad.<\/p>\n<figure id=\"attachment_97471\" aria-describedby=\"caption-attachment-97471\" style=\"width: 300px\" class=\"wp-caption aligncenter\"><img loading=\"lazy\" decoding=\"async\" class=\"wp-image-97471 size-full\" src=\"https:\/\/graziamagazine.com\/es\/wp-content\/uploads\/sites\/12\/2016\/12\/kim-navidad.gif\" alt=\"kim-navidad\" width=\"300\" height=\"184\" \/><figcaption id=\"caption-attachment-97471\" class=\"wp-caption-text\">Kim vuelve en Navidad; igual que el turr\u00f3n y Ram\u00f3n Garc\u00eda.<\/figcaption><\/figure>\n<p>Y s\u00ed, le ha parecido bien hacerlo <strong>como si se tratara de\u00a0un chocolatito de esos que te comes cada d\u00eda de diciembre hasta que por fin llega el 24.<\/strong> Y de paso as\u00ed te desea as\u00ed una Feliz Navidad y la paz en el mundo <del>(que no est\u00e1 mal, la verdad)<\/del>. Todo ello, presumiendo de curvas con un sugerente\u00a0conjunto lencero de Agent Provocateur y un abrigo de pieles de Coach, <del>vamos lo primero que pilla una por casa&#8230;<\/del><\/p>\n<p>El v\u00eddeo, dirigido por James Lima y protagonizado por Kim, forma parte de la campa\u00f1a <em><a href=\"http:\/\/advent.thelovemagazine.co.uk\/2016\" target=\"_blank\" target=\"_blank\">#LOVEadvent<\/a><\/em> en la que cada d\u00eda una <em>celebrity<\/em> es la protagonista: <strong>Bella Hadid, Irina Shayk <a href=\"https:\/\/graziamagazine.com\/es\/celebs\/el-secreto-de-irina-shayk-embarazo\/\" target=\"_blank\">(y su embarazo)<\/a>, Rita Ora, Kendall Jenner o\u00a0Stella Maxwell son algunas de las que ya han participado en el\u00a0proyecto.<\/strong>\u00a0En \u00e9l podemos ver a la reina del <del>clan<\/del> klan aterrizando de un planeta muy lejano, lleno de cr\u00e1teres y luces de ne\u00f3n verdes (\u00bfser\u00e1 una met\u00e1fora del oscuro mundo de la vida sin <em>selfies?),<\/em> mientras saca morritos y se contonea con movimientos sexy.<\/p>\n<p>https:\/\/www.youtube.com\/watch?v=rUD-fUR4_oI<\/p>\n<p>&nbsp;<\/p>\n<p><iframe loading=\"lazy\" style=\"border: none; overflow: hidden; height: 258px;\" src=\"\/\/www.facebook.com\/plugins\/likebox.php?href=https%3A%2F%2Fwww.facebook.com%2Fgraziaespana&amp;width&amp;height=258&amp;colorscheme=light&amp;show_faces=true&amp;header=false&amp;stream=false&amp;show_border=false&amp;appId=349017955267591\" width=\"300\" height=\"150\" frameborder=\"0\" scrolling=\"no\"><\/iframe><\/p>\n","protected":false},"author":24470,"featured_media":0,"template":"","format":"standard","categories":[14,13],"acf":[],"yoast_head":"<!-- This site is optimized with the Yoast SEO Premium plugin v18.5 (Yoast SEO v20.4) - https:\/\/yoast.com\/wordpress\/plugins\/seo\/ -->\n<title>As\u00ed ha sido el regreso (por todo lo alto) de Kim Kardashian<\/title>\n<meta name=\"description\" content=\"Tras unos meses desaparecida del medi\u00e1tico panorama que la encumbr\u00f3, la diva del selfie vuelve envuelta en pieles y presumiendo de curvas.\" \/>\n<meta name=\"robots\" content=\"index, follow, max-snippet:-1, max-image-preview:large, max-video-preview:-1\" \/>\n<link rel=\"canonical\" href=\"https:\/\/graziamagazine.com\/es\/articles\/el-regreso-de-kim-kardashian\/\" \/>\n<meta property=\"og:locale\" content=\"es_ES\" \/>\n<meta property=\"og:type\" content=\"article\" \/>\n<meta property=\"og:title\" content=\"As\u00ed ha sido el regreso de Kim Kardashian\" \/>\n<meta property=\"og:description\" content=\"Tal y como esperabas: por la puerta grande. Tras unos meses desaparecida del medi\u00e1tico panorama que la encumbr\u00f3, la diva del selfie vuelve envuelta en pieles y presumiendo de curvas.\" \/>\n<meta property=\"og:url\" content=\"https:\/\/graziamagazine.com\/es\/articles\/el-regreso-de-kim-kardashian\/\" \/>\n<meta property=\"og:site_name\" content=\"Grazia\" \/>\n<meta property=\"article:modified_time\" content=\"2016-12-13T10:40:11+00:00\" \/>\n<meta property=\"og:image\" content=\"https:\/\/graziamagazine.com\/es\/wp-content\/uploads\/sites\/12\/2016\/12\/13110814\/kimkardashianNavidad1.jpg?fit=785%2C480\" \/>\n\t<meta property=\"og:image:width\" content=\"785\" \/>\n\t<meta property=\"og:image:height\" content=\"480\" \/>\n\t<meta property=\"og:image:type\" content=\"image\/jpeg\" \/>\n<meta name=\"twitter:card\" content=\"summary_large_image\" \/>\n<meta name=\"twitter:title\" content=\"As\u00ed ha sido el regreso de Kim Kardashian\" \/>\n<meta name=\"twitter:description\" content=\"Tal y como esperabas: por la puerta grande. Tras unos meses desaparecida del medi\u00e1tico panorama que la encumbr\u00f3, la diva del selfie vuelve envuelta en pieles y presumiendo de curvas.\" \/>\n<meta name=\"twitter:image\" content=\"http:\/\/s3-eu-west-1.amazonaws.com\/grazia-cdn\/wp-content\/uploads\/sites\/12\/2016\/12\/13110814\/kimkardashianNavidad1.jpg\" \/>\n<meta name=\"twitter:label1\" content=\"Est. reading time\" \/>\n\t<meta name=\"twitter:data1\" content=\"2 minutos\" \/>\n<script type=\"application\/ld+json\" class=\"yoast-schema-graph\">{\"@context\":\"https:\/\/schema.org\",\"@graph\":[{\"@type\":\"WebPage\",\"@id\":\"https:\/\/graziamagazine.com\/es\/articles\/el-regreso-de-kim-kardashian\/\",\"url\":\"https:\/\/graziamagazine.com\/es\/articles\/el-regreso-de-kim-kardashian\/\",\"name\":\"As\u00ed ha sido el regreso (por todo lo alto) de Kim Kardashian\",\"isPartOf\":{\"@id\":\"https:\/\/graziamagazine.com\/es\/#website\"},\"datePublished\":\"2016-12-13T10:40:10+00:00\",\"dateModified\":\"2016-12-13T10:40:11+00:00\",\"description\":\"Tras unos meses desaparecida del medi\u00e1tico panorama que la encumbr\u00f3, la diva del selfie vuelve envuelta en pieles y presumiendo de curvas.\",\"breadcrumb\":{\"@id\":\"https:\/\/graziamagazine.com\/es\/articles\/el-regreso-de-kim-kardashian\/#breadcrumb\"},\"inLanguage\":\"es\",\"potentialAction\":[{\"@type\":\"ReadAction\",\"target\":[\"https:\/\/graziamagazine.com\/es\/articles\/el-regreso-de-kim-kardashian\/\"]}]},{\"@type\":\"BreadcrumbList\",\"@id\":\"https:\/\/graziamagazine.com\/es\/articles\/el-regreso-de-kim-kardashian\/#breadcrumb\",\"itemListElement\":[{\"@type\":\"ListItem\",\"position\":1,\"name\":\"Portada\",\"item\":\"https:\/\/graziamagazine.com\/es\/\"},{\"@type\":\"ListItem\",\"position\":2,\"name\":\"As\u00ed ha sido el regreso de Kim Kardashian\"}]},{\"@type\":\"WebSite\",\"@id\":\"https:\/\/graziamagazine.com\/es\/#website\",\"url\":\"https:\/\/graziamagazine.com\/es\/\",\"name\":\"Grazia\",\"description\":\"Moda, belleza, celebrities, estilo de vida...\",\"potentialAction\":[{\"@type\":\"SearchAction\",\"target\":{\"@type\":\"EntryPoint\",\"urlTemplate\":\"https:\/\/graziamagazine.com\/es\/?s={search_term_string}\"},\"query-input\":\"required name=search_term_string\"}],\"inLanguage\":\"es\"}]}<\/script>\n<!-- \/ Yoast SEO Premium plugin. -->","yoast_head_json":{"title":"As\u00ed ha sido el regreso (por todo lo alto) de Kim Kardashian","description":"Tras unos meses desaparecida del medi\u00e1tico panorama que la encumbr\u00f3, la diva del selfie vuelve envuelta en pieles y presumiendo de curvas.","robots":{"index":"index","follow":"follow","max-snippet":"max-snippet:-1","max-image-preview":"max-image-preview:large","max-video-preview":"max-video-preview:-1"},"canonical":"https:\/\/graziamagazine.com\/es\/articles\/el-regreso-de-kim-kardashian\/","og_locale":"es_ES","og_type":"article","og_title":"As\u00ed ha sido el regreso de Kim Kardashian","og_description":"Tal y como esperabas: por la puerta grande. Tras unos meses desaparecida del medi\u00e1tico panorama que la encumbr\u00f3, la diva del selfie vuelve envuelta en pieles y presumiendo de curvas.","og_url":"https:\/\/graziamagazine.com\/es\/articles\/el-regreso-de-kim-kardashian\/","og_site_name":"Grazia","article_modified_time":"2016-12-13T10:40:11+00:00","og_image":[{"width":785,"height":480,"url":"https:\/\/graziamagazine.com\/es\/wp-content\/uploads\/sites\/12\/2016\/12\/13110814\/kimkardashianNavidad1.jpg?fit=785%2C480","type":"image\/jpeg"}],"twitter_card":"summary_large_image","twitter_title":"As\u00ed ha sido el regreso de Kim Kardashian","twitter_description":"Tal y como esperabas: por la puerta grande. Tras unos meses desaparecida del medi\u00e1tico panorama que la encumbr\u00f3, la diva del selfie vuelve envuelta en pieles y presumiendo de curvas.","twitter_image":"http:\/\/s3-eu-west-1.amazonaws.com\/grazia-cdn\/wp-content\/uploads\/sites\/12\/2016\/12\/13110814\/kimkardashianNavidad1.jpg","twitter_misc":{"Est. reading time":"2 minutos"},"schema":{"@context":"https:\/\/schema.org","@graph":[{"@type":"WebPage","@id":"https:\/\/graziamagazine.com\/es\/articles\/el-regreso-de-kim-kardashian\/","url":"https:\/\/graziamagazine.com\/es\/articles\/el-regreso-de-kim-kardashian\/","name":"As\u00ed ha sido el regreso (por todo lo alto) de Kim Kardashian","isPartOf":{"@id":"https:\/\/graziamagazine.com\/es\/#website"},"datePublished":"2016-12-13T10:40:10+00:00","dateModified":"2016-12-13T10:40:11+00:00","description":"Tras unos meses desaparecida del medi\u00e1tico panorama que la encumbr\u00f3, la diva del selfie vuelve envuelta en pieles y presumiendo de curvas.","breadcrumb":{"@id":"https:\/\/graziamagazine.com\/es\/articles\/el-regreso-de-kim-kardashian\/#breadcrumb"},"inLanguage":"es","potentialAction":[{"@type":"ReadAction","target":["https:\/\/graziamagazine.com\/es\/articles\/el-regreso-de-kim-kardashian\/"]}]},{"@type":"BreadcrumbList","@id":"https:\/\/graziamagazine.com\/es\/articles\/el-regreso-de-kim-kardashian\/#breadcrumb","itemListElement":[{"@type":"ListItem","position":1,"name":"Portada","item":"https:\/\/graziamagazine.com\/es\/"},{"@type":"ListItem","position":2,"name":"As\u00ed ha sido el regreso de Kim Kardashian"}]},{"@type":"WebSite","@id":"https:\/\/graziamagazine.com\/es\/#website","url":"https:\/\/graziamagazine.com\/es\/","name":"Grazia","description":"Moda, belleza, celebrities, estilo de vida...","potentialAction":[{"@type":"SearchAction","target":{"@type":"EntryPoint","urlTemplate":"https:\/\/graziamagazine.com\/es\/?s={search_term_string}"},"query-input":"required name=search_term_string"}],"inLanguage":"es"}]}},"jetpack_sharing_enabled":true,"distributor_meta":false,"distributor_terms":false,"distributor_media":false,"distributor_original_site_name":"Grazia","distributor_original_site_url":"https:\/\/graziamagazine.com\/es","push-errors":false,"_links":{"self":[{"href":"https:\/\/graziamagazine.com\/es\/wp-json\/wp\/v2\/articles\/97470"}],"collection":[{"href":"https:\/\/graziamagazine.com\/es\/wp-json\/wp\/v2\/articles"}],"about":[{"href":"https:\/\/graziamagazine.com\/es\/wp-json\/wp\/v2\/types\/articles"}],"author":[{"embeddable":true,"href":"https:\/\/graziamagazine.com\/es\/wp-json\/wp\/v2\/users\/24470"}],"wp:attachment":[{"href":"https:\/\/graziamagazine.com\/es\/wp-json\/wp\/v2\/media?parent=97470"}],"wp:term":[{"taxonomy":"category","embeddable":true,"href":"https:\/\/graziamagazine.com\/es\/wp-json\/wp\/v2\/categories?post=97470"}],"curies":[{"name":"wp","href":"https:\/\/api.w.org\/{rel}","templated":true}]}}