{"id":97115,"date":"2016-12-08T14:21:52","date_gmt":"2016-12-08T13:21:52","guid":{"rendered":"https:\/\/graziamagazine.com\/es\/?p=97115"},"modified":"2016-12-08T14:25:01","modified_gmt":"2016-12-08T13:25:01","slug":"beyonce-grammy-historia","status":"publish","type":"articles","link":"https:\/\/graziamagazine.com\/es\/articles\/beyonce-grammy-historia\/","title":{"rendered":"Beyonc\u00e9 podr\u00eda hacer historia el pr\u00f3ximo 12 de febrero"},"content":{"rendered":"<p>Que <strong><a href=\"https:\/\/graziamagazine.com\/es\/etiqueta\/beyonce\/\" target=\"_blank\">Beyonc\u00e9<\/a><\/strong> es una artista como la copa de un abeto <del>he adaptado el dicho a las festivas fechas en las que nos encontramos<\/del> es algo que ya sab\u00edamos. Sin embargo, cuando algunos pensaban que ya hab\u00eda alcanzado su cima <del>la cosa va de \u00e1rboles y geograf\u00eda<\/del> como cantante, las nominaciones a los <strong><a href=\"https:\/\/graziamagazine.com\/es\/etiqueta\/grammy\/\" target=\"_blank\">Grammy<\/a> 2017<\/strong> han hecho que se den cuenta de <strong>por qu\u00e9 Bey es la reina<\/strong>. <del>Lo que viene siendo un &#8216;zas en toda la boca&#8217; en toda regla, vaya.<\/del><\/p>\n<figure id=\"attachment_97150\" aria-describedby=\"caption-attachment-97150\" style=\"width: 640px\" class=\"wp-caption aligncenter\"><img loading=\"lazy\" decoding=\"async\" class=\"wp-image-97150 size-large\" src=\"https:\/\/graziamagazine.com\/es\/wp-content\/uploads\/sites\/12\/2016\/12\/GettyImages-180509994-1024x677.jpg\" alt=\"Beyonc\u00e9 actuando en Rock in Rio 2013 \u00a9 Getty Images\" width=\"640\" height=\"423\" srcset=\"https:\/\/graziamagazine.com\/es\/wp-content\/uploads\/sites\/12\/2016\/12\/GettyImages-180509994-1024x677.jpg 1024w, https:\/\/graziamagazine.com\/es\/wp-content\/uploads\/sites\/12\/2016\/12\/GettyImages-180509994-300x198.jpg 300w, https:\/\/graziamagazine.com\/es\/wp-content\/uploads\/sites\/12\/2016\/12\/GettyImages-180509994-768x508.jpg 768w, https:\/\/graziamagazine.com\/es\/wp-content\/uploads\/sites\/12\/2016\/12\/GettyImages-180509994-720x476.jpg 720w, https:\/\/graziamagazine.com\/es\/wp-content\/uploads\/sites\/12\/2016\/12\/GettyImages-180509994-1200x794.jpg 1200w, https:\/\/graziamagazine.com\/es\/wp-content\/uploads\/sites\/12\/2016\/12\/GettyImages-180509994-626x414.jpg 626w, https:\/\/graziamagazine.com\/es\/wp-content\/uploads\/sites\/12\/2016\/12\/GettyImages-180509994-360x238.jpg 360w\" sizes=\"(max-width: 640px) 100vw, 640px\" \/><figcaption id=\"caption-attachment-97150\" class=\"wp-caption-text\">Beyonc\u00e9 actuando en Rock in Rio 2013 \u00a9 Getty Images<\/figcaption><\/figure>\n<ul>\n<li><strong>La Meryl Streep de la m\u00fasica<\/strong><\/li>\n<\/ul>\n<p>Incluso antes de que se celebre la gala, Beyonc\u00e9 ya\u00a0ha conseguido pulverizar otro r\u00e9cord. Con las nueve nominaciones de este a\u00f1o, la cantante se alza como la <strong>artista femenina m\u00e1s nominada en la historia de los Grammy<\/strong>. En total, <em>Queen B<\/em> acumula 62 nominaciones, de las cuales ha ganado 20. <a href=\"https:\/\/graziamagazine.com\/es\/lifestyle\/20-frases-iconicas-diablo-viste-prada\/\" target=\"_blank\">Meryl Streep<\/a> tiene tres Oscar, pero ha sido nominada en 18 ocasiones. Ah\u00ed es nada.<\/p>\n<figure id=\"attachment_97129\" aria-describedby=\"caption-attachment-97129\" style=\"width: 480px\" class=\"wp-caption aligncenter\"><img loading=\"lazy\" decoding=\"async\" class=\"size-full wp-image-97129\" src=\"https:\/\/graziamagazine.com\/es\/wp-content\/uploads\/sites\/12\/2016\/12\/Meryl.gif\" alt=\"Soy Carmen, y siempre te recordaremos por este papel\u00f3n. \" width=\"480\" height=\"204\" \/><figcaption id=\"caption-attachment-97129\" class=\"wp-caption-text\">Soy Carmen, y siempre te recordaremos por este papel\u00f3n.<\/figcaption><\/figure>\n<ul>\n<li><strong>Las matem\u00e1ticas no enga\u00f1an<\/strong><\/li>\n<\/ul>\n<p>Sin embargo, dependiendo del n\u00famero de premios Grammy que consiga, batir\u00e1\u00a0un r\u00e9cord\u00a0diferente. Hagamos n\u00fameros.<\/p>\n<figure id=\"attachment_97123\" aria-describedby=\"caption-attachment-97123\" style=\"width: 550px\" class=\"wp-caption aligncenter\"><img loading=\"lazy\" decoding=\"async\" class=\"size-full wp-image-97123\" src=\"https:\/\/graziamagazine.com\/es\/wp-content\/uploads\/sites\/12\/2016\/12\/gafas.gif\" alt=\"Hasta Beyonc\u00e9 se ajusta las gafas para leer este art\u00edculo.\" width=\"550\" height=\"253\" \/><figcaption id=\"caption-attachment-97123\" class=\"wp-caption-text\">Hasta Beyonc\u00e9 se ajusta las gafas para leer este art\u00edculo.<\/figcaption><\/figure>\n<p><span style=\"text-decoration: underline;\">1. Si gana 7 gram\u00f3fonos&#8230;<\/span><\/p>\n<p>&#8230; se convertir\u00e1 en la <strong>artista femenina que m\u00e1s Grammy se lleva a casa en una noche<\/strong>. Adele y Beyonc\u00e9 ostentan el r\u00e9cord de siete premios en una edici\u00f3n y el pr\u00f3ximo 12 de febrero, <em>Queen B<\/em> podr\u00eda desbancarla. La brit\u00e1nica no tiene opciones ya que solo ha sido nominada en cinco categor\u00edas.<\/p>\n<figure id=\"attachment_97137\" aria-describedby=\"caption-attachment-97137\" style=\"width: 480px\" class=\"wp-caption aligncenter\"><img loading=\"lazy\" decoding=\"async\" class=\"size-full wp-image-97137\" src=\"https:\/\/graziamagazine.com\/es\/wp-content\/uploads\/sites\/12\/2016\/12\/Adele.gif\" alt=\"No pongas esa cara mujer. Otro a\u00f1o ser\u00e1.\" width=\"480\" height=\"360\" \/><figcaption id=\"caption-attachment-97137\" class=\"wp-caption-text\">No pongas esa cara, mujer. Otro a\u00f1o ser\u00e1.<\/figcaption><\/figure>\n<p><span style=\"text-decoration: underline;\">2. Si gana 8 gram\u00f3fonos&#8230;<\/span><\/p>\n<p>&#8230; Beyonc\u00e9 se proclamar\u00e1 la <strong>artista femenina que m\u00e1s premios Grammy<\/strong>\u00a0<strong>ha ganado en la historia<\/strong>. Actualmente el r\u00e9cord est\u00e1 en manos de Alison Krauss, con 27 gram\u00f3fonos en su estanter\u00eda. Y aunque no le pones cara, esta canci\u00f3n te sacar\u00e1 de dudas.<\/p>\n<p>P.D: Si gana siete empatar\u00edan, as\u00ed que no le vale con marcar X en la quiniela. <del>Gui\u00f1o a las futboleras.<\/del><\/p>\n<p><iframe loading=\"lazy\" title=\"Alison Krauss - When You Say Nothing At All\" width=\"500\" height=\"375\" src=\"https:\/\/www.youtube.com\/embed\/1SCOimBo5tg?feature=oembed\" frameborder=\"0\" allow=\"accelerometer; autoplay; encrypted-media; gyroscope; picture-in-picture\" allowfullscreen><\/iframe><\/p>\n<p><span style=\"text-decoration: underline;\">3. Si gana los 9 gram\u00f3fonos a los que est\u00e1 nominada&#8230;<\/span><\/p>\n<p>&#8230; ser\u00e1 <strong>la artista que m\u00e1s premios Grammy gane en una sola noche<\/strong>. Se pondr\u00eda por delante de Michael Jackson y Santana, que tienen el honor de haberse llevado a casa ocho en una sola edici\u00f3n. El primero en la gala de 1984 y el segundo en la del 2000.<\/p>\n<figure id=\"attachment_97133\" aria-describedby=\"caption-attachment-97133\" style=\"width: 420px\" class=\"wp-caption aligncenter\"><img loading=\"lazy\" decoding=\"async\" class=\"size-full wp-image-97133\" src=\"https:\/\/graziamagazine.com\/es\/wp-content\/uploads\/sites\/12\/2016\/12\/Michael.gif\" alt=\"Para \u00b4r\u00e9cord los suyos, que para eso es el rey del pop. \u00a1Au!\" width=\"420\" height=\"309\" \/><figcaption id=\"caption-attachment-97133\" class=\"wp-caption-text\">Para, r\u00e9cord los suyos, que para eso es el rey del pop. \u00a1Au!<\/figcaption><\/figure>\n<p>Lo que est\u00e1 claro, gane o no, es que <strong>Beyonc\u00e9 lo peta<\/strong>. Ah, y por si no te has enterado, estas son <strong>las nueve categor\u00edas a las que est\u00e1 nominada la cantante en los\u00a0Grammy 2017<\/strong>. <del>Que luego lo comentar\u00e1n en la oficina y no podr\u00e1s hablar:<\/del> Mejor \u00e1lbum del a\u00f1o, Mejor \u00e1lbum de m\u00fasica urbana contempor\u00e1nea y Mejor pel\u00edcula musical por <em>Lemonade<\/em>; Mejor grabaci\u00f3n del a\u00f1o, Mejor canci\u00f3n del a\u00f1o (galard\u00f3n para el compositor)\u00a0y Mejor v\u00eddeo musical \u00a0por <em>Formation<\/em>; Mejor actuaci\u00f3n en solitario por <em>Hold Up<\/em>; Mejor actuaci\u00f3n de rock por <em>Don&#8217;t Hurt Yourself<\/em> junto a Jack White y Mejor actuaci\u00f3n de rap por <em>Freedom<\/em> junto a Kendrick Lamar.<\/p>\n<figure id=\"attachment_97148\" aria-describedby=\"caption-attachment-97148\" style=\"width: 245px\" class=\"wp-caption aligncenter\"><img loading=\"lazy\" decoding=\"async\" class=\"size-full wp-image-97148\" src=\"https:\/\/graziamagazine.com\/es\/wp-content\/uploads\/sites\/12\/2016\/12\/Star-Wars.gif\" alt=\"\u00a1Que la fuerza (y la suerte) te acompa\u00f1e, guapa!\" width=\"245\" height=\"138\" \/><figcaption id=\"caption-attachment-97148\" class=\"wp-caption-text\">\u00a1Que la fuerza (y la suerte) te acompa\u00f1en, guapa!<\/figcaption><\/figure>\n<p><iframe loading=\"lazy\" style=\"border: none; overflow: hidden; height: 258px;\" src=\"\/\/www.facebook.com\/plugins\/likebox.php?href=https%3A%2F%2Fwww.facebook.com%2Fgraziaespana&amp;width&amp;height=258&amp;colorscheme=light&amp;show_faces=true&amp;header=false&amp;stream=false&amp;show_border=false&amp;appId=349017955267591\" width=\"300\" height=\"150\" frameborder=\"0\" scrolling=\"no\"><\/iframe><\/p>\n","protected":false},"author":13931,"featured_media":0,"template":"","format":"standard","categories":[14,13],"acf":[],"yoast_head":"<!-- This site is optimized with the Yoast SEO Premium plugin v18.5 (Yoast SEO v20.4) - https:\/\/yoast.com\/wordpress\/plugins\/seo\/ -->\n<title>Beyonc\u00e9 podr\u00eda hacer historia el pr\u00f3ximo 12 de febrero | Grazia<\/title>\n<meta name=\"description\" content=\"Ya tiene marcada en la agenda su cita en la gala de los Grammy: si consigue alguno de los gram\u00f3fonos a los que ha sido nominada puede batir varios r\u00e9cords.\" \/>\n<meta name=\"robots\" content=\"index, follow, max-snippet:-1, max-image-preview:large, max-video-preview:-1\" \/>\n<link rel=\"canonical\" href=\"https:\/\/graziamagazine.com\/es\/articles\/beyonce-grammy-historia\/\" \/>\n<meta property=\"og:locale\" content=\"es_ES\" \/>\n<meta property=\"og:type\" content=\"article\" \/>\n<meta property=\"og:title\" content=\"Beyonc\u00e9 podr\u00eda hacer historia el pr\u00f3ximo 12 de febrero\" \/>\n<meta property=\"og:description\" content=\"Ya tiene bien marcadita en la agenda su cita en la gala de los Grammy: si consigue alguno de los gram\u00f3fonos a los que ha sido nominada puede batir varios r\u00e9cords...\" \/>\n<meta property=\"og:url\" content=\"https:\/\/graziamagazine.com\/es\/articles\/beyonce-grammy-historia\/\" \/>\n<meta property=\"og:site_name\" content=\"Grazia\" \/>\n<meta property=\"article:modified_time\" content=\"2016-12-08T13:25:01+00:00\" \/>\n<meta property=\"og:image\" content=\"https:\/\/graziamagazine.com\/es\/wp-content\/uploads\/sites\/12\/2016\/12\/07190145\/GettyImages-180509994.jpg?fit=3000%2C1984\" \/>\n\t<meta property=\"og:image:width\" content=\"3000\" \/>\n\t<meta property=\"og:image:height\" content=\"1984\" \/>\n\t<meta property=\"og:image:type\" content=\"image\/jpeg\" \/>\n<meta name=\"twitter:card\" content=\"summary_large_image\" \/>\n<meta name=\"twitter:title\" content=\"Beyonc\u00e9 podr\u00eda hacer historia el pr\u00f3ximo 12 de febrero\" \/>\n<meta name=\"twitter:description\" content=\"Ya tiene bien marcadita en la agenda su cita en la gala de los Grammy: si consigue alguno de los gram\u00f3fonos a los que ha sido nominada puede batir varios r\u00e9cords...\" \/>\n<meta name=\"twitter:image\" content=\"http:\/\/s3-eu-west-1.amazonaws.com\/grazia-cdn\/wp-content\/uploads\/sites\/12\/2016\/12\/07190145\/GettyImages-180509994.jpg\" \/>\n<meta name=\"twitter:label1\" content=\"Est. reading time\" \/>\n\t<meta name=\"twitter:data1\" content=\"3 minutos\" \/>\n<script type=\"application\/ld+json\" class=\"yoast-schema-graph\">{\"@context\":\"https:\/\/schema.org\",\"@graph\":[{\"@type\":\"WebPage\",\"@id\":\"https:\/\/graziamagazine.com\/es\/articles\/beyonce-grammy-historia\/\",\"url\":\"https:\/\/graziamagazine.com\/es\/articles\/beyonce-grammy-historia\/\",\"name\":\"Beyonc\u00e9 podr\u00eda hacer historia el pr\u00f3ximo 12 de febrero | Grazia\",\"isPartOf\":{\"@id\":\"https:\/\/graziamagazine.com\/es\/#website\"},\"datePublished\":\"2016-12-08T13:21:52+00:00\",\"dateModified\":\"2016-12-08T13:25:01+00:00\",\"description\":\"Ya tiene marcada en la agenda su cita en la gala de los Grammy: si consigue alguno de los gram\u00f3fonos a los que ha sido nominada puede batir varios r\u00e9cords.\",\"breadcrumb\":{\"@id\":\"https:\/\/graziamagazine.com\/es\/articles\/beyonce-grammy-historia\/#breadcrumb\"},\"inLanguage\":\"es\",\"potentialAction\":[{\"@type\":\"ReadAction\",\"target\":[\"https:\/\/graziamagazine.com\/es\/articles\/beyonce-grammy-historia\/\"]}]},{\"@type\":\"BreadcrumbList\",\"@id\":\"https:\/\/graziamagazine.com\/es\/articles\/beyonce-grammy-historia\/#breadcrumb\",\"itemListElement\":[{\"@type\":\"ListItem\",\"position\":1,\"name\":\"Portada\",\"item\":\"https:\/\/graziamagazine.com\/es\/\"},{\"@type\":\"ListItem\",\"position\":2,\"name\":\"Beyonc\u00e9 podr\u00eda hacer historia el pr\u00f3ximo 12 de febrero\"}]},{\"@type\":\"WebSite\",\"@id\":\"https:\/\/graziamagazine.com\/es\/#website\",\"url\":\"https:\/\/graziamagazine.com\/es\/\",\"name\":\"Grazia\",\"description\":\"Moda, belleza, celebrities, estilo de vida...\",\"potentialAction\":[{\"@type\":\"SearchAction\",\"target\":{\"@type\":\"EntryPoint\",\"urlTemplate\":\"https:\/\/graziamagazine.com\/es\/?s={search_term_string}\"},\"query-input\":\"required name=search_term_string\"}],\"inLanguage\":\"es\"}]}<\/script>\n<!-- \/ Yoast SEO Premium plugin. -->","yoast_head_json":{"title":"Beyonc\u00e9 podr\u00eda hacer historia el pr\u00f3ximo 12 de febrero | Grazia","description":"Ya tiene marcada en la agenda su cita en la gala de los Grammy: si consigue alguno de los gram\u00f3fonos a los que ha sido nominada puede batir varios r\u00e9cords.","robots":{"index":"index","follow":"follow","max-snippet":"max-snippet:-1","max-image-preview":"max-image-preview:large","max-video-preview":"max-video-preview:-1"},"canonical":"https:\/\/graziamagazine.com\/es\/articles\/beyonce-grammy-historia\/","og_locale":"es_ES","og_type":"article","og_title":"Beyonc\u00e9 podr\u00eda hacer historia el pr\u00f3ximo 12 de febrero","og_description":"Ya tiene bien marcadita en la agenda su cita en la gala de los Grammy: si consigue alguno de los gram\u00f3fonos a los que ha sido nominada puede batir varios r\u00e9cords...","og_url":"https:\/\/graziamagazine.com\/es\/articles\/beyonce-grammy-historia\/","og_site_name":"Grazia","article_modified_time":"2016-12-08T13:25:01+00:00","og_image":[{"width":3000,"height":1984,"url":"https:\/\/graziamagazine.com\/es\/wp-content\/uploads\/sites\/12\/2016\/12\/07190145\/GettyImages-180509994.jpg?fit=3000%2C1984","type":"image\/jpeg"}],"twitter_card":"summary_large_image","twitter_title":"Beyonc\u00e9 podr\u00eda hacer historia el pr\u00f3ximo 12 de febrero","twitter_description":"Ya tiene bien marcadita en la agenda su cita en la gala de los Grammy: si consigue alguno de los gram\u00f3fonos a los que ha sido nominada puede batir varios r\u00e9cords...","twitter_image":"http:\/\/s3-eu-west-1.amazonaws.com\/grazia-cdn\/wp-content\/uploads\/sites\/12\/2016\/12\/07190145\/GettyImages-180509994.jpg","twitter_misc":{"Est. reading time":"3 minutos"},"schema":{"@context":"https:\/\/schema.org","@graph":[{"@type":"WebPage","@id":"https:\/\/graziamagazine.com\/es\/articles\/beyonce-grammy-historia\/","url":"https:\/\/graziamagazine.com\/es\/articles\/beyonce-grammy-historia\/","name":"Beyonc\u00e9 podr\u00eda hacer historia el pr\u00f3ximo 12 de febrero | Grazia","isPartOf":{"@id":"https:\/\/graziamagazine.com\/es\/#website"},"datePublished":"2016-12-08T13:21:52+00:00","dateModified":"2016-12-08T13:25:01+00:00","description":"Ya tiene marcada en la agenda su cita en la gala de los Grammy: si consigue alguno de los gram\u00f3fonos a los que ha sido nominada puede batir varios r\u00e9cords.","breadcrumb":{"@id":"https:\/\/graziamagazine.com\/es\/articles\/beyonce-grammy-historia\/#breadcrumb"},"inLanguage":"es","potentialAction":[{"@type":"ReadAction","target":["https:\/\/graziamagazine.com\/es\/articles\/beyonce-grammy-historia\/"]}]},{"@type":"BreadcrumbList","@id":"https:\/\/graziamagazine.com\/es\/articles\/beyonce-grammy-historia\/#breadcrumb","itemListElement":[{"@type":"ListItem","position":1,"name":"Portada","item":"https:\/\/graziamagazine.com\/es\/"},{"@type":"ListItem","position":2,"name":"Beyonc\u00e9 podr\u00eda hacer historia el pr\u00f3ximo 12 de febrero"}]},{"@type":"WebSite","@id":"https:\/\/graziamagazine.com\/es\/#website","url":"https:\/\/graziamagazine.com\/es\/","name":"Grazia","description":"Moda, belleza, celebrities, estilo de vida...","potentialAction":[{"@type":"SearchAction","target":{"@type":"EntryPoint","urlTemplate":"https:\/\/graziamagazine.com\/es\/?s={search_term_string}"},"query-input":"required name=search_term_string"}],"inLanguage":"es"}]}},"jetpack_sharing_enabled":true,"distributor_meta":false,"distributor_terms":false,"distributor_media":false,"distributor_original_site_name":"Grazia","distributor_original_site_url":"https:\/\/graziamagazine.com\/es","push-errors":false,"_links":{"self":[{"href":"https:\/\/graziamagazine.com\/es\/wp-json\/wp\/v2\/articles\/97115"}],"collection":[{"href":"https:\/\/graziamagazine.com\/es\/wp-json\/wp\/v2\/articles"}],"about":[{"href":"https:\/\/graziamagazine.com\/es\/wp-json\/wp\/v2\/types\/articles"}],"author":[{"embeddable":true,"href":"https:\/\/graziamagazine.com\/es\/wp-json\/wp\/v2\/users\/13931"}],"wp:attachment":[{"href":"https:\/\/graziamagazine.com\/es\/wp-json\/wp\/v2\/media?parent=97115"}],"wp:term":[{"taxonomy":"category","embeddable":true,"href":"https:\/\/graziamagazine.com\/es\/wp-json\/wp\/v2\/categories?post=97115"}],"curies":[{"name":"wp","href":"https:\/\/api.w.org\/{rel}","templated":true}]}}