{"id":95754,"date":"2016-11-27T17:50:08","date_gmt":"2016-11-27T16:50:08","guid":{"rendered":"https:\/\/graziamagazine.com\/es\/?p=95754"},"modified":"2016-11-28T13:12:49","modified_gmt":"2016-11-28T12:12:49","slug":"abrigos-que-son-una-inversion-en-salud","status":"publish","type":"articles","link":"https:\/\/graziamagazine.com\/es\/articles\/abrigos-que-son-una-inversion-en-salud\/","title":{"rendered":"Abrigos que son una inversi\u00f3n (en salud)"},"content":{"rendered":"<p>\u00abLo indicado es que en diciembre haga fr\u00edo y se quede el calor para el est\u00edo\u00bb, dice <strong>el sabio refranero espa\u00f1ol al que humildemente querr\u00edamos contribuir con un \u00abdiciembre no es tu enemigo, si lo usas de excusa para comprar un abrigo\u00bb.<\/strong> Y s\u00ed, lo sabemos, si la industria de la moda estalla alg\u00fan d\u00eda tenemos una posible salida laboral como\u00a0creadoras de aforismos.<\/p>\n<figure id=\"attachment_95785\" aria-describedby=\"caption-attachment-95785\" style=\"width: 785px\" class=\"wp-caption aligncenter\"><img loading=\"lazy\" decoding=\"async\" class=\"wp-image-95785 size-full\" src=\"https:\/\/graziamagazine.com\/es\/wp-content\/uploads\/sites\/12\/2016\/11\/abrigosgaleria3.jpg\" alt=\"Un buen abriguito... \u00a1y a la calle!\" width=\"785\" height=\"480\" srcset=\"https:\/\/graziamagazine.com\/es\/wp-content\/uploads\/sites\/12\/2016\/11\/abrigosgaleria3.jpg 785w, https:\/\/graziamagazine.com\/es\/wp-content\/uploads\/sites\/12\/2016\/11\/abrigosgaleria3-300x183.jpg 300w, https:\/\/graziamagazine.com\/es\/wp-content\/uploads\/sites\/12\/2016\/11\/abrigosgaleria3-768x470.jpg 768w, https:\/\/graziamagazine.com\/es\/wp-content\/uploads\/sites\/12\/2016\/11\/abrigosgaleria3-695x425.jpg 695w, https:\/\/graziamagazine.com\/es\/wp-content\/uploads\/sites\/12\/2016\/11\/abrigosgaleria3-720x440.jpg 720w, https:\/\/graziamagazine.com\/es\/wp-content\/uploads\/sites\/12\/2016\/11\/abrigosgaleria3-626x383.jpg 626w, https:\/\/graziamagazine.com\/es\/wp-content\/uploads\/sites\/12\/2016\/11\/abrigosgaleria3-360x220.jpg 360w\" sizes=\"(max-width: 785px) 100vw, 785px\" \/><figcaption id=\"caption-attachment-95785\" class=\"wp-caption-text\">Un buen abriguito&#8230; \u00a1y a la calle! \u00a9 Francois Trezin<\/figcaption><\/figure>\n<p>Porque ha llegado esa \u00e9poca del a\u00f1o en la que la frase\u00a0\u00abcon el fr\u00edo que hace ah\u00ed fuera yo paso de salir\u00bb se convierte en eslogan de la sociedad y en firme aliada de Netflix (y ahora tambi\u00e9n HBO). <span style=\"text-decoration: underline;\">Nota mental:<\/span> \u00bftendr\u00e1 Netflix algo que ver con las temperaturas de esta semana? Porque nadie como ellos se benefician de estos term\u00f3metros&#8230; #investigar.<\/p>\n<p>Sea como sea, <strong>nos dicen por el pinganillo los jefes que lo de hibernar es solo cosa de animales\u00a0y que los dos grados que marcaba el mercurio esta ma\u00f1ana no sirven como excusa para no ir a trabajar,<\/strong> <del>l\u00e1stima<\/del>. As\u00ed que, somos somos chicas apa\u00f1adas y a todo le damos la vuelta, vamos a olvidarnos de este\u00a0<a href=\"https:\/\/graziamagazine.com\/es\/lifestyle\/sindrome-premenstrual-o-un-mundo-no-preparado-para-tener-la-regla\/\" target=\"_blank\">s\u00edndrome premenstrual<\/a>\u00a0(de dos o tres meses de duraci\u00f3n) en el que nos solemos hundir y poner al mal tiempo mala cara (\u00bfveis?, hemos nacido para que nos hagan un huequito en el apartado de &#8216;divulgaci\u00f3n de dichos populares&#8217;).<\/p>\n<p>Porque el fr\u00edo es en realidad la mejor excusa para invertir en una de las prendas m\u00e1s lucidas de cualquier armario: el abrigo. Y con esto en mente hemos recopilado la mejor selecci\u00f3n que recoge desde cl\u00e1sicos imperecederos hasta modelos de rabiosa actualidad.<\/p>\n<p>[galeria]<\/p>\n<p><iframe loading=\"lazy\" style=\"border: none; overflow: hidden; height: 258px;\" src=\"\/\/www.facebook.com\/plugins\/likebox.php?href=https%3A%2F%2Fwww.facebook.com%2Fgraziaespana&amp;width&amp;height=258&amp;colorscheme=light&amp;show_faces=true&amp;header=false&amp;stream=false&amp;show_border=false&amp;appId=349017955267591\" width=\"300\" height=\"150\" frameborder=\"0\" scrolling=\"no\"><\/iframe><\/p>\n","protected":false},"author":12360,"featured_media":0,"template":"","format":"standard","categories":[1,4],"acf":[],"yoast_head":"<!-- This site is optimized with the Yoast SEO Premium plugin v18.5 (Yoast SEO v20.4) - https:\/\/yoast.com\/wordpress\/plugins\/seo\/ -->\n<title>Abrigos que son una inversi\u00f3n (en salud) | Grazia<\/title>\n<meta name=\"description\" content=\"Lo sabemos, las bajas temperaturas convierten el simple hecho de salir de casa en una tortura pero con estos abrigos se acabaron las excusas.\" \/>\n<meta name=\"robots\" content=\"index, follow, max-snippet:-1, max-image-preview:large, max-video-preview:-1\" \/>\n<link rel=\"canonical\" href=\"https:\/\/graziamagazine.com\/es\/articles\/abrigos-que-son-una-inversion-en-salud\/\" \/>\n<meta property=\"og:locale\" content=\"es_ES\" \/>\n<meta property=\"og:type\" content=\"article\" \/>\n<meta property=\"og:title\" content=\"18 abrigos para que este invierno el fr\u00edo no te pare\" \/>\n<meta property=\"og:description\" content=\"Ve\u00e1moslo como una compra que garantiza un invierno sin gripes ni resfriados. Nadie puede rebatir eso.\" \/>\n<meta property=\"og:url\" content=\"https:\/\/graziamagazine.com\/es\/articles\/abrigos-que-son-una-inversion-en-salud\/\" \/>\n<meta property=\"og:site_name\" content=\"Grazia\" \/>\n<meta property=\"article:modified_time\" content=\"2016-11-28T12:12:49+00:00\" \/>\n<meta property=\"og:image\" content=\"https:\/\/graziamagazine.com\/es\/wp-content\/uploads\/sites\/12\/2016\/11\/23163111\/abridosredes2.jpg?fit=785%2C480\" \/>\n\t<meta property=\"og:image:width\" content=\"785\" \/>\n\t<meta property=\"og:image:height\" content=\"480\" \/>\n\t<meta property=\"og:image:type\" content=\"image\/jpeg\" \/>\n<meta name=\"twitter:card\" content=\"summary_large_image\" \/>\n<meta name=\"twitter:title\" content=\"18 abrigos para que este invierno el fr\u00edo no te pare\" \/>\n<meta name=\"twitter:description\" content=\"Ve\u00e1moslo como una compra que garantiza un invierno sin gripes ni resfriados. Nadie puede rebatir eso.\" \/>\n<meta name=\"twitter:image\" content=\"http:\/\/s3-eu-west-1.amazonaws.com\/grazia-cdn\/wp-content\/uploads\/sites\/12\/2016\/11\/23163111\/abridosredes2.jpg\" \/>\n<meta name=\"twitter:label1\" content=\"Est. reading time\" \/>\n\t<meta name=\"twitter:data1\" content=\"2 minutos\" \/>\n<script type=\"application\/ld+json\" class=\"yoast-schema-graph\">{\"@context\":\"https:\/\/schema.org\",\"@graph\":[{\"@type\":\"WebPage\",\"@id\":\"https:\/\/graziamagazine.com\/es\/articles\/abrigos-que-son-una-inversion-en-salud\/\",\"url\":\"https:\/\/graziamagazine.com\/es\/articles\/abrigos-que-son-una-inversion-en-salud\/\",\"name\":\"Abrigos que son una inversi\u00f3n (en salud) | Grazia\",\"isPartOf\":{\"@id\":\"https:\/\/graziamagazine.com\/es\/#website\"},\"datePublished\":\"2016-11-27T16:50:08+00:00\",\"dateModified\":\"2016-11-28T12:12:49+00:00\",\"description\":\"Lo sabemos, las bajas temperaturas convierten el simple hecho de salir de casa en una tortura pero con estos abrigos se acabaron las excusas.\",\"breadcrumb\":{\"@id\":\"https:\/\/graziamagazine.com\/es\/articles\/abrigos-que-son-una-inversion-en-salud\/#breadcrumb\"},\"inLanguage\":\"es\",\"potentialAction\":[{\"@type\":\"ReadAction\",\"target\":[\"https:\/\/graziamagazine.com\/es\/articles\/abrigos-que-son-una-inversion-en-salud\/\"]}]},{\"@type\":\"BreadcrumbList\",\"@id\":\"https:\/\/graziamagazine.com\/es\/articles\/abrigos-que-son-una-inversion-en-salud\/#breadcrumb\",\"itemListElement\":[{\"@type\":\"ListItem\",\"position\":1,\"name\":\"Portada\",\"item\":\"https:\/\/graziamagazine.com\/es\/\"},{\"@type\":\"ListItem\",\"position\":2,\"name\":\"Abrigos que son una inversi\u00f3n (en salud)\"}]},{\"@type\":\"WebSite\",\"@id\":\"https:\/\/graziamagazine.com\/es\/#website\",\"url\":\"https:\/\/graziamagazine.com\/es\/\",\"name\":\"Grazia\",\"description\":\"Moda, belleza, celebrities, estilo de vida...\",\"potentialAction\":[{\"@type\":\"SearchAction\",\"target\":{\"@type\":\"EntryPoint\",\"urlTemplate\":\"https:\/\/graziamagazine.com\/es\/?s={search_term_string}\"},\"query-input\":\"required name=search_term_string\"}],\"inLanguage\":\"es\"}]}<\/script>\n<!-- \/ Yoast SEO Premium plugin. -->","yoast_head_json":{"title":"Abrigos que son una inversi\u00f3n (en salud) | Grazia","description":"Lo sabemos, las bajas temperaturas convierten el simple hecho de salir de casa en una tortura pero con estos abrigos se acabaron las excusas.","robots":{"index":"index","follow":"follow","max-snippet":"max-snippet:-1","max-image-preview":"max-image-preview:large","max-video-preview":"max-video-preview:-1"},"canonical":"https:\/\/graziamagazine.com\/es\/articles\/abrigos-que-son-una-inversion-en-salud\/","og_locale":"es_ES","og_type":"article","og_title":"18 abrigos para que este invierno el fr\u00edo no te pare","og_description":"Ve\u00e1moslo como una compra que garantiza un invierno sin gripes ni resfriados. Nadie puede rebatir eso.","og_url":"https:\/\/graziamagazine.com\/es\/articles\/abrigos-que-son-una-inversion-en-salud\/","og_site_name":"Grazia","article_modified_time":"2016-11-28T12:12:49+00:00","og_image":[{"width":785,"height":480,"url":"https:\/\/graziamagazine.com\/es\/wp-content\/uploads\/sites\/12\/2016\/11\/23163111\/abridosredes2.jpg?fit=785%2C480","type":"image\/jpeg"}],"twitter_card":"summary_large_image","twitter_title":"18 abrigos para que este invierno el fr\u00edo no te pare","twitter_description":"Ve\u00e1moslo como una compra que garantiza un invierno sin gripes ni resfriados. Nadie puede rebatir eso.","twitter_image":"http:\/\/s3-eu-west-1.amazonaws.com\/grazia-cdn\/wp-content\/uploads\/sites\/12\/2016\/11\/23163111\/abridosredes2.jpg","twitter_misc":{"Est. reading time":"2 minutos"},"schema":{"@context":"https:\/\/schema.org","@graph":[{"@type":"WebPage","@id":"https:\/\/graziamagazine.com\/es\/articles\/abrigos-que-son-una-inversion-en-salud\/","url":"https:\/\/graziamagazine.com\/es\/articles\/abrigos-que-son-una-inversion-en-salud\/","name":"Abrigos que son una inversi\u00f3n (en salud) | Grazia","isPartOf":{"@id":"https:\/\/graziamagazine.com\/es\/#website"},"datePublished":"2016-11-27T16:50:08+00:00","dateModified":"2016-11-28T12:12:49+00:00","description":"Lo sabemos, las bajas temperaturas convierten el simple hecho de salir de casa en una tortura pero con estos abrigos se acabaron las excusas.","breadcrumb":{"@id":"https:\/\/graziamagazine.com\/es\/articles\/abrigos-que-son-una-inversion-en-salud\/#breadcrumb"},"inLanguage":"es","potentialAction":[{"@type":"ReadAction","target":["https:\/\/graziamagazine.com\/es\/articles\/abrigos-que-son-una-inversion-en-salud\/"]}]},{"@type":"BreadcrumbList","@id":"https:\/\/graziamagazine.com\/es\/articles\/abrigos-que-son-una-inversion-en-salud\/#breadcrumb","itemListElement":[{"@type":"ListItem","position":1,"name":"Portada","item":"https:\/\/graziamagazine.com\/es\/"},{"@type":"ListItem","position":2,"name":"Abrigos que son una inversi\u00f3n (en salud)"}]},{"@type":"WebSite","@id":"https:\/\/graziamagazine.com\/es\/#website","url":"https:\/\/graziamagazine.com\/es\/","name":"Grazia","description":"Moda, belleza, celebrities, estilo de vida...","potentialAction":[{"@type":"SearchAction","target":{"@type":"EntryPoint","urlTemplate":"https:\/\/graziamagazine.com\/es\/?s={search_term_string}"},"query-input":"required name=search_term_string"}],"inLanguage":"es"}]}},"jetpack_sharing_enabled":true,"distributor_meta":false,"distributor_terms":false,"distributor_media":false,"distributor_original_site_name":"Grazia","distributor_original_site_url":"https:\/\/graziamagazine.com\/es","push-errors":false,"_links":{"self":[{"href":"https:\/\/graziamagazine.com\/es\/wp-json\/wp\/v2\/articles\/95754"}],"collection":[{"href":"https:\/\/graziamagazine.com\/es\/wp-json\/wp\/v2\/articles"}],"about":[{"href":"https:\/\/graziamagazine.com\/es\/wp-json\/wp\/v2\/types\/articles"}],"author":[{"embeddable":true,"href":"https:\/\/graziamagazine.com\/es\/wp-json\/wp\/v2\/users\/12360"}],"wp:attachment":[{"href":"https:\/\/graziamagazine.com\/es\/wp-json\/wp\/v2\/media?parent=95754"}],"wp:term":[{"taxonomy":"category","embeddable":true,"href":"https:\/\/graziamagazine.com\/es\/wp-json\/wp\/v2\/categories?post=95754"}],"curies":[{"name":"wp","href":"https:\/\/api.w.org\/{rel}","templated":true}]}}