{"id":95235,"date":"2016-11-16T13:16:16","date_gmt":"2016-11-16T12:16:16","guid":{"rendered":"https:\/\/graziamagazine.com\/es\/?p=95235"},"modified":"2016-11-16T13:27:15","modified_gmt":"2016-11-16T12:27:15","slug":"protagonista-biopic-janis-joplin","status":"publish","type":"articles","link":"https:\/\/graziamagazine.com\/es\/articles\/protagonista-biopic-janis-joplin\/","title":{"rendered":"Y la protagonista del biopic de Janis Joplin es&#8230;"},"content":{"rendered":"<p>Ya es oficial. <a href=\"https:\/\/graziamagazine.com\/es\/etiqueta\/michelle-williams\/\" target=\"_blank\">Michelle Williams<\/a> ser\u00e1 Janis Joplin en un nuevo biopic sobre la vida de la artista que se encuentra en pleno proceso de pre-producci\u00f3n. <em>Janis<\/em>, que as\u00ed se llamar\u00e1\u00a0esta pel\u00edcula dirigida por Sean Durkin, <strong>contar\u00e1 la historia de los \u00faltimos seis meses de vida de esta\u00a0leyenda de la m\u00fasica antes de morir de una sobredosis de hero\u00edna.<\/strong><\/p>\n<figure id=\"attachment_95237\" aria-describedby=\"caption-attachment-95237\" style=\"width: 785px\" class=\"wp-caption aligncenter\"><img loading=\"lazy\" decoding=\"async\" class=\"wp-image-95237 size-full\" src=\"https:\/\/graziamagazine.com\/es\/wp-content\/uploads\/sites\/12\/2016\/11\/michellewilliamsbiopicjanis4.jpg\" alt=\"michellewilliamsbiopicjanis4\" width=\"785\" height=\"550\" srcset=\"https:\/\/graziamagazine.com\/es\/wp-content\/uploads\/sites\/12\/2016\/11\/michellewilliamsbiopicjanis4.jpg 785w, https:\/\/graziamagazine.com\/es\/wp-content\/uploads\/sites\/12\/2016\/11\/michellewilliamsbiopicjanis4-300x210.jpg 300w, https:\/\/graziamagazine.com\/es\/wp-content\/uploads\/sites\/12\/2016\/11\/michellewilliamsbiopicjanis4-768x538.jpg 768w, https:\/\/graziamagazine.com\/es\/wp-content\/uploads\/sites\/12\/2016\/11\/michellewilliamsbiopicjanis4-720x504.jpg 720w, https:\/\/graziamagazine.com\/es\/wp-content\/uploads\/sites\/12\/2016\/11\/michellewilliamsbiopicjanis4-626x439.jpg 626w, https:\/\/graziamagazine.com\/es\/wp-content\/uploads\/sites\/12\/2016\/11\/michellewilliamsbiopicjanis4-360x252.jpg 360w\" sizes=\"(max-width: 785px) 100vw, 785px\" \/><figcaption id=\"caption-attachment-95237\" class=\"wp-caption-text\">Michelle Williams ya fue nominada al Oscar a Mejor actriz en 2011 por su interpretaci\u00f3n de Marilyn. \u00bfVolver\u00e1 a serlo por este nuevo proyecto? \u00a9 Cordon Press<\/figcaption><\/figure>\n<p>La actriz de<em> Blue Valentine<\/em>, <strong>sumergida de lleno en la promoci\u00f3n de la pel\u00edcula <em>Manchester by the sea,\u00a0<\/em><\/strong>que para variar llegar\u00e1 a nuestras pantallas con meses de diferencia, en concreto en febrero, y\u00a0en la que comparte pantalla\u00a0con Casey Affleck (<del>hermano de Ben Affleck<\/del>), ha sido la responsable de darnos esta <del>maravillosa<\/del> noticia durante <a href=\"http:\/\/www.eonline.com\/news\/809325\/it-s-official-michelle-williams-to-star-in-janis-joplin-biopic\" target=\"_blank\" target=\"_blank\">una entrevista con el portal E! News<\/a>. De hecho ha sido justo con estas palabras:<\/p>\n<p>\u00abCreo que es un buen d\u00eda en la vida de un actor cuando te avisan de que el trabajo es tuyo. Antes de que te lo den, t\u00fa est\u00e1s &#8216;\u00a1Vamos! Os lo ruego. Me muero por esto. \u00a1Lo necesito! Por favor, har\u00e9 lo que sea. Lo prometo&#8230; \u00a1Cogedme, cogedme!'\u00bb, ha contado\u00a0<del>con bastante efusividad<\/del> la actriz. Y a\u00f1ad\u00eda:\u00a0\u00abCuando consigues el trabajo, ya est\u00e1s como: &#8216;\u00a1Lo tengo! \u00a1Qu\u00e9 emoci\u00f3n! No puedo creer que tenga esta oportunidad.<strong> No me creo que vaya a hacer esto&#8217;. Y entonces te empiezas a preocupar por el siguiente paso. Yo ahora mismo estoy en esa fase de preocuparme por el siguiente paso\u00bb, <\/strong>ha afirmado dejando entrever que este proyecto es todo un reto y que, adem\u00e1s de ilusi\u00f3n, tambi\u00e9n siente cierta presi\u00f3n por hacer un buen trabajo.<\/p>\n<figure id=\"attachment_95236\" aria-describedby=\"caption-attachment-95236\" style=\"width: 785px\" class=\"wp-caption aligncenter\"><img loading=\"lazy\" decoding=\"async\" class=\"wp-image-95236 size-full\" src=\"https:\/\/graziamagazine.com\/es\/wp-content\/uploads\/sites\/12\/2016\/11\/michellewilliamsbiopicjanis5.jpg\" alt=\"michellewilliamsbiopicjanis5\" width=\"785\" height=\"750\" srcset=\"https:\/\/graziamagazine.com\/es\/wp-content\/uploads\/sites\/12\/2016\/11\/michellewilliamsbiopicjanis5.jpg 785w, https:\/\/graziamagazine.com\/es\/wp-content\/uploads\/sites\/12\/2016\/11\/michellewilliamsbiopicjanis5-300x287.jpg 300w, https:\/\/graziamagazine.com\/es\/wp-content\/uploads\/sites\/12\/2016\/11\/michellewilliamsbiopicjanis5-768x734.jpg 768w, https:\/\/graziamagazine.com\/es\/wp-content\/uploads\/sites\/12\/2016\/11\/michellewilliamsbiopicjanis5-720x688.jpg 720w, https:\/\/graziamagazine.com\/es\/wp-content\/uploads\/sites\/12\/2016\/11\/michellewilliamsbiopicjanis5-626x598.jpg 626w, https:\/\/graziamagazine.com\/es\/wp-content\/uploads\/sites\/12\/2016\/11\/michellewilliamsbiopicjanis5-360x344.jpg 360w\" sizes=\"(max-width: 785px) 100vw, 785px\" \/><figcaption id=\"caption-attachment-95236\" class=\"wp-caption-text\">Los problemas con las drogas y el alcohol marcaron su vida. \u00a9 Cordon Press<\/figcaption><\/figure>\n<p>Y es que interpretar a Janis Joplin no debe ser f\u00e1cil: desde que era\u00a0una ni\u00f1a tuvo que enfrentarse a problemas de autoestima y personalidad que derivaron en el consumo de alcohol y hero\u00edna y, aunque se convirti\u00f3 en todo un icono del <em>rock and roll<\/em> y el <em>blues<\/em>, nunca fue del todo feliz y su mayor miedo siempre fue la soledad. Un temor que describi\u00f3 en una entrevista con estas palabras:<strong> \u00abHago\u00a0el amor con 25.000 personas en el escenario y luego vuelvo\u00a0a casa sola&#8230;\u00bb.<\/strong> Y as\u00ed fue como muri\u00f3 el 4 de octubre de 1970, en la\u00a0habitaci\u00f3n 105 del\u00a0Landmark Motor Hotel, en soledad y cuando solo ten\u00eda 27 a\u00f1os por una sobredosis, convirti\u00e9ndose as\u00ed en miembro del club de los 27 junto a artistas como Jimi Hendrix, Kurt Cobain o Amy Winehouse.<\/p>\n<p>Veremos qu\u00e9 tal se le da a Michelle Williams el papel de estrella de la m\u00fasica aunque despu\u00e9s de verla metida en la piel de una de las divas del cine por excelencia poco tenemos que a\u00f1adir&#8230;<\/p>\n<p><iframe loading=\"lazy\" style=\"border: none; overflow: hidden; height: 258px;\" src=\"\/\/www.facebook.com\/plugins\/likebox.php?href=https%3A%2F%2Fwww.facebook.com%2Fgraziaespana&amp;width&amp;height=258&amp;colorscheme=light&amp;show_faces=true&amp;header=false&amp;stream=false&amp;show_border=false&amp;appId=349017955267591\" width=\"300\" height=\"150\" frameborder=\"0\" scrolling=\"no\"><\/iframe><\/p>\n","protected":false},"author":12360,"featured_media":0,"template":"","format":"standard","categories":[19,18],"acf":[],"yoast_head":"<!-- This site is optimized with the Yoast SEO Premium plugin v18.5 (Yoast SEO v20.4) - https:\/\/yoast.com\/wordpress\/plugins\/seo\/ -->\n<title>Y la protagonista del biopic de Janis Joplin es... | Grazia<\/title>\n<meta name=\"description\" content=\"Nominada al Oscar en tres ocasiones, no es la primera vez que esta actriz se mete en la piel de una artista de leyenda. De hecho, ya fue Marilyn Monroe.\" \/>\n<meta name=\"robots\" content=\"index, follow, max-snippet:-1, max-image-preview:large, max-video-preview:-1\" \/>\n<link rel=\"canonical\" href=\"https:\/\/graziamagazine.com\/es\/articles\/protagonista-biopic-janis-joplin\/\" \/>\n<meta property=\"og:locale\" content=\"es_ES\" \/>\n<meta property=\"og:type\" content=\"article\" \/>\n<meta property=\"og:title\" content=\"Y la protagonista del biopic de Janis Joplin es...\" \/>\n<meta property=\"og:description\" content=\"Nominada al Oscar en tres ocasiones, no es la primera vez que esta actriz se mete en la piel de una artista de leyenda. De hecho, ya interpret\u00f3 a Marilyn Monroe.\" \/>\n<meta property=\"og:url\" content=\"https:\/\/graziamagazine.com\/es\/articles\/protagonista-biopic-janis-joplin\/\" \/>\n<meta property=\"og:site_name\" content=\"Grazia\" \/>\n<meta property=\"article:modified_time\" content=\"2016-11-16T12:27:15+00:00\" \/>\n<meta property=\"og:image\" content=\"https:\/\/graziamagazine.com\/es\/wp-content\/uploads\/sites\/12\/2016\/11\/16113254\/michellewilliamsbiopicjanis6.jpg?fit=785%2C480\" \/>\n\t<meta property=\"og:image:width\" content=\"785\" \/>\n\t<meta property=\"og:image:height\" content=\"480\" \/>\n\t<meta property=\"og:image:type\" content=\"image\/jpeg\" \/>\n<meta name=\"twitter:card\" content=\"summary_large_image\" \/>\n<meta name=\"twitter:title\" content=\"Y la protagonista del biopic de Janis Joplin es...\" \/>\n<meta name=\"twitter:description\" content=\"Nominada al Oscar en tres ocasiones, no es la primera vez que esta actriz se mete en la piel de una artista de leyenda. De hecho, ya interpret\u00f3 a Marilyn Monroe.\" \/>\n<meta name=\"twitter:image\" content=\"http:\/\/s3-eu-west-1.amazonaws.com\/grazia-cdn\/wp-content\/uploads\/sites\/12\/2016\/11\/16113254\/michellewilliamsbiopicjanis6.jpg\" \/>\n<meta name=\"twitter:label1\" content=\"Est. reading time\" \/>\n\t<meta name=\"twitter:data1\" content=\"3 minutos\" \/>\n<script type=\"application\/ld+json\" class=\"yoast-schema-graph\">{\"@context\":\"https:\/\/schema.org\",\"@graph\":[{\"@type\":\"WebPage\",\"@id\":\"https:\/\/graziamagazine.com\/es\/articles\/protagonista-biopic-janis-joplin\/\",\"url\":\"https:\/\/graziamagazine.com\/es\/articles\/protagonista-biopic-janis-joplin\/\",\"name\":\"Y la protagonista del biopic de Janis Joplin es... | Grazia\",\"isPartOf\":{\"@id\":\"https:\/\/graziamagazine.com\/es\/#website\"},\"datePublished\":\"2016-11-16T12:16:16+00:00\",\"dateModified\":\"2016-11-16T12:27:15+00:00\",\"description\":\"Nominada al Oscar en tres ocasiones, no es la primera vez que esta actriz se mete en la piel de una artista de leyenda. De hecho, ya fue Marilyn Monroe.\",\"breadcrumb\":{\"@id\":\"https:\/\/graziamagazine.com\/es\/articles\/protagonista-biopic-janis-joplin\/#breadcrumb\"},\"inLanguage\":\"es\",\"potentialAction\":[{\"@type\":\"ReadAction\",\"target\":[\"https:\/\/graziamagazine.com\/es\/articles\/protagonista-biopic-janis-joplin\/\"]}]},{\"@type\":\"BreadcrumbList\",\"@id\":\"https:\/\/graziamagazine.com\/es\/articles\/protagonista-biopic-janis-joplin\/#breadcrumb\",\"itemListElement\":[{\"@type\":\"ListItem\",\"position\":1,\"name\":\"Portada\",\"item\":\"https:\/\/graziamagazine.com\/es\/\"},{\"@type\":\"ListItem\",\"position\":2,\"name\":\"Y la protagonista del biopic de Janis Joplin es&#8230;\"}]},{\"@type\":\"WebSite\",\"@id\":\"https:\/\/graziamagazine.com\/es\/#website\",\"url\":\"https:\/\/graziamagazine.com\/es\/\",\"name\":\"Grazia\",\"description\":\"Moda, belleza, celebrities, estilo de vida...\",\"potentialAction\":[{\"@type\":\"SearchAction\",\"target\":{\"@type\":\"EntryPoint\",\"urlTemplate\":\"https:\/\/graziamagazine.com\/es\/?s={search_term_string}\"},\"query-input\":\"required name=search_term_string\"}],\"inLanguage\":\"es\"}]}<\/script>\n<!-- \/ Yoast SEO Premium plugin. -->","yoast_head_json":{"title":"Y la protagonista del biopic de Janis Joplin es... | Grazia","description":"Nominada al Oscar en tres ocasiones, no es la primera vez que esta actriz se mete en la piel de una artista de leyenda. De hecho, ya fue Marilyn Monroe.","robots":{"index":"index","follow":"follow","max-snippet":"max-snippet:-1","max-image-preview":"max-image-preview:large","max-video-preview":"max-video-preview:-1"},"canonical":"https:\/\/graziamagazine.com\/es\/articles\/protagonista-biopic-janis-joplin\/","og_locale":"es_ES","og_type":"article","og_title":"Y la protagonista del biopic de Janis Joplin es...","og_description":"Nominada al Oscar en tres ocasiones, no es la primera vez que esta actriz se mete en la piel de una artista de leyenda. De hecho, ya interpret\u00f3 a Marilyn Monroe.","og_url":"https:\/\/graziamagazine.com\/es\/articles\/protagonista-biopic-janis-joplin\/","og_site_name":"Grazia","article_modified_time":"2016-11-16T12:27:15+00:00","og_image":[{"width":785,"height":480,"url":"https:\/\/graziamagazine.com\/es\/wp-content\/uploads\/sites\/12\/2016\/11\/16113254\/michellewilliamsbiopicjanis6.jpg?fit=785%2C480","type":"image\/jpeg"}],"twitter_card":"summary_large_image","twitter_title":"Y la protagonista del biopic de Janis Joplin es...","twitter_description":"Nominada al Oscar en tres ocasiones, no es la primera vez que esta actriz se mete en la piel de una artista de leyenda. De hecho, ya interpret\u00f3 a Marilyn Monroe.","twitter_image":"http:\/\/s3-eu-west-1.amazonaws.com\/grazia-cdn\/wp-content\/uploads\/sites\/12\/2016\/11\/16113254\/michellewilliamsbiopicjanis6.jpg","twitter_misc":{"Est. reading time":"3 minutos"},"schema":{"@context":"https:\/\/schema.org","@graph":[{"@type":"WebPage","@id":"https:\/\/graziamagazine.com\/es\/articles\/protagonista-biopic-janis-joplin\/","url":"https:\/\/graziamagazine.com\/es\/articles\/protagonista-biopic-janis-joplin\/","name":"Y la protagonista del biopic de Janis Joplin es... | Grazia","isPartOf":{"@id":"https:\/\/graziamagazine.com\/es\/#website"},"datePublished":"2016-11-16T12:16:16+00:00","dateModified":"2016-11-16T12:27:15+00:00","description":"Nominada al Oscar en tres ocasiones, no es la primera vez que esta actriz se mete en la piel de una artista de leyenda. De hecho, ya fue Marilyn Monroe.","breadcrumb":{"@id":"https:\/\/graziamagazine.com\/es\/articles\/protagonista-biopic-janis-joplin\/#breadcrumb"},"inLanguage":"es","potentialAction":[{"@type":"ReadAction","target":["https:\/\/graziamagazine.com\/es\/articles\/protagonista-biopic-janis-joplin\/"]}]},{"@type":"BreadcrumbList","@id":"https:\/\/graziamagazine.com\/es\/articles\/protagonista-biopic-janis-joplin\/#breadcrumb","itemListElement":[{"@type":"ListItem","position":1,"name":"Portada","item":"https:\/\/graziamagazine.com\/es\/"},{"@type":"ListItem","position":2,"name":"Y la protagonista del biopic de Janis Joplin es&#8230;"}]},{"@type":"WebSite","@id":"https:\/\/graziamagazine.com\/es\/#website","url":"https:\/\/graziamagazine.com\/es\/","name":"Grazia","description":"Moda, belleza, celebrities, estilo de vida...","potentialAction":[{"@type":"SearchAction","target":{"@type":"EntryPoint","urlTemplate":"https:\/\/graziamagazine.com\/es\/?s={search_term_string}"},"query-input":"required name=search_term_string"}],"inLanguage":"es"}]}},"jetpack_sharing_enabled":true,"distributor_meta":false,"distributor_terms":false,"distributor_media":false,"distributor_original_site_name":"Grazia","distributor_original_site_url":"https:\/\/graziamagazine.com\/es","push-errors":false,"_links":{"self":[{"href":"https:\/\/graziamagazine.com\/es\/wp-json\/wp\/v2\/articles\/95235"}],"collection":[{"href":"https:\/\/graziamagazine.com\/es\/wp-json\/wp\/v2\/articles"}],"about":[{"href":"https:\/\/graziamagazine.com\/es\/wp-json\/wp\/v2\/types\/articles"}],"author":[{"embeddable":true,"href":"https:\/\/graziamagazine.com\/es\/wp-json\/wp\/v2\/users\/12360"}],"wp:attachment":[{"href":"https:\/\/graziamagazine.com\/es\/wp-json\/wp\/v2\/media?parent=95235"}],"wp:term":[{"taxonomy":"category","embeddable":true,"href":"https:\/\/graziamagazine.com\/es\/wp-json\/wp\/v2\/categories?post=95235"}],"curies":[{"name":"wp","href":"https:\/\/api.w.org\/{rel}","templated":true}]}}