{"id":95137,"date":"2016-11-15T13:13:41","date_gmt":"2016-11-15T12:13:41","guid":{"rendered":"https:\/\/graziamagazine.com\/es\/?p=95137"},"modified":"2016-11-15T13:13:41","modified_gmt":"2016-11-15T12:13:41","slug":"charo-izquierdo-directora-mercedes-benz-fashion-week-madrid","status":"publish","type":"articles","link":"https:\/\/graziamagazine.com\/es\/articles\/charo-izquierdo-directora-mercedes-benz-fashion-week-madrid\/","title":{"rendered":"Charo Izquierdo, nueva directora de Mercedes-Benz Fashion Week Madrid"},"content":{"rendered":"<p>La pasarela madrile\u00f1a, <del>la anta\u00f1o\u00a0Cibeles<\/del>, tiene nueva directora. Charo Izquierdo ha sido la elegida para ponerse al frente de uno de los mejores exponentes de la moda espa\u00f1ola, y sustituye as\u00ed a Leonor P\u00e9rez Pita, conocida como <strong>Cuca Solana, fundadora y responsable del evento desde su creaci\u00f3n hace m\u00e1s de treinta a\u00f1os.<\/strong><\/p>\n<p>Charo Izquierdo, para quien no la conozca, es la responsable de que ahora mismo est\u00e9s leyendo estas l\u00edneas porque <strong>fue la art\u00edfice del lanzamiento de Grazia en Espa\u00f1a.<\/strong> Y es que su vida profesional ha estado vinculada a la moda siempre; tanto en el mundo period\u00edstico, como directora de la revista Elle, directora adjunta en Vogue, como creadora del primer suplemento femenino \u2013Yo Dona\u2013 y\u00a0hasta\u00a0de la primera revista online Estarguapa.com. Pero tambi\u00e9n en el educativo, impartiendo clases en diversos masters de Moda y Comunicaci\u00f3n.\u00a0Adem\u00e1s es experta en comunicaci\u00f3n corporativa y marketing y habla ingl\u00e9s, franc\u00e9s e italiano.<\/p>\n<figure id=\"attachment_95138\" aria-describedby=\"caption-attachment-95138\" style=\"width: 785px\" class=\"wp-caption aligncenter\"><img loading=\"lazy\" decoding=\"async\" class=\"wp-image-95138 size-full\" src=\"https:\/\/graziamagazine.com\/es\/wp-content\/uploads\/sites\/12\/2016\/11\/charoizquierdodirectorambfwm3.jpg\" alt=\"charoizquierdodirectorambfwm3\" width=\"785\" height=\"500\" srcset=\"https:\/\/graziamagazine.com\/es\/wp-content\/uploads\/sites\/12\/2016\/11\/charoizquierdodirectorambfwm3.jpg 785w, https:\/\/graziamagazine.com\/es\/wp-content\/uploads\/sites\/12\/2016\/11\/charoizquierdodirectorambfwm3-300x191.jpg 300w, https:\/\/graziamagazine.com\/es\/wp-content\/uploads\/sites\/12\/2016\/11\/charoizquierdodirectorambfwm3-768x489.jpg 768w, https:\/\/graziamagazine.com\/es\/wp-content\/uploads\/sites\/12\/2016\/11\/charoizquierdodirectorambfwm3-720x459.jpg 720w, https:\/\/graziamagazine.com\/es\/wp-content\/uploads\/sites\/12\/2016\/11\/charoizquierdodirectorambfwm3-626x399.jpg 626w, https:\/\/graziamagazine.com\/es\/wp-content\/uploads\/sites\/12\/2016\/11\/charoizquierdodirectorambfwm3-360x229.jpg 360w\" sizes=\"(max-width: 785px) 100vw, 785px\" \/><figcaption id=\"caption-attachment-95138\" class=\"wp-caption-text\">Charo Izquierdo y Cuca Solana, directora y exdirectora de Mercedes-Benz Fashion Week Madrid.<\/figcaption><\/figure>\n<p>Desde 1985 han pasado por la semana de la moda madrile\u00f1a, para presentar sus colecciones, m\u00e1s de 300 dise\u00f1adores distintos, un\u00a0evento que ha experimentado una gran\u00a0evoluci\u00f3n durante los a\u00f1os de mandato\u00a0de Solana, <del>aunque todav\u00eda queda mucho por hacer<\/del>. <strong>Para\u00a0Cuca Solana, la moda siempre fue el motor de su vida:<\/strong> ya en los 80 entr\u00f3 a formar parte de Galer\u00edas Preciados y, con el fin de dar notoriedad a la moda espa\u00f1ola,\u00a0empez\u00f3 a organizar diversos desfiles para los dise\u00f1adores de la \u00e9poca hasta que, en 1985, la Comunidad de Madrid cre\u00f3 la Pasarela Cibeles y fue nombrada\u00a0directora de la misma.<\/p>\n<p>Una extensa trayectoria en el mundo de la moda espa\u00f1ola que la posiciona como uno de los referentes del sector y por ello, <strong>a partir de ahora presidir\u00e1 el Comit\u00e9 de Moda, el \u00f3rgano encargado de asesorar a la principal pasarela nacional.<\/strong><\/p>\n<p><iframe loading=\"lazy\" style=\"border: none; overflow: hidden; height: 258px;\" src=\"\/\/www.facebook.com\/plugins\/likebox.php?href=https%3A%2F%2Fwww.facebook.com%2Fgraziaespana&amp;width&amp;height=258&amp;colorscheme=light&amp;show_faces=true&amp;header=false&amp;stream=false&amp;show_border=false&amp;appId=349017955267591\" width=\"300\" height=\"150\" frameborder=\"0\" scrolling=\"no\"><\/iframe><\/p>\n","protected":false},"author":24470,"featured_media":0,"template":"","format":"standard","categories":[3,1],"acf":[],"yoast_head":"<!-- This site is optimized with the Yoast SEO Premium plugin v18.5 (Yoast SEO v20.4) - https:\/\/yoast.com\/wordpress\/plugins\/seo\/ -->\n<title>Charo Izquierdo, nueva directora de Mercedes-Benz Fashion Week Madrid | Grazia<\/title>\n<meta name=\"description\" content=\"Cuca Solana, al frente de la pasarela madrile\u00f1a desde sus or\u00edgenes, abandona el cargo para presidir el Comit\u00e9 de Moda. \u00a1Bienvenida Charo!\" \/>\n<meta name=\"robots\" content=\"index, follow, max-snippet:-1, max-image-preview:large, max-video-preview:-1\" \/>\n<link rel=\"canonical\" href=\"https:\/\/graziamagazine.com\/es\/articles\/charo-izquierdo-directora-mercedes-benz-fashion-week-madrid\/\" \/>\n<meta property=\"og:locale\" content=\"es_ES\" \/>\n<meta property=\"og:type\" content=\"article\" \/>\n<meta property=\"og:title\" content=\"Charo Izquierdo, directora de Mercedes-Benz Fashion Week Madrid\" \/>\n<meta property=\"og:description\" content=\"Cuca Solana, al frente de la pasarela madrile\u00f1a desde sus or\u00edgenes, abandona el cargo para presidir el Comit\u00e9 de Moda. \u00a1Bienvenida Charo!\" \/>\n<meta property=\"og:url\" content=\"https:\/\/graziamagazine.com\/es\/articles\/charo-izquierdo-directora-mercedes-benz-fashion-week-madrid\/\" \/>\n<meta property=\"og:site_name\" content=\"Grazia\" \/>\n<meta property=\"og:image\" content=\"https:\/\/graziamagazine.com\/es\/wp-content\/uploads\/sites\/12\/2016\/11\/15124124\/charoizquierdodirectorambfwm.jpg?fit=785%2C480\" \/>\n\t<meta property=\"og:image:width\" content=\"785\" \/>\n\t<meta property=\"og:image:height\" content=\"480\" \/>\n\t<meta property=\"og:image:type\" content=\"image\/jpeg\" \/>\n<meta name=\"twitter:card\" content=\"summary_large_image\" \/>\n<meta name=\"twitter:title\" content=\"Charo Izquierdo, directora de Mercedes-Benz Fashion Week Madrid\" \/>\n<meta name=\"twitter:description\" content=\"Cuca Solana, al frente de la pasarela madrile\u00f1a desde sus or\u00edgenes, abandona el cargo para presidir el Comit\u00e9 de Moda. \u00a1Bienvenida Charo!\" \/>\n<meta name=\"twitter:image\" content=\"http:\/\/s3-eu-west-1.amazonaws.com\/grazia-cdn\/wp-content\/uploads\/sites\/12\/2016\/11\/15124124\/charoizquierdodirectorambfwm.jpg\" \/>\n<meta name=\"twitter:label1\" content=\"Est. reading time\" \/>\n\t<meta name=\"twitter:data1\" content=\"2 minutos\" \/>\n<script type=\"application\/ld+json\" class=\"yoast-schema-graph\">{\"@context\":\"https:\/\/schema.org\",\"@graph\":[{\"@type\":\"WebPage\",\"@id\":\"https:\/\/graziamagazine.com\/es\/articles\/charo-izquierdo-directora-mercedes-benz-fashion-week-madrid\/\",\"url\":\"https:\/\/graziamagazine.com\/es\/articles\/charo-izquierdo-directora-mercedes-benz-fashion-week-madrid\/\",\"name\":\"Charo Izquierdo, nueva directora de Mercedes-Benz Fashion Week Madrid | Grazia\",\"isPartOf\":{\"@id\":\"https:\/\/graziamagazine.com\/es\/#website\"},\"datePublished\":\"2016-11-15T12:13:41+00:00\",\"dateModified\":\"2016-11-15T12:13:41+00:00\",\"description\":\"Cuca Solana, al frente de la pasarela madrile\u00f1a desde sus or\u00edgenes, abandona el cargo para presidir el Comit\u00e9 de Moda. \u00a1Bienvenida Charo!\",\"breadcrumb\":{\"@id\":\"https:\/\/graziamagazine.com\/es\/articles\/charo-izquierdo-directora-mercedes-benz-fashion-week-madrid\/#breadcrumb\"},\"inLanguage\":\"es\",\"potentialAction\":[{\"@type\":\"ReadAction\",\"target\":[\"https:\/\/graziamagazine.com\/es\/articles\/charo-izquierdo-directora-mercedes-benz-fashion-week-madrid\/\"]}]},{\"@type\":\"BreadcrumbList\",\"@id\":\"https:\/\/graziamagazine.com\/es\/articles\/charo-izquierdo-directora-mercedes-benz-fashion-week-madrid\/#breadcrumb\",\"itemListElement\":[{\"@type\":\"ListItem\",\"position\":1,\"name\":\"Portada\",\"item\":\"https:\/\/graziamagazine.com\/es\/\"},{\"@type\":\"ListItem\",\"position\":2,\"name\":\"Charo Izquierdo, nueva directora de Mercedes-Benz Fashion Week Madrid\"}]},{\"@type\":\"WebSite\",\"@id\":\"https:\/\/graziamagazine.com\/es\/#website\",\"url\":\"https:\/\/graziamagazine.com\/es\/\",\"name\":\"Grazia\",\"description\":\"Moda, belleza, celebrities, estilo de vida...\",\"potentialAction\":[{\"@type\":\"SearchAction\",\"target\":{\"@type\":\"EntryPoint\",\"urlTemplate\":\"https:\/\/graziamagazine.com\/es\/?s={search_term_string}\"},\"query-input\":\"required name=search_term_string\"}],\"inLanguage\":\"es\"}]}<\/script>\n<!-- \/ Yoast SEO Premium plugin. -->","yoast_head_json":{"title":"Charo Izquierdo, nueva directora de Mercedes-Benz Fashion Week Madrid | Grazia","description":"Cuca Solana, al frente de la pasarela madrile\u00f1a desde sus or\u00edgenes, abandona el cargo para presidir el Comit\u00e9 de Moda. \u00a1Bienvenida Charo!","robots":{"index":"index","follow":"follow","max-snippet":"max-snippet:-1","max-image-preview":"max-image-preview:large","max-video-preview":"max-video-preview:-1"},"canonical":"https:\/\/graziamagazine.com\/es\/articles\/charo-izquierdo-directora-mercedes-benz-fashion-week-madrid\/","og_locale":"es_ES","og_type":"article","og_title":"Charo Izquierdo, directora de Mercedes-Benz Fashion Week Madrid","og_description":"Cuca Solana, al frente de la pasarela madrile\u00f1a desde sus or\u00edgenes, abandona el cargo para presidir el Comit\u00e9 de Moda. \u00a1Bienvenida Charo!","og_url":"https:\/\/graziamagazine.com\/es\/articles\/charo-izquierdo-directora-mercedes-benz-fashion-week-madrid\/","og_site_name":"Grazia","og_image":[{"width":785,"height":480,"url":"https:\/\/graziamagazine.com\/es\/wp-content\/uploads\/sites\/12\/2016\/11\/15124124\/charoizquierdodirectorambfwm.jpg?fit=785%2C480","type":"image\/jpeg"}],"twitter_card":"summary_large_image","twitter_title":"Charo Izquierdo, directora de Mercedes-Benz Fashion Week Madrid","twitter_description":"Cuca Solana, al frente de la pasarela madrile\u00f1a desde sus or\u00edgenes, abandona el cargo para presidir el Comit\u00e9 de Moda. \u00a1Bienvenida Charo!","twitter_image":"http:\/\/s3-eu-west-1.amazonaws.com\/grazia-cdn\/wp-content\/uploads\/sites\/12\/2016\/11\/15124124\/charoizquierdodirectorambfwm.jpg","twitter_misc":{"Est. reading time":"2 minutos"},"schema":{"@context":"https:\/\/schema.org","@graph":[{"@type":"WebPage","@id":"https:\/\/graziamagazine.com\/es\/articles\/charo-izquierdo-directora-mercedes-benz-fashion-week-madrid\/","url":"https:\/\/graziamagazine.com\/es\/articles\/charo-izquierdo-directora-mercedes-benz-fashion-week-madrid\/","name":"Charo Izquierdo, nueva directora de Mercedes-Benz Fashion Week Madrid | Grazia","isPartOf":{"@id":"https:\/\/graziamagazine.com\/es\/#website"},"datePublished":"2016-11-15T12:13:41+00:00","dateModified":"2016-11-15T12:13:41+00:00","description":"Cuca Solana, al frente de la pasarela madrile\u00f1a desde sus or\u00edgenes, abandona el cargo para presidir el Comit\u00e9 de Moda. \u00a1Bienvenida Charo!","breadcrumb":{"@id":"https:\/\/graziamagazine.com\/es\/articles\/charo-izquierdo-directora-mercedes-benz-fashion-week-madrid\/#breadcrumb"},"inLanguage":"es","potentialAction":[{"@type":"ReadAction","target":["https:\/\/graziamagazine.com\/es\/articles\/charo-izquierdo-directora-mercedes-benz-fashion-week-madrid\/"]}]},{"@type":"BreadcrumbList","@id":"https:\/\/graziamagazine.com\/es\/articles\/charo-izquierdo-directora-mercedes-benz-fashion-week-madrid\/#breadcrumb","itemListElement":[{"@type":"ListItem","position":1,"name":"Portada","item":"https:\/\/graziamagazine.com\/es\/"},{"@type":"ListItem","position":2,"name":"Charo Izquierdo, nueva directora de Mercedes-Benz Fashion Week Madrid"}]},{"@type":"WebSite","@id":"https:\/\/graziamagazine.com\/es\/#website","url":"https:\/\/graziamagazine.com\/es\/","name":"Grazia","description":"Moda, belleza, celebrities, estilo de vida...","potentialAction":[{"@type":"SearchAction","target":{"@type":"EntryPoint","urlTemplate":"https:\/\/graziamagazine.com\/es\/?s={search_term_string}"},"query-input":"required name=search_term_string"}],"inLanguage":"es"}]}},"jetpack_sharing_enabled":true,"distributor_meta":false,"distributor_terms":false,"distributor_media":false,"distributor_original_site_name":"Grazia","distributor_original_site_url":"https:\/\/graziamagazine.com\/es","push-errors":false,"_links":{"self":[{"href":"https:\/\/graziamagazine.com\/es\/wp-json\/wp\/v2\/articles\/95137"}],"collection":[{"href":"https:\/\/graziamagazine.com\/es\/wp-json\/wp\/v2\/articles"}],"about":[{"href":"https:\/\/graziamagazine.com\/es\/wp-json\/wp\/v2\/types\/articles"}],"author":[{"embeddable":true,"href":"https:\/\/graziamagazine.com\/es\/wp-json\/wp\/v2\/users\/24470"}],"wp:attachment":[{"href":"https:\/\/graziamagazine.com\/es\/wp-json\/wp\/v2\/media?parent=95137"}],"wp:term":[{"taxonomy":"category","embeddable":true,"href":"https:\/\/graziamagazine.com\/es\/wp-json\/wp\/v2\/categories?post=95137"}],"curies":[{"name":"wp","href":"https:\/\/api.w.org\/{rel}","templated":true}]}}