{"id":95063,"date":"2016-11-23T16:52:28","date_gmt":"2016-11-23T15:52:28","guid":{"rendered":"https:\/\/graziamagazine.com\/es\/?p=95063"},"modified":"2016-11-23T16:52:29","modified_gmt":"2016-11-23T15:52:29","slug":"botas-para-este-invierno","status":"publish","type":"articles","link":"https:\/\/graziamagazine.com\/es\/articles\/botas-para-este-invierno\/","title":{"rendered":"Todas las botas que querr\u00e1s llevar este invierno"},"content":{"rendered":"<p>S\u00ed, ya ha llegado el fr\u00edo y por fin podemos echar mano (o pie, <del>perd\u00f3n por la broma pero me lo pon\u00e9is a huevo<\/del>) a las botas.\u00a0<strong>Atr\u00e1s qued\u00f3\u00a0esa \u00e9poca horrible en la\u00a0que no sab\u00edas\u00a0muy bien qu\u00e9 ponerte,<\/strong> <strong>tambi\u00e9n conocida como entretiempo.<\/strong> Todo porque a nadie se le ha ocurrido una ley que estipule cuando\u00a0debemos de dejar de usar sandalias y cuando empiezan a estar permitidas las medias.<\/p>\n<figure id=\"attachment_95064\" aria-describedby=\"caption-attachment-95064\" style=\"width: 785px\" class=\"wp-caption aligncenter\"><img loading=\"lazy\" decoding=\"async\" class=\"wp-image-95064 size-full\" src=\"https:\/\/graziamagazine.com\/es\/wp-content\/uploads\/sites\/12\/2016\/11\/botascover1.jpg\" alt=\"botascover1\" width=\"785\" height=\"480\" srcset=\"https:\/\/graziamagazine.com\/es\/wp-content\/uploads\/sites\/12\/2016\/11\/botascover1.jpg 785w, https:\/\/graziamagazine.com\/es\/wp-content\/uploads\/sites\/12\/2016\/11\/botascover1-300x183.jpg 300w, https:\/\/graziamagazine.com\/es\/wp-content\/uploads\/sites\/12\/2016\/11\/botascover1-768x470.jpg 768w, https:\/\/graziamagazine.com\/es\/wp-content\/uploads\/sites\/12\/2016\/11\/botascover1-695x425.jpg 695w, https:\/\/graziamagazine.com\/es\/wp-content\/uploads\/sites\/12\/2016\/11\/botascover1-720x440.jpg 720w, https:\/\/graziamagazine.com\/es\/wp-content\/uploads\/sites\/12\/2016\/11\/botascover1-626x383.jpg 626w, https:\/\/graziamagazine.com\/es\/wp-content\/uploads\/sites\/12\/2016\/11\/botascover1-360x220.jpg 360w\" sizes=\"(max-width: 785px) 100vw, 785px\" \/><figcaption id=\"caption-attachment-95064\" class=\"wp-caption-text\">\u00a9 Marco Vittur<\/figcaption><\/figure>\n<p>Total, que metidas de lleno en la temporada de fr\u00edo, <strong>hemos recopilado todos<\/strong>\u00a0<strong>los modelos\u00a0de botas que llevar\u00e1s este invierno:<\/strong>\u00a0inspiraci\u00f3n sesentera y <em>mood,<\/em>\u00a0est\u00e9tica motera\u00a0o\u00a0militar, pasando por\u00a0las ya populares\u00a0<em><a href=\"https:\/\/graziamagazine.com\/es\/moda\/ugly-shoes\/\" target=\"_blank\">ugly boots<\/a><\/em> (<del>que Louis Vuitton ha conseguido que\u00a0volvamos a amar<\/del>), las mosqueteras ajustadas (que la <em>#BalmainArmy<\/em> ha catapultado a lo m\u00e1s alto, <del>y nunca mejor dicho<\/del>), de estilo monta\u00f1ero tipo <em>apr\u00e8s ski\u00a0<\/em>\u2013con y sin tac\u00f3n\u2013, de\u00a0diferentes alturas (por encima de la rodilla, a media pierna, o botines), lisas, estampadas, de colores sobrios o colores llamativos, de ca\u00f1a ancha o estrecha, de piel, de ante, con pelo&#8230;<\/p>\n<p>Vamos, que podr\u00edamos estar\u00a0hasta el mes que viene enumerando todas las opciones que el invierno nos presenta por delante. Pero que te lo dejamos a ti, que recorras esta galer\u00eda y fiches favoritos:<\/p>\n<p>[galeria]<\/p>\n<p><iframe loading=\"lazy\" style=\"border: none; overflow: hidden; height: 258px;\" src=\"\/\/www.facebook.com\/plugins\/likebox.php?href=https%3A%2F%2Fwww.facebook.com%2Fgraziaespana&amp;width&amp;height=258&amp;colorscheme=light&amp;show_faces=true&amp;header=false&amp;stream=false&amp;show_border=false&amp;appId=349017955267591\" width=\"300\" height=\"150\" frameborder=\"0\" scrolling=\"no\"><\/iframe><\/p>\n","protected":false},"author":12360,"featured_media":0,"template":"","format":"standard","categories":[1,4],"acf":[],"yoast_head":"<!-- This site is optimized with the Yoast SEO Premium plugin v18.5 (Yoast SEO v20.4) - https:\/\/yoast.com\/wordpress\/plugins\/seo\/ -->\n<title>Todas las botas que querr\u00e1s llevar este invierno | Grazia<\/title>\n<meta name=\"description\" content=\"Por encima de la rodilla, a media pierna o tobilleras, lisas o estampadas, con tac\u00f3n o planas... Sean como sean, &#039;These boots are made for walking&#039;.\" \/>\n<meta name=\"robots\" content=\"index, follow, max-snippet:-1, max-image-preview:large, max-video-preview:-1\" \/>\n<link rel=\"canonical\" href=\"https:\/\/graziamagazine.com\/es\/articles\/botas-para-este-invierno\/\" \/>\n<meta property=\"og:locale\" content=\"es_ES\" \/>\n<meta property=\"og:type\" content=\"article\" \/>\n<meta property=\"og:title\" content=\"Todas las botas que querr\u00e1s llevar este invierno\" \/>\n<meta property=\"og:description\" content=\"Por encima de la rodilla, a media pierna o tobilleras, lisas o estampadas, con tac\u00f3n o planas... Sean como sean, &#039;These boots are made for walking&#039;.\" \/>\n<meta property=\"og:url\" content=\"https:\/\/graziamagazine.com\/es\/articles\/botas-para-este-invierno\/\" \/>\n<meta property=\"og:site_name\" content=\"Grazia\" \/>\n<meta property=\"article:modified_time\" content=\"2016-11-23T15:52:29+00:00\" \/>\n<meta property=\"og:image\" content=\"https:\/\/graziamagazine.com\/es\/wp-content\/uploads\/sites\/12\/2016\/11\/11134236\/botascover1.jpg?fit=785%2C480\" \/>\n\t<meta property=\"og:image:width\" content=\"785\" \/>\n\t<meta property=\"og:image:height\" content=\"480\" \/>\n\t<meta property=\"og:image:type\" content=\"image\/jpeg\" \/>\n<meta name=\"twitter:card\" content=\"summary_large_image\" \/>\n<meta name=\"twitter:title\" content=\"Todas las botas que querr\u00e1s llevar este invierno\" \/>\n<meta name=\"twitter:description\" content=\"Por encima de la rodilla, a media pierna o tobilleras, lisas o estampadas, con tac\u00f3n o planas... Sean como sean, &#039;These boots are made for walking&#039;.\" \/>\n<meta name=\"twitter:image\" content=\"http:\/\/s3-eu-west-1.amazonaws.com\/grazia-cdn\/wp-content\/uploads\/sites\/12\/2016\/11\/11134236\/botascover1.jpg\" \/>\n<meta name=\"twitter:label1\" content=\"Est. reading time\" \/>\n\t<meta name=\"twitter:data1\" content=\"1 minuto\" \/>\n<script type=\"application\/ld+json\" class=\"yoast-schema-graph\">{\"@context\":\"https:\/\/schema.org\",\"@graph\":[{\"@type\":\"WebPage\",\"@id\":\"https:\/\/graziamagazine.com\/es\/articles\/botas-para-este-invierno\/\",\"url\":\"https:\/\/graziamagazine.com\/es\/articles\/botas-para-este-invierno\/\",\"name\":\"Todas las botas que querr\u00e1s llevar este invierno | Grazia\",\"isPartOf\":{\"@id\":\"https:\/\/graziamagazine.com\/es\/#website\"},\"datePublished\":\"2016-11-23T15:52:28+00:00\",\"dateModified\":\"2016-11-23T15:52:29+00:00\",\"description\":\"Por encima de la rodilla, a media pierna o tobilleras, lisas o estampadas, con tac\u00f3n o planas... Sean como sean, 'These boots are made for walking'.\",\"breadcrumb\":{\"@id\":\"https:\/\/graziamagazine.com\/es\/articles\/botas-para-este-invierno\/#breadcrumb\"},\"inLanguage\":\"es\",\"potentialAction\":[{\"@type\":\"ReadAction\",\"target\":[\"https:\/\/graziamagazine.com\/es\/articles\/botas-para-este-invierno\/\"]}]},{\"@type\":\"BreadcrumbList\",\"@id\":\"https:\/\/graziamagazine.com\/es\/articles\/botas-para-este-invierno\/#breadcrumb\",\"itemListElement\":[{\"@type\":\"ListItem\",\"position\":1,\"name\":\"Portada\",\"item\":\"https:\/\/graziamagazine.com\/es\/\"},{\"@type\":\"ListItem\",\"position\":2,\"name\":\"Todas las botas que querr\u00e1s llevar este invierno\"}]},{\"@type\":\"WebSite\",\"@id\":\"https:\/\/graziamagazine.com\/es\/#website\",\"url\":\"https:\/\/graziamagazine.com\/es\/\",\"name\":\"Grazia\",\"description\":\"Moda, belleza, celebrities, estilo de vida...\",\"potentialAction\":[{\"@type\":\"SearchAction\",\"target\":{\"@type\":\"EntryPoint\",\"urlTemplate\":\"https:\/\/graziamagazine.com\/es\/?s={search_term_string}\"},\"query-input\":\"required name=search_term_string\"}],\"inLanguage\":\"es\"}]}<\/script>\n<!-- \/ Yoast SEO Premium plugin. -->","yoast_head_json":{"title":"Todas las botas que querr\u00e1s llevar este invierno | Grazia","description":"Por encima de la rodilla, a media pierna o tobilleras, lisas o estampadas, con tac\u00f3n o planas... Sean como sean, 'These boots are made for walking'.","robots":{"index":"index","follow":"follow","max-snippet":"max-snippet:-1","max-image-preview":"max-image-preview:large","max-video-preview":"max-video-preview:-1"},"canonical":"https:\/\/graziamagazine.com\/es\/articles\/botas-para-este-invierno\/","og_locale":"es_ES","og_type":"article","og_title":"Todas las botas que querr\u00e1s llevar este invierno","og_description":"Por encima de la rodilla, a media pierna o tobilleras, lisas o estampadas, con tac\u00f3n o planas... Sean como sean, 'These boots are made for walking'.","og_url":"https:\/\/graziamagazine.com\/es\/articles\/botas-para-este-invierno\/","og_site_name":"Grazia","article_modified_time":"2016-11-23T15:52:29+00:00","og_image":[{"width":785,"height":480,"url":"https:\/\/graziamagazine.com\/es\/wp-content\/uploads\/sites\/12\/2016\/11\/11134236\/botascover1.jpg?fit=785%2C480","type":"image\/jpeg"}],"twitter_card":"summary_large_image","twitter_title":"Todas las botas que querr\u00e1s llevar este invierno","twitter_description":"Por encima de la rodilla, a media pierna o tobilleras, lisas o estampadas, con tac\u00f3n o planas... Sean como sean, 'These boots are made for walking'.","twitter_image":"http:\/\/s3-eu-west-1.amazonaws.com\/grazia-cdn\/wp-content\/uploads\/sites\/12\/2016\/11\/11134236\/botascover1.jpg","twitter_misc":{"Est. reading time":"1 minuto"},"schema":{"@context":"https:\/\/schema.org","@graph":[{"@type":"WebPage","@id":"https:\/\/graziamagazine.com\/es\/articles\/botas-para-este-invierno\/","url":"https:\/\/graziamagazine.com\/es\/articles\/botas-para-este-invierno\/","name":"Todas las botas que querr\u00e1s llevar este invierno | Grazia","isPartOf":{"@id":"https:\/\/graziamagazine.com\/es\/#website"},"datePublished":"2016-11-23T15:52:28+00:00","dateModified":"2016-11-23T15:52:29+00:00","description":"Por encima de la rodilla, a media pierna o tobilleras, lisas o estampadas, con tac\u00f3n o planas... Sean como sean, 'These boots are made for walking'.","breadcrumb":{"@id":"https:\/\/graziamagazine.com\/es\/articles\/botas-para-este-invierno\/#breadcrumb"},"inLanguage":"es","potentialAction":[{"@type":"ReadAction","target":["https:\/\/graziamagazine.com\/es\/articles\/botas-para-este-invierno\/"]}]},{"@type":"BreadcrumbList","@id":"https:\/\/graziamagazine.com\/es\/articles\/botas-para-este-invierno\/#breadcrumb","itemListElement":[{"@type":"ListItem","position":1,"name":"Portada","item":"https:\/\/graziamagazine.com\/es\/"},{"@type":"ListItem","position":2,"name":"Todas las botas que querr\u00e1s llevar este invierno"}]},{"@type":"WebSite","@id":"https:\/\/graziamagazine.com\/es\/#website","url":"https:\/\/graziamagazine.com\/es\/","name":"Grazia","description":"Moda, belleza, celebrities, estilo de vida...","potentialAction":[{"@type":"SearchAction","target":{"@type":"EntryPoint","urlTemplate":"https:\/\/graziamagazine.com\/es\/?s={search_term_string}"},"query-input":"required name=search_term_string"}],"inLanguage":"es"}]}},"jetpack_sharing_enabled":true,"distributor_meta":false,"distributor_terms":false,"distributor_media":false,"distributor_original_site_name":"Grazia","distributor_original_site_url":"https:\/\/graziamagazine.com\/es","push-errors":false,"_links":{"self":[{"href":"https:\/\/graziamagazine.com\/es\/wp-json\/wp\/v2\/articles\/95063"}],"collection":[{"href":"https:\/\/graziamagazine.com\/es\/wp-json\/wp\/v2\/articles"}],"about":[{"href":"https:\/\/graziamagazine.com\/es\/wp-json\/wp\/v2\/types\/articles"}],"author":[{"embeddable":true,"href":"https:\/\/graziamagazine.com\/es\/wp-json\/wp\/v2\/users\/12360"}],"wp:attachment":[{"href":"https:\/\/graziamagazine.com\/es\/wp-json\/wp\/v2\/media?parent=95063"}],"wp:term":[{"taxonomy":"category","embeddable":true,"href":"https:\/\/graziamagazine.com\/es\/wp-json\/wp\/v2\/categories?post=95063"}],"curies":[{"name":"wp","href":"https:\/\/api.w.org\/{rel}","templated":true}]}}