{"id":94906,"date":"2016-11-10T16:53:36","date_gmt":"2016-11-10T15:53:36","guid":{"rendered":"https:\/\/graziamagazine.com\/es\/?p=94906"},"modified":"2017-05-16T12:06:00","modified_gmt":"2017-05-16T10:06:00","slug":"cine-espanol-mira-a-las-treintaneras","status":"publish","type":"articles","link":"https:\/\/graziamagazine.com\/es\/articles\/cine-espanol-mira-a-las-treintaneras\/","title":{"rendered":"Ni Carries ni Am\u00e9lies: el cine espa\u00f1ol por fin mira a las treinta\u00f1eras"},"content":{"rendered":"<p>Si a alguien le da por buscar informaci\u00f3n en internet sobre las mujeres a los treinta a\u00f1os, podr\u00e1 encontrar f\u00e1cilmente\u00a0todo\u00a0<a href=\"https:\/\/graziamagazine.com\/es\/lifestyle\/cumplir-30-anos-mujer\/\" target=\"_blank\">tipo de consejos sobre c\u00f3mo llevar bien la edad<\/a>. Como si se tratase de una farmacia, la red de redes ofrece sus remedios, cual botica, para elegir prospecto:\u00a0nutrici\u00f3n, socializaci\u00f3n, belleza&#8230; <strong>Adem\u00e1s de unas determinadas y socorridas recomendaciones: mant\u00e9n un horario, <a href=\"https:\/\/graziamagazine.com\/es\/lifestyle\/soltera-a-los-30-pues-fea-no-eres\/\" target=\"_blank\">cumple tus metas<\/a>, usa una vestimenta m\u00e1s seria, invierte en prendas de calidad.<\/strong><\/p>\n<p>Si en la veintena ten\u00edamos\u00a0que cumplir con el\u00a0manual abanderado por el lema \u201cbusca ser t\u00fa misma\u201d, a esta pesquisa -que no tiene por qu\u00e9 haberse formalizado al llegar a los 30-, se le suman <strong><a href=\"https:\/\/graziamagazine.com\/es\/lifestyle\/12-topicazos-que-ninguna-mujer-quiere-volver-oir\/\" target=\"_blank\">una serie de cl\u00e1usulas<\/a> relacionadas con la madurez.<\/strong><\/p>\n<figure id=\"attachment_94921\" aria-describedby=\"caption-attachment-94921\" style=\"width: 500px\" class=\"wp-caption aligncenter\"><img loading=\"lazy\" decoding=\"async\" class=\"wp-image-94921 size-full\" src=\"https:\/\/graziamagazine.com\/es\/wp-content\/uploads\/sites\/12\/2016\/11\/giphy-17.gif\" alt=\"giphy-17\" width=\"500\" height=\"320\" \/><figcaption id=\"caption-attachment-94921\" class=\"wp-caption-text\">Gracias Rihanna, tu gif nos sirve igual para un roto o un descosido.<\/figcaption><\/figure>\n<p>Traduzcamos: al alcanzar el d\u00edgito\u00a03 en tu carnet de identidad debes acatar nuevas obligaciones&#8230; a menos que quieras convertirte en una colgada\/demente que va a la deriva. Y eso que no hemos mencionado la estabilidad laboral, o algo todav\u00eda m\u00e1s hiriente: el estado civil. <strong>Pero, \u00bfqu\u00e9 pasa con ellos?<\/strong> <strong>Nada, por lo visto;<\/strong> <strong>el sobrenombre de soltero de oro les refuerza socialmente.<\/strong> Claro que tambi\u00e9n atraviesan crisis, pero desde un punto de vista social sus cargas no parecen ser tan grandes.<\/p>\n<p>El cine nos ha dado varios ejemplos de ello.\u00a0En los noventa, estas crisis masculinas se recogieron en pel\u00edculas como\u00a0<em>Beautiful girls<\/em> (Ted Demme, 1996): entre la panda de amigos, el sexo opuesto quedaba relegado a un complemento secundario, <del>algo de lo que ya avisaba el t\u00edtulo<\/del>. Otro ejemplo m\u00e1s actual es el de John Bennett, el due\u00f1o del oso <em>Ted<\/em>, interpretado por Mark Wahlberg en la cinta de Seth MacFarlane (2012). <strong>El protagonista es un bala perdida al que se contempla como &#8216;gracioso simpatic\u00f3n&#8217; que no tiene por qu\u00e9 madurar.<\/strong><\/p>\n<figure id=\"attachment_94924\" aria-describedby=\"caption-attachment-94924\" style=\"width: 785px\" class=\"wp-caption aligncenter\"><img loading=\"lazy\" decoding=\"async\" class=\"wp-image-94924 size-full\" src=\"https:\/\/graziamagazine.com\/es\/wp-content\/uploads\/sites\/12\/2016\/11\/cinetreinta\u00f1eras8.jpg\" alt=\"cinetreintaneras8\" width=\"785\" height=\"500\" srcset=\"https:\/\/graziamagazine.com\/es\/wp-content\/uploads\/sites\/12\/2016\/11\/cinetreinta\u00f1eras8.jpg 785w, https:\/\/graziamagazine.com\/es\/wp-content\/uploads\/sites\/12\/2016\/11\/cinetreinta\u00f1eras8-300x191.jpg 300w, https:\/\/graziamagazine.com\/es\/wp-content\/uploads\/sites\/12\/2016\/11\/cinetreinta\u00f1eras8-768x489.jpg 768w, https:\/\/graziamagazine.com\/es\/wp-content\/uploads\/sites\/12\/2016\/11\/cinetreinta\u00f1eras8-720x459.jpg 720w, https:\/\/graziamagazine.com\/es\/wp-content\/uploads\/sites\/12\/2016\/11\/cinetreinta\u00f1eras8-626x399.jpg 626w, https:\/\/graziamagazine.com\/es\/wp-content\/uploads\/sites\/12\/2016\/11\/cinetreinta\u00f1eras8-360x229.jpg 360w\" sizes=\"(max-width: 785px) 100vw, 785px\" \/><figcaption id=\"caption-attachment-94924\" class=\"wp-caption-text\">Y la verdad es que, de tan simpatic\u00f3n, puede llegar a cansar.<\/figcaption><\/figure>\n<p>\u00bfLas mujeres no\u00a0tienen derecho a ese lado gracioso? <strong>En la mayor\u00eda de los casos, ellas han sido desplazadas a su rol de parejas, madres, trabajadoras\u2026<\/strong> Personajes, en cualquier caso, con menos l\u00edneas de gui\u00f3n. Todo cambia, aunque no tan r\u00e1pido como deber\u00eda. Muchos roles femeninos han alcanzado cierto prestigio, cinematogr\u00e1ficamente hablando. Algunas se han convertido en iconos con mucho que contar.<\/p>\n<p><em>Bridget Jones<\/em> es un ejemplo claro, aunque el m\u00e1s tremendista. Este personaje, m\u00e1s que reivindicar, pretend\u00eda salir de ese esquema, dar con un hombre que la rescatase de su vida desequilibrada, empantanada en la solter\u00eda. Por otro lado, y en lides m\u00e1s independientes, estaba <em>Frances Ha<\/em>, con esa hero\u00edna particular en blanco y negro que Noah Baumbach nos mostr\u00f3 en 2012, a la cual le acechan los treinta a la vuelta de la esquina -tiene 27-. Pero tras los disgustos de la inglesa acomplejada y las carreras por Nueva York de Frances, <strong>ahora esa<\/strong> <strong>crisis de los treinta adquiere varios prismas en la gran pantalla patria.<\/strong><\/p>\n<figure id=\"attachment_94926\" aria-describedby=\"caption-attachment-94926\" style=\"width: 785px\" class=\"wp-caption aligncenter\"><img loading=\"lazy\" decoding=\"async\" class=\"wp-image-94926 size-full\" src=\"https:\/\/graziamagazine.com\/es\/wp-content\/uploads\/sites\/12\/2016\/11\/cinetreinta\u00f1eras9.jpg\" alt=\"cinetreintaneras9\" width=\"785\" height=\"500\" srcset=\"https:\/\/graziamagazine.com\/es\/wp-content\/uploads\/sites\/12\/2016\/11\/cinetreinta\u00f1eras9.jpg 785w, https:\/\/graziamagazine.com\/es\/wp-content\/uploads\/sites\/12\/2016\/11\/cinetreinta\u00f1eras9-300x191.jpg 300w, https:\/\/graziamagazine.com\/es\/wp-content\/uploads\/sites\/12\/2016\/11\/cinetreinta\u00f1eras9-768x489.jpg 768w, https:\/\/graziamagazine.com\/es\/wp-content\/uploads\/sites\/12\/2016\/11\/cinetreinta\u00f1eras9-720x459.jpg 720w, https:\/\/graziamagazine.com\/es\/wp-content\/uploads\/sites\/12\/2016\/11\/cinetreinta\u00f1eras9-626x399.jpg 626w, https:\/\/graziamagazine.com\/es\/wp-content\/uploads\/sites\/12\/2016\/11\/cinetreinta\u00f1eras9-360x229.jpg 360w\" sizes=\"(max-width: 785px) 100vw, 785px\" \/><figcaption id=\"caption-attachment-94926\" class=\"wp-caption-text\">Ver\u00f3nica Ech\u00e9gui estrena este fin de semana &#8216;No culpes al karma de lo que te pasa por gilipollas&#8217;.<\/figcaption><\/figure>\n<p>Los modelos actuales en el cine espa\u00f1ol certifican que<strong> es imposible ser Am\u00e9lie Poulain. Es un estereotipo tan falso como el de Carrie Bradshaw.<\/strong> Por fin hemos superado ese modelo y nuestra industria muestra chicas m\u00e1s reales y temperamentales.<\/p>\n<p>Leticia Dolera estren\u00f3 <em>Requisitos para ser una persona normal<\/em> el a\u00f1o pasado. Este fin de semana llega <em>No culpes al karma de lo que te pasa por gilipollas<\/em>, dirigida por Mar\u00eda Ripoll, y el 7 de diciembre aterrizar\u00e1 <em>Mar\u00eda (y los dem\u00e1s)<\/em>, de Nely Reguera. Mar\u00eda (Leticia Dolera), Sara (Ver\u00f3nica Echegui) y otra Mar\u00eda (B\u00e1rbara Lennie) son ejemplos de verdaderas <em>Superwoman:<\/em> <strong>treinta\u00f1eras que buscan su sitio, persiguen sue\u00f1os y tienen aspiraciones, aunque la sociedad se empe\u00f1e en tacharlas de calamitosas.<\/strong> A trav\u00e9s de la comedia, estas mujeres viven sus respectivos dramas personales <del>\u00bfqui\u00e9n no los tiene?<\/del>, y se empe\u00f1an en superarlos por muchas trabas que haya.<\/p>\n<figure id=\"attachment_94925\" aria-describedby=\"caption-attachment-94925\" style=\"width: 500px\" class=\"wp-caption aligncenter\"><img loading=\"lazy\" decoding=\"async\" class=\"wp-image-94925 size-full\" src=\"https:\/\/graziamagazine.com\/es\/wp-content\/uploads\/sites\/12\/2016\/11\/source.gif\" alt=\"source\" width=\"500\" height=\"321\" \/><figcaption id=\"caption-attachment-94925\" class=\"wp-caption-text\">No sabemos ni aplaudir de la emoci\u00f3n. \u00a1Gracias, chicas!<\/figcaption><\/figure>\n<p><span style=\"text-decoration: underline;\"><strong>1. &#8216;Requisitos para ser una persona normal&#8217;<\/strong><\/span><\/p>\n<p>Mar\u00eda de las Monta\u00f1as es barcelonesa. Tiene 30 a\u00f1os y busca trabajo. A ra\u00edz de una entrevista, se da cuenta de que no responde a lo que se exige en esta nuestra sociedad. \u00bfEs una mala persona? De primeras, con su familia no tiene problema. Como mucha gente de su generaci\u00f3n, est\u00e1 en paro. Busca algo para salir adelante. Hasta ah\u00ed nada suena raro.<\/p>\n<p>\u00bfQu\u00e9 pasa entonces? Pues que <strong>hay una serie de condiciones que no cumple y que le impiden ser normal.\u00a0\u00a1Ojo! normal; no perfecta.<\/strong> Pareja, familia, vida social\u2026 Por eso esta chica menuda hace frente a ese esquema impuesto, a ese listado de apuntes por cumplir para ser integrante de la comunidad. Porque lo de vestirse de\u00a0colores y tener un amigo gordo es salirse del tiesto.<\/p>\n<figure id=\"attachment_94918\" aria-describedby=\"caption-attachment-94918\" style=\"width: 785px\" class=\"wp-caption aligncenter\"><img loading=\"lazy\" decoding=\"async\" class=\"wp-image-94918 size-full\" src=\"https:\/\/graziamagazine.com\/es\/wp-content\/uploads\/sites\/12\/2016\/11\/cinetreinta\u00f1eras2.jpg\" alt=\"cinetreintaneras2\" width=\"785\" height=\"500\" srcset=\"https:\/\/graziamagazine.com\/es\/wp-content\/uploads\/sites\/12\/2016\/11\/cinetreinta\u00f1eras2.jpg 785w, https:\/\/graziamagazine.com\/es\/wp-content\/uploads\/sites\/12\/2016\/11\/cinetreinta\u00f1eras2-300x191.jpg 300w, https:\/\/graziamagazine.com\/es\/wp-content\/uploads\/sites\/12\/2016\/11\/cinetreinta\u00f1eras2-768x489.jpg 768w, https:\/\/graziamagazine.com\/es\/wp-content\/uploads\/sites\/12\/2016\/11\/cinetreinta\u00f1eras2-720x459.jpg 720w, https:\/\/graziamagazine.com\/es\/wp-content\/uploads\/sites\/12\/2016\/11\/cinetreinta\u00f1eras2-626x399.jpg 626w, https:\/\/graziamagazine.com\/es\/wp-content\/uploads\/sites\/12\/2016\/11\/cinetreinta\u00f1eras2-360x229.jpg 360w\" sizes=\"(max-width: 785px) 100vw, 785px\" \/><figcaption id=\"caption-attachment-94918\" class=\"wp-caption-text\">Leticia Dolera en\u00a0&#8216;Requisitos para ser una persona normal&#8217;.<\/figcaption><\/figure>\n<p><span style=\"text-decoration: underline;\"><strong>2. &#8216;No culpes al karma de lo que te pasa por gilipollas&#8217;<\/strong><\/span><\/p>\n<p>Sara es una madrile\u00f1a v\u00edctima del exigente entorno que nos rodea. Ella tiene una mente creativa y decide reabrir el local de su abuela para vender plumas. Su novio se va a Par\u00eds, su perfecta hermana peque\u00f1a se casa con un amor plat\u00f3nico, y su negocio no va bien. Sara, perfeccionista como ella sola, <strong>se siente gilipollas. Pero no lo es. Lo que es, es una superviviente de hoy en d\u00eda.<\/strong><\/p>\n<p>Esta vecina del barrio de Malasa\u00f1a tiene sus problemas para llegar a fin de mes. Como todos los emprendedores, sus inicios no son f\u00e1ciles. Las fiestas y la gente guay no molan tanto en casa, en una fiesta repentina, ni el amor es de pronto tan id\u00edlico. Pero el mundo avanza con vertiginosidad, y parece no perdonar a los que no se ajustan. Y no pasa nada por equivocarse, por superar disgustos, o por no seguir las normas que dictan las redes sociales.<\/p>\n<figure id=\"attachment_94913\" aria-describedby=\"caption-attachment-94913\" style=\"width: 785px\" class=\"wp-caption aligncenter\"><img loading=\"lazy\" decoding=\"async\" class=\"wp-image-94913 size-full\" src=\"https:\/\/graziamagazine.com\/es\/wp-content\/uploads\/sites\/12\/2016\/11\/cinetreinta\u00f1eras1.jpg\" alt=\"cinetreintaneras1\" width=\"785\" height=\"500\" srcset=\"https:\/\/graziamagazine.com\/es\/wp-content\/uploads\/sites\/12\/2016\/11\/cinetreinta\u00f1eras1.jpg 785w, https:\/\/graziamagazine.com\/es\/wp-content\/uploads\/sites\/12\/2016\/11\/cinetreinta\u00f1eras1-300x191.jpg 300w, https:\/\/graziamagazine.com\/es\/wp-content\/uploads\/sites\/12\/2016\/11\/cinetreinta\u00f1eras1-768x489.jpg 768w, https:\/\/graziamagazine.com\/es\/wp-content\/uploads\/sites\/12\/2016\/11\/cinetreinta\u00f1eras1-720x459.jpg 720w, https:\/\/graziamagazine.com\/es\/wp-content\/uploads\/sites\/12\/2016\/11\/cinetreinta\u00f1eras1-626x399.jpg 626w, https:\/\/graziamagazine.com\/es\/wp-content\/uploads\/sites\/12\/2016\/11\/cinetreinta\u00f1eras1-360x229.jpg 360w\" sizes=\"(max-width: 785px) 100vw, 785px\" \/><figcaption id=\"caption-attachment-94913\" class=\"wp-caption-text\">Ver\u00f3nica Echegui y\u00a0Alba Galocha son hermanas en &#8216;No culpes al karma de lo que pasa por gilipollas&#8217;.<\/figcaption><\/figure>\n<p><span style=\"text-decoration: underline;\"><strong>3. <a href=\"https:\/\/graziamagazine.com\/es\/celebs\/barbara-lennie-entrevista-san-sebastian\/\" target=\"_blank\">Mar\u00eda (y los dem\u00e1s)<\/a><\/strong><\/span><\/p>\n<p>Mar\u00eda es una joven que vive en Galicia. Ella se ocupa de su padre enfermo. Pero en cuanto este, ya recuperado, anuncia que se va a casar, debe retomar las riendas de su vida. Ya la ten\u00eda encaminada, trabaja en una editorial y aspira a ser escritora, pero tiene que aguantar a sus hermanos <del>que por su actitud, parecen sus cu\u00f1ados<\/del>, que se creen con vidas m\u00e1s perfectas que la suya y con derecho a opinar sobre la de ella. Porque <strong>sus inquietudes y metas parecen ser menores que las de\u00a0&#8216;los dem\u00e1s&#8217;.<\/strong>\u00a0En la hora y media de pel\u00edcula se deja claro que no hay nada que increparle; pero ella parece sentirse mal porque no llega al nivel de lo que le est\u00e1 pidiendo el mundo.<\/p>\n<figure id=\"attachment_94912\" aria-describedby=\"caption-attachment-94912\" style=\"width: 785px\" class=\"wp-caption aligncenter\"><img loading=\"lazy\" decoding=\"async\" class=\"wp-image-94912 size-full\" src=\"https:\/\/graziamagazine.com\/es\/wp-content\/uploads\/sites\/12\/2016\/11\/cinetreinta\u00f1eras3.jpg\" alt=\"cinetreintaneras3\" width=\"785\" height=\"500\" srcset=\"https:\/\/graziamagazine.com\/es\/wp-content\/uploads\/sites\/12\/2016\/11\/cinetreinta\u00f1eras3.jpg 785w, https:\/\/graziamagazine.com\/es\/wp-content\/uploads\/sites\/12\/2016\/11\/cinetreinta\u00f1eras3-300x191.jpg 300w, https:\/\/graziamagazine.com\/es\/wp-content\/uploads\/sites\/12\/2016\/11\/cinetreinta\u00f1eras3-768x489.jpg 768w, https:\/\/graziamagazine.com\/es\/wp-content\/uploads\/sites\/12\/2016\/11\/cinetreinta\u00f1eras3-720x459.jpg 720w, https:\/\/graziamagazine.com\/es\/wp-content\/uploads\/sites\/12\/2016\/11\/cinetreinta\u00f1eras3-626x399.jpg 626w, https:\/\/graziamagazine.com\/es\/wp-content\/uploads\/sites\/12\/2016\/11\/cinetreinta\u00f1eras3-360x229.jpg 360w\" sizes=\"(max-width: 785px) 100vw, 785px\" \/><figcaption id=\"caption-attachment-94912\" class=\"wp-caption-text\">Barbara Lennie es Mar\u00eda, la &#8216;Bridget Jones&#8217; espa\u00f1ola.<\/figcaption><\/figure>\n<p>Las directoras Reguera, Dolera y Ripoll han ense\u00f1ado con estas tres valientes y creativas chicas que las sorpresas y los cambios llegan en cualquier etapa de la vida. No hay nada que reprocharles a estos personajes. <strong>Las tres se han desencantado \u2013como toda su generaci\u00f3n- con aquello que se les prometi\u00f3 y se han dado de bruces con una realidad poco amable.<\/strong> Como har\u00eda cualquiera, ellas luchan para salir adelante&#8230; y a ser posible sin ser juzgadas.<\/p>\n<p><iframe loading=\"lazy\" style=\"border: none; overflow: hidden; height: 258px;\" src=\"\/\/www.facebook.com\/plugins\/likebox.php?href=https%3A%2F%2Fwww.facebook.com%2Fgraziaespana&amp;width&amp;height=258&amp;colorscheme=light&amp;show_faces=true&amp;header=false&amp;stream=false&amp;show_border=false&amp;appId=349017955267591\" width=\"300\" height=\"150\" frameborder=\"0\" scrolling=\"no\"><\/iframe><\/p>\n","protected":false},"author":19036,"featured_media":0,"template":"","format":"standard","categories":[19,18],"acf":[],"yoast_head":"<!-- This site is optimized with the Yoast SEO Premium plugin v18.5 (Yoast SEO v20.4) - https:\/\/yoast.com\/wordpress\/plugins\/seo\/ -->\n<title>Ni Carries ni Am\u00e9lies: el cine espa\u00f1ol por fin mira a las treinta\u00f1eras<\/title>\n<meta name=\"description\" content=\"&#039;No culpes al karma de lo que te pasa por gilipollas&#039;, &#039;Mar\u00eda (y los dem\u00e1s)&#039; y &#039;Requisitos para ser una persona normal&#039;: tres cintas para identificarse.\" \/>\n<meta name=\"robots\" content=\"index, follow, max-snippet:-1, max-image-preview:large, max-video-preview:-1\" \/>\n<link rel=\"canonical\" href=\"https:\/\/graziamagazine.com\/es\/articles\/cine-espanol-mira-a-las-treintaneras\/\" \/>\n<meta property=\"og:locale\" content=\"es_ES\" \/>\n<meta property=\"og:type\" content=\"article\" \/>\n<meta property=\"og:title\" content=\"Ni Carries ni Am\u00e9lies: el cine espa\u00f1ol por fin mira a las treinta\u00f1eras\" \/>\n<meta property=\"og:description\" content=\"Este fin de semana llega al cine &#039;No culpes al karma de lo que te pasa por gilipollas&#039;, una nueva cinta que nos representa como nunca lo hicieron Carrie Bradshaw o Am\u00e9lie Poulain. Pero hay m\u00e1s.\" \/>\n<meta property=\"og:url\" content=\"https:\/\/graziamagazine.com\/es\/articles\/cine-espanol-mira-a-las-treintaneras\/\" \/>\n<meta property=\"og:site_name\" content=\"Grazia\" \/>\n<meta property=\"article:modified_time\" content=\"2017-05-16T10:06:00+00:00\" \/>\n<meta property=\"og:image\" content=\"https:\/\/graziamagazine.com\/es\/wp-content\/uploads\/sites\/12\/2016\/11\/11102258\/cinetreinta\u00f1eras41.jpg?fit=785%2C480\" \/>\n\t<meta property=\"og:image:width\" content=\"785\" \/>\n\t<meta property=\"og:image:height\" content=\"480\" \/>\n\t<meta property=\"og:image:type\" content=\"image\/jpeg\" \/>\n<meta name=\"twitter:card\" content=\"summary_large_image\" \/>\n<meta name=\"twitter:title\" content=\"Ni Carries ni Am\u00e9lies: el cine espa\u00f1ol por fin mira a las treinta\u00f1eras\" \/>\n<meta name=\"twitter:description\" content=\"Este fin de semana llega al cine &#039;No culpes al karma de lo que te pasa por gilipollas&#039;, una nueva cinta que nos representa como nunca lo hicieron Carrie Bradshaw o Am\u00e9lie Poulain. Pero hay m\u00e1s.\" \/>\n<meta name=\"twitter:image\" content=\"http:\/\/s3-eu-west-1.amazonaws.com\/grazia-cdn\/wp-content\/uploads\/sites\/12\/2016\/11\/11115852\/cinetreintaeras42.jpg\" \/>\n<meta name=\"twitter:label1\" content=\"Est. reading time\" \/>\n\t<meta name=\"twitter:data1\" content=\"7 minutos\" \/>\n<script type=\"application\/ld+json\" class=\"yoast-schema-graph\">{\"@context\":\"https:\/\/schema.org\",\"@graph\":[{\"@type\":\"WebPage\",\"@id\":\"https:\/\/graziamagazine.com\/es\/articles\/cine-espanol-mira-a-las-treintaneras\/\",\"url\":\"https:\/\/graziamagazine.com\/es\/articles\/cine-espanol-mira-a-las-treintaneras\/\",\"name\":\"Ni Carries ni Am\u00e9lies: el cine espa\u00f1ol por fin mira a las treinta\u00f1eras\",\"isPartOf\":{\"@id\":\"https:\/\/graziamagazine.com\/es\/#website\"},\"datePublished\":\"2016-11-10T15:53:36+00:00\",\"dateModified\":\"2017-05-16T10:06:00+00:00\",\"description\":\"'No culpes al karma de lo que te pasa por gilipollas', 'Mar\u00eda (y los dem\u00e1s)' y 'Requisitos para ser una persona normal': tres cintas para identificarse.\",\"breadcrumb\":{\"@id\":\"https:\/\/graziamagazine.com\/es\/articles\/cine-espanol-mira-a-las-treintaneras\/#breadcrumb\"},\"inLanguage\":\"es\",\"potentialAction\":[{\"@type\":\"ReadAction\",\"target\":[\"https:\/\/graziamagazine.com\/es\/articles\/cine-espanol-mira-a-las-treintaneras\/\"]}]},{\"@type\":\"BreadcrumbList\",\"@id\":\"https:\/\/graziamagazine.com\/es\/articles\/cine-espanol-mira-a-las-treintaneras\/#breadcrumb\",\"itemListElement\":[{\"@type\":\"ListItem\",\"position\":1,\"name\":\"Portada\",\"item\":\"https:\/\/graziamagazine.com\/es\/\"},{\"@type\":\"ListItem\",\"position\":2,\"name\":\"Ni Carries ni Am\u00e9lies: el cine espa\u00f1ol por fin mira a las treinta\u00f1eras\"}]},{\"@type\":\"WebSite\",\"@id\":\"https:\/\/graziamagazine.com\/es\/#website\",\"url\":\"https:\/\/graziamagazine.com\/es\/\",\"name\":\"Grazia\",\"description\":\"Moda, belleza, celebrities, estilo de vida...\",\"potentialAction\":[{\"@type\":\"SearchAction\",\"target\":{\"@type\":\"EntryPoint\",\"urlTemplate\":\"https:\/\/graziamagazine.com\/es\/?s={search_term_string}\"},\"query-input\":\"required name=search_term_string\"}],\"inLanguage\":\"es\"}]}<\/script>\n<!-- \/ Yoast SEO Premium plugin. -->","yoast_head_json":{"title":"Ni Carries ni Am\u00e9lies: el cine espa\u00f1ol por fin mira a las treinta\u00f1eras","description":"'No culpes al karma de lo que te pasa por gilipollas', 'Mar\u00eda (y los dem\u00e1s)' y 'Requisitos para ser una persona normal': tres cintas para identificarse.","robots":{"index":"index","follow":"follow","max-snippet":"max-snippet:-1","max-image-preview":"max-image-preview:large","max-video-preview":"max-video-preview:-1"},"canonical":"https:\/\/graziamagazine.com\/es\/articles\/cine-espanol-mira-a-las-treintaneras\/","og_locale":"es_ES","og_type":"article","og_title":"Ni Carries ni Am\u00e9lies: el cine espa\u00f1ol por fin mira a las treinta\u00f1eras","og_description":"Este fin de semana llega al cine 'No culpes al karma de lo que te pasa por gilipollas', una nueva cinta que nos representa como nunca lo hicieron Carrie Bradshaw o Am\u00e9lie Poulain. Pero hay m\u00e1s.","og_url":"https:\/\/graziamagazine.com\/es\/articles\/cine-espanol-mira-a-las-treintaneras\/","og_site_name":"Grazia","article_modified_time":"2017-05-16T10:06:00+00:00","og_image":[{"width":785,"height":480,"url":"https:\/\/graziamagazine.com\/es\/wp-content\/uploads\/sites\/12\/2016\/11\/11102258\/cinetreinta\u00f1eras41.jpg?fit=785%2C480","type":"image\/jpeg"}],"twitter_card":"summary_large_image","twitter_title":"Ni Carries ni Am\u00e9lies: el cine espa\u00f1ol por fin mira a las treinta\u00f1eras","twitter_description":"Este fin de semana llega al cine 'No culpes al karma de lo que te pasa por gilipollas', una nueva cinta que nos representa como nunca lo hicieron Carrie Bradshaw o Am\u00e9lie Poulain. Pero hay m\u00e1s.","twitter_image":"http:\/\/s3-eu-west-1.amazonaws.com\/grazia-cdn\/wp-content\/uploads\/sites\/12\/2016\/11\/11115852\/cinetreintaeras42.jpg","twitter_misc":{"Est. reading time":"7 minutos"},"schema":{"@context":"https:\/\/schema.org","@graph":[{"@type":"WebPage","@id":"https:\/\/graziamagazine.com\/es\/articles\/cine-espanol-mira-a-las-treintaneras\/","url":"https:\/\/graziamagazine.com\/es\/articles\/cine-espanol-mira-a-las-treintaneras\/","name":"Ni Carries ni Am\u00e9lies: el cine espa\u00f1ol por fin mira a las treinta\u00f1eras","isPartOf":{"@id":"https:\/\/graziamagazine.com\/es\/#website"},"datePublished":"2016-11-10T15:53:36+00:00","dateModified":"2017-05-16T10:06:00+00:00","description":"'No culpes al karma de lo que te pasa por gilipollas', 'Mar\u00eda (y los dem\u00e1s)' y 'Requisitos para ser una persona normal': tres cintas para identificarse.","breadcrumb":{"@id":"https:\/\/graziamagazine.com\/es\/articles\/cine-espanol-mira-a-las-treintaneras\/#breadcrumb"},"inLanguage":"es","potentialAction":[{"@type":"ReadAction","target":["https:\/\/graziamagazine.com\/es\/articles\/cine-espanol-mira-a-las-treintaneras\/"]}]},{"@type":"BreadcrumbList","@id":"https:\/\/graziamagazine.com\/es\/articles\/cine-espanol-mira-a-las-treintaneras\/#breadcrumb","itemListElement":[{"@type":"ListItem","position":1,"name":"Portada","item":"https:\/\/graziamagazine.com\/es\/"},{"@type":"ListItem","position":2,"name":"Ni Carries ni Am\u00e9lies: el cine espa\u00f1ol por fin mira a las treinta\u00f1eras"}]},{"@type":"WebSite","@id":"https:\/\/graziamagazine.com\/es\/#website","url":"https:\/\/graziamagazine.com\/es\/","name":"Grazia","description":"Moda, belleza, celebrities, estilo de vida...","potentialAction":[{"@type":"SearchAction","target":{"@type":"EntryPoint","urlTemplate":"https:\/\/graziamagazine.com\/es\/?s={search_term_string}"},"query-input":"required name=search_term_string"}],"inLanguage":"es"}]}},"jetpack_sharing_enabled":true,"distributor_meta":false,"distributor_terms":false,"distributor_media":false,"distributor_original_site_name":"Grazia","distributor_original_site_url":"https:\/\/graziamagazine.com\/es","push-errors":false,"_links":{"self":[{"href":"https:\/\/graziamagazine.com\/es\/wp-json\/wp\/v2\/articles\/94906"}],"collection":[{"href":"https:\/\/graziamagazine.com\/es\/wp-json\/wp\/v2\/articles"}],"about":[{"href":"https:\/\/graziamagazine.com\/es\/wp-json\/wp\/v2\/types\/articles"}],"author":[{"embeddable":true,"href":"https:\/\/graziamagazine.com\/es\/wp-json\/wp\/v2\/users\/19036"}],"wp:attachment":[{"href":"https:\/\/graziamagazine.com\/es\/wp-json\/wp\/v2\/media?parent=94906"}],"wp:term":[{"taxonomy":"category","embeddable":true,"href":"https:\/\/graziamagazine.com\/es\/wp-json\/wp\/v2\/categories?post=94906"}],"curies":[{"name":"wp","href":"https:\/\/api.w.org\/{rel}","templated":true}]}}