{"id":94349,"date":"2016-11-04T10:27:17","date_gmt":"2016-11-04T09:27:17","guid":{"rendered":"https:\/\/graziamagazine.com\/es\/?p=94349"},"modified":"2016-11-04T10:27:17","modified_gmt":"2016-11-04T09:27:17","slug":"soko-cualquier-artista-tiene-que-ser-ambicioso","status":"publish","type":"articles","link":"https:\/\/graziamagazine.com\/es\/articles\/soko-cualquier-artista-tiene-que-ser-ambicioso\/","title":{"rendered":"SoKo: \u201cCualquier artista tiene que ser ambicioso\u201d"},"content":{"rendered":"<p>SoKo (Burdeos, 1985) es una mujer dif\u00edcil de descifrar. No es que sea herm\u00e9tica, sino todo lo contrario. De hecho, <strong>podr\u00edamos decir que es m\u00e1s bien como un libro abierto pero, a la vez, cuesta saber qu\u00e9 hay detr\u00e1s de esta cantante y actriz,<\/strong> que se expresa como un torrente mientras salpimienta su imparable disertaci\u00f3n con alguna que otra palabrota.\u00a0St\u00e9phanie Sokolinski, <del>su nombre real al que recurre en su faceta de actriz<\/del>, muestra tanto fortaleza y fragilidad como determinaci\u00f3n e inseguridad.<\/p>\n<figure id=\"attachment_94386\" aria-describedby=\"caption-attachment-94386\" style=\"width: 785px\" class=\"wp-caption aligncenter\"><img loading=\"lazy\" decoding=\"async\" class=\"wp-image-94386 size-full\" src=\"https:\/\/graziamagazine.com\/es\/wp-content\/uploads\/sites\/12\/2016\/10\/31174540\/sokoentrevista16.jpg\" alt=\"sokoentrevista16\" width=\"785\" height=\"500\" \/><figcaption id=\"caption-attachment-94386\" class=\"wp-caption-text\">Fotograma de <em>La Bailarina<\/em>, pel\u00edcula que cuenta la vida de una mujer que fue inspiraci\u00f3n para Toulouse-Lautrec y para los hermanos Lumi\u00e8re.<\/figcaption><\/figure>\n<p>Con una larga lista de <em>filmes<\/em> muy diferentes entre s\u00ed, y un buen n\u00famero de canciones y \u00e9xitos musicales a sus espaldas (<em>My Dreams Dictate my Reality<\/em>, titul\u00f3 a su \u00faltimo \u00e1lbum publicado en 2015), SoKo, que\u00a0vive entre Par\u00eds y EEUU, tambi\u00e9n encuentra tiempo para hacerle\u00a0alg\u00fan gui\u00f1o que otro al mundo de la moda. Y aunque es m\u00e1s conocida en Europa que en el continente americano, <strong>su relaci\u00f3n con la tambi\u00e9n actriz Kristen Stewart le dio una &#8216;visibilidad&#8217; que le dej\u00f3 un mal sabor de boca.<\/strong><\/p>\n<p>Nos encontramos con ella\u00a0en el Festival de Cannes, donde present\u00f3 su \u00faltimo trabajo, <em>La Bailarina<\/em>\u00a0(estreno en Espa\u00f1a el 4 de noviembre), \u00f3pera prima de Stephanie Di Giusto.\u00a0Un\u00a0<em>filme<\/em>, ambientado\u00a0a finales del siglo XIX en el que la actriz <strong>interpreta a Lo\u00efe Fuller, conocida por <a href=\"https:\/\/www.youtube.com\/watch?v=fIrnFrDXjlk\" target=\"_blank\" target=\"_blank\">crear la <em>Danse Serpentine<\/em><\/a><em>:<\/em> una mujer que fue pionera de la danza contempor\u00e1nea y del concepto moderno de la puesta en escena<\/strong> y que deber\u00eda tener (m\u00e1s o) tanta gloria como Isadora Duncan (interpretada por <a href=\"https:\/\/graziamagazine.com\/es\/etiqueta\/lily-rose-depp\/\" target=\"_blank\">Lily-Rose Depp<\/a>).<\/p>\n<p>Tanto en lo art\u00edstico\u00a0como\u00a0en lo personal, SoKo conecta con su personaje. Y lo sabe. Por eso, cuando nos lo confiesa, sonr\u00ede y hace\u00a0una de las poqu\u00edsimas pausas de su discurso. Quiz\u00e1s esos v\u00ednculos han\u00a0sido la clave\u00a0para que\u00a0su\u00a0alto rendimiento en la pantalla en un papel que exig\u00eda darlo todo: f\u00edsica y emocionalmente.<\/p>\n<figure id=\"attachment_94375\" aria-describedby=\"caption-attachment-94375\" style=\"width: 785px\" class=\"wp-caption aligncenter\"><img loading=\"lazy\" decoding=\"async\" class=\"wp-image-94375 size-full\" src=\"https:\/\/graziamagazine.com\/es\/wp-content\/uploads\/sites\/12\/2016\/10\/31173439\/sokoentrevista2.jpg\" alt=\"sokoentrevista2\" width=\"785\" height=\"550\" \/><figcaption id=\"caption-attachment-94375\" class=\"wp-caption-text\">El juego con sus vestidos mientras bailaba era una de las se\u00f1as de identidad de Lo\u00efe Fuller.<strong>\u00a0<\/strong><\/figcaption><\/figure>\n<p><strong>\u00bfC\u00f3mo llegaste a este proyecto?<\/strong><\/p>\n<p>St\u00e9phanie [Di Giusto, la directora]\u00a0es amiga m\u00eda,\u00a0siempre me hab\u00eda dicho que quer\u00eda trabajar conmigo y un d\u00eda me coment\u00f3 que estaba escribiendo una historia para la que\u00a0me ten\u00eda en mente. Pasaron cuatro a\u00f1os hasta que me envi\u00f3 el primer esbozo del gui\u00f3n, pero era jodidamente fant\u00e1stico. Quise empezar a rodar inmediatamente, pero eso tambi\u00e9n se retras\u00f3.<\/p>\n<figure id=\"attachment_94385\" aria-describedby=\"caption-attachment-94385\" style=\"width: 785px\" class=\"wp-caption aligncenter\"><img loading=\"lazy\" decoding=\"async\" class=\"wp-image-94385 size-full\" src=\"https:\/\/graziamagazine.com\/es\/wp-content\/uploads\/sites\/12\/2016\/10\/31174537\/sokoentrevista17.jpg\" alt=\"sokoentrevista17\" width=\"785\" height=\"500\" \/><figcaption id=\"caption-attachment-94385\" class=\"wp-caption-text\">En el <em>filme<\/em>, SoKo comparte escenas con M\u00e9lanie Thierry, Gaspard Ulliel y Lily-Rose Depp.<\/figcaption><\/figure>\n<p><strong>Entrenaste mucho para este personaje, \u00bfde d\u00f3nde viene tanta energ\u00eda?<\/strong><\/p>\n<p>De la cantidad de caf\u00e9 que tomo [r\u00ede] Doy mucho de s\u00ed, aunque es determinante el\u00a0el hecho de que no tomo alcohol y me alimento muy sano. \u00a1Soy una <em>freak<\/em> de la vida sana! Entren\u00e9 todos los d\u00edas durante 11 meses\u00a0y\u00a0hab\u00eda d\u00edas que no pod\u00eda ni moverme, \u00a1ni siquiera abrocharme el sujetador!\u00a0Sin embargo, prosegu\u00ed con el entrenamiento, hasta que logr\u00e9 adaptarme y acostumbrarme a todos esos\u00a0dolores.<\/p>\n<p>Cada d\u00eda disminu\u00eda mi ego porque trataba de aprender de cero unas habilidades a las que\u00a0mi cuerpo se resent\u00eda. Adem\u00e1s, la belleza de la danza radica en la energ\u00eda femenina y, eso precisamente, no es algo que me venga\u00a0muy naturalmente [vuelve\u00a0a re\u00edr].<\/p>\n<p>&nbsp;<\/p>\n<p><strong>\u00bfQu\u00e9 percepci\u00f3n personal tienes de Lo\u00efe Fuller?<\/strong><\/p>\n<p>Era como una Bj\u00f6rk de su \u00e9poca. Es decir, una artista muy completa, porque su trabajo no se centr\u00f3 solo en la danza, sino en la integraci\u00f3n de otros elementos como el vestuario, diferentes t\u00e9cnicas, iluminaci\u00f3n, canto o actuaci\u00f3n. Lo\u00efe Fuller termin\u00f3 creando un nuevo concepto de espect\u00e1culo.<\/p>\n<figure id=\"attachment_94389\" aria-describedby=\"caption-attachment-94389\" style=\"width: 785px\" class=\"wp-caption aligncenter\"><img loading=\"lazy\" decoding=\"async\" class=\"wp-image-94389 size-full\" src=\"https:\/\/graziamagazine.com\/es\/wp-content\/uploads\/sites\/12\/2016\/10\/31174553\/sokoentrevista13.jpg\" alt=\"sokoentrevista13\" width=\"785\" height=\"500\" \/><figcaption id=\"caption-attachment-94389\" class=\"wp-caption-text\">Lo\u00efe fue una mujer adelantada a su tiempo;\u00a0sus aportaciones cambiaron el mundo de la danza contempor\u00e1nea.<\/figcaption><\/figure>\n<p><strong>En esta pel\u00edcula <a href=\"https:\/\/graziamagazine.com\/es\/celebs\/lily-rose-depp-cita-en-cannes\/\" target=\"_blank\">Lily-Rose Depp interpreta a Isadora Duncan<\/a>, la contrafigura de Fuller. \u00bfC\u00f3mo fue el trabajo con ella y qu\u00e9 impresi\u00f3n te dej\u00f3?<\/strong><\/p>\n<p>Lily asumi\u00f3 su rol de una forma extremadamente madura, muy consciente de su cuerpo, sinti\u00e9ndose de\u00a0verdad c\u00f3moda con todas las situaciones, incluyendo la exploraci\u00f3n sexual de su personaje o bailando medio desnuda. Lily posee una confianza en s\u00ed misma innata, adem\u00e1s ten\u00eda que ser considerablemente fuerte como persona y como actriz, porque ten\u00eda que dar vida a\u00a0la Isadora Duncan de 17 a\u00f1os, la que en cierta forma &#8216;destruy\u00f3&#8217; a Lo\u00efe.<\/p>\n<figure id=\"attachment_94372\" aria-describedby=\"caption-attachment-94372\" style=\"width: 785px\" class=\"wp-caption aligncenter\"><img loading=\"lazy\" decoding=\"async\" class=\"wp-image-94372 size-full\" src=\"https:\/\/graziamagazine.com\/es\/wp-content\/uploads\/sites\/12\/2016\/10\/31173427\/sokoentrevista5.jpg\" alt=\"sokoentrevista5\" width=\"785\" height=\"500\" \/><figcaption id=\"caption-attachment-94372\" class=\"wp-caption-text\">La hija de Johnny Depp y de Vanessa Paradis, en una escena de la pel\u00edcula.<\/figcaption><\/figure>\n<p><strong>La Isadora Duncan que presenta la cinta\u00a0es una mujer que no despierta muchas simpat\u00edas\u2026<\/strong><\/p>\n<p>No creo que haya sido una persona malvada, sino una rebelde que sab\u00eda muy bien lo que quer\u00eda lograr, y por eso lleg\u00f3 muy lejos. Isadora se convirti\u00f3 en una referencia en el mundo de la danza moderna, inspiraci\u00f3n de muchos. Tanto que\u00a0hoy sigue muy vigente: todo lo concerniente a la danza contempor\u00e1nea empez\u00f3 a cambiar\u00a0despu\u00e9s de Isadora. Tanto Lo\u00efe como Isadora eran muy ambiciosas (cualquier artista tiene que serlo),\u00a0pero de formas diferentes.<\/p>\n<p>&nbsp;<\/p>\n<p><strong>\u00bfQu\u00e9 diferencias encuentras entre actuar y cantar?<\/strong><\/p>\n<p>Entren\u00e9 tanto para esta pel\u00edcula que algunos d\u00edas no me sent\u00eda capaz de ir al rodaje, ten\u00eda muchos dolores musculares. Cuando hago m\u00fasica es una cosa completamente diferente, es una experiencia mucho m\u00e1s alegre y agradable, particularmente cuando estoy escribiendo: ni salgo de mi habitaci\u00f3n, puedo destruir todo lo que est\u00e1 a mi alrededor, o llorar y empotrar mi cabeza en la pared sin que nadie se entere [risas].<\/p>\n<figure id=\"attachment_94387\" aria-describedby=\"caption-attachment-94387\" style=\"width: 785px\" class=\"wp-caption aligncenter\"><img loading=\"lazy\" decoding=\"async\" class=\"wp-image-94387 size-full\" src=\"https:\/\/graziamagazine.com\/es\/wp-content\/uploads\/sites\/12\/2016\/10\/31174544\/sokoentrevista15.jpg\" alt=\"sokoentrevista15\" width=\"785\" height=\"500\" \/><figcaption id=\"caption-attachment-94387\" class=\"wp-caption-text\">El cuidado vestuario y las diferentes localizaciones son fruto de un gran trabajo de documentaci\u00f3n sobre la \u00e9poca en la que se desarrolla la historia.<\/figcaption><\/figure>\n<p><strong>\u00bfRecuerdas por qu\u00e9 decidiste convertirte en artista?<\/strong><\/p>\n<p>Perd\u00ed a mi padre cuando ten\u00eda cuatro a\u00f1os, lo que me oblig\u00f3 a\u00a0crecer m\u00e1s r\u00e1pido. Pr\u00e1cticamente a esa edad fue cuando decid\u00ed que quer\u00eda\u00a0actuar. Luego empec\u00e9 a dar\u00a0clases de baile, interpretaci\u00f3n, piano y hasta de equitaci\u00f3n. A esa edad yo sab\u00eda que quer\u00eda poner todas mis emociones, mi dolor\u00a0y\u00a0mi energ\u00eda en el arte. Yo soy muy hiperactiva, y desde muy peque\u00f1a\u00a0empec\u00e9 a trabajar y a dedicarme a hacer muchas cosas al mismo tiempo.<\/p>\n<p>Creo que a ra\u00edz de la muerte de mi padre comenc\u00e9 a odiar mi vida, crec\u00ed con tristeza, y lo que quer\u00eda era escapar, ser otra persona, quer\u00eda tener sentimientos ajenos, siempre quise desaparecer detr\u00e1s de la existencia de otros. Y eso es precisamente lo que me ha dado la actuaci\u00f3n.<\/p>\n<p>&nbsp;<\/p>\n<p><strong>Al haber empezado tan joven, \u00bftuviste un modelo a seguir?<\/strong><\/p>\n<p>Pienso que un buen artista es 100% \u00e9l mismo, y por eso lo que haga ser\u00e1 aut\u00e9ntico. Si deseas ser como alguien, no conseguir\u00e1s ser feliz en tu vida.\u00a0En este trabajo tampoco se trata de una competici\u00f3n o de ser mejor que los dem\u00e1s. Solo tienes que\u00a0intentar una cosa: no sabotearte a ti misma.<\/p>\n<figure id=\"attachment_94376\" aria-describedby=\"caption-attachment-94376\" style=\"width: 500px\" class=\"wp-caption aligncenter\"><img loading=\"lazy\" decoding=\"async\" class=\"wp-image-94376 size-full\" src=\"https:\/\/graziamagazine.com\/es\/wp-content\/uploads\/sites\/12\/2016\/10\/31173442\/sokoentrevista1.jpg\" alt=\"sokoentrevista1\" width=\"500\" height=\"700\" \/><figcaption id=\"caption-attachment-94376\" class=\"wp-caption-text\">La actriz y cantante a su llegada a la 69\u00aa Edici\u00f3n del Festival de Cannes para presentar la pel\u00edcula. \u00a9 Getty Images<\/figcaption><\/figure>\n<p><strong>\u00bfC\u00f3mo reaccion\u00f3 tu madre cuando le dijiste que ya no quer\u00edas ir al instituto?<\/strong><\/p>\n<p>Yo ten\u00eda 16 a\u00f1os y&#8230; \u00a1se volvi\u00f3 loca! [r\u00ede]. Es que si sabes lo que quieres hacer en la vida y ya est\u00e1s trabajando en ello\u2026 en mi caso solo me quedaba un a\u00f1o para terminar, as\u00ed que le dije a mi madre \u201c\u00a1no me importa un carajo!\u201d [vuelve a re\u00edr] porque yo ya estaba trabajando y estaba totalmente\u00a0segura de que eso\u00a0era lo que quer\u00eda hacer.<\/p>\n<p><iframe loading=\"lazy\" title=\"LA BAILARINA - Tr\u00e1iler Espa\u00f1ol\" width=\"500\" height=\"281\" src=\"https:\/\/www.youtube.com\/embed\/Yz-0i1_0pXg?feature=oembed\" frameborder=\"0\" allow=\"accelerometer; autoplay; encrypted-media; gyroscope; picture-in-picture\" allowfullscreen><\/iframe><\/p>\n<blockquote><p>Y, adem\u00e1s, &#8216;La bailarina&#8217; en fotogramas:<\/p><\/blockquote>\n<p>[galeria]<\/p>\n<p><iframe loading=\"lazy\" style=\"border: none; overflow: hidden; height: 258px;\" src=\"\/\/www.facebook.com\/plugins\/likebox.php?href=https%3A%2F%2Fwww.facebook.com%2Fgraziaespana&amp;width&amp;height=258&amp;colorscheme=light&amp;show_faces=true&amp;header=false&amp;stream=false&amp;show_border=false&amp;appId=349017955267591\" width=\"300\" height=\"150\" frameborder=\"0\" scrolling=\"no\"><\/iframe><\/p>\n","protected":false},"author":17007,"featured_media":0,"template":"","format":"standard","categories":[13,17],"acf":[],"yoast_head":"<!-- This site is optimized with the Yoast SEO Premium plugin v18.5 (Yoast SEO v20.4) - https:\/\/yoast.com\/wordpress\/plugins\/seo\/ -->\n<title>SoKo: \u201cCualquier artista tiene que ser ambicioso\u201d | Grazia<\/title>\n<meta name=\"description\" content=\"La francesa St\u00e9phanie Sokolinski, SoKo, asume en &#039;La Bailarina&#039; uno de los roles m\u00e1s exigentes (hasta el momento) de su carrera profesional.\" \/>\n<meta name=\"robots\" content=\"index, follow, max-snippet:-1, max-image-preview:large, max-video-preview:-1\" \/>\n<link rel=\"canonical\" href=\"https:\/\/graziamagazine.com\/es\/articles\/soko-cualquier-artista-tiene-que-ser-ambicioso\/\" \/>\n<meta property=\"og:locale\" content=\"es_ES\" \/>\n<meta property=\"og:type\" content=\"article\" \/>\n<meta property=\"og:title\" content=\"SoKo: \u201cCualquier artista tiene que ser ambicioso\u201d\" \/>\n<meta property=\"og:description\" content=\"La cantautora y actriz francesa St\u00e9phanie Sokolinski, SoKo, asume en &#039;La Bailarina&#039; uno de los roles m\u00e1s exigentes (hasta el momento) de su carrera profesional.\" \/>\n<meta property=\"og:url\" content=\"https:\/\/graziamagazine.com\/es\/articles\/soko-cualquier-artista-tiene-que-ser-ambicioso\/\" \/>\n<meta property=\"og:site_name\" content=\"Grazia\" \/>\n<meta property=\"og:image\" content=\"https:\/\/graziamagazine.com\/es\/wp-content\/uploads\/sites\/12\/2016\/10\/31173412\/sokoentrevista9.jpg?fit=785%2C480\" \/>\n\t<meta property=\"og:image:width\" content=\"785\" \/>\n\t<meta property=\"og:image:height\" content=\"480\" \/>\n\t<meta property=\"og:image:type\" content=\"image\/jpeg\" \/>\n<meta name=\"twitter:card\" content=\"summary_large_image\" \/>\n<meta name=\"twitter:title\" content=\"SoKo: \u201cCualquier artista tiene que ser ambicioso\u201d\" \/>\n<meta name=\"twitter:description\" content=\"La cantautora y actriz francesa St\u00e9phanie Sokolinski, SoKo, asume en &#039;La Bailarina&#039; uno de los roles m\u00e1s exigentes (hasta el momento) de su carrera profesional.\" \/>\n<meta name=\"twitter:image\" content=\"http:\/\/s3-eu-west-1.amazonaws.com\/grazia-cdn\/wp-content\/uploads\/sites\/12\/2016\/10\/31173412\/sokoentrevista9.jpg\" \/>\n<meta name=\"twitter:label1\" content=\"Est. reading time\" \/>\n\t<meta name=\"twitter:data1\" content=\"7 minutos\" \/>\n<script type=\"application\/ld+json\" class=\"yoast-schema-graph\">{\"@context\":\"https:\/\/schema.org\",\"@graph\":[{\"@type\":\"WebPage\",\"@id\":\"https:\/\/graziamagazine.com\/es\/articles\/soko-cualquier-artista-tiene-que-ser-ambicioso\/\",\"url\":\"https:\/\/graziamagazine.com\/es\/articles\/soko-cualquier-artista-tiene-que-ser-ambicioso\/\",\"name\":\"SoKo: \u201cCualquier artista tiene que ser ambicioso\u201d | Grazia\",\"isPartOf\":{\"@id\":\"https:\/\/graziamagazine.com\/es\/#website\"},\"datePublished\":\"2016-11-04T09:27:17+00:00\",\"dateModified\":\"2016-11-04T09:27:17+00:00\",\"description\":\"La francesa St\u00e9phanie Sokolinski, SoKo, asume en 'La Bailarina' uno de los roles m\u00e1s exigentes (hasta el momento) de su carrera profesional.\",\"breadcrumb\":{\"@id\":\"https:\/\/graziamagazine.com\/es\/articles\/soko-cualquier-artista-tiene-que-ser-ambicioso\/#breadcrumb\"},\"inLanguage\":\"es\",\"potentialAction\":[{\"@type\":\"ReadAction\",\"target\":[\"https:\/\/graziamagazine.com\/es\/articles\/soko-cualquier-artista-tiene-que-ser-ambicioso\/\"]}]},{\"@type\":\"BreadcrumbList\",\"@id\":\"https:\/\/graziamagazine.com\/es\/articles\/soko-cualquier-artista-tiene-que-ser-ambicioso\/#breadcrumb\",\"itemListElement\":[{\"@type\":\"ListItem\",\"position\":1,\"name\":\"Portada\",\"item\":\"https:\/\/graziamagazine.com\/es\/\"},{\"@type\":\"ListItem\",\"position\":2,\"name\":\"SoKo: \u201cCualquier artista tiene que ser ambicioso\u201d\"}]},{\"@type\":\"WebSite\",\"@id\":\"https:\/\/graziamagazine.com\/es\/#website\",\"url\":\"https:\/\/graziamagazine.com\/es\/\",\"name\":\"Grazia\",\"description\":\"Moda, belleza, celebrities, estilo de vida...\",\"potentialAction\":[{\"@type\":\"SearchAction\",\"target\":{\"@type\":\"EntryPoint\",\"urlTemplate\":\"https:\/\/graziamagazine.com\/es\/?s={search_term_string}\"},\"query-input\":\"required name=search_term_string\"}],\"inLanguage\":\"es\"}]}<\/script>\n<!-- \/ Yoast SEO Premium plugin. -->","yoast_head_json":{"title":"SoKo: \u201cCualquier artista tiene que ser ambicioso\u201d | Grazia","description":"La francesa St\u00e9phanie Sokolinski, SoKo, asume en 'La Bailarina' uno de los roles m\u00e1s exigentes (hasta el momento) de su carrera profesional.","robots":{"index":"index","follow":"follow","max-snippet":"max-snippet:-1","max-image-preview":"max-image-preview:large","max-video-preview":"max-video-preview:-1"},"canonical":"https:\/\/graziamagazine.com\/es\/articles\/soko-cualquier-artista-tiene-que-ser-ambicioso\/","og_locale":"es_ES","og_type":"article","og_title":"SoKo: \u201cCualquier artista tiene que ser ambicioso\u201d","og_description":"La cantautora y actriz francesa St\u00e9phanie Sokolinski, SoKo, asume en 'La Bailarina' uno de los roles m\u00e1s exigentes (hasta el momento) de su carrera profesional.","og_url":"https:\/\/graziamagazine.com\/es\/articles\/soko-cualquier-artista-tiene-que-ser-ambicioso\/","og_site_name":"Grazia","og_image":[{"width":785,"height":480,"url":"https:\/\/graziamagazine.com\/es\/wp-content\/uploads\/sites\/12\/2016\/10\/31173412\/sokoentrevista9.jpg?fit=785%2C480","type":"image\/jpeg"}],"twitter_card":"summary_large_image","twitter_title":"SoKo: \u201cCualquier artista tiene que ser ambicioso\u201d","twitter_description":"La cantautora y actriz francesa St\u00e9phanie Sokolinski, SoKo, asume en 'La Bailarina' uno de los roles m\u00e1s exigentes (hasta el momento) de su carrera profesional.","twitter_image":"http:\/\/s3-eu-west-1.amazonaws.com\/grazia-cdn\/wp-content\/uploads\/sites\/12\/2016\/10\/31173412\/sokoentrevista9.jpg","twitter_misc":{"Est. reading time":"7 minutos"},"schema":{"@context":"https:\/\/schema.org","@graph":[{"@type":"WebPage","@id":"https:\/\/graziamagazine.com\/es\/articles\/soko-cualquier-artista-tiene-que-ser-ambicioso\/","url":"https:\/\/graziamagazine.com\/es\/articles\/soko-cualquier-artista-tiene-que-ser-ambicioso\/","name":"SoKo: \u201cCualquier artista tiene que ser ambicioso\u201d | Grazia","isPartOf":{"@id":"https:\/\/graziamagazine.com\/es\/#website"},"datePublished":"2016-11-04T09:27:17+00:00","dateModified":"2016-11-04T09:27:17+00:00","description":"La francesa St\u00e9phanie Sokolinski, SoKo, asume en 'La Bailarina' uno de los roles m\u00e1s exigentes (hasta el momento) de su carrera profesional.","breadcrumb":{"@id":"https:\/\/graziamagazine.com\/es\/articles\/soko-cualquier-artista-tiene-que-ser-ambicioso\/#breadcrumb"},"inLanguage":"es","potentialAction":[{"@type":"ReadAction","target":["https:\/\/graziamagazine.com\/es\/articles\/soko-cualquier-artista-tiene-que-ser-ambicioso\/"]}]},{"@type":"BreadcrumbList","@id":"https:\/\/graziamagazine.com\/es\/articles\/soko-cualquier-artista-tiene-que-ser-ambicioso\/#breadcrumb","itemListElement":[{"@type":"ListItem","position":1,"name":"Portada","item":"https:\/\/graziamagazine.com\/es\/"},{"@type":"ListItem","position":2,"name":"SoKo: \u201cCualquier artista tiene que ser ambicioso\u201d"}]},{"@type":"WebSite","@id":"https:\/\/graziamagazine.com\/es\/#website","url":"https:\/\/graziamagazine.com\/es\/","name":"Grazia","description":"Moda, belleza, celebrities, estilo de vida...","potentialAction":[{"@type":"SearchAction","target":{"@type":"EntryPoint","urlTemplate":"https:\/\/graziamagazine.com\/es\/?s={search_term_string}"},"query-input":"required name=search_term_string"}],"inLanguage":"es"}]}},"jetpack_sharing_enabled":true,"distributor_meta":false,"distributor_terms":false,"distributor_media":false,"distributor_original_site_name":"Grazia","distributor_original_site_url":"https:\/\/graziamagazine.com\/es","push-errors":false,"_links":{"self":[{"href":"https:\/\/graziamagazine.com\/es\/wp-json\/wp\/v2\/articles\/94349"}],"collection":[{"href":"https:\/\/graziamagazine.com\/es\/wp-json\/wp\/v2\/articles"}],"about":[{"href":"https:\/\/graziamagazine.com\/es\/wp-json\/wp\/v2\/types\/articles"}],"author":[{"embeddable":true,"href":"https:\/\/graziamagazine.com\/es\/wp-json\/wp\/v2\/users\/17007"}],"wp:attachment":[{"href":"https:\/\/graziamagazine.com\/es\/wp-json\/wp\/v2\/media?parent=94349"}],"wp:term":[{"taxonomy":"category","embeddable":true,"href":"https:\/\/graziamagazine.com\/es\/wp-json\/wp\/v2\/categories?post=94349"}],"curies":[{"name":"wp","href":"https:\/\/api.w.org\/{rel}","templated":true}]}}