{"id":93937,"date":"2016-10-31T00:12:55","date_gmt":"2016-10-30T23:12:55","guid":{"rendered":"https:\/\/graziamagazine.com\/es\/?p=93937"},"modified":"2016-10-31T10:52:40","modified_gmt":"2016-10-31T09:52:40","slug":"instagram-para-mejorar-tu-carrera-profesional","status":"publish","type":"articles","link":"https:\/\/graziamagazine.com\/es\/articles\/instagram-para-mejorar-tu-carrera-profesional\/","title":{"rendered":"\u00bfC\u00f3mo usar Instagram para mejorar tu carrera profesional?"},"content":{"rendered":"<p>Si la cara es el espejo del alma,<strong> las redes sociales son ahora el espejo del talento.<\/strong> Y la plataforma de moda entre los <em>millennials<\/em>, no pod\u00eda ser menos. S\u00ed, queridos amigos, Instagram puede servirte para mucho m\u00e1s que monitorizar las vacaciones de tus colegas, <a href=\"https:\/\/graziamagazine.com\/es\/lifestyle\/la-comida-sabe-mejor-cuando-la-subes-a-instagram\/\" target=\"_blank\">abrir el apetito mirando men\u00fas cal\u00f3ricos imposibles<\/a> y enterarte de <a href=\"https:\/\/graziamagazine.com\/es\/moda\/15-cosas-instagram-quiere-compres\/\" target=\"_blank\">las \u00faltimas tendencias<\/a> por tus <em>celebrities <\/em>favoritas.<\/p>\n<p>Paralela a la tremenda proyecci\u00f3n de la red social (m\u00e1s de 500 millones de usuarios y sumando), <strong>crece como la espuma el n\u00famero de empresas que analizan los perfiles antes de contratar a un candidato.<\/strong> Si antes rastreaban tu p\u00e1gina de Facebook, ahora destinan\u00a0sus esfuerzos a Instagram.<\/p>\n<figure id=\"attachment_93941\" aria-describedby=\"caption-attachment-93941\" style=\"width: 500px\" class=\"wp-caption aligncenter\"><img loading=\"lazy\" decoding=\"async\" class=\"wp-image-93941 size-full\" src=\"https:\/\/graziamagazine.com\/es\/wp-content\/uploads\/sites\/12\/2016\/10\/24145518\/mi-talento.gif\" alt=\"mi-talento\" width=\"500\" height=\"269\" \/><figcaption id=\"caption-attachment-93941\" class=\"wp-caption-text\">Desfasa, s\u00ed, pero mejor si no lo retransmites en Stories.<\/figcaption><\/figure>\n<p>Gracias a su caracter\u00edstica visual, cada vez son m\u00e1s las profesiones en las que puede suponer la mejor plataforma de lanzamiento para una carrera. Por eso, y porque de Linkedin sabemos que ya lo controlas, queremos detenernos en los puntos clave para sacarle el mayor partido posible a eso de subir im\u00e1genes a una <em>app<\/em>.<\/p>\n<p>Empieza por revisar esas fotos, a tu futura empresa puede que no le hagan tanta gracia tus imitaciones de Rajoy en el botell\u00f3n del pueblo (a nosotros s\u00ed, eh).\u00a0\u201cLas redes sociales se tienen muy en cuenta a la hora de contratar a una persona\u201d, nos comenta Elena Huerga, <a href=\"http:\/\/elenahuerga.com\/\" target=\"_blank\" target=\"_blank\"><em>coach<\/em> de desarrollo profesional<\/a>, que contin\u00faa alert\u00e1ndonos de su potencial riesgo: <strong>\u201cLa mayor\u00eda de veces sirven para descartar a candidatos: frases fuera de tono, ciertas actitudes, comentarios fuera de lugar, fotos embarazosas&#8230;\u201d.<\/strong> El m\u00e1s m\u00ednimo error puede espantar al gran n\u00famero de reclutadores que, entre los 300 millones de personas que interact\u00faan activamente en la plataforma, buscan candidatos que compartan los valores de la compa\u00f1\u00eda.<\/p>\n<p>Por no hablar del cada vez mayor n\u00famero de sectores que han convertido Instagram en un curr\u00edculum digital de suma importancia: dise\u00f1o gr\u00e1fico, fotograf\u00eda, arquitectura, decoraci\u00f3n, marketing, ilustraci\u00f3n, moda, etc.<\/p>\n<figure id=\"attachment_93952\" aria-describedby=\"caption-attachment-93952\" style=\"width: 785px\" class=\"wp-caption aligncenter\"><img loading=\"lazy\" decoding=\"async\" class=\"wp-image-93952 size-full\" src=\"https:\/\/graziamagazine.com\/es\/wp-content\/uploads\/sites\/12\/2016\/10\/24164459\/instagramtrabajoperfil1.jpg\" alt=\"instagramtrabajoperfil1\" width=\"785\" height=\"600\" \/><figcaption id=\"caption-attachment-93952\" class=\"wp-caption-text\">Conciertos, gourmet, viajes, gatos, libros&#8230; Echando un simple vistazo a sus publicaciones te haces una idea de sus intereses. \u00a9\u00a0<a href=\"https:\/\/www.instagram.com\/hectormerienda\/\" target=\"_blank\" target=\"_blank\">@hectormerienda<\/a><\/figcaption><\/figure>\n<p>La cercan\u00eda y familiaridad que reina en la aplicaci\u00f3n supone tambi\u00e9n un arma de doble filo ya que las posibilidades de pasarnos de simp\u00e1ticos (o no llegar) se multiplican. Al mismo tiempo que ofrece un retrato m\u00e1s completo de nuestra verdadera personalidad que, por ejemplo, Linkedin. <strong>Si no sabemos utilizarlas correctamente podemos ofrecer una imagen distorsionada.<\/strong><\/p>\n<p>\u201cLo importante es que seamos naturales y nosotros mismos.<strong>\u00a0<\/strong>En nuestras vidas no estamos el 100% de nuestro tiempo hablando de aspectos laborales y en las redes sociales aunque estemos buscando trabajo, tampoco debe ser as\u00ed\u201d, dice Huerga.<\/p>\n<figure id=\"attachment_93951\" aria-describedby=\"caption-attachment-93951\" style=\"width: 785px\" class=\"wp-caption aligncenter\"><img loading=\"lazy\" decoding=\"async\" class=\"wp-image-93951 size-full\" src=\"https:\/\/graziamagazine.com\/es\/wp-content\/uploads\/sites\/12\/2016\/10\/24160405\/instagramtrabajoperfil.jpg\" alt=\"\u00a9 Instagram Gala Gonz\u00e1lez\" width=\"785\" height=\"600\" \/><figcaption id=\"caption-attachment-93951\" class=\"wp-caption-text\">La blogger Gala Gonz\u00e1lez combina fotos de trabajo, viajes, amistades, hobbies&#8230; \u00a9 @galagonzalez<\/figcaption><\/figure>\n<p>Entonces, \u00bfcu\u00e1les son los temas que nos ayudan a transmitir una imagen espont\u00e1nea y positiva?<strong> \u201cUn s\u00ed rotundo a publicaciones en las que hables de tus <em>hobbies<\/em>, en las que disfrutes de tu familia y amigos<\/strong> (una foto de fiesta a las 6 am no es buena opci\u00f3n pero s\u00ed lo es una paella o una casa rural), <strong>de un libro que te ha vuelto loco, del concierto de tu vida, de deporte, etc\u201d.<\/strong> Ya sabes, si lo tuyo son los conciertos, comp\u00e1rtelo. A no ser que fuera de Pitbull (<span style=\"text-decoration: line-through;\">esas cosas mejor en la intimidad, Mr. Worldwide<\/span>).<\/p>\n<figure id=\"attachment_93976\" aria-describedby=\"caption-attachment-93976\" style=\"width: 785px\" class=\"wp-caption aligncenter\"><img loading=\"lazy\" decoding=\"async\" class=\"wp-image-93976 size-full\" src=\"https:\/\/graziamagazine.com\/es\/wp-content\/uploads\/sites\/12\/2016\/10\/24173044\/instagramtrabajoperfil3.jpg\" alt=\"instagramtrabajoperfil3\" width=\"785\" height=\"600\" \/><figcaption id=\"caption-attachment-93976\" class=\"wp-caption-text\">\u00bfLos de Jay Alvarrez? Deportes de riesgo, fotograf\u00eda, v\u00eddeos, eventos nocturnos, chicas, tatuajes&#8230; \u00a9 <a href=\"https:\/\/www.instagram.com\/jayalvarrez\/\" target=\"_blank\" target=\"_blank\">@jayalvarrez<\/a><\/figcaption><\/figure>\n<p>Pero m\u00e1s all\u00e1 de ser un escaparate id\u00f3neo para nuestras cualidades profesionales, <strong>Instagram es especialmente \u00fatil para eso que ahora llaman <em>networking<\/em> y que antes defin\u00edamos meramente como \u201chacer contactos\u201d.<\/strong> Amra y Elma Beganovich, dos c\u00e9lebres <em>influencers<\/em> de la red social (Club Fashionista), ofrecieron a la revista <a href=\"https:\/\/www.fastcompany.com\/3061924\/hit-the-ground-running\/how-to-use-instagram-to-advance-your-career\" target=\"_blank\" target=\"_blank\"><em>Fast Company<\/em><\/a> algunas claves para hacerlo de una manera efectiva.<\/p>\n<p>La primera de ellas, como ya nos suger\u00eda Elena Huerga, es saber qu\u00e9 postear. Debemos mezclar adecuadamente im\u00e1genes relacionadas con nuestra carrera profesional (enlace a nuestro blog, ideas, influencias, proyectos en los que trabajamos o compa\u00f1eros que admiramos) y de <strong>nuestra vida privada, que transmiten cercan\u00eda.<\/strong> No debemos subestimar estas \u00faltimas ya que de un grupo de fieles seguidores digitales de <em>Juego de Tronos<\/em> podemos toparnos por sorpresa con alg\u00fan perfil interesante para nuestro futuro profesional.<\/p>\n<figure id=\"attachment_93981\" aria-describedby=\"caption-attachment-93981\" style=\"width: 785px\" class=\"wp-caption aligncenter\"><img loading=\"lazy\" decoding=\"async\" class=\"wp-image-93981 size-full\" src=\"https:\/\/graziamagazine.com\/es\/wp-content\/uploads\/sites\/12\/2016\/10\/24180301\/instagramtrabajoperfil4.jpg\" alt=\"instagramtrabajoperfil4\" width=\"785\" height=\"600\" \/><figcaption id=\"caption-attachment-93981\" class=\"wp-caption-text\">Elma combina fotos de moda y belleza (profesionales) con otras m\u00e1s personales con amigas, de compras o en casa. \u00a9 <a href=\"https:\/\/www.instagram.com\/elmabeganovich\/\" target=\"_blank\" target=\"_blank\">@elmabeganovich<\/a><\/figcaption><\/figure>\n<p>En aquellas cuentas especializadas en nuestro sector, los comentarios son fundamentales a la hora de relacionarnos con otras personas que est\u00e9n haciendo lo mismo. \u201cDesde que los <em>hashtags<\/em> son rastreables, tambi\u00e9n podemos construir nuestra red de contactos basada en intereses comunes. Relaci\u00f3nate con aquellos que se congregan en <em>hashtags<\/em> similares a los tuyos\u201d, explican las Beganovich, cuyos perfiles suman m\u00e1s de 2 millones de seguidores.<\/p>\n<p><strong>\u201cConecta con las personas pero desde la verdad, no desde el inter\u00e9s. Crea relaciones genuinas desde el <em>win win<\/em>\u201d,<\/strong> apunta la coach a <em>Grazia<\/em>. Es decir, sabemos que tiras de redes para enterarte de las aficiones de tus futuros compa\u00f1eros de trabajo y as\u00ed congeniar m\u00e1s r\u00e1pido, pero intenta aportar un inter\u00e9s sincero que ayude a fortalecer la relaci\u00f3n.<\/p>\n<figure id=\"attachment_93975\" aria-describedby=\"caption-attachment-93975\" style=\"width: 785px\" class=\"wp-caption aligncenter\"><img loading=\"lazy\" decoding=\"async\" class=\"size-full wp-image-93975\" src=\"https:\/\/graziamagazine.com\/es\/wp-content\/uploads\/sites\/12\/2016\/10\/24171250\/instagramtrabajoperfil2.jpg\" alt=\"La actriz de Velvet publica im\u00e1genes de los rodajes rodajes, art\u00edsticas, de humor, de gatos y sobre su vida personal. \u00a9 @miriamgiovanelli\" width=\"785\" height=\"600\" \/><figcaption id=\"caption-attachment-93975\" class=\"wp-caption-text\">La actriz de Velvet publica im\u00e1genes de los rodajes rodajes, art\u00edsticas, de humor, de gatos y sobre su vida personal. \u00a9 <a href=\"https:\/\/www.instagram.com\/miriamgiovanelli\/\" target=\"_blank\" target=\"_blank\">@miriamgiovanelli<\/a><\/figcaption><\/figure>\n<p>Ponemos fin a nuestra lista de mandamientos &#8216;instagrameros&#8217; intentando desentra\u00f1ar el aspecto m\u00e1s complicado en la comunicaci\u00f3n en la red social: el lenguaje. Tus redes sociales no son tu diario. Faltas de ortograf\u00eda, insultos al guionista por matar a tu personaje favorito o chistes (demasiado negros, demasiado verdes o demasiado malos) pueden jugar en tu contra. Tambi\u00e9n el supuesto contrario.\u00a0Como expone Huerga:<strong> \u201cLa comunicaci\u00f3n muy formal no tiene muy buena acogida en las redes sociales. Es mejor siempre usar un lenguaje cercano sin caer en el colegueo\u201d.<\/strong><\/p>\n<p>En <em>Grazia<\/em> te ofrecemos un truco: imagina que tus seguidores son esos primos con los que no tienes mucha relaci\u00f3n y a los que solo ves en Navidades. Ya sabes, simp\u00e1tico y cari\u00f1oso sin caer en demasiadas confianzas (<span style=\"text-decoration: line-through;\">antes de abrir la primera botella de cava, claro<\/span>). Lo bueno, y lo malo, de las redes sociales es que los resultados son inmediatos: podemos corregir nuestra estrategia sobre la marcha si estos no son los esperados. De ese \u2018Me gusta\u2019 sin querer en la foto de tu ex mientras cotilleabas su cuenta, no podemos decir lo mismo. Ya es algo.<\/p>\n<figure id=\"attachment_93940\" aria-describedby=\"caption-attachment-93940\" style=\"width: 500px\" class=\"wp-caption aligncenter\"><img loading=\"lazy\" decoding=\"async\" class=\"size-full wp-image-93940\" src=\"https:\/\/graziamagazine.com\/es\/wp-content\/uploads\/sites\/12\/2016\/10\/24145511\/perfecto.gif\" alt=\"\u00a1Suerte con esa b\u00fasqueda!\" width=\"500\" height=\"282\" \/><figcaption id=\"caption-attachment-93940\" class=\"wp-caption-text\">\u00a1Suerte con esa b\u00fasqueda!<\/figcaption><\/figure>\n<p><iframe loading=\"lazy\" style=\"border: none; overflow: hidden; height: 258px;\" src=\"\/\/www.facebook.com\/plugins\/likebox.php?href=https%3A%2F%2Fwww.facebook.com%2Fgraziaespana&amp;width&amp;height=258&amp;colorscheme=light&amp;show_faces=true&amp;header=false&amp;stream=false&amp;show_border=false&amp;appId=349017955267591\" width=\"300\" height=\"150\" frameborder=\"0\" scrolling=\"no\"><\/iframe><\/p>\n","protected":false},"author":13824,"featured_media":0,"template":"","format":"standard","categories":[19,18],"acf":[],"yoast_head":"<!-- This site is optimized with the Yoast SEO Premium plugin v18.5 (Yoast SEO v20.4) - https:\/\/yoast.com\/wordpress\/plugins\/seo\/ -->\n<title>\u00bfC\u00f3mo usar Instagram para mejorar tu carrera profesional? | Grazia<\/title>\n<meta name=\"description\" content=\"Lo sentimos Linkedin, pero te ha salido (m\u00e1s) competencia. As\u00ed convertir\u00e1s tu cuenta de Instagram en el mejor escaparate de tu marca personal.\" \/>\n<meta name=\"robots\" content=\"index, follow, max-snippet:-1, max-image-preview:large, max-video-preview:-1\" \/>\n<link rel=\"canonical\" href=\"https:\/\/graziamagazine.com\/es\/articles\/instagram-para-mejorar-tu-carrera-profesional\/\" \/>\n<meta property=\"og:locale\" content=\"es_ES\" \/>\n<meta property=\"og:type\" content=\"article\" \/>\n<meta property=\"og:title\" content=\"\u00bfC\u00f3mo usar Instagram para mejorar tu carrera profesional?\" \/>\n<meta property=\"og:description\" content=\"Lo sentimos Linkedin, pero te ha salido (m\u00e1s) competencia. As\u00ed convertir\u00e1s tu cuenta de Instagram en el mejor escaparate de tu marca personal.\" \/>\n<meta property=\"og:url\" content=\"https:\/\/graziamagazine.com\/es\/articles\/instagram-para-mejorar-tu-carrera-profesional\/\" \/>\n<meta property=\"og:site_name\" content=\"Grazia\" \/>\n<meta property=\"article:modified_time\" content=\"2016-10-31T09:52:40+00:00\" \/>\n<meta property=\"og:image\" content=\"https:\/\/graziamagazine.com\/es\/wp-content\/uploads\/sites\/12\/2016\/10\/24160405\/instagramtrabajoperfil.jpg?fit=785%2C600\" \/>\n\t<meta property=\"og:image:width\" content=\"785\" \/>\n\t<meta property=\"og:image:height\" content=\"600\" \/>\n\t<meta property=\"og:image:type\" content=\"image\/jpeg\" \/>\n<meta name=\"twitter:card\" content=\"summary_large_image\" \/>\n<meta name=\"twitter:title\" content=\"\u00bfC\u00f3mo usar Instagram para mejorar tu carrera profesional?\" \/>\n<meta name=\"twitter:description\" content=\"Lo sentimos Linkedin, pero te ha salido (m\u00e1s) competencia. As\u00ed convertir\u00e1s tu cuenta de Instagram en el mejor escaparate de tu marca personal.\" \/>\n<meta name=\"twitter:image\" content=\"http:\/\/s3-eu-west-1.amazonaws.com\/grazia-cdn\/wp-content\/uploads\/sites\/12\/2016\/10\/24160405\/instagramtrabajoperfil.jpg\" \/>\n<meta name=\"twitter:label1\" content=\"Est. reading time\" \/>\n\t<meta name=\"twitter:data1\" content=\"6 minutos\" \/>\n<script type=\"application\/ld+json\" class=\"yoast-schema-graph\">{\"@context\":\"https:\/\/schema.org\",\"@graph\":[{\"@type\":\"WebPage\",\"@id\":\"https:\/\/graziamagazine.com\/es\/articles\/instagram-para-mejorar-tu-carrera-profesional\/\",\"url\":\"https:\/\/graziamagazine.com\/es\/articles\/instagram-para-mejorar-tu-carrera-profesional\/\",\"name\":\"\u00bfC\u00f3mo usar Instagram para mejorar tu carrera profesional? | Grazia\",\"isPartOf\":{\"@id\":\"https:\/\/graziamagazine.com\/es\/#website\"},\"datePublished\":\"2016-10-30T23:12:55+00:00\",\"dateModified\":\"2016-10-31T09:52:40+00:00\",\"description\":\"Lo sentimos Linkedin, pero te ha salido (m\u00e1s) competencia. As\u00ed convertir\u00e1s tu cuenta de Instagram en el mejor escaparate de tu marca personal.\",\"breadcrumb\":{\"@id\":\"https:\/\/graziamagazine.com\/es\/articles\/instagram-para-mejorar-tu-carrera-profesional\/#breadcrumb\"},\"inLanguage\":\"es\",\"potentialAction\":[{\"@type\":\"ReadAction\",\"target\":[\"https:\/\/graziamagazine.com\/es\/articles\/instagram-para-mejorar-tu-carrera-profesional\/\"]}]},{\"@type\":\"BreadcrumbList\",\"@id\":\"https:\/\/graziamagazine.com\/es\/articles\/instagram-para-mejorar-tu-carrera-profesional\/#breadcrumb\",\"itemListElement\":[{\"@type\":\"ListItem\",\"position\":1,\"name\":\"Portada\",\"item\":\"https:\/\/graziamagazine.com\/es\/\"},{\"@type\":\"ListItem\",\"position\":2,\"name\":\"\u00bfC\u00f3mo usar Instagram para mejorar tu carrera profesional?\"}]},{\"@type\":\"WebSite\",\"@id\":\"https:\/\/graziamagazine.com\/es\/#website\",\"url\":\"https:\/\/graziamagazine.com\/es\/\",\"name\":\"Grazia\",\"description\":\"Moda, belleza, celebrities, estilo de vida...\",\"potentialAction\":[{\"@type\":\"SearchAction\",\"target\":{\"@type\":\"EntryPoint\",\"urlTemplate\":\"https:\/\/graziamagazine.com\/es\/?s={search_term_string}\"},\"query-input\":\"required name=search_term_string\"}],\"inLanguage\":\"es\"}]}<\/script>\n<!-- \/ Yoast SEO Premium plugin. -->","yoast_head_json":{"title":"\u00bfC\u00f3mo usar Instagram para mejorar tu carrera profesional? | Grazia","description":"Lo sentimos Linkedin, pero te ha salido (m\u00e1s) competencia. As\u00ed convertir\u00e1s tu cuenta de Instagram en el mejor escaparate de tu marca personal.","robots":{"index":"index","follow":"follow","max-snippet":"max-snippet:-1","max-image-preview":"max-image-preview:large","max-video-preview":"max-video-preview:-1"},"canonical":"https:\/\/graziamagazine.com\/es\/articles\/instagram-para-mejorar-tu-carrera-profesional\/","og_locale":"es_ES","og_type":"article","og_title":"\u00bfC\u00f3mo usar Instagram para mejorar tu carrera profesional?","og_description":"Lo sentimos Linkedin, pero te ha salido (m\u00e1s) competencia. As\u00ed convertir\u00e1s tu cuenta de Instagram en el mejor escaparate de tu marca personal.","og_url":"https:\/\/graziamagazine.com\/es\/articles\/instagram-para-mejorar-tu-carrera-profesional\/","og_site_name":"Grazia","article_modified_time":"2016-10-31T09:52:40+00:00","og_image":[{"width":785,"height":600,"url":"https:\/\/graziamagazine.com\/es\/wp-content\/uploads\/sites\/12\/2016\/10\/24160405\/instagramtrabajoperfil.jpg?fit=785%2C600","type":"image\/jpeg"}],"twitter_card":"summary_large_image","twitter_title":"\u00bfC\u00f3mo usar Instagram para mejorar tu carrera profesional?","twitter_description":"Lo sentimos Linkedin, pero te ha salido (m\u00e1s) competencia. As\u00ed convertir\u00e1s tu cuenta de Instagram en el mejor escaparate de tu marca personal.","twitter_image":"http:\/\/s3-eu-west-1.amazonaws.com\/grazia-cdn\/wp-content\/uploads\/sites\/12\/2016\/10\/24160405\/instagramtrabajoperfil.jpg","twitter_misc":{"Est. reading time":"6 minutos"},"schema":{"@context":"https:\/\/schema.org","@graph":[{"@type":"WebPage","@id":"https:\/\/graziamagazine.com\/es\/articles\/instagram-para-mejorar-tu-carrera-profesional\/","url":"https:\/\/graziamagazine.com\/es\/articles\/instagram-para-mejorar-tu-carrera-profesional\/","name":"\u00bfC\u00f3mo usar Instagram para mejorar tu carrera profesional? | Grazia","isPartOf":{"@id":"https:\/\/graziamagazine.com\/es\/#website"},"datePublished":"2016-10-30T23:12:55+00:00","dateModified":"2016-10-31T09:52:40+00:00","description":"Lo sentimos Linkedin, pero te ha salido (m\u00e1s) competencia. As\u00ed convertir\u00e1s tu cuenta de Instagram en el mejor escaparate de tu marca personal.","breadcrumb":{"@id":"https:\/\/graziamagazine.com\/es\/articles\/instagram-para-mejorar-tu-carrera-profesional\/#breadcrumb"},"inLanguage":"es","potentialAction":[{"@type":"ReadAction","target":["https:\/\/graziamagazine.com\/es\/articles\/instagram-para-mejorar-tu-carrera-profesional\/"]}]},{"@type":"BreadcrumbList","@id":"https:\/\/graziamagazine.com\/es\/articles\/instagram-para-mejorar-tu-carrera-profesional\/#breadcrumb","itemListElement":[{"@type":"ListItem","position":1,"name":"Portada","item":"https:\/\/graziamagazine.com\/es\/"},{"@type":"ListItem","position":2,"name":"\u00bfC\u00f3mo usar Instagram para mejorar tu carrera profesional?"}]},{"@type":"WebSite","@id":"https:\/\/graziamagazine.com\/es\/#website","url":"https:\/\/graziamagazine.com\/es\/","name":"Grazia","description":"Moda, belleza, celebrities, estilo de vida...","potentialAction":[{"@type":"SearchAction","target":{"@type":"EntryPoint","urlTemplate":"https:\/\/graziamagazine.com\/es\/?s={search_term_string}"},"query-input":"required name=search_term_string"}],"inLanguage":"es"}]}},"jetpack_sharing_enabled":true,"distributor_meta":false,"distributor_terms":false,"distributor_media":false,"distributor_original_site_name":"Grazia","distributor_original_site_url":"https:\/\/graziamagazine.com\/es","push-errors":false,"_links":{"self":[{"href":"https:\/\/graziamagazine.com\/es\/wp-json\/wp\/v2\/articles\/93937"}],"collection":[{"href":"https:\/\/graziamagazine.com\/es\/wp-json\/wp\/v2\/articles"}],"about":[{"href":"https:\/\/graziamagazine.com\/es\/wp-json\/wp\/v2\/types\/articles"}],"author":[{"embeddable":true,"href":"https:\/\/graziamagazine.com\/es\/wp-json\/wp\/v2\/users\/13824"}],"wp:attachment":[{"href":"https:\/\/graziamagazine.com\/es\/wp-json\/wp\/v2\/media?parent=93937"}],"wp:term":[{"taxonomy":"category","embeddable":true,"href":"https:\/\/graziamagazine.com\/es\/wp-json\/wp\/v2\/categories?post=93937"}],"curies":[{"name":"wp","href":"https:\/\/api.w.org\/{rel}","templated":true}]}}