{"id":93832,"date":"2016-10-21T13:09:24","date_gmt":"2016-10-21T11:09:24","guid":{"rendered":"https:\/\/graziamagazine.com\/es\/?p=93832"},"modified":"2016-10-21T13:16:48","modified_gmt":"2016-10-21T11:16:48","slug":"no-amigas-north-west-blue-ivy","status":"publish","type":"articles","link":"https:\/\/graziamagazine.com\/es\/articles\/no-amigas-north-west-blue-ivy\/","title":{"rendered":"\u00bfPor qu\u00e9 no son amigas North West y Blue Ivy?"},"content":{"rendered":"<p>\u00bfUna ri\u00f1a por ver qui\u00e9n tiene lo \u00faltimo en juguetes? \u00bfPor cu\u00e1l de las dos tiene m\u00e1s estilo? \u00bfPor qui\u00e9n tiene los padres m\u00e1s poderosos? No, nada de eso.\u00a0<strong>El motivo por el que estas dos mi <em>it girls<\/em> no son amigas nada tiene que ver con ellas.<\/strong><\/p>\n<p>As\u00ed lo ha desvelado <a href=\"https:\/\/graziamagazine.com\/es\/etiqueta\/kanye-west\/\" target=\"_blank\">Kanye West<\/a>, padre de North, <del>Norte en versi\u00f3n castiza,<\/del> y responsable de que estemos vistiendo <a href=\"https:\/\/graziamagazine.com\/es\/moda\/asi-llevaras-el-athleisure-este-otono\/\" target=\"_blank\">como si acab\u00e1semos de salir del gimnasio<\/a>,\u00a0durante\u00a0una paradita de su Saint Pablo Tour en Seattle.<strong> \u00abNuestras hijas\u00a0no han jugado nunca juntas\u00bb declaraba el cantante de <em>Famous<\/em>,<\/strong> y a\u00f1ad\u00eda: \u00abNo puedo aguantar esta mierda, hermano\u00bb, lanz\u00e1ndole un mensaje m\u00e1s que directo a Jay-Z que dejaba entrever\u00a0que \u00e9l es el culpable de esta no-amistad.<\/p>\n<figure id=\"attachment_93833\" aria-describedby=\"caption-attachment-93833\" style=\"width: 785px\" class=\"wp-caption aligncenter\"><img loading=\"lazy\" decoding=\"async\" class=\"wp-image-93833 size-full\" src=\"https:\/\/graziamagazine.com\/es\/wp-content\/uploads\/sites\/12\/2016\/10\/21120857\/northblueivy4.jpg\" alt=\"northblueivy4\" width=\"785\" height=\"600\" \/><figcaption id=\"caption-attachment-93833\" class=\"wp-caption-text\">Podr\u00edan compartirlo todo porque llevan vidas muy parecidas. \u00a9 Cordon Press<\/figcaption><\/figure>\n<p>A ver&#8230; Un momento. \u00bfC\u00f3mo puede ser esto? Mucho <em>bro<\/em> y mucho <em>flow<\/em> pero \u00bfvuestras hijas no han jugado nunca, ni se han <a href=\"http:\/\/www.usmagazine.com\/celebrity-news\/news\/kylie-jenner-lets-north-west-wear-her-lip-kit-w445176\" target=\"_blank\" target=\"_blank\">maquillado la una a la otra<\/a>, ni se han vestido con la ropa de sus mam\u00e1s, <del>que ojal\u00e1 hubi\u00e9ramos tenido acceso a ese armario cuando \u00e9ramos peque\u00f1as,<\/del> y ni han bailado al ritmo de la m\u00fasica de sus padres? NO-PUE-DE-SER.<\/p>\n<p>Tiene narices oye. Vosotros cenitas, fiestas y planes en parejita en plan chupipandi y a las ni\u00f1as no las junt\u00e1is.\u00a0De verdad, est\u00e1is siendo muy ego\u00edstas. <strong>Podr\u00edan ser las futuras\u00a0Blair Waldorf y Serena Van Der Woodsen,<\/strong> las mini <em>BFF<\/em> con m\u00e1s estilo e influyentes del mundo.\u00a0\u00bfQu\u00e9 pasa? \u00bfNo sois capaces de separar vuestra\u00a0rivalidad, <del>esa\u00a0que hab\u00e9is tardado tanto\u00a0en reconocer<\/del>?<\/p>\n<figure id=\"attachment_93840\" aria-describedby=\"caption-attachment-93840\" style=\"width: 356px\" class=\"wp-caption aligncenter\"><img loading=\"lazy\" decoding=\"async\" class=\"wp-image-93840 size-full\" src=\"https:\/\/graziamagazine.com\/es\/wp-content\/uploads\/sites\/12\/2016\/10\/21130403\/kanye-jayz.gif\" alt=\"kanye-jayz\" width=\"356\" height=\"200\" \/><figcaption id=\"caption-attachment-93840\" class=\"wp-caption-text\">Si erais s\u00faper amigos, \u00bfpor qu\u00e9? \u00bfPOR QU\u00c9?<\/figcaption><\/figure>\n<p>Una relaci\u00f3n, que cada vez es m\u00e1s fr\u00eda, especialmente tras el robo que sufri\u00f3 Kim Kardashian en Par\u00eds, por el que solo han recibido una llamada por parte de la familia Carter-Knowles. Y claro, Kanye est\u00e1 que trina: <strong>\u00abNo me llames despu\u00e9s del robo para decirme &#8216;\u00bfC\u00f3mo te sientes?&#8217;. \u00bfQuieres saber c\u00f3mo me siento? Ven a mi casa. Trae a los ni\u00f1os a casa. Sent\u00e9monos, como hacen los hermanos\u00bb.<\/strong> Un mensaje\u00a0del dise\u00f1ador de Yeezy\u00a0que saca a relucir c\u00f3mo est\u00e1n las cosas entre ambos clanes&#8230;\u00a0As\u00ed que, por ahora, nos quedamos sin poder disfrutar de esta amistad que seguro que nos dar\u00eda grand\u00edsimos momentos.<\/p>\n<figure id=\"attachment_93839\" aria-describedby=\"caption-attachment-93839\" style=\"width: 480px\" class=\"wp-caption aligncenter\"><img loading=\"lazy\" decoding=\"async\" class=\"wp-image-93839 size-full\" src=\"https:\/\/graziamagazine.com\/es\/wp-content\/uploads\/sites\/12\/2016\/10\/21130107\/adios-ivy.gif\" alt=\"adios-ivy\" width=\"480\" height=\"232\" \/><figcaption id=\"caption-attachment-93839\" class=\"wp-caption-text\">Adi\u00f3s, Blue Ivy, adi\u00f3s&#8230;<\/figcaption><\/figure>\n<p><iframe loading=\"lazy\" style=\"border: none; overflow: hidden; height: 258px;\" src=\"\/\/www.facebook.com\/plugins\/likebox.php?href=https%3A%2F%2Fwww.facebook.com%2Fgraziaespana&amp;width&amp;height=258&amp;colorscheme=light&amp;show_faces=true&amp;header=false&amp;stream=false&amp;show_border=false&amp;appId=349017955267591\" width=\"300\" height=\"150\" frameborder=\"0\" scrolling=\"no\"><\/iframe><\/p>\n","protected":false},"author":12360,"featured_media":0,"template":"","format":"standard","categories":[14,13],"acf":[],"yoast_head":"<!-- This site is optimized with the Yoast SEO Premium plugin v18.5 (Yoast SEO v20.4) - https:\/\/yoast.com\/wordpress\/plugins\/seo\/ -->\n<title>\u00bfPor qu\u00e9 no son amigas North West y Blue Ivy? | Grazia<\/title>\n<meta name=\"description\" content=\"Podr\u00edan ser las mini BFF m\u00e1s influyentes y molonas del panorama actual pero no es el caso. Este es el motivo de esta no-amistad.\" \/>\n<meta name=\"robots\" content=\"index, follow, max-snippet:-1, max-image-preview:large, max-video-preview:-1\" \/>\n<link rel=\"canonical\" href=\"https:\/\/graziamagazine.com\/es\/articles\/no-amigas-north-west-blue-ivy\/\" \/>\n<meta property=\"og:locale\" content=\"es_ES\" \/>\n<meta property=\"og:type\" content=\"article\" \/>\n<meta property=\"og:title\" content=\"\u00bfPor qu\u00e9 no son amigas North West y Blue Ivy?\" \/>\n<meta property=\"og:description\" content=\"Podr\u00edan ser las mini BFF m\u00e1s influyentes y molonas del panorama actual pero no es el caso. Este es el motivo de esta no-amistad.\" \/>\n<meta property=\"og:url\" content=\"https:\/\/graziamagazine.com\/es\/articles\/no-amigas-north-west-blue-ivy\/\" \/>\n<meta property=\"og:site_name\" content=\"Grazia\" \/>\n<meta property=\"article:modified_time\" content=\"2016-10-21T11:16:48+00:00\" \/>\n<meta property=\"og:image\" content=\"https:\/\/graziamagazine.com\/es\/wp-content\/uploads\/sites\/12\/2016\/10\/21120940\/northblueivy1.jpg?fit=785%2C480\" \/>\n\t<meta property=\"og:image:width\" content=\"785\" \/>\n\t<meta property=\"og:image:height\" content=\"480\" \/>\n\t<meta property=\"og:image:type\" content=\"image\/jpeg\" \/>\n<meta name=\"twitter:card\" content=\"summary_large_image\" \/>\n<meta name=\"twitter:title\" content=\"\u00bfPor qu\u00e9 no son amigas North West y Blue Ivy?\" \/>\n<meta name=\"twitter:description\" content=\"Podr\u00edan ser las mini BFF m\u00e1s influyentes y molonas del panorama actual pero no es el caso. Este es el motivo de esta no-amistad.\" \/>\n<meta name=\"twitter:image\" content=\"http:\/\/s3-eu-west-1.amazonaws.com\/grazia-cdn\/wp-content\/uploads\/sites\/12\/2016\/10\/21120940\/northblueivy1.jpg\" \/>\n<meta name=\"twitter:label1\" content=\"Est. reading time\" \/>\n\t<meta name=\"twitter:data1\" content=\"2 minutos\" \/>\n<script type=\"application\/ld+json\" class=\"yoast-schema-graph\">{\"@context\":\"https:\/\/schema.org\",\"@graph\":[{\"@type\":\"WebPage\",\"@id\":\"https:\/\/graziamagazine.com\/es\/articles\/no-amigas-north-west-blue-ivy\/\",\"url\":\"https:\/\/graziamagazine.com\/es\/articles\/no-amigas-north-west-blue-ivy\/\",\"name\":\"\u00bfPor qu\u00e9 no son amigas North West y Blue Ivy? | Grazia\",\"isPartOf\":{\"@id\":\"https:\/\/graziamagazine.com\/es\/#website\"},\"datePublished\":\"2016-10-21T11:09:24+00:00\",\"dateModified\":\"2016-10-21T11:16:48+00:00\",\"description\":\"Podr\u00edan ser las mini BFF m\u00e1s influyentes y molonas del panorama actual pero no es el caso. Este es el motivo de esta no-amistad.\",\"breadcrumb\":{\"@id\":\"https:\/\/graziamagazine.com\/es\/articles\/no-amigas-north-west-blue-ivy\/#breadcrumb\"},\"inLanguage\":\"es\",\"potentialAction\":[{\"@type\":\"ReadAction\",\"target\":[\"https:\/\/graziamagazine.com\/es\/articles\/no-amigas-north-west-blue-ivy\/\"]}]},{\"@type\":\"BreadcrumbList\",\"@id\":\"https:\/\/graziamagazine.com\/es\/articles\/no-amigas-north-west-blue-ivy\/#breadcrumb\",\"itemListElement\":[{\"@type\":\"ListItem\",\"position\":1,\"name\":\"Portada\",\"item\":\"https:\/\/graziamagazine.com\/es\/\"},{\"@type\":\"ListItem\",\"position\":2,\"name\":\"\u00bfPor qu\u00e9 no son amigas North West y Blue Ivy?\"}]},{\"@type\":\"WebSite\",\"@id\":\"https:\/\/graziamagazine.com\/es\/#website\",\"url\":\"https:\/\/graziamagazine.com\/es\/\",\"name\":\"Grazia\",\"description\":\"Moda, belleza, celebrities, estilo de vida...\",\"potentialAction\":[{\"@type\":\"SearchAction\",\"target\":{\"@type\":\"EntryPoint\",\"urlTemplate\":\"https:\/\/graziamagazine.com\/es\/?s={search_term_string}\"},\"query-input\":\"required name=search_term_string\"}],\"inLanguage\":\"es\"}]}<\/script>\n<!-- \/ Yoast SEO Premium plugin. -->","yoast_head_json":{"title":"\u00bfPor qu\u00e9 no son amigas North West y Blue Ivy? | Grazia","description":"Podr\u00edan ser las mini BFF m\u00e1s influyentes y molonas del panorama actual pero no es el caso. Este es el motivo de esta no-amistad.","robots":{"index":"index","follow":"follow","max-snippet":"max-snippet:-1","max-image-preview":"max-image-preview:large","max-video-preview":"max-video-preview:-1"},"canonical":"https:\/\/graziamagazine.com\/es\/articles\/no-amigas-north-west-blue-ivy\/","og_locale":"es_ES","og_type":"article","og_title":"\u00bfPor qu\u00e9 no son amigas North West y Blue Ivy?","og_description":"Podr\u00edan ser las mini BFF m\u00e1s influyentes y molonas del panorama actual pero no es el caso. Este es el motivo de esta no-amistad.","og_url":"https:\/\/graziamagazine.com\/es\/articles\/no-amigas-north-west-blue-ivy\/","og_site_name":"Grazia","article_modified_time":"2016-10-21T11:16:48+00:00","og_image":[{"width":785,"height":480,"url":"https:\/\/graziamagazine.com\/es\/wp-content\/uploads\/sites\/12\/2016\/10\/21120940\/northblueivy1.jpg?fit=785%2C480","type":"image\/jpeg"}],"twitter_card":"summary_large_image","twitter_title":"\u00bfPor qu\u00e9 no son amigas North West y Blue Ivy?","twitter_description":"Podr\u00edan ser las mini BFF m\u00e1s influyentes y molonas del panorama actual pero no es el caso. Este es el motivo de esta no-amistad.","twitter_image":"http:\/\/s3-eu-west-1.amazonaws.com\/grazia-cdn\/wp-content\/uploads\/sites\/12\/2016\/10\/21120940\/northblueivy1.jpg","twitter_misc":{"Est. reading time":"2 minutos"},"schema":{"@context":"https:\/\/schema.org","@graph":[{"@type":"WebPage","@id":"https:\/\/graziamagazine.com\/es\/articles\/no-amigas-north-west-blue-ivy\/","url":"https:\/\/graziamagazine.com\/es\/articles\/no-amigas-north-west-blue-ivy\/","name":"\u00bfPor qu\u00e9 no son amigas North West y Blue Ivy? | Grazia","isPartOf":{"@id":"https:\/\/graziamagazine.com\/es\/#website"},"datePublished":"2016-10-21T11:09:24+00:00","dateModified":"2016-10-21T11:16:48+00:00","description":"Podr\u00edan ser las mini BFF m\u00e1s influyentes y molonas del panorama actual pero no es el caso. Este es el motivo de esta no-amistad.","breadcrumb":{"@id":"https:\/\/graziamagazine.com\/es\/articles\/no-amigas-north-west-blue-ivy\/#breadcrumb"},"inLanguage":"es","potentialAction":[{"@type":"ReadAction","target":["https:\/\/graziamagazine.com\/es\/articles\/no-amigas-north-west-blue-ivy\/"]}]},{"@type":"BreadcrumbList","@id":"https:\/\/graziamagazine.com\/es\/articles\/no-amigas-north-west-blue-ivy\/#breadcrumb","itemListElement":[{"@type":"ListItem","position":1,"name":"Portada","item":"https:\/\/graziamagazine.com\/es\/"},{"@type":"ListItem","position":2,"name":"\u00bfPor qu\u00e9 no son amigas North West y Blue Ivy?"}]},{"@type":"WebSite","@id":"https:\/\/graziamagazine.com\/es\/#website","url":"https:\/\/graziamagazine.com\/es\/","name":"Grazia","description":"Moda, belleza, celebrities, estilo de vida...","potentialAction":[{"@type":"SearchAction","target":{"@type":"EntryPoint","urlTemplate":"https:\/\/graziamagazine.com\/es\/?s={search_term_string}"},"query-input":"required name=search_term_string"}],"inLanguage":"es"}]}},"jetpack_sharing_enabled":true,"distributor_meta":false,"distributor_terms":false,"distributor_media":false,"distributor_original_site_name":"Grazia","distributor_original_site_url":"https:\/\/graziamagazine.com\/es","push-errors":false,"_links":{"self":[{"href":"https:\/\/graziamagazine.com\/es\/wp-json\/wp\/v2\/articles\/93832"}],"collection":[{"href":"https:\/\/graziamagazine.com\/es\/wp-json\/wp\/v2\/articles"}],"about":[{"href":"https:\/\/graziamagazine.com\/es\/wp-json\/wp\/v2\/types\/articles"}],"author":[{"embeddable":true,"href":"https:\/\/graziamagazine.com\/es\/wp-json\/wp\/v2\/users\/12360"}],"wp:attachment":[{"href":"https:\/\/graziamagazine.com\/es\/wp-json\/wp\/v2\/media?parent=93832"}],"wp:term":[{"taxonomy":"category","embeddable":true,"href":"https:\/\/graziamagazine.com\/es\/wp-json\/wp\/v2\/categories?post=93832"}],"curies":[{"name":"wp","href":"https:\/\/api.w.org\/{rel}","templated":true}]}}