{"id":93725,"date":"2016-10-21T14:36:41","date_gmt":"2016-10-21T12:36:41","guid":{"rendered":"https:\/\/graziamagazine.com\/es\/?p=93725"},"modified":"2016-10-21T14:36:41","modified_gmt":"2016-10-21T12:36:41","slug":"el-diario-de-candela-novembre-en-paris","status":"publish","type":"articles","link":"https:\/\/graziamagazine.com\/es\/articles\/el-diario-de-candela-novembre-en-paris\/","title":{"rendered":"El diario de Candela en Par\u00eds"},"content":{"rendered":"<p>Cuando me mud\u00e9 de Argentina a Italia para trabajar como modelo, <strong>la idea de ser elegida para desfilar para Giorgio Armani era un sue\u00f1o.<\/strong> Un sue\u00f1o que m\u00e1s tarde se hizo\u00a0realidad. El italiano fue el primer dise\u00f1ador que crey\u00f3 en m\u00ed; el primero en ver algo y en motivarme a seguir alcanzando m\u00e1s.<\/p>\n<p>De aquella \u00e9poca y de \u00e9l\u00a0conservo un recuerdo estupendo, tanto que todav\u00eda me emociono cada vez que coincidimos. Es una persona especial: tiene un carisma, una sensibilidad, una dedicaci\u00f3n al trabajo&#8230; como muy pocos\u00a0tienen la suerte de poseer.<\/p>\n<figure id=\"attachment_93741\" aria-describedby=\"caption-attachment-93741\" style=\"width: 785px\" class=\"wp-caption aligncenter\"><img loading=\"lazy\" decoding=\"async\" class=\"size-full wp-image-93741\" src=\"https:\/\/graziamagazine.com\/es\/wp-content\/uploads\/sites\/12\/2016\/10\/19204248\/GR-IT-43_16-p177a-INDJIC.jpg\" alt=\"Jugando entre los vestidos de la nueva boutique de Emporio Armani en Par\u00eds. \u00a9 Matias Indjic\" width=\"785\" height=\"523\" \/><figcaption id=\"caption-attachment-93741\" class=\"wp-caption-text\">Jugando entre los vestidos de la nueva boutique de Emporio Armani en Par\u00eds. \u00a9 Matias Indjic<\/figcaption><\/figure>\n<p>Por todo esto, cuando me invitaron a Par\u00eds, a la reapertura de la boutique de Emporio Armani y del caf\u00e9 anexo (en el Boulevard de Saint Germain 149, en el coraz\u00f3n de la <em>Rive Gauche,<\/em> la Orilla Izquierda), salt\u00e9 a las nubes.<\/p>\n<p>Para celebrar la ocasi\u00f3n, el creador iba a\u00a0trasladar <a href=\"https:\/\/graziamagazine.com\/es\/primavera-verano-2017-pret-porter\/emporio-armani-pap-primavera-verano-2017\/\" target=\"_blank\">su desfile primavera-verano<\/a> a la capital francesa desde Mil\u00e1n, donde normalmente presenta sus colecciones para la l\u00ednea Emporio.<\/p>\n<div class=\"page\" title=\"Page 2\">\n<div class=\"section\">\n<div class=\"layoutArea\">\n<div class=\"column\">\n<figure id=\"attachment_93740\" aria-describedby=\"caption-attachment-93740\" style=\"width: 785px\" class=\"wp-caption aligncenter\"><img loading=\"lazy\" decoding=\"async\" class=\"size-full wp-image-93740\" src=\"https:\/\/graziamagazine.com\/es\/wp-content\/uploads\/sites\/12\/2016\/10\/19204244\/GR-IT-43_16-p176d-INDJIC.jpg\" alt=\"El caf\u00e9 Armani en Par\u00eds, un rinc\u00f3n para tomar un respiro durante un marat\u00f3n de shopping. \u00a9 Matias Indjic\" width=\"785\" height=\"524\" \/><figcaption id=\"caption-attachment-93740\" class=\"wp-caption-text\">El caf\u00e9 Armani en Par\u00eds, un rinc\u00f3n para tomar un respiro durante un marat\u00f3n de shopping. \u00a9 Matias Indjic<\/figcaption><\/figure>\n<p>La primera cita la cerramos en la tienda. La boutique se extiende por cuatro plantas, sobre un total de 1.460 metros cuadrados. Los escaparates dan a una de las calles m\u00e1s famosas y c\u00e9lebres del <em>shopping<\/em> parisino, \u00a1un lujo! Dentro todav\u00eda me encuentro a un mont\u00f3n de personas dando los \u00faltimos retoques antes del gran evento que se celebrar\u00e1 por la noche\u00a0y donde sacamos todas las fotos que acompa\u00f1an este texto.<\/p>\n<p>Entre los much\u00edsimos vestidos de la tienda, me dejan sin palabras una serie de prendas de la colecci\u00f3n oto\u00f1o-invierno, rematados todos con fantas\u00edas geom\u00e9tricas y colores vivos: <strong>fue amor a primera vista. As\u00ed que necesit\u00e9 muy pocos minutos para elegir el look que llevar\u00eda al evento.<\/strong> All\u00ed me encontr\u00e9 a la fot\u00f3grafa Micol Sabbadini, que tambi\u00e9n estaba en Par\u00eds para la fiesta.<\/p>\n<p>De vuelta en mi hotel me concedo un largo ba\u00f1o caliente aderezado con un par de kilos de sales: es <strong>uno de mis secretos de belleza preferidos,<\/strong>\u00a0revigoriza la piel y la deja radiante.<\/p>\n<figure id=\"attachment_93738\" aria-describedby=\"caption-attachment-93738\" style=\"width: 785px\" class=\"wp-caption aligncenter\"><img loading=\"lazy\" decoding=\"async\" class=\"size-full wp-image-93738\" src=\"https:\/\/graziamagazine.com\/es\/wp-content\/uploads\/sites\/12\/2016\/10\/19204236\/GR-IT-43_16-p176b-INDJIC.jpg\" alt=\"\u00bfEl vestido? Fue amor a primera vista. \u00a9 Matias Indjic\" width=\"785\" height=\"524\" \/><figcaption id=\"caption-attachment-93738\" class=\"wp-caption-text\">\u00bfEl vestido? Fue amor a primera vista. \u00a9 Matias Indjic<\/figcaption><\/figure>\n<p>Tras mi momento de relax estoy lista para el evento en el Caff\u00e8 Emporio Armani: dise\u00f1o minimalista, colores tenues y decoraci\u00f3n refinada. Un rato despu\u00e9s, a\u00a0las nueve de la noche empieza el desfile en el estadio de Bercy y all\u00e1 me dirijo junto a otros invitados.<\/p>\n<figure id=\"attachment_93737\" aria-describedby=\"caption-attachment-93737\" style=\"width: 785px\" class=\"wp-caption aligncenter\"><img loading=\"lazy\" decoding=\"async\" class=\"size-full wp-image-93737\" src=\"https:\/\/graziamagazine.com\/es\/wp-content\/uploads\/sites\/12\/2016\/10\/19204232\/GR-IT-43_16-p176a-INDJIC.jpg\" alt=\"P-L-A-N-A-Z-O. \u00a9 Matias Indjic\" width=\"785\" height=\"525\" \/><figcaption id=\"caption-attachment-93737\" class=\"wp-caption-text\">P-L-A-N-A-Z-O. \u00a9 Matias Indjic<\/figcaption><\/figure>\n<p>El dise\u00f1ador se ha atrevido con las trenzas para el look de belleza.\u00a0Los colores de la colecci\u00f3n, los osados contrastes y la audacia en los estilismos representan su intenci\u00f3n de moverse hacia delante, de buscar novedad. \u00bfMis preferidos? El traje de silueta sirena, cubierto de cristales, y los vestidos multicolor inspirados en Oriente.<\/p>\n<p>Nada m\u00e1s terminar el desfile me cuelo en el <em>backstage<\/em> para abrazar a Giorgio. Le saludo y me voy corriendo. A la ma\u00f1ana siguiente regreso temprano a Mil\u00e1n, con el recuero fresco de un d\u00eda de ensue\u00f1o.<\/p>\n<figure id=\"attachment_93743\" aria-describedby=\"caption-attachment-93743\" style=\"width: 785px\" class=\"wp-caption aligncenter\"><img loading=\"lazy\" decoding=\"async\" class=\"size-full wp-image-93743\" src=\"https:\/\/graziamagazine.com\/es\/wp-content\/uploads\/sites\/12\/2016\/10\/19204256\/GR-IT-43_16-p177c-INDJIC.jpg\" alt=\"&quot;Todav\u00eda me emociono cuando me encuentro con Giorgio Armani&quot;. \u00a9 Matias Indjic\" width=\"785\" height=\"523\" \/><figcaption id=\"caption-attachment-93743\" class=\"wp-caption-text\">\u00abTodav\u00eda me emociono cuando me encuentro con Giorgio Armani\u00bb. \u00a9 Matias Indjic<\/figcaption><\/figure>\n<\/div>\n<\/div>\n<\/div>\n<\/div>\n<p><em>*Testimonio recogido por Simone Monguzzi.<\/em><\/p>\n<blockquote><p>Y, adem\u00e1s, las tendencias de street style de la temporada:<\/p><\/blockquote>\n<p>[galeria]<\/p>\n<p><iframe loading=\"lazy\" style=\"border: none; overflow: hidden; height: 258px;\" src=\"\/\/www.facebook.com\/plugins\/likebox.php?href=https%3A%2F%2Fwww.facebook.com%2Fgraziaespana&amp;width&amp;height=258&amp;colorscheme=light&amp;show_faces=true&amp;header=false&amp;stream=false&amp;show_border=false&amp;appId=349017955267591\" width=\"300\" height=\"150\" frameborder=\"0\" scrolling=\"no\"><\/iframe><\/p>\n","protected":false},"author":13764,"featured_media":0,"template":"","format":"standard","categories":[3,1],"acf":[],"yoast_head":"<!-- This site is optimized with the Yoast SEO Premium plugin v18.5 (Yoast SEO v20.4) - https:\/\/yoast.com\/wordpress\/plugins\/seo\/ -->\n<title>El diario de Candela en Par\u00eds con Emporio Armani | Grazia<\/title>\n<meta name=\"description\" content=\"Enviamos a la &#039;influencer&#039; como reportera (dicharachera) a la inauguraci\u00f3n de la nueva tienda de Emporio Armani en Par\u00eds y al desfile de la firma.\" \/>\n<meta name=\"robots\" content=\"index, follow, max-snippet:-1, max-image-preview:large, max-video-preview:-1\" \/>\n<link rel=\"canonical\" href=\"https:\/\/graziamagazine.com\/es\/articles\/el-diario-de-candela-novembre-en-paris\/\" \/>\n<meta property=\"og:locale\" content=\"es_ES\" \/>\n<meta property=\"og:type\" content=\"article\" \/>\n<meta property=\"og:title\" content=\"El diario de Candela en Par\u00eds\" \/>\n<meta property=\"og:description\" content=\"Enviamos a la &#039;influencer&#039; como reportera (dicharachera) a la inauguraci\u00f3n de la nueva tienda de Emporio Armani en Par\u00eds y al desfile de la firma.\" \/>\n<meta property=\"og:url\" content=\"https:\/\/graziamagazine.com\/es\/articles\/el-diario-de-candela-novembre-en-paris\/\" \/>\n<meta property=\"og:site_name\" content=\"Grazia\" \/>\n<meta property=\"og:image\" content=\"https:\/\/graziamagazine.com\/es\/wp-content\/uploads\/sites\/12\/2016\/10\/19204217\/01-candela-novembre.jpg?fit=785%2C480\" \/>\n\t<meta property=\"og:image:width\" content=\"785\" \/>\n\t<meta property=\"og:image:height\" content=\"480\" \/>\n\t<meta property=\"og:image:type\" content=\"image\/jpeg\" \/>\n<meta name=\"twitter:card\" content=\"summary_large_image\" \/>\n<meta name=\"twitter:title\" content=\"El diario de Candela en Par\u00eds\" \/>\n<meta name=\"twitter:description\" content=\"Enviamos a la &#039;influencer&#039; como reportera (dicharachera) a la inauguraci\u00f3n de la nueva tienda de Emporio Armani en Par\u00eds y al desfile de la firma.\" \/>\n<meta name=\"twitter:image\" content=\"http:\/\/s3-eu-west-1.amazonaws.com\/grazia-cdn\/wp-content\/uploads\/sites\/12\/2016\/10\/19204217\/01-candela-novembre.jpg\" \/>\n<meta name=\"twitter:label1\" content=\"Est. reading time\" \/>\n\t<meta name=\"twitter:data1\" content=\"3 minutos\" \/>\n<script type=\"application\/ld+json\" class=\"yoast-schema-graph\">{\"@context\":\"https:\/\/schema.org\",\"@graph\":[{\"@type\":\"WebPage\",\"@id\":\"https:\/\/graziamagazine.com\/es\/articles\/el-diario-de-candela-novembre-en-paris\/\",\"url\":\"https:\/\/graziamagazine.com\/es\/articles\/el-diario-de-candela-novembre-en-paris\/\",\"name\":\"El diario de Candela en Par\u00eds con Emporio Armani | Grazia\",\"isPartOf\":{\"@id\":\"https:\/\/graziamagazine.com\/es\/#website\"},\"datePublished\":\"2016-10-21T12:36:41+00:00\",\"dateModified\":\"2016-10-21T12:36:41+00:00\",\"description\":\"Enviamos a la 'influencer' como reportera (dicharachera) a la inauguraci\u00f3n de la nueva tienda de Emporio Armani en Par\u00eds y al desfile de la firma.\",\"breadcrumb\":{\"@id\":\"https:\/\/graziamagazine.com\/es\/articles\/el-diario-de-candela-novembre-en-paris\/#breadcrumb\"},\"inLanguage\":\"es\",\"potentialAction\":[{\"@type\":\"ReadAction\",\"target\":[\"https:\/\/graziamagazine.com\/es\/articles\/el-diario-de-candela-novembre-en-paris\/\"]}]},{\"@type\":\"BreadcrumbList\",\"@id\":\"https:\/\/graziamagazine.com\/es\/articles\/el-diario-de-candela-novembre-en-paris\/#breadcrumb\",\"itemListElement\":[{\"@type\":\"ListItem\",\"position\":1,\"name\":\"Portada\",\"item\":\"https:\/\/graziamagazine.com\/es\/\"},{\"@type\":\"ListItem\",\"position\":2,\"name\":\"El diario de Candela en Par\u00eds\"}]},{\"@type\":\"WebSite\",\"@id\":\"https:\/\/graziamagazine.com\/es\/#website\",\"url\":\"https:\/\/graziamagazine.com\/es\/\",\"name\":\"Grazia\",\"description\":\"Moda, belleza, celebrities, estilo de vida...\",\"potentialAction\":[{\"@type\":\"SearchAction\",\"target\":{\"@type\":\"EntryPoint\",\"urlTemplate\":\"https:\/\/graziamagazine.com\/es\/?s={search_term_string}\"},\"query-input\":\"required name=search_term_string\"}],\"inLanguage\":\"es\"}]}<\/script>\n<!-- \/ Yoast SEO Premium plugin. -->","yoast_head_json":{"title":"El diario de Candela en Par\u00eds con Emporio Armani | Grazia","description":"Enviamos a la 'influencer' como reportera (dicharachera) a la inauguraci\u00f3n de la nueva tienda de Emporio Armani en Par\u00eds y al desfile de la firma.","robots":{"index":"index","follow":"follow","max-snippet":"max-snippet:-1","max-image-preview":"max-image-preview:large","max-video-preview":"max-video-preview:-1"},"canonical":"https:\/\/graziamagazine.com\/es\/articles\/el-diario-de-candela-novembre-en-paris\/","og_locale":"es_ES","og_type":"article","og_title":"El diario de Candela en Par\u00eds","og_description":"Enviamos a la 'influencer' como reportera (dicharachera) a la inauguraci\u00f3n de la nueva tienda de Emporio Armani en Par\u00eds y al desfile de la firma.","og_url":"https:\/\/graziamagazine.com\/es\/articles\/el-diario-de-candela-novembre-en-paris\/","og_site_name":"Grazia","og_image":[{"width":785,"height":480,"url":"https:\/\/graziamagazine.com\/es\/wp-content\/uploads\/sites\/12\/2016\/10\/19204217\/01-candela-novembre.jpg?fit=785%2C480","type":"image\/jpeg"}],"twitter_card":"summary_large_image","twitter_title":"El diario de Candela en Par\u00eds","twitter_description":"Enviamos a la 'influencer' como reportera (dicharachera) a la inauguraci\u00f3n de la nueva tienda de Emporio Armani en Par\u00eds y al desfile de la firma.","twitter_image":"http:\/\/s3-eu-west-1.amazonaws.com\/grazia-cdn\/wp-content\/uploads\/sites\/12\/2016\/10\/19204217\/01-candela-novembre.jpg","twitter_misc":{"Est. reading time":"3 minutos"},"schema":{"@context":"https:\/\/schema.org","@graph":[{"@type":"WebPage","@id":"https:\/\/graziamagazine.com\/es\/articles\/el-diario-de-candela-novembre-en-paris\/","url":"https:\/\/graziamagazine.com\/es\/articles\/el-diario-de-candela-novembre-en-paris\/","name":"El diario de Candela en Par\u00eds con Emporio Armani | Grazia","isPartOf":{"@id":"https:\/\/graziamagazine.com\/es\/#website"},"datePublished":"2016-10-21T12:36:41+00:00","dateModified":"2016-10-21T12:36:41+00:00","description":"Enviamos a la 'influencer' como reportera (dicharachera) a la inauguraci\u00f3n de la nueva tienda de Emporio Armani en Par\u00eds y al desfile de la firma.","breadcrumb":{"@id":"https:\/\/graziamagazine.com\/es\/articles\/el-diario-de-candela-novembre-en-paris\/#breadcrumb"},"inLanguage":"es","potentialAction":[{"@type":"ReadAction","target":["https:\/\/graziamagazine.com\/es\/articles\/el-diario-de-candela-novembre-en-paris\/"]}]},{"@type":"BreadcrumbList","@id":"https:\/\/graziamagazine.com\/es\/articles\/el-diario-de-candela-novembre-en-paris\/#breadcrumb","itemListElement":[{"@type":"ListItem","position":1,"name":"Portada","item":"https:\/\/graziamagazine.com\/es\/"},{"@type":"ListItem","position":2,"name":"El diario de Candela en Par\u00eds"}]},{"@type":"WebSite","@id":"https:\/\/graziamagazine.com\/es\/#website","url":"https:\/\/graziamagazine.com\/es\/","name":"Grazia","description":"Moda, belleza, celebrities, estilo de vida...","potentialAction":[{"@type":"SearchAction","target":{"@type":"EntryPoint","urlTemplate":"https:\/\/graziamagazine.com\/es\/?s={search_term_string}"},"query-input":"required name=search_term_string"}],"inLanguage":"es"}]}},"jetpack_sharing_enabled":true,"distributor_meta":false,"distributor_terms":false,"distributor_media":false,"distributor_original_site_name":"Grazia","distributor_original_site_url":"https:\/\/graziamagazine.com\/es","push-errors":false,"_links":{"self":[{"href":"https:\/\/graziamagazine.com\/es\/wp-json\/wp\/v2\/articles\/93725"}],"collection":[{"href":"https:\/\/graziamagazine.com\/es\/wp-json\/wp\/v2\/articles"}],"about":[{"href":"https:\/\/graziamagazine.com\/es\/wp-json\/wp\/v2\/types\/articles"}],"author":[{"embeddable":true,"href":"https:\/\/graziamagazine.com\/es\/wp-json\/wp\/v2\/users\/13764"}],"wp:attachment":[{"href":"https:\/\/graziamagazine.com\/es\/wp-json\/wp\/v2\/media?parent=93725"}],"wp:term":[{"taxonomy":"category","embeddable":true,"href":"https:\/\/graziamagazine.com\/es\/wp-json\/wp\/v2\/categories?post=93725"}],"curies":[{"name":"wp","href":"https:\/\/api.w.org\/{rel}","templated":true}]}}