{"id":92674,"date":"2016-10-12T22:29:16","date_gmt":"2016-10-12T20:29:16","guid":{"rendered":"https:\/\/graziamagazine.com\/es\/?p=92674"},"modified":"2016-10-13T16:47:39","modified_gmt":"2016-10-13T14:47:39","slug":"todas-las-tendencias-de-esta-temporada-estan-en-zara","status":"publish","type":"articles","link":"https:\/\/graziamagazine.com\/es\/articles\/todas-las-tendencias-de-esta-temporada-estan-en-zara\/","title":{"rendered":"Todas las tendencias de la temporada est\u00e1n en Zara"},"content":{"rendered":"<p>\u00bfVestidos de terciopelo? S\u00ed. \u00bfLook bailarina? Tambi\u00e9n. \u00bfEl nuevo\u00a0<em>athleisure<\/em>? Afirmativo. Y as\u00ed, con 37 tendencias m\u00e1s.<strong>\u00a0Solo tienes que pedir por esa boquita para que el se\u00f1or\u00a0Amancio\u00a0te lo lo conceda.<\/strong><\/p>\n<p>En realidad hablamos de los vestidos de terciopelo de Prada, del look de bailarina de Valentino, del athleisure de Balenciaga&#8230; \u00bfSe dedica el gigante de Arteixo a escanear las colecciones m\u00e1s potentes sobre las pasarelas? <strong>Desde sus filas siempre se han defendido diciendo que ellos no clonan, que en realidad solo producen lo que la calle pide.<\/strong> Vamos, que si la calle pide Valentino, pues ellos crean Valentino <del>con sello Zara.<\/del><\/p>\n<figure id=\"attachment_93248\" aria-describedby=\"caption-attachment-93248\" style=\"width: 980px\" class=\"wp-caption aligncenter\"><img loading=\"lazy\" decoding=\"async\" class=\"size-full wp-image-93248\" src=\"https:\/\/graziamagazine.com\/es\/wp-content\/uploads\/sites\/12\/2016\/10\/10154243\/hometendenciaszara1.jpg\" alt=\"Los abrigos de plumas envolventes, los juegos de superposiciones, los metalizados, el look bailarina...\" width=\"980\" height=\"507\" \/><figcaption id=\"caption-attachment-93248\" class=\"wp-caption-text\">Los abrigos de plumas envolventes, los juegos de superposiciones, los metalizados, el look bailarina&#8230;<\/figcaption><\/figure>\n<p>Vale. Tomaremos pulpo como animal de compa\u00f1\u00eda y a las hombreras de Vetements como tendencia asequible al d\u00eda a d\u00eda. Y en su defensa diremos que gracias a Zara podemos vestir todas las tendencias de la temporada sin necesitar un\u00a0gran desembolso.<\/p>\n<p>\u00bfAlguien no nos cree? <strong>Para muestra, un bot\u00f3n&#8230; o mejor dicho, esta galer\u00eda:<\/strong> a la izquierda, la propuesta que triunf\u00f3 sobre la pasarela, a la derecha, la opci\u00f3n asequible v\u00eda Zara.<\/p>\n<p>[galeria]<\/p>\n<p><iframe loading=\"lazy\" style=\"border: none; overflow: hidden; height: 258px;\" src=\"\/\/www.facebook.com\/plugins\/likebox.php?href=https%3A%2F%2Fwww.facebook.com%2Fgraziaespana&amp;width&amp;height=258&amp;colorscheme=light&amp;show_faces=true&amp;header=false&amp;stream=false&amp;show_border=false&amp;appId=349017955267591\" width=\"300\" height=\"150\" frameborder=\"0\" scrolling=\"no\"><\/iframe><\/p>\n","protected":false},"author":12360,"featured_media":0,"template":"","format":"standard","categories":[1,4],"acf":[],"yoast_head":"<!-- This site is optimized with the Yoast SEO Premium plugin v18.5 (Yoast SEO v20.4) - https:\/\/yoast.com\/wordpress\/plugins\/seo\/ -->\n<title>Todas las tendencias de la temporada est\u00e1n en Zara | Grazia<\/title>\n<meta name=\"description\" content=\"Absolutamente todo lo que se va a llevar este oto\u00f1o lo encontrar\u00e1s en el buque insignia de Inditex. \u00bfNo nos crees? Te lo demostramos.\" \/>\n<meta name=\"robots\" content=\"index, follow, max-snippet:-1, max-image-preview:large, max-video-preview:-1\" \/>\n<link rel=\"canonical\" href=\"https:\/\/graziamagazine.com\/es\/articles\/todas-las-tendencias-de-esta-temporada-estan-en-zara\/\" \/>\n<meta property=\"og:locale\" content=\"es_ES\" \/>\n<meta property=\"og:type\" content=\"article\" \/>\n<meta property=\"og:title\" content=\"Todas las tendencias de la temporada est\u00e1n en Zara\" \/>\n<meta property=\"og:description\" content=\"Todas toditas. Porque esta temporada no se han dejado ni una.\" \/>\n<meta property=\"og:url\" content=\"https:\/\/graziamagazine.com\/es\/articles\/todas-las-tendencias-de-esta-temporada-estan-en-zara\/\" \/>\n<meta property=\"og:site_name\" content=\"Grazia\" \/>\n<meta property=\"article:modified_time\" content=\"2016-10-13T14:47:39+00:00\" \/>\n<meta property=\"og:image\" content=\"https:\/\/graziamagazine.com\/es\/wp-content\/uploads\/sites\/12\/2016\/10\/10153916\/tendenciaszara12.jpg?fit=785%2C500\" \/>\n\t<meta property=\"og:image:width\" content=\"785\" \/>\n\t<meta property=\"og:image:height\" content=\"500\" \/>\n\t<meta property=\"og:image:type\" content=\"image\/jpeg\" \/>\n<meta name=\"twitter:card\" content=\"summary_large_image\" \/>\n<meta name=\"twitter:title\" content=\"Todas las tendencias de la temporada est\u00e1n en Zara\" \/>\n<meta name=\"twitter:description\" content=\"Todas toditas. Porque esta temporada no se han dejado ni una.\" \/>\n<meta name=\"twitter:image\" content=\"http:\/\/s3-eu-west-1.amazonaws.com\/grazia-cdn\/wp-content\/uploads\/sites\/12\/2016\/10\/10153916\/tendenciaszara12.jpg\" \/>\n<meta name=\"twitter:label1\" content=\"Est. reading time\" \/>\n\t<meta name=\"twitter:data1\" content=\"1 minuto\" \/>\n<script type=\"application\/ld+json\" class=\"yoast-schema-graph\">{\"@context\":\"https:\/\/schema.org\",\"@graph\":[{\"@type\":\"WebPage\",\"@id\":\"https:\/\/graziamagazine.com\/es\/articles\/todas-las-tendencias-de-esta-temporada-estan-en-zara\/\",\"url\":\"https:\/\/graziamagazine.com\/es\/articles\/todas-las-tendencias-de-esta-temporada-estan-en-zara\/\",\"name\":\"Todas las tendencias de la temporada est\u00e1n en Zara | Grazia\",\"isPartOf\":{\"@id\":\"https:\/\/graziamagazine.com\/es\/#website\"},\"datePublished\":\"2016-10-12T20:29:16+00:00\",\"dateModified\":\"2016-10-13T14:47:39+00:00\",\"description\":\"Absolutamente todo lo que se va a llevar este oto\u00f1o lo encontrar\u00e1s en el buque insignia de Inditex. \u00bfNo nos crees? Te lo demostramos.\",\"breadcrumb\":{\"@id\":\"https:\/\/graziamagazine.com\/es\/articles\/todas-las-tendencias-de-esta-temporada-estan-en-zara\/#breadcrumb\"},\"inLanguage\":\"es\",\"potentialAction\":[{\"@type\":\"ReadAction\",\"target\":[\"https:\/\/graziamagazine.com\/es\/articles\/todas-las-tendencias-de-esta-temporada-estan-en-zara\/\"]}]},{\"@type\":\"BreadcrumbList\",\"@id\":\"https:\/\/graziamagazine.com\/es\/articles\/todas-las-tendencias-de-esta-temporada-estan-en-zara\/#breadcrumb\",\"itemListElement\":[{\"@type\":\"ListItem\",\"position\":1,\"name\":\"Portada\",\"item\":\"https:\/\/graziamagazine.com\/es\/\"},{\"@type\":\"ListItem\",\"position\":2,\"name\":\"Todas las tendencias de la temporada est\u00e1n en Zara\"}]},{\"@type\":\"WebSite\",\"@id\":\"https:\/\/graziamagazine.com\/es\/#website\",\"url\":\"https:\/\/graziamagazine.com\/es\/\",\"name\":\"Grazia\",\"description\":\"Moda, belleza, celebrities, estilo de vida...\",\"potentialAction\":[{\"@type\":\"SearchAction\",\"target\":{\"@type\":\"EntryPoint\",\"urlTemplate\":\"https:\/\/graziamagazine.com\/es\/?s={search_term_string}\"},\"query-input\":\"required name=search_term_string\"}],\"inLanguage\":\"es\"}]}<\/script>\n<!-- \/ Yoast SEO Premium plugin. -->","yoast_head_json":{"title":"Todas las tendencias de la temporada est\u00e1n en Zara | Grazia","description":"Absolutamente todo lo que se va a llevar este oto\u00f1o lo encontrar\u00e1s en el buque insignia de Inditex. \u00bfNo nos crees? Te lo demostramos.","robots":{"index":"index","follow":"follow","max-snippet":"max-snippet:-1","max-image-preview":"max-image-preview:large","max-video-preview":"max-video-preview:-1"},"canonical":"https:\/\/graziamagazine.com\/es\/articles\/todas-las-tendencias-de-esta-temporada-estan-en-zara\/","og_locale":"es_ES","og_type":"article","og_title":"Todas las tendencias de la temporada est\u00e1n en Zara","og_description":"Todas toditas. Porque esta temporada no se han dejado ni una.","og_url":"https:\/\/graziamagazine.com\/es\/articles\/todas-las-tendencias-de-esta-temporada-estan-en-zara\/","og_site_name":"Grazia","article_modified_time":"2016-10-13T14:47:39+00:00","og_image":[{"width":785,"height":500,"url":"https:\/\/graziamagazine.com\/es\/wp-content\/uploads\/sites\/12\/2016\/10\/10153916\/tendenciaszara12.jpg?fit=785%2C500","type":"image\/jpeg"}],"twitter_card":"summary_large_image","twitter_title":"Todas las tendencias de la temporada est\u00e1n en Zara","twitter_description":"Todas toditas. Porque esta temporada no se han dejado ni una.","twitter_image":"http:\/\/s3-eu-west-1.amazonaws.com\/grazia-cdn\/wp-content\/uploads\/sites\/12\/2016\/10\/10153916\/tendenciaszara12.jpg","twitter_misc":{"Est. reading time":"1 minuto"},"schema":{"@context":"https:\/\/schema.org","@graph":[{"@type":"WebPage","@id":"https:\/\/graziamagazine.com\/es\/articles\/todas-las-tendencias-de-esta-temporada-estan-en-zara\/","url":"https:\/\/graziamagazine.com\/es\/articles\/todas-las-tendencias-de-esta-temporada-estan-en-zara\/","name":"Todas las tendencias de la temporada est\u00e1n en Zara | Grazia","isPartOf":{"@id":"https:\/\/graziamagazine.com\/es\/#website"},"datePublished":"2016-10-12T20:29:16+00:00","dateModified":"2016-10-13T14:47:39+00:00","description":"Absolutamente todo lo que se va a llevar este oto\u00f1o lo encontrar\u00e1s en el buque insignia de Inditex. \u00bfNo nos crees? Te lo demostramos.","breadcrumb":{"@id":"https:\/\/graziamagazine.com\/es\/articles\/todas-las-tendencias-de-esta-temporada-estan-en-zara\/#breadcrumb"},"inLanguage":"es","potentialAction":[{"@type":"ReadAction","target":["https:\/\/graziamagazine.com\/es\/articles\/todas-las-tendencias-de-esta-temporada-estan-en-zara\/"]}]},{"@type":"BreadcrumbList","@id":"https:\/\/graziamagazine.com\/es\/articles\/todas-las-tendencias-de-esta-temporada-estan-en-zara\/#breadcrumb","itemListElement":[{"@type":"ListItem","position":1,"name":"Portada","item":"https:\/\/graziamagazine.com\/es\/"},{"@type":"ListItem","position":2,"name":"Todas las tendencias de la temporada est\u00e1n en Zara"}]},{"@type":"WebSite","@id":"https:\/\/graziamagazine.com\/es\/#website","url":"https:\/\/graziamagazine.com\/es\/","name":"Grazia","description":"Moda, belleza, celebrities, estilo de vida...","potentialAction":[{"@type":"SearchAction","target":{"@type":"EntryPoint","urlTemplate":"https:\/\/graziamagazine.com\/es\/?s={search_term_string}"},"query-input":"required name=search_term_string"}],"inLanguage":"es"}]}},"jetpack_sharing_enabled":true,"distributor_meta":false,"distributor_terms":false,"distributor_media":false,"distributor_original_site_name":"Grazia","distributor_original_site_url":"https:\/\/graziamagazine.com\/es","push-errors":false,"_links":{"self":[{"href":"https:\/\/graziamagazine.com\/es\/wp-json\/wp\/v2\/articles\/92674"}],"collection":[{"href":"https:\/\/graziamagazine.com\/es\/wp-json\/wp\/v2\/articles"}],"about":[{"href":"https:\/\/graziamagazine.com\/es\/wp-json\/wp\/v2\/types\/articles"}],"author":[{"embeddable":true,"href":"https:\/\/graziamagazine.com\/es\/wp-json\/wp\/v2\/users\/12360"}],"wp:attachment":[{"href":"https:\/\/graziamagazine.com\/es\/wp-json\/wp\/v2\/media?parent=92674"}],"wp:term":[{"taxonomy":"category","embeddable":true,"href":"https:\/\/graziamagazine.com\/es\/wp-json\/wp\/v2\/categories?post=92674"}],"curies":[{"name":"wp","href":"https:\/\/api.w.org\/{rel}","templated":true}]}}