{"id":91217,"date":"2016-10-02T19:56:51","date_gmt":"2016-10-02T17:56:51","guid":{"rendered":"https:\/\/graziamagazine.com\/es\/?p=91217"},"modified":"2016-10-03T16:53:00","modified_gmt":"2016-10-03T14:53:00","slug":"eliza-wass-sobrevivi-secta-religiosa","status":"publish","type":"articles","link":"https:\/\/graziamagazine.com\/es\/articles\/eliza-wass-sobrevivi-secta-religiosa\/","title":{"rendered":"\u00abYo sobreviv\u00ed a una secta religiosa\u00bb"},"content":{"rendered":"<p>Eliza Wass (30) ya no tiene miedo de contar su historia. Y lo que es m\u00e1s importante, sonr\u00ede cuando la recuerda. Criada en el seno de una familia estadounidense con fuertes creencias religiosas, Eliza siempre supo que ese no era su lugar: <strong>\u00ab\u00cdbamos a misa por las ma\u00f1anas antes de clase y tres horas todos los fines de semana\u00bb,<\/strong> recuerda. Adem\u00e1s, las normas de su comunidad eran muy estrictas. No estaban permitidas las camisetas sin tirantes o por encima de la barriga, tampoco beber t\u00e9. Nada de novios antes de los 16 y, por supuesto, prohibidas las relaciones sexuales antes del matrimonio.<\/p>\n<blockquote><p>\u00abEsperaban que encontrara un marido, procreara y, a la vez, me graduara\u00bb.<\/p><\/blockquote>\n<p>Unas normas con las que Eliza no estaba de acuerdo, pero con las que convivi\u00f3 hasta que sus padres la enviaron a una universidad de car\u00e1cter religioso. All\u00ed fue donde supo que no podr\u00eda resistir mucho m\u00e1s ese tipo de vida: <strong>\u00abCuando crees que\u00a0hacer pr\u00e1cticas en Disneyworld es un acto de rebeld\u00eda, sabes que tienes un problema\u00bb.<\/strong> De ah\u00ed que abandonara sus estudios e intentar\u00e1 recomponer el puzle en el que se hab\u00eda convertido su existencia.<\/p>\n<p>Dispuesta a viajar y a descubrir nuevas experiencias, lleg\u00f3 a Londres, ciudad donde conoci\u00f3 a su marido, el cantante Alan Wass (falleci\u00f3 de un ataque al coraz\u00f3n el a\u00f1o pasado), impulsor de su aventura literaria. \u00c9l le dio el apoyo necesario para contar su complicada juventud a trav\u00e9s de las p\u00e1ginas de <em>En el bosque<\/em>.<\/p>\n<blockquote><p>No estaban permitidas las camisetas sin tirantes, las relaciones sexuales, ni los novios antes de los 16.<\/p><\/blockquote>\n<figure id=\"attachment_91305\" aria-describedby=\"caption-attachment-91305\" style=\"width: 480px\" class=\"wp-caption aligncenter\"><img loading=\"lazy\" decoding=\"async\" class=\"size-full wp-image-91305\" src=\"https:\/\/graziamagazine.com\/es\/wp-content\/uploads\/sites\/12\/2016\/09\/30141658\/Eliza-Wass-new.jpg\" alt=\"Eliza Wass, autora de 'En el bosque'.\" width=\"480\" height=\"683\" \/><figcaption id=\"caption-attachment-91305\" class=\"wp-caption-text\">Eliza Wass, autora de &#8216;En el bosque&#8217;.<\/figcaption><\/figure>\n<p><strong>Compartir tu historia es un tremendo acto de valent\u00eda, \u00bfc\u00f3mo crees que va a reaccionar\u00a0la gente que lea tu libro?<\/strong><\/p>\n<p>Espero que las personas que han pasado por situaciones similares sepan que no est\u00e1n solas. Mi intenci\u00f3n es que toda esa gente que est\u00e1 siendo controlada por otros, se sientan inspirados y busquen nuevas formas de vida. Hay que tener fe en uno mismo, por mucho que los que est\u00e9n a tu alrededor piensen de manera diferente.<\/p>\n<p>&nbsp;<\/p>\n<p><strong>\u00bfC\u00f3mo recuerdas tu vida cuando eras peque\u00f1a? \u00bfCrees que tu familia utilizaba la religi\u00f3n para controlarte?<\/strong><\/p>\n<p>Fue una \u00e9poca bastante confusa, pero es injusto decir que las personas religiosas utilizan sus creencias para ejercer un control sobre los dem\u00e1s. Creo que mucho de lo que consideramos\u00a0&#8216;religi\u00f3n&#8217; hoy en d\u00eda, no lo es. Son formas de vida que se han creado\u00a0dentro de ella y las personas que siguen sus normas o reglas creen firmemente que les ayudar\u00e1 a encontrar la salvaci\u00f3n. Este fue, por ejemplo, el caso de mi familia.<\/p>\n<figure id=\"attachment_91308\" aria-describedby=\"caption-attachment-91308\" style=\"width: 500px\" class=\"wp-caption aligncenter\"><img loading=\"lazy\" decoding=\"async\" class=\"wp-image-91308\" src=\"https:\/\/graziamagazine.com\/es\/wp-content\/uploads\/sites\/12\/2016\/09\/30142103\/En-el-bosque-642x1024.jpg\" alt=\"Portada del libro 'En el bosque'.\" width=\"500\" height=\"798\" \/><figcaption id=\"caption-attachment-91308\" class=\"wp-caption-text\">&#8216;En el bosque&#8217; es la historia de los ni\u00f1os Cresswell, destinados a casarse entre ellos. Los elegidos para encontrar la salvaci\u00f3n&#8230; siempre y cuando sigan las reglas que Dios le ha revelado a su padre.<\/figcaption><\/figure>\n<p><strong>\u00bfIntentaste hablar con ellos sobre tus reticencias en cuanto a vuestra forma de vida?<\/strong><\/p>\n<p>El problema con la religi\u00f3n y mi familia es que cualquiera que cuestione sus creencias est\u00e1 bajo la influencia del demonio. As\u00ed que es imposible discutir con ellos porque en el momento en el que lo haces, eres el demonio y nunca podr\u00e1s ganar. Cierto es que expres\u00e9 mi malestar, pero lo que yo considero hechos, ellos lo consideran fantas\u00edas. As\u00ed que tuve que darme cuenta de que no es mi trabajo vivir su vida, de la misma manera que ellos no deben vivir la m\u00eda.<\/p>\n<p>&nbsp;<\/p>\n<p><strong>\u00bfC\u00f3mo reaccionaron cuando decidiste\u00a0abandonarlos?<\/strong><\/p>\n<p>Las cosas se pusieron bastante mal y llegu\u00e9 a sentirme\u00a0un tanto suicida porque no quer\u00eda vivir sin mi familia. Pero por otro lado, no pod\u00eda vivir de la manera en la que ellos lo hac\u00edan. Por suerte, con el paso del tiempo, ellos han sido m\u00e1s tolerantes y ahora tenemos una relaci\u00f3n bastante buena. Nunca sabes lo que te depara el futuro, as\u00ed que es cuesti\u00f3n de esperar y dejar que la vida nos sorprenda.<\/p>\n<blockquote><p>\u00abCreo que mucho de lo que consideramos\u00a0&#8216;religi\u00f3n&#8217; hoy en d\u00eda, no lo es\u00bb.<\/p><\/blockquote>\n<p><strong>En tu caso, la vida te depar\u00f3 un feliz matrimonio durante ocho a\u00f1os, \u00bfcrees que convertirte en esposa te cambi\u00f3 de alguna manera?<\/strong><\/p>\n<p>Por supuesto. Mi difunto marido y yo compartimos un apasionado amor y me siento muy afortunada por haber podido vivir esa incre\u00edble experiencia. Siempre me sent\u00ed fuera de lugar hasta que lo conoc\u00ed a \u00e9l. Era un sentimiento m\u00e1gico.<\/p>\n<figure id=\"attachment_91303\" aria-describedby=\"caption-attachment-91303\" style=\"width: 600px\" class=\"wp-caption aligncenter\"><img loading=\"lazy\" decoding=\"async\" class=\"size-full wp-image-91303\" src=\"https:\/\/graziamagazine.com\/es\/wp-content\/uploads\/sites\/12\/2016\/09\/30141044\/Marido-de-Eliza-Wass.jpg\" alt=\"Alan Wass, cantante y difunto marido de Eliza. \u00a9Twitter\" width=\"600\" height=\"450\" \/><figcaption id=\"caption-attachment-91303\" class=\"wp-caption-text\">Alan Wass, cantante y difunto marido de Eliza. \u00a9 Twitter<\/figcaption><\/figure>\n<p><strong>\u00bfTienes miedo de lo que tu familia pueda pensar sobre tu libro?<\/strong><\/p>\n<p>Estuve muy preocupada al respecto, pero ellos se han convertido en mi mayor apoyo. En realidad, esta aventura ha hecho que me sienta m\u00e1s conectada a ellos porque creo que puede ayudarnos a entendernos mejor.<\/p>\n<p>&nbsp;<\/p>\n<p><strong>Vivimos en una sociedad en la que muchas mujeres no son libres para hacer lo que quieren&#8230;<\/strong><\/p>\n<p>Hay que transmitirles el mensaje de que no est\u00e1n solas. Es un tema muy delicado porque, en la mayor\u00eda de los casos, estamos hablando de mujeres que viven atemorizadas por el patriarcado, la religi\u00f3n o por instituciones gubernamentales. As\u00ed que les dir\u00eda que sean inteligentes y cuiden de s\u00ed mismas, pero que mantengan un ojo abierto en busca de oportunidades. Todos estamos luchando por ellas.<\/p>\n<figure id=\"attachment_91530\" aria-describedby=\"caption-attachment-91530\" style=\"width: 785px\" class=\"wp-caption aligncenter\"><img loading=\"lazy\" decoding=\"async\" class=\"size-full wp-image-91530\" src=\"https:\/\/graziamagazine.com\/es\/wp-content\/uploads\/sites\/12\/2016\/09\/30235216\/01-sobrevivi-a-una-secta-religiosa.jpg\" alt=\"\u00a9 Cortes\u00eda de B de Blok\" width=\"785\" height=\"480\" \/><figcaption id=\"caption-attachment-91530\" class=\"wp-caption-text\">\u00a9 Cortes\u00eda de B de Blok \/ Peter Roston<\/figcaption><\/figure>\n<p><strong>Dada tu traum\u00e1tica experiencia, \u00bfsigues creyendo en la religi\u00f3n<\/strong>?<\/p>\n<p>S\u00ed, es parte de la persona que soy ahora. Creo que todas las religiones son diferentes caminos para alcanzar un determinado sentimiento que escapa a nuestra percepci\u00f3n. No s\u00e9, pero a veces necesitamos un poco de magia para creer en nosotros mismos.<\/p>\n<p>&nbsp;<\/p>\n<p><strong>\u00bfCu\u00e1l es tu pr\u00f3ximo paso?<\/strong><\/p>\n<p>Me gustar\u00eda seguir escribiendo. Obviamente, tras la p\u00e9rdida de mi marido el a\u00f1o pasado, estoy atravesando un momento un tanto complicado. As\u00ed que de momento, solo me centro en mantenerme de pie y confiar en que las cosas mejorar\u00e1n.<\/p>\n<p><em>&#8216;En el bosque&#8217;, editado por B de Blok, ya est\u00e1 a la venta (precio: 15 \u20ac y <a href=\"https:\/\/www.amazon.es\/En-el-bosque-Eliza-Wass-ebook\/dp\/B01JP20HQK\/ref=sr_1_1_twi_kin_1?ie=UTF8&amp;qid=1475272815&amp;sr=8-1&amp;keywords=en+el+bosque+eliza\" target=\"_blank\" target=\"_blank\">ebook<\/a>,\u00a0 5,49 \u20ac).<\/em><\/p>\n<figure id=\"attachment_91304\" aria-describedby=\"caption-attachment-91304\" style=\"width: 550px\" class=\"wp-caption aligncenter\"><img loading=\"lazy\" decoding=\"async\" class=\"wp-image-91304\" src=\"https:\/\/graziamagazine.com\/es\/wp-content\/uploads\/sites\/12\/2016\/09\/30141407\/Hermanos-de-Eliza-1024x995.jpg\" alt=\"Los hermanos de Eliza leyendo su libro. \u00a9Twitter\" width=\"550\" height=\"534\" \/><figcaption id=\"caption-attachment-91304\" class=\"wp-caption-text\">Eliza tiene nueve hermanos que apoyan su trabajo como escritora. Aqu\u00ed cuatro de ellos, bromeando con su primer libro. \u00a9 Twitter<\/figcaption><\/figure>\n<p><iframe loading=\"lazy\" style=\"overflow: hidden; height: 258px;\" src=\"\/\/www.facebook.com\/plugins\/likebox.php?href=https%3A%2F%2Fwww.facebook.com%2Fgraziaespana&amp;width&amp;height=258&amp;colorscheme=light&amp;show_faces=true&amp;header=false&amp;stream=false&amp;show_border=false&amp;appId=349017955267591\" width=\"300\" height=\"150\" frameborder=\"0\" scrolling=\"no\"><\/iframe><\/p>\n","protected":false},"author":13931,"featured_media":0,"template":"","format":"standard","categories":[19,18],"acf":[],"yoast_head":"<!-- This site is optimized with the Yoast SEO Premium plugin v18.5 (Yoast SEO v20.4) - https:\/\/yoast.com\/wordpress\/plugins\/seo\/ -->\n<title>&quot;Yo sobreviv\u00ed a una secta religiosa&quot; | Grazia<\/title>\n<meta name=\"description\" content=\"Con solo 22 a\u00f1os, huy\u00f3 de una forma de vida que aprisionaba sus sue\u00f1os. Ahora, Eliza Wass ha escrito &#039;En el bosque&#039;, un libro que ha supuesto su salvaci\u00f3n.\" \/>\n<meta name=\"robots\" content=\"index, follow, max-snippet:-1, max-image-preview:large, max-video-preview:-1\" \/>\n<link rel=\"canonical\" href=\"https:\/\/graziamagazine.com\/es\/articles\/eliza-wass-sobrevivi-secta-religiosa\/\" \/>\n<meta property=\"og:locale\" content=\"es_ES\" \/>\n<meta property=\"og:type\" content=\"article\" \/>\n<meta property=\"og:title\" content=\"&quot;Yo sobreviv\u00ed a una secta religiosa&quot;\" \/>\n<meta property=\"og:description\" content=\"Con solo 22 a\u00f1os, huy\u00f3 de una forma de vida que aprisionaba sus sue\u00f1os. Ahora, Eliza Wass ha escrito &#039;En el bosque&#039;, un libro que ha supuesto su salvaci\u00f3n.\" \/>\n<meta property=\"og:url\" content=\"https:\/\/graziamagazine.com\/es\/articles\/eliza-wass-sobrevivi-secta-religiosa\/\" \/>\n<meta property=\"og:site_name\" content=\"Grazia\" \/>\n<meta property=\"article:modified_time\" content=\"2016-10-03T14:53:00+00:00\" \/>\n<meta property=\"og:image\" content=\"https:\/\/graziamagazine.com\/es\/wp-content\/uploads\/sites\/12\/2016\/09\/30235216\/01-sobrevivi-a-una-secta-religiosa.jpg?fit=785%2C480\" \/>\n\t<meta property=\"og:image:width\" content=\"785\" \/>\n\t<meta property=\"og:image:height\" content=\"480\" \/>\n\t<meta property=\"og:image:type\" content=\"image\/jpeg\" \/>\n<meta name=\"twitter:card\" content=\"summary_large_image\" \/>\n<meta name=\"twitter:title\" content=\"&quot;Yo sobreviv\u00ed a una secta religiosa&quot;\" \/>\n<meta name=\"twitter:description\" content=\"Con solo 22 a\u00f1os, huy\u00f3 de una forma de vida que aprisionaba sus sue\u00f1os. Ahora, Eliza Wass ha escrito &#039;En el bosque&#039;, un libro que ha supuesto su salvaci\u00f3n.\" \/>\n<meta name=\"twitter:image\" content=\"http:\/\/s3-eu-west-1.amazonaws.com\/grazia-cdn\/wp-content\/uploads\/sites\/12\/2016\/09\/30235216\/01-sobrevivi-a-una-secta-religiosa.jpg\" \/>\n<meta name=\"twitter:label1\" content=\"Est. reading time\" \/>\n\t<meta name=\"twitter:data1\" content=\"6 minutos\" \/>\n<script type=\"application\/ld+json\" class=\"yoast-schema-graph\">{\"@context\":\"https:\/\/schema.org\",\"@graph\":[{\"@type\":\"WebPage\",\"@id\":\"https:\/\/graziamagazine.com\/es\/articles\/eliza-wass-sobrevivi-secta-religiosa\/\",\"url\":\"https:\/\/graziamagazine.com\/es\/articles\/eliza-wass-sobrevivi-secta-religiosa\/\",\"name\":\"\\\"Yo sobreviv\u00ed a una secta religiosa\\\" | Grazia\",\"isPartOf\":{\"@id\":\"https:\/\/graziamagazine.com\/es\/#website\"},\"datePublished\":\"2016-10-02T17:56:51+00:00\",\"dateModified\":\"2016-10-03T14:53:00+00:00\",\"description\":\"Con solo 22 a\u00f1os, huy\u00f3 de una forma de vida que aprisionaba sus sue\u00f1os. Ahora, Eliza Wass ha escrito 'En el bosque', un libro que ha supuesto su salvaci\u00f3n.\",\"breadcrumb\":{\"@id\":\"https:\/\/graziamagazine.com\/es\/articles\/eliza-wass-sobrevivi-secta-religiosa\/#breadcrumb\"},\"inLanguage\":\"es\",\"potentialAction\":[{\"@type\":\"ReadAction\",\"target\":[\"https:\/\/graziamagazine.com\/es\/articles\/eliza-wass-sobrevivi-secta-religiosa\/\"]}]},{\"@type\":\"BreadcrumbList\",\"@id\":\"https:\/\/graziamagazine.com\/es\/articles\/eliza-wass-sobrevivi-secta-religiosa\/#breadcrumb\",\"itemListElement\":[{\"@type\":\"ListItem\",\"position\":1,\"name\":\"Portada\",\"item\":\"https:\/\/graziamagazine.com\/es\/\"},{\"@type\":\"ListItem\",\"position\":2,\"name\":\"\u00abYo sobreviv\u00ed a una secta religiosa\u00bb\"}]},{\"@type\":\"WebSite\",\"@id\":\"https:\/\/graziamagazine.com\/es\/#website\",\"url\":\"https:\/\/graziamagazine.com\/es\/\",\"name\":\"Grazia\",\"description\":\"Moda, belleza, celebrities, estilo de vida...\",\"potentialAction\":[{\"@type\":\"SearchAction\",\"target\":{\"@type\":\"EntryPoint\",\"urlTemplate\":\"https:\/\/graziamagazine.com\/es\/?s={search_term_string}\"},\"query-input\":\"required name=search_term_string\"}],\"inLanguage\":\"es\"}]}<\/script>\n<!-- \/ Yoast SEO Premium plugin. -->","yoast_head_json":{"title":"\"Yo sobreviv\u00ed a una secta religiosa\" | Grazia","description":"Con solo 22 a\u00f1os, huy\u00f3 de una forma de vida que aprisionaba sus sue\u00f1os. Ahora, Eliza Wass ha escrito 'En el bosque', un libro que ha supuesto su salvaci\u00f3n.","robots":{"index":"index","follow":"follow","max-snippet":"max-snippet:-1","max-image-preview":"max-image-preview:large","max-video-preview":"max-video-preview:-1"},"canonical":"https:\/\/graziamagazine.com\/es\/articles\/eliza-wass-sobrevivi-secta-religiosa\/","og_locale":"es_ES","og_type":"article","og_title":"\"Yo sobreviv\u00ed a una secta religiosa\"","og_description":"Con solo 22 a\u00f1os, huy\u00f3 de una forma de vida que aprisionaba sus sue\u00f1os. Ahora, Eliza Wass ha escrito 'En el bosque', un libro que ha supuesto su salvaci\u00f3n.","og_url":"https:\/\/graziamagazine.com\/es\/articles\/eliza-wass-sobrevivi-secta-religiosa\/","og_site_name":"Grazia","article_modified_time":"2016-10-03T14:53:00+00:00","og_image":[{"width":785,"height":480,"url":"https:\/\/graziamagazine.com\/es\/wp-content\/uploads\/sites\/12\/2016\/09\/30235216\/01-sobrevivi-a-una-secta-religiosa.jpg?fit=785%2C480","type":"image\/jpeg"}],"twitter_card":"summary_large_image","twitter_title":"\"Yo sobreviv\u00ed a una secta religiosa\"","twitter_description":"Con solo 22 a\u00f1os, huy\u00f3 de una forma de vida que aprisionaba sus sue\u00f1os. Ahora, Eliza Wass ha escrito 'En el bosque', un libro que ha supuesto su salvaci\u00f3n.","twitter_image":"http:\/\/s3-eu-west-1.amazonaws.com\/grazia-cdn\/wp-content\/uploads\/sites\/12\/2016\/09\/30235216\/01-sobrevivi-a-una-secta-religiosa.jpg","twitter_misc":{"Est. reading time":"6 minutos"},"schema":{"@context":"https:\/\/schema.org","@graph":[{"@type":"WebPage","@id":"https:\/\/graziamagazine.com\/es\/articles\/eliza-wass-sobrevivi-secta-religiosa\/","url":"https:\/\/graziamagazine.com\/es\/articles\/eliza-wass-sobrevivi-secta-religiosa\/","name":"\"Yo sobreviv\u00ed a una secta religiosa\" | Grazia","isPartOf":{"@id":"https:\/\/graziamagazine.com\/es\/#website"},"datePublished":"2016-10-02T17:56:51+00:00","dateModified":"2016-10-03T14:53:00+00:00","description":"Con solo 22 a\u00f1os, huy\u00f3 de una forma de vida que aprisionaba sus sue\u00f1os. Ahora, Eliza Wass ha escrito 'En el bosque', un libro que ha supuesto su salvaci\u00f3n.","breadcrumb":{"@id":"https:\/\/graziamagazine.com\/es\/articles\/eliza-wass-sobrevivi-secta-religiosa\/#breadcrumb"},"inLanguage":"es","potentialAction":[{"@type":"ReadAction","target":["https:\/\/graziamagazine.com\/es\/articles\/eliza-wass-sobrevivi-secta-religiosa\/"]}]},{"@type":"BreadcrumbList","@id":"https:\/\/graziamagazine.com\/es\/articles\/eliza-wass-sobrevivi-secta-religiosa\/#breadcrumb","itemListElement":[{"@type":"ListItem","position":1,"name":"Portada","item":"https:\/\/graziamagazine.com\/es\/"},{"@type":"ListItem","position":2,"name":"\u00abYo sobreviv\u00ed a una secta religiosa\u00bb"}]},{"@type":"WebSite","@id":"https:\/\/graziamagazine.com\/es\/#website","url":"https:\/\/graziamagazine.com\/es\/","name":"Grazia","description":"Moda, belleza, celebrities, estilo de vida...","potentialAction":[{"@type":"SearchAction","target":{"@type":"EntryPoint","urlTemplate":"https:\/\/graziamagazine.com\/es\/?s={search_term_string}"},"query-input":"required name=search_term_string"}],"inLanguage":"es"}]}},"jetpack_sharing_enabled":true,"distributor_meta":false,"distributor_terms":false,"distributor_media":false,"distributor_original_site_name":"Grazia","distributor_original_site_url":"https:\/\/graziamagazine.com\/es","push-errors":false,"_links":{"self":[{"href":"https:\/\/graziamagazine.com\/es\/wp-json\/wp\/v2\/articles\/91217"}],"collection":[{"href":"https:\/\/graziamagazine.com\/es\/wp-json\/wp\/v2\/articles"}],"about":[{"href":"https:\/\/graziamagazine.com\/es\/wp-json\/wp\/v2\/types\/articles"}],"author":[{"embeddable":true,"href":"https:\/\/graziamagazine.com\/es\/wp-json\/wp\/v2\/users\/13931"}],"wp:attachment":[{"href":"https:\/\/graziamagazine.com\/es\/wp-json\/wp\/v2\/media?parent=91217"}],"wp:term":[{"taxonomy":"category","embeddable":true,"href":"https:\/\/graziamagazine.com\/es\/wp-json\/wp\/v2\/categories?post=91217"}],"curies":[{"name":"wp","href":"https:\/\/api.w.org\/{rel}","templated":true}]}}