{"id":85729,"date":"2016-09-13T14:37:58","date_gmt":"2016-09-13T12:37:58","guid":{"rendered":"https:\/\/graziamagazine.com\/es\/?p=85729"},"modified":"2016-09-13T14:38:53","modified_gmt":"2016-09-13T12:38:53","slug":"madrid-es-moda-agenda-septiembre","status":"publish","type":"articles","link":"https:\/\/graziamagazine.com\/es\/articles\/madrid-es-moda-agenda-septiembre\/","title":{"rendered":"Madrid es Moda"},"content":{"rendered":"<p>Una edici\u00f3n\u00a0m\u00e1s <strong><a href=\"http:\/\/madridesmoda.com\" target=\"_blank\" target=\"_blank\">Madrid es Moda<\/a> vuelve para trasladar las tendencias al centro de la capital <\/strong>y mucho m\u00e1s all\u00e1 de los muros de Ifema bajo los que este fin de semana se celebra la semana de la moda madrile\u00f1a.<strong>\u00a0<\/strong>La\u00a0iniciativa de ACME (Asociaci\u00f3n de Creadores de Moda de Espa\u00f1a) pretende\u00a0acercar la moda a todos los p\u00fablicos, con acciones urbanas distribuidas por diferentes puntos de Madrid: arte, arquitectura, dise\u00f1o emergente, gastronom\u00eda, tecnolog\u00eda y literatura, todo asociado a la moda con el fin de celebrar que la ciudad se viste de gala para recibir las nuevas propuestas de nuestros dise\u00f1adores m\u00e1s relevantes.<\/p>\n<figure id=\"attachment_85743\" aria-describedby=\"caption-attachment-85743\" style=\"width: 785px\" class=\"wp-caption aligncenter\"><img loading=\"lazy\" decoding=\"async\" class=\"wp-image-85743 size-full\" src=\"https:\/\/graziamagazine.com\/es\/wp-content\/uploads\/sites\/12\/2016\/09\/13124443\/modamadrid.jpg\" alt=\"modamadrid\" width=\"785\" height=\"600\" \/><figcaption id=\"caption-attachment-85743\" class=\"wp-caption-text\">\u00a9 Cortes\u00eda de ACME<\/figcaption><\/figure>\n<p>Un sinf\u00edn de propuestas entre las que hemos buscado nuestras favoritas e imprescindibles. Toma nota:<\/p>\n<p>1. Exposici\u00f3n retrospectiva en la Sala del Canal de Isabel II sobre la figura de\u00a0<strong>Jes\u00fas del Pozo<\/strong> a trav\u00e9s de 50 de sus creaciones.<\/p>\n<p>2.\u00a0Como cada vez se editan m\u00e1s libros sobre diferentes \u00e1mbitos relacionados con la moda como la historia, la industria, la est\u00e9tica o las biograf\u00edas, la librer\u00eda Panta Rhei presenta una <strong>muestra con una atractiva selecci\u00f3n de t\u00edtulos <\/strong>y un escaparate especial decorado con complementos de Umi Mun. Artima\u00f1a Libros tambi\u00e9n contar\u00e1 con su propio escaparate especial y el s\u00e1bado 17 a las 18 horas celebrar\u00e1\u00a0el encuentro <em>La mujer moderna de los a\u00f1os 20,<\/em> a cargo de Dunia Alzard Cerezo, historiadora del Arte y miembro del Instituto de Investigaciones Feministas de la Universidad Complutense<em>.<\/em><\/p>\n<figure id=\"attachment_85748\" aria-describedby=\"caption-attachment-85748\" style=\"width: 785px\" class=\"wp-caption aligncenter\"><img loading=\"lazy\" decoding=\"async\" class=\"wp-image-85748 size-full\" src=\"https:\/\/graziamagazine.com\/es\/wp-content\/uploads\/sites\/12\/2016\/09\/13130112\/literaturamoda.jpg\" alt=\"literaturamoda\" width=\"785\" height=\"600\" \/><figcaption id=\"caption-attachment-85748\" class=\"wp-caption-text\">\u00a9 Cortes\u00eda de ACME<\/figcaption><\/figure>\n<p>3. De la mano de la conservadora Lorena Delgado, el Museo Sorolla propone <strong>un viaje in\u00e9dito al fondo de armario masculino a trav\u00e9s de los retratos del pintor valenciano.<\/strong> Para visitarlo es necesario reservar con un email a <a href=\"mailto:museo.sorolla@mecd.es\">museo.sorolla@mecd.es<\/a>, ya que la visita tiene un aforo m\u00e1ximo. El Museo Thyssen-Bornemisza tambi\u00e9n apuesta por la relaci\u00f3n arte y moda con un recorrido guiado por su colecci\u00f3n, para conocer <strong>la evoluci\u00f3n de la indumentaria desde el siglo XIV hasta hoy,<\/strong> analizando los tejidos, las texturas, los colores e incluso las actitudes de los retratados.<\/p>\n<p>4. En el m\u00edtico Caf\u00e9 de Oriente podr\u00e1s disfrutar de un <strong>men\u00fa homenaje a los dise\u00f1adores nacionales<\/strong> que han dejado huella: ceviche mixto inspirado en Davidelfin o Torrija del Caf\u00e9 de Oriente coloreada a lo Agatha Ruiz de la Prada.<\/p>\n<figure id=\"attachment_85745\" aria-describedby=\"caption-attachment-85745\" style=\"width: 785px\" class=\"wp-caption aligncenter\"><img loading=\"lazy\" decoding=\"async\" class=\"size-full wp-image-85745\" src=\"https:\/\/graziamagazine.com\/es\/wp-content\/uploads\/sites\/12\/2016\/09\/13125314\/cafeorientemoda.jpg\" alt=\"El sal\u00f3n de El Caf\u00e9 de Oriente te espera.\" width=\"785\" height=\"600\" \/><figcaption id=\"caption-attachment-85745\" class=\"wp-caption-text\">El sal\u00f3n de El Caf\u00e9 de Oriente te espera.<\/figcaption><\/figure>\n<p>5. Si quieres disfrutar de los desfiles sin tener que ir hasta Ifema, en el Hotel \u00cdndigo Madrid y en Platea podr\u00e1s ver\u00a0de la <strong>emisi\u00f3n en directo de los mismos.<\/strong>\u00a0En Platea, adem\u00e1s, podr\u00e1s asistir al estreno el d\u00eda 16 del <em>fashion film<\/em> de Agatha Ruiz de la Prada\u00a0<a href=\"https:\/\/vimeo.com\/manuelmvelasco\/fashionlinsteaser\" target=\"_blank\" target=\"_blank\"><em>Fashionlins<\/em><\/a><em>.<\/em><\/p>\n<p>6. <strong> Taller para j\u00f3venes<\/strong> de 14 a 16 a\u00f1os en el Museo del Traje:\u00a0<em>Dise\u00f1o, luego existo,<\/em> del 17 al 18 de septiembre. All\u00ed conocer\u00e1s las mejores creaciones de dise\u00f1adores nacionales y aprender\u00e1s los entresijos de crear\u00a0una colecci\u00f3n de moda.<\/p>\n<figure id=\"attachment_85746\" aria-describedby=\"caption-attachment-85746\" style=\"width: 785px\" class=\"wp-caption aligncenter\"><img loading=\"lazy\" decoding=\"async\" class=\"size-full wp-image-85746\" src=\"https:\/\/graziamagazine.com\/es\/wp-content\/uploads\/sites\/12\/2016\/09\/13125837\/museos.jpg\" alt=\"Los museos reciben la moda como una corriente art\u00edstica m\u00e1s.\" width=\"785\" height=\"600\" \/><figcaption id=\"caption-attachment-85746\" class=\"wp-caption-text\">Los museos reciben la moda como una corriente art\u00edstica m\u00e1s.<\/figcaption><\/figure>\n<p>7. El Centro Cultural Conde Duque, con motivo del 400 aniversario del fallecimiento de Shakespeare y Cervantes, presenta la <strong>exposici\u00f3n <em>Trajes para Shakespeare y Cervantes,<\/em><\/strong>\u00a0con creaciones de dise\u00f1adores como Man\u00e9Man\u00e9, Juan Vidal, Mar\u00eda Ke Fisherman, Duyos\u00a0o\u00a0Ana Locking.<\/p>\n<p>8. Madrid es Moda tambi\u00e9n apuesta por <strong>el momento <em>shopping<\/em>:<\/strong>\u00a0con el c\u00f3digo\u00a0<a href=\"http:\/\/madridesmoda.com\/shopping-y-descuentos\/\" target=\"_blank\">#madridesmoda<\/a> podr\u00e1s conseguir un descuento del 20% en la\u00a0tienda online de <a href=\"http:\/\/www.juanvidal.net\" target=\"_blank\" target=\"_blank\">Juan Vidal,<\/a>\u00a0un 10% en la de <a href=\"http:\/\/shop.cristinapina.es\/en\/17-pret-a-porter#\" target=\"_blank\" target=\"_blank\">Cristina Pi\u00f1a<\/a>\u00a0o un 30% en <a href=\"http:\/\/www.shoeshanniballaguna.com\" target=\"_blank\" target=\"_blank\">Hannibal Laguna<\/a>.<\/p>\n<p>9. Y por supuesto, tambi\u00e9n hay un <strong>espacio para los dise\u00f1adores emergentes:<\/strong>\u00a0las j\u00f3venes promesas de la moda expondr\u00e1n\u00a0y comercializar\u00e1n\u00a0sus dise\u00f1os en la Posada del Drag\u00f3n y en la Posada del L\u00e9on, en la Cava Baja.<\/p>\n<p>10. Como capricho: si\u00e9ntete\u00a0como Carrie gracias a la acci\u00f3n del sal\u00f3n de manicura y pedicura Mi calle de Nueva York que propone <strong><em>nail-arts<\/em>\u00a0ideados por dise\u00f1adores<\/strong> como Dolor\u00e9s Cort\u00e9s o Leyre Valiente.<\/p>\n<figure id=\"attachment_85744\" aria-describedby=\"caption-attachment-85744\" style=\"width: 785px\" class=\"wp-caption aligncenter\"><img loading=\"lazy\" decoding=\"async\" class=\"size-full wp-image-85744\" src=\"https:\/\/graziamagazine.com\/es\/wp-content\/uploads\/sites\/12\/2016\/09\/13124449\/manicuramodamadrid.jpg\" alt=\"Porque la moda tambi\u00e9n llega a las u\u00f1as.\" width=\"785\" height=\"600\" \/><figcaption id=\"caption-attachment-85744\" class=\"wp-caption-text\">La moda tambi\u00e9n llega a las u\u00f1as.<\/figcaption><\/figure>\n<p><iframe loading=\"lazy\" style=\"border: none; overflow: hidden; height: 258px;\" src=\"\/\/www.facebook.com\/plugins\/likebox.php?href=https%3A%2F%2Fwww.facebook.com%2Fgraziaespana&amp;width&amp;height=258&amp;colorscheme=light&amp;show_faces=true&amp;header=false&amp;stream=false&amp;show_border=false&amp;appId=349017955267591\" width=\"300\" height=\"150\" frameborder=\"0\" scrolling=\"no\"><\/iframe><\/p>\n","protected":false},"author":24470,"featured_media":0,"template":"","format":"standard","categories":[3,1],"acf":[],"yoast_head":"<!-- This site is optimized with the Yoast SEO Premium plugin v18.5 (Yoast SEO v20.4) - https:\/\/yoast.com\/wordpress\/plugins\/seo\/ -->\n<title>Madrid es Moda | Grazia<\/title>\n<meta name=\"description\" content=\"Del 12 al 20 de septiembre la acci\u00f3n urbana de ACME transforma a la capital en una fiesta de creatividad. Exposiciones, compras, gastro, literatura...\" \/>\n<meta name=\"robots\" content=\"index, follow, max-snippet:-1, max-image-preview:large, max-video-preview:-1\" \/>\n<link rel=\"canonical\" href=\"https:\/\/graziamagazine.com\/es\/articles\/madrid-es-moda-agenda-septiembre\/\" \/>\n<meta property=\"og:locale\" content=\"es_ES\" \/>\n<meta property=\"og:type\" content=\"article\" \/>\n<meta property=\"og:title\" content=\"Madrid es Moda convierte la capital\u00a0en una\u00a0fiesta de creatividad y dise\u00f1o\" \/>\n<meta property=\"og:description\" content=\"Del 12 al 20 de septiembre la acci\u00f3n urbana de ACME transforma a la capital en una fiesta de creatividad y dise\u00f1o. Exposiciones, compras, gastronom\u00eda y literatura se contagian de las tendencias de las pasarelas en una agenda llena de citas apetecibles.\" \/>\n<meta property=\"og:url\" content=\"https:\/\/graziamagazine.com\/es\/articles\/madrid-es-moda-agenda-septiembre\/\" \/>\n<meta property=\"og:site_name\" content=\"Grazia\" \/>\n<meta property=\"article:modified_time\" content=\"2016-09-13T12:38:53+00:00\" \/>\n<meta property=\"og:image\" content=\"https:\/\/graziamagazine.com\/es\/wp-content\/uploads\/sites\/12\/2016\/09\/13124416\/madridesmodaCOVER1.jpg?fit=785%2C480\" \/>\n\t<meta property=\"og:image:width\" content=\"785\" \/>\n\t<meta property=\"og:image:height\" content=\"480\" \/>\n\t<meta property=\"og:image:type\" content=\"image\/jpeg\" \/>\n<meta name=\"twitter:card\" content=\"summary_large_image\" \/>\n<meta name=\"twitter:title\" content=\"Madrid es Moda convierte la capital\u00a0en una\u00a0fiesta de creatividad y dise\u00f1o\" \/>\n<meta name=\"twitter:description\" content=\"Del 12 al 20 de septiembre la acci\u00f3n urbana de ACME transforma a la capital en una fiesta de creatividad y dise\u00f1o. Exposiciones, compras, gastronom\u00eda y literatura se contagian de las tendencias de las pasarelas en una agenda llena de citas apetecibles.\" \/>\n<meta name=\"twitter:image\" content=\"http:\/\/s3-eu-west-1.amazonaws.com\/grazia-cdn\/wp-content\/uploads\/sites\/12\/2016\/09\/13124416\/madridesmodaCOVER1.jpg\" \/>\n<meta name=\"twitter:label1\" content=\"Est. reading time\" \/>\n\t<meta name=\"twitter:data1\" content=\"4 minutos\" \/>\n<script type=\"application\/ld+json\" class=\"yoast-schema-graph\">{\"@context\":\"https:\/\/schema.org\",\"@graph\":[{\"@type\":\"WebPage\",\"@id\":\"https:\/\/graziamagazine.com\/es\/articles\/madrid-es-moda-agenda-septiembre\/\",\"url\":\"https:\/\/graziamagazine.com\/es\/articles\/madrid-es-moda-agenda-septiembre\/\",\"name\":\"Madrid es Moda | Grazia\",\"isPartOf\":{\"@id\":\"https:\/\/graziamagazine.com\/es\/#website\"},\"datePublished\":\"2016-09-13T12:37:58+00:00\",\"dateModified\":\"2016-09-13T12:38:53+00:00\",\"description\":\"Del 12 al 20 de septiembre la acci\u00f3n urbana de ACME transforma a la capital en una fiesta de creatividad. Exposiciones, compras, gastro, literatura...\",\"breadcrumb\":{\"@id\":\"https:\/\/graziamagazine.com\/es\/articles\/madrid-es-moda-agenda-septiembre\/#breadcrumb\"},\"inLanguage\":\"es\",\"potentialAction\":[{\"@type\":\"ReadAction\",\"target\":[\"https:\/\/graziamagazine.com\/es\/articles\/madrid-es-moda-agenda-septiembre\/\"]}]},{\"@type\":\"BreadcrumbList\",\"@id\":\"https:\/\/graziamagazine.com\/es\/articles\/madrid-es-moda-agenda-septiembre\/#breadcrumb\",\"itemListElement\":[{\"@type\":\"ListItem\",\"position\":1,\"name\":\"Portada\",\"item\":\"https:\/\/graziamagazine.com\/es\/\"},{\"@type\":\"ListItem\",\"position\":2,\"name\":\"Madrid es Moda\"}]},{\"@type\":\"WebSite\",\"@id\":\"https:\/\/graziamagazine.com\/es\/#website\",\"url\":\"https:\/\/graziamagazine.com\/es\/\",\"name\":\"Grazia\",\"description\":\"Moda, belleza, celebrities, estilo de vida...\",\"potentialAction\":[{\"@type\":\"SearchAction\",\"target\":{\"@type\":\"EntryPoint\",\"urlTemplate\":\"https:\/\/graziamagazine.com\/es\/?s={search_term_string}\"},\"query-input\":\"required name=search_term_string\"}],\"inLanguage\":\"es\"}]}<\/script>\n<!-- \/ Yoast SEO Premium plugin. -->","yoast_head_json":{"title":"Madrid es Moda | Grazia","description":"Del 12 al 20 de septiembre la acci\u00f3n urbana de ACME transforma a la capital en una fiesta de creatividad. Exposiciones, compras, gastro, literatura...","robots":{"index":"index","follow":"follow","max-snippet":"max-snippet:-1","max-image-preview":"max-image-preview:large","max-video-preview":"max-video-preview:-1"},"canonical":"https:\/\/graziamagazine.com\/es\/articles\/madrid-es-moda-agenda-septiembre\/","og_locale":"es_ES","og_type":"article","og_title":"Madrid es Moda convierte la capital\u00a0en una\u00a0fiesta de creatividad y dise\u00f1o","og_description":"Del 12 al 20 de septiembre la acci\u00f3n urbana de ACME transforma a la capital en una fiesta de creatividad y dise\u00f1o. Exposiciones, compras, gastronom\u00eda y literatura se contagian de las tendencias de las pasarelas en una agenda llena de citas apetecibles.","og_url":"https:\/\/graziamagazine.com\/es\/articles\/madrid-es-moda-agenda-septiembre\/","og_site_name":"Grazia","article_modified_time":"2016-09-13T12:38:53+00:00","og_image":[{"width":785,"height":480,"url":"https:\/\/graziamagazine.com\/es\/wp-content\/uploads\/sites\/12\/2016\/09\/13124416\/madridesmodaCOVER1.jpg?fit=785%2C480","type":"image\/jpeg"}],"twitter_card":"summary_large_image","twitter_title":"Madrid es Moda convierte la capital\u00a0en una\u00a0fiesta de creatividad y dise\u00f1o","twitter_description":"Del 12 al 20 de septiembre la acci\u00f3n urbana de ACME transforma a la capital en una fiesta de creatividad y dise\u00f1o. Exposiciones, compras, gastronom\u00eda y literatura se contagian de las tendencias de las pasarelas en una agenda llena de citas apetecibles.","twitter_image":"http:\/\/s3-eu-west-1.amazonaws.com\/grazia-cdn\/wp-content\/uploads\/sites\/12\/2016\/09\/13124416\/madridesmodaCOVER1.jpg","twitter_misc":{"Est. reading time":"4 minutos"},"schema":{"@context":"https:\/\/schema.org","@graph":[{"@type":"WebPage","@id":"https:\/\/graziamagazine.com\/es\/articles\/madrid-es-moda-agenda-septiembre\/","url":"https:\/\/graziamagazine.com\/es\/articles\/madrid-es-moda-agenda-septiembre\/","name":"Madrid es Moda | Grazia","isPartOf":{"@id":"https:\/\/graziamagazine.com\/es\/#website"},"datePublished":"2016-09-13T12:37:58+00:00","dateModified":"2016-09-13T12:38:53+00:00","description":"Del 12 al 20 de septiembre la acci\u00f3n urbana de ACME transforma a la capital en una fiesta de creatividad. Exposiciones, compras, gastro, literatura...","breadcrumb":{"@id":"https:\/\/graziamagazine.com\/es\/articles\/madrid-es-moda-agenda-septiembre\/#breadcrumb"},"inLanguage":"es","potentialAction":[{"@type":"ReadAction","target":["https:\/\/graziamagazine.com\/es\/articles\/madrid-es-moda-agenda-septiembre\/"]}]},{"@type":"BreadcrumbList","@id":"https:\/\/graziamagazine.com\/es\/articles\/madrid-es-moda-agenda-septiembre\/#breadcrumb","itemListElement":[{"@type":"ListItem","position":1,"name":"Portada","item":"https:\/\/graziamagazine.com\/es\/"},{"@type":"ListItem","position":2,"name":"Madrid es Moda"}]},{"@type":"WebSite","@id":"https:\/\/graziamagazine.com\/es\/#website","url":"https:\/\/graziamagazine.com\/es\/","name":"Grazia","description":"Moda, belleza, celebrities, estilo de vida...","potentialAction":[{"@type":"SearchAction","target":{"@type":"EntryPoint","urlTemplate":"https:\/\/graziamagazine.com\/es\/?s={search_term_string}"},"query-input":"required name=search_term_string"}],"inLanguage":"es"}]}},"jetpack_sharing_enabled":true,"distributor_meta":false,"distributor_terms":false,"distributor_media":false,"distributor_original_site_name":"Grazia","distributor_original_site_url":"https:\/\/graziamagazine.com\/es","push-errors":false,"_links":{"self":[{"href":"https:\/\/graziamagazine.com\/es\/wp-json\/wp\/v2\/articles\/85729"}],"collection":[{"href":"https:\/\/graziamagazine.com\/es\/wp-json\/wp\/v2\/articles"}],"about":[{"href":"https:\/\/graziamagazine.com\/es\/wp-json\/wp\/v2\/types\/articles"}],"author":[{"embeddable":true,"href":"https:\/\/graziamagazine.com\/es\/wp-json\/wp\/v2\/users\/24470"}],"wp:attachment":[{"href":"https:\/\/graziamagazine.com\/es\/wp-json\/wp\/v2\/media?parent=85729"}],"wp:term":[{"taxonomy":"category","embeddable":true,"href":"https:\/\/graziamagazine.com\/es\/wp-json\/wp\/v2\/categories?post=85729"}],"curies":[{"name":"wp","href":"https:\/\/api.w.org\/{rel}","templated":true}]}}