{"id":84855,"date":"2016-09-09T09:55:04","date_gmt":"2016-09-09T07:55:04","guid":{"rendered":"https:\/\/graziamagazine.com\/es\/?p=84855"},"modified":"2016-09-09T10:18:05","modified_gmt":"2016-09-09T08:18:05","slug":"la-ultima-gran-fiesta-del-verano","status":"publish","type":"articles","link":"https:\/\/graziamagazine.com\/es\/articles\/la-ultima-gran-fiesta-del-verano\/","title":{"rendered":"La \u00faltima gran fiesta del verano"},"content":{"rendered":"<p>Septiembre no empieza comiendo uvas, pero para muchos representa una fecha m\u00e1s simb\u00f3lica que el 31 de diciembre. Con septiembre damos el pistolezado de salida al nuevo curso mientras se despide la temporada de playas, chiringuitos, festivales y fiestas hasta el amanecer. Y un traspaso de poderes \u2013del biquini al traje de chaqueta- de tal magnitud, solo puede efectuarse con algo en lo que en Espa\u00f1a tenemos maestr\u00eda: con una fiesta por todo lo alto.<\/p>\n<p>Como el cotill\u00f3n est\u00e1 sobrevalorado y la lentejuela es m\u00e1s amiga de los meses de fr\u00edo, para despedir al verano <strong>mejor acudir a Ibiza, isla en la que han sabido construir toda una instituci\u00f3n en torno a esto de los cierres de verano.<\/strong><\/p>\n<blockquote class=\"instagram-media\" style=\"background: #FFF; border: 0; border-radius: 3px; box-shadow: 0 0 1px 0 rgba(0,0,0,0.5),0 1px 10px 0 rgba(0,0,0,0.15); margin: 1px; max-width: 658px; padding: 0; width: calc(100% - 2px);\" data-instgrm-captioned=\"\" data-instgrm-version=\"7\">\n<div style=\"padding: 8px;\">\n<div style=\"background: #F8F8F8; line-height: 0; margin-top: 40px; padding: 50.0% 0; text-align: center; width: 100%;\"><\/div>\n<p style=\"margin: 8px 0 0 0; padding: 0 4px;\"><a href=\"https:\/\/www.instagram.com\/p\/BJ0npUdhXDq\/\"style=\"color: #000; font-family: Arial,sans-serif; font-size: 14px; font-style: normal; font-weight: normal; line-height: 17px; text-decoration: none; word-wrap: break-word;\"  target=\"_blank\" target=\"_blank\">Lover. #libeforever<\/a><\/p>\n<p style=\"color: #c9c8cd; font-family: Arial,sans-serif; font-size: 14px; line-height: 17px; margin-bottom: 0; margin-top: 8px; overflow: hidden; padding: 8px 0 7px; text-align: center; text-overflow: ellipsis; white-space: nowrap;\">Una foto publicada por Maxi Iglesias (@maxi_iglesias) el <time style=\"font-family: Arial,sans-serif; font-size: 14px; line-height: 17px;\" datetime=\"2016-09-01T17:45:44+00:00\">1 de Sep de 2016 a la(s) 10:45 PDT<\/time><\/p>\n<\/div>\n<\/blockquote>\n<p><script async defer src=\"\/\/platform.instagram.com\/en_US\/embeds.js\"><\/script><\/p>\n<p>\u00bfEl plan? Superar ocho horas de fiesta ininterrumpidas en una mansi\u00f3n preparada para la ocasi\u00f3n por Ron Barcel\u00f3. \u201cPara sobrevivir a ocho horas de fiesta es muy importante <strong>llevar zapato plano, cenar y haber dormido la siesta\u201d, dicen casi al un\u00edsono Silvia Alonso y Andrea Duro,<\/strong> dos de las <em>celebs<\/em> invitadas al evento. Pero ellas no fueron las \u00fanicas&#8230;<\/p>\n<p>[galeria]<\/p>\n<p><iframe loading=\"lazy\" style=\"border: none; overflow: hidden; height: 258px;\" src=\"\/\/www.facebook.com\/plugins\/likebox.php?href=https%3A%2F%2Fwww.facebook.com%2Fgraziaespana&amp;width&amp;height=258&amp;colorscheme=light&amp;show_faces=true&amp;header=false&amp;stream=false&amp;show_border=false&amp;appId=349017955267591\" width=\"300\" height=\"150\" frameborder=\"0\" scrolling=\"no\"><\/iframe><\/p>\n","protected":false},"author":24470,"featured_media":0,"template":"","format":"standard","categories":[13,15],"acf":[],"yoast_head":"<!-- This site is optimized with the Yoast SEO Premium plugin v18.5 (Yoast SEO v20.4) - https:\/\/yoast.com\/wordpress\/plugins\/seo\/ -->\n<title>La \u00faltima gran fiesta del verano | Grazia<\/title>\n<meta name=\"description\" content=\"Como no pod\u00eda ser de otra manera, Ibiza se convierte en el escenario perfecto para despedir al verano por todo lo alto rodeados de actores espa\u00f1oles.\" \/>\n<meta name=\"robots\" content=\"index, follow, max-snippet:-1, max-image-preview:large, max-video-preview:-1\" \/>\n<link rel=\"canonical\" href=\"https:\/\/graziamagazine.com\/es\/articles\/la-ultima-gran-fiesta-del-verano\/\" \/>\n<meta property=\"og:locale\" content=\"es_ES\" \/>\n<meta property=\"og:type\" content=\"article\" \/>\n<meta property=\"og:title\" content=\"La \u00faltima gran fiesta del verano\" \/>\n<meta property=\"og:description\" content=\"Como no pod\u00eda ser de otra manera, Ibiza se convierte en el escenario perfecto para despedir al verano por todo lo alto con Maxi Iglesias, Miriam Giovanelli, Silvia Alonso...\" \/>\n<meta property=\"og:url\" content=\"https:\/\/graziamagazine.com\/es\/articles\/la-ultima-gran-fiesta-del-verano\/\" \/>\n<meta property=\"og:site_name\" content=\"Grazia\" \/>\n<meta property=\"article:modified_time\" content=\"2016-09-09T08:18:05+00:00\" \/>\n<meta property=\"og:image\" content=\"https:\/\/graziamagazine.com\/es\/wp-content\/uploads\/sites\/12\/2016\/09\/08205549\/01fiesta-verano.jpg?fit=785%2C480\" \/>\n\t<meta property=\"og:image:width\" content=\"785\" \/>\n\t<meta property=\"og:image:height\" content=\"480\" \/>\n\t<meta property=\"og:image:type\" content=\"image\/jpeg\" \/>\n<meta name=\"twitter:card\" content=\"summary_large_image\" \/>\n<meta name=\"twitter:title\" content=\"La \u00faltima gran fiesta del verano\" \/>\n<meta name=\"twitter:description\" content=\"Como no pod\u00eda ser de otra manera, Ibiza se convierte en el escenario perfecto para despedir al verano por todo lo alto con Maxi Iglesias, Miriam Giovanelli, Silvia Alonso...\" \/>\n<meta name=\"twitter:image\" content=\"http:\/\/s3-eu-west-1.amazonaws.com\/grazia-cdn\/wp-content\/uploads\/sites\/12\/2016\/09\/08205549\/01fiesta-verano.jpg\" \/>\n<meta name=\"twitter:label1\" content=\"Est. reading time\" \/>\n\t<meta name=\"twitter:data1\" content=\"1 minuto\" \/>\n<script type=\"application\/ld+json\" class=\"yoast-schema-graph\">{\"@context\":\"https:\/\/schema.org\",\"@graph\":[{\"@type\":\"WebPage\",\"@id\":\"https:\/\/graziamagazine.com\/es\/articles\/la-ultima-gran-fiesta-del-verano\/\",\"url\":\"https:\/\/graziamagazine.com\/es\/articles\/la-ultima-gran-fiesta-del-verano\/\",\"name\":\"La \u00faltima gran fiesta del verano | Grazia\",\"isPartOf\":{\"@id\":\"https:\/\/graziamagazine.com\/es\/#website\"},\"datePublished\":\"2016-09-09T07:55:04+00:00\",\"dateModified\":\"2016-09-09T08:18:05+00:00\",\"description\":\"Como no pod\u00eda ser de otra manera, Ibiza se convierte en el escenario perfecto para despedir al verano por todo lo alto rodeados de actores espa\u00f1oles.\",\"breadcrumb\":{\"@id\":\"https:\/\/graziamagazine.com\/es\/articles\/la-ultima-gran-fiesta-del-verano\/#breadcrumb\"},\"inLanguage\":\"es\",\"potentialAction\":[{\"@type\":\"ReadAction\",\"target\":[\"https:\/\/graziamagazine.com\/es\/articles\/la-ultima-gran-fiesta-del-verano\/\"]}]},{\"@type\":\"BreadcrumbList\",\"@id\":\"https:\/\/graziamagazine.com\/es\/articles\/la-ultima-gran-fiesta-del-verano\/#breadcrumb\",\"itemListElement\":[{\"@type\":\"ListItem\",\"position\":1,\"name\":\"Portada\",\"item\":\"https:\/\/graziamagazine.com\/es\/\"},{\"@type\":\"ListItem\",\"position\":2,\"name\":\"La \u00faltima gran fiesta del verano\"}]},{\"@type\":\"WebSite\",\"@id\":\"https:\/\/graziamagazine.com\/es\/#website\",\"url\":\"https:\/\/graziamagazine.com\/es\/\",\"name\":\"Grazia\",\"description\":\"Moda, belleza, celebrities, estilo de vida...\",\"potentialAction\":[{\"@type\":\"SearchAction\",\"target\":{\"@type\":\"EntryPoint\",\"urlTemplate\":\"https:\/\/graziamagazine.com\/es\/?s={search_term_string}\"},\"query-input\":\"required name=search_term_string\"}],\"inLanguage\":\"es\"}]}<\/script>\n<!-- \/ Yoast SEO Premium plugin. -->","yoast_head_json":{"title":"La \u00faltima gran fiesta del verano | Grazia","description":"Como no pod\u00eda ser de otra manera, Ibiza se convierte en el escenario perfecto para despedir al verano por todo lo alto rodeados de actores espa\u00f1oles.","robots":{"index":"index","follow":"follow","max-snippet":"max-snippet:-1","max-image-preview":"max-image-preview:large","max-video-preview":"max-video-preview:-1"},"canonical":"https:\/\/graziamagazine.com\/es\/articles\/la-ultima-gran-fiesta-del-verano\/","og_locale":"es_ES","og_type":"article","og_title":"La \u00faltima gran fiesta del verano","og_description":"Como no pod\u00eda ser de otra manera, Ibiza se convierte en el escenario perfecto para despedir al verano por todo lo alto con Maxi Iglesias, Miriam Giovanelli, Silvia Alonso...","og_url":"https:\/\/graziamagazine.com\/es\/articles\/la-ultima-gran-fiesta-del-verano\/","og_site_name":"Grazia","article_modified_time":"2016-09-09T08:18:05+00:00","og_image":[{"width":785,"height":480,"url":"https:\/\/graziamagazine.com\/es\/wp-content\/uploads\/sites\/12\/2016\/09\/08205549\/01fiesta-verano.jpg?fit=785%2C480","type":"image\/jpeg"}],"twitter_card":"summary_large_image","twitter_title":"La \u00faltima gran fiesta del verano","twitter_description":"Como no pod\u00eda ser de otra manera, Ibiza se convierte en el escenario perfecto para despedir al verano por todo lo alto con Maxi Iglesias, Miriam Giovanelli, Silvia Alonso...","twitter_image":"http:\/\/s3-eu-west-1.amazonaws.com\/grazia-cdn\/wp-content\/uploads\/sites\/12\/2016\/09\/08205549\/01fiesta-verano.jpg","twitter_misc":{"Est. reading time":"1 minuto"},"schema":{"@context":"https:\/\/schema.org","@graph":[{"@type":"WebPage","@id":"https:\/\/graziamagazine.com\/es\/articles\/la-ultima-gran-fiesta-del-verano\/","url":"https:\/\/graziamagazine.com\/es\/articles\/la-ultima-gran-fiesta-del-verano\/","name":"La \u00faltima gran fiesta del verano | Grazia","isPartOf":{"@id":"https:\/\/graziamagazine.com\/es\/#website"},"datePublished":"2016-09-09T07:55:04+00:00","dateModified":"2016-09-09T08:18:05+00:00","description":"Como no pod\u00eda ser de otra manera, Ibiza se convierte en el escenario perfecto para despedir al verano por todo lo alto rodeados de actores espa\u00f1oles.","breadcrumb":{"@id":"https:\/\/graziamagazine.com\/es\/articles\/la-ultima-gran-fiesta-del-verano\/#breadcrumb"},"inLanguage":"es","potentialAction":[{"@type":"ReadAction","target":["https:\/\/graziamagazine.com\/es\/articles\/la-ultima-gran-fiesta-del-verano\/"]}]},{"@type":"BreadcrumbList","@id":"https:\/\/graziamagazine.com\/es\/articles\/la-ultima-gran-fiesta-del-verano\/#breadcrumb","itemListElement":[{"@type":"ListItem","position":1,"name":"Portada","item":"https:\/\/graziamagazine.com\/es\/"},{"@type":"ListItem","position":2,"name":"La \u00faltima gran fiesta del verano"}]},{"@type":"WebSite","@id":"https:\/\/graziamagazine.com\/es\/#website","url":"https:\/\/graziamagazine.com\/es\/","name":"Grazia","description":"Moda, belleza, celebrities, estilo de vida...","potentialAction":[{"@type":"SearchAction","target":{"@type":"EntryPoint","urlTemplate":"https:\/\/graziamagazine.com\/es\/?s={search_term_string}"},"query-input":"required name=search_term_string"}],"inLanguage":"es"}]}},"jetpack_sharing_enabled":true,"distributor_meta":false,"distributor_terms":false,"distributor_media":false,"distributor_original_site_name":"Grazia","distributor_original_site_url":"https:\/\/graziamagazine.com\/es","push-errors":false,"_links":{"self":[{"href":"https:\/\/graziamagazine.com\/es\/wp-json\/wp\/v2\/articles\/84855"}],"collection":[{"href":"https:\/\/graziamagazine.com\/es\/wp-json\/wp\/v2\/articles"}],"about":[{"href":"https:\/\/graziamagazine.com\/es\/wp-json\/wp\/v2\/types\/articles"}],"author":[{"embeddable":true,"href":"https:\/\/graziamagazine.com\/es\/wp-json\/wp\/v2\/users\/24470"}],"wp:attachment":[{"href":"https:\/\/graziamagazine.com\/es\/wp-json\/wp\/v2\/media?parent=84855"}],"wp:term":[{"taxonomy":"category","embeddable":true,"href":"https:\/\/graziamagazine.com\/es\/wp-json\/wp\/v2\/categories?post=84855"}],"curies":[{"name":"wp","href":"https:\/\/api.w.org\/{rel}","templated":true}]}}