{"id":84745,"date":"2016-09-07T13:26:31","date_gmt":"2016-09-07T11:26:31","guid":{"rendered":"https:\/\/graziamagazine.com\/es\/?p=84745"},"modified":"2020-01-02T20:26:57","modified_gmt":"2020-01-02T19:26:57","slug":"guia-ilustrada-semanas-de-la-moda","status":"publish","type":"articles","link":"https:\/\/graziamagazine.com\/es\/articles\/guia-ilustrada-semanas-de-la-moda\/","title":{"rendered":"Gu\u00eda ilustrada de las semanas de la moda"},"content":{"rendered":"<p>Ya lo dec\u00eda Anna Wintour (toda una referencia a la hora de buscar citas c\u00e9lebres para Instagram): <strong>\u00abSeptiembre es el enero de la moda\u00bb,<\/strong> el mes m\u00e1s importante para el calendario <em>fashionista<\/em> <del>con permiso de febrero<\/del>. Con el fin del verano llegan las novedades que invadir\u00e1n nuestros armarios en los meses de fr\u00edo, pero tambi\u00e9n las semanas de la moda en las que los grandes dise\u00f1adores presentar\u00e1n sus propuestas para la pr\u00f3xima primavera. Apunta: Nueva York (del 8 al 15), Londres (del 16 al 20), Mil\u00e1n (del 21 al 27) y Par\u00eds (del 27 de septiembre al 5 de octubre).<\/p>\n<p><img loading=\"lazy\" decoding=\"async\" class=\"aligncenter wp-image-84767 size-full\" title=\"Gu\u00eda ilustrada de las semanas de la moda\" src=\"https:\/\/graziamagazine.com\/es\/wp-content\/uploads\/sites\/12\/2016\/09\/semanasmodaconjunto1.jpg\" alt=\"Gu\u00eda ilustrada de las semanas de la moda\" width=\"785\" height=\"500\" srcset=\"https:\/\/graziamagazine.com\/es\/wp-content\/uploads\/sites\/12\/2016\/09\/semanasmodaconjunto1.jpg 785w, https:\/\/graziamagazine.com\/es\/wp-content\/uploads\/sites\/12\/2016\/09\/semanasmodaconjunto1-300x191.jpg 300w, https:\/\/graziamagazine.com\/es\/wp-content\/uploads\/sites\/12\/2016\/09\/semanasmodaconjunto1-768x489.jpg 768w, https:\/\/graziamagazine.com\/es\/wp-content\/uploads\/sites\/12\/2016\/09\/semanasmodaconjunto1-720x459.jpg 720w, https:\/\/graziamagazine.com\/es\/wp-content\/uploads\/sites\/12\/2016\/09\/semanasmodaconjunto1-626x399.jpg 626w, https:\/\/graziamagazine.com\/es\/wp-content\/uploads\/sites\/12\/2016\/09\/semanasmodaconjunto1-360x229.jpg 360w\" sizes=\"(max-width: 785px) 100vw, 785px\" \/><\/p>\n<p>Pero, adem\u00e1s de faldas que suben un par de cent\u00edmetros con respecto a la pasada temporada, de bailes de sillas entre los dise\u00f1adores o de nov\u00edsimas firmas que copan todas las fotos de street style, en el microcosmos de las fashion weeks se repiten muchas situaciones, <a href=\"https:\/\/graziamagazine.com\/es\/moda\/de-que-habla-realmente-la-gente-de-la-moda\/\" target=\"_blank\" rel=\"noopener\">conversaciones<\/a> y an\u00e9cdotas dignas de ser ilustradas.<\/p>\n<p>Y eso es justo lo que ha hecho la ilustradora <a href=\"https:\/\/www.instagram.com\/jooleeloren\/?hl=en\" target=\"_blank\" rel=\"noopener\" target=\"_blank\">Julie Houts<\/a> para el portal de venta online <a href=\"http:\/\/www.stylebop.com\" target=\"_blank\" rel=\"noopener\" target=\"_blank\">Stylebop.com<\/a>: una recopilaci\u00f3n con los momentos que se repetir\u00e1n en el pr\u00f3ximo mes de desfiles (con la misma seguridad como que la hierbabuena del mojito cuenta como zumo verde).<\/p>\n<p>[galeria]<\/p>\n<p><iframe loading=\"lazy\" style=\"border: none; overflow: hidden; height: 258px;\" src=\"\/\/www.facebook.com\/plugins\/likebox.php?href=https%3A%2F%2Fwww.facebook.com%2Fgraziaespana&amp;width&amp;height=258&amp;colorscheme=light&amp;show_faces=true&amp;header=false&amp;stream=false&amp;show_border=false&amp;appId=349017955267591\" width=\"300\" height=\"150\" frameborder=\"0\" scrolling=\"no\"><\/iframe><\/p>\n","protected":false},"author":12360,"featured_media":0,"template":"","format":"standard","categories":[3,1],"acf":[],"yoast_head":"<!-- This site is optimized with the Yoast SEO Premium plugin v18.5 (Yoast SEO v20.4) - https:\/\/yoast.com\/wordpress\/plugins\/seo\/ -->\n<title>Gu\u00eda ilustrada de las semanas de la moda | Grazia<\/title>\n<meta name=\"description\" content=\"Estilistas, editoras, influencers o celebrities se re\u00fanen cada septiembre para descubrir qu\u00e9 vestiremos en verano. Pero no todo es glamour...\" \/>\n<meta name=\"robots\" content=\"index, follow, max-snippet:-1, max-image-preview:large, max-video-preview:-1\" \/>\n<link rel=\"canonical\" href=\"https:\/\/graziamagazine.com\/es\/articles\/guia-ilustrada-semanas-de-la-moda\/\" \/>\n<meta property=\"og:locale\" content=\"es_ES\" \/>\n<meta property=\"og:type\" content=\"article\" \/>\n<meta property=\"og:title\" content=\"Gu\u00eda ilustrada de las semanas de la moda\" \/>\n<meta property=\"og:description\" content=\"Estilistas, editoras, influencers o celebrities se re\u00fanen cada septiembre para descubrir qu\u00e9 vestiremos en verano. Pero no todo es glamour cuando los focos no apuntan...\" \/>\n<meta property=\"og:url\" content=\"https:\/\/graziamagazine.com\/es\/articles\/guia-ilustrada-semanas-de-la-moda\/\" \/>\n<meta property=\"og:site_name\" content=\"Grazia\" \/>\n<meta property=\"article:modified_time\" content=\"2020-01-02T19:26:57+00:00\" \/>\n<meta property=\"og:image\" content=\"https:\/\/graziamagazine.com\/es\/wp-content\/uploads\/sites\/12\/2016\/09\/07111043\/semanasmodaCOVER.jpg?fit=785%2C480\" \/>\n\t<meta property=\"og:image:width\" content=\"785\" \/>\n\t<meta property=\"og:image:height\" content=\"480\" \/>\n\t<meta property=\"og:image:type\" content=\"image\/jpeg\" \/>\n<meta name=\"twitter:card\" content=\"summary_large_image\" \/>\n<meta name=\"twitter:title\" content=\"Gu\u00eda ilustrada de las semanas de la moda\" \/>\n<meta name=\"twitter:description\" content=\"Estilistas, editoras, influencers o celebrities se re\u00fanen cada septiembre para descubrir qu\u00e9 vestiremos en verano. Pero no todo es glamour cuando los focos no apuntan...\" \/>\n<meta name=\"twitter:image\" content=\"http:\/\/s3-eu-west-1.amazonaws.com\/grazia-cdn\/wp-content\/uploads\/sites\/12\/2016\/09\/07111043\/semanasmodaCOVER.jpg\" \/>\n<meta name=\"twitter:label1\" content=\"Est. reading time\" \/>\n\t<meta name=\"twitter:data1\" content=\"1 minuto\" \/>\n<script type=\"application\/ld+json\" class=\"yoast-schema-graph\">{\"@context\":\"https:\/\/schema.org\",\"@graph\":[{\"@type\":\"WebPage\",\"@id\":\"https:\/\/graziamagazine.com\/es\/articles\/guia-ilustrada-semanas-de-la-moda\/\",\"url\":\"https:\/\/graziamagazine.com\/es\/articles\/guia-ilustrada-semanas-de-la-moda\/\",\"name\":\"Gu\u00eda ilustrada de las semanas de la moda | Grazia\",\"isPartOf\":{\"@id\":\"https:\/\/graziamagazine.com\/es\/#website\"},\"datePublished\":\"2016-09-07T11:26:31+00:00\",\"dateModified\":\"2020-01-02T19:26:57+00:00\",\"description\":\"Estilistas, editoras, influencers o celebrities se re\u00fanen cada septiembre para descubrir qu\u00e9 vestiremos en verano. Pero no todo es glamour...\",\"breadcrumb\":{\"@id\":\"https:\/\/graziamagazine.com\/es\/articles\/guia-ilustrada-semanas-de-la-moda\/#breadcrumb\"},\"inLanguage\":\"es\",\"potentialAction\":[{\"@type\":\"ReadAction\",\"target\":[\"https:\/\/graziamagazine.com\/es\/articles\/guia-ilustrada-semanas-de-la-moda\/\"]}]},{\"@type\":\"BreadcrumbList\",\"@id\":\"https:\/\/graziamagazine.com\/es\/articles\/guia-ilustrada-semanas-de-la-moda\/#breadcrumb\",\"itemListElement\":[{\"@type\":\"ListItem\",\"position\":1,\"name\":\"Portada\",\"item\":\"https:\/\/graziamagazine.com\/es\/\"},{\"@type\":\"ListItem\",\"position\":2,\"name\":\"Gu\u00eda ilustrada de las semanas de la moda\"}]},{\"@type\":\"WebSite\",\"@id\":\"https:\/\/graziamagazine.com\/es\/#website\",\"url\":\"https:\/\/graziamagazine.com\/es\/\",\"name\":\"Grazia\",\"description\":\"Moda, belleza, celebrities, estilo de vida...\",\"potentialAction\":[{\"@type\":\"SearchAction\",\"target\":{\"@type\":\"EntryPoint\",\"urlTemplate\":\"https:\/\/graziamagazine.com\/es\/?s={search_term_string}\"},\"query-input\":\"required name=search_term_string\"}],\"inLanguage\":\"es\"}]}<\/script>\n<!-- \/ Yoast SEO Premium plugin. -->","yoast_head_json":{"title":"Gu\u00eda ilustrada de las semanas de la moda | Grazia","description":"Estilistas, editoras, influencers o celebrities se re\u00fanen cada septiembre para descubrir qu\u00e9 vestiremos en verano. Pero no todo es glamour...","robots":{"index":"index","follow":"follow","max-snippet":"max-snippet:-1","max-image-preview":"max-image-preview:large","max-video-preview":"max-video-preview:-1"},"canonical":"https:\/\/graziamagazine.com\/es\/articles\/guia-ilustrada-semanas-de-la-moda\/","og_locale":"es_ES","og_type":"article","og_title":"Gu\u00eda ilustrada de las semanas de la moda","og_description":"Estilistas, editoras, influencers o celebrities se re\u00fanen cada septiembre para descubrir qu\u00e9 vestiremos en verano. Pero no todo es glamour cuando los focos no apuntan...","og_url":"https:\/\/graziamagazine.com\/es\/articles\/guia-ilustrada-semanas-de-la-moda\/","og_site_name":"Grazia","article_modified_time":"2020-01-02T19:26:57+00:00","og_image":[{"width":785,"height":480,"url":"https:\/\/graziamagazine.com\/es\/wp-content\/uploads\/sites\/12\/2016\/09\/07111043\/semanasmodaCOVER.jpg?fit=785%2C480","type":"image\/jpeg"}],"twitter_card":"summary_large_image","twitter_title":"Gu\u00eda ilustrada de las semanas de la moda","twitter_description":"Estilistas, editoras, influencers o celebrities se re\u00fanen cada septiembre para descubrir qu\u00e9 vestiremos en verano. Pero no todo es glamour cuando los focos no apuntan...","twitter_image":"http:\/\/s3-eu-west-1.amazonaws.com\/grazia-cdn\/wp-content\/uploads\/sites\/12\/2016\/09\/07111043\/semanasmodaCOVER.jpg","twitter_misc":{"Est. reading time":"1 minuto"},"schema":{"@context":"https:\/\/schema.org","@graph":[{"@type":"WebPage","@id":"https:\/\/graziamagazine.com\/es\/articles\/guia-ilustrada-semanas-de-la-moda\/","url":"https:\/\/graziamagazine.com\/es\/articles\/guia-ilustrada-semanas-de-la-moda\/","name":"Gu\u00eda ilustrada de las semanas de la moda | Grazia","isPartOf":{"@id":"https:\/\/graziamagazine.com\/es\/#website"},"datePublished":"2016-09-07T11:26:31+00:00","dateModified":"2020-01-02T19:26:57+00:00","description":"Estilistas, editoras, influencers o celebrities se re\u00fanen cada septiembre para descubrir qu\u00e9 vestiremos en verano. Pero no todo es glamour...","breadcrumb":{"@id":"https:\/\/graziamagazine.com\/es\/articles\/guia-ilustrada-semanas-de-la-moda\/#breadcrumb"},"inLanguage":"es","potentialAction":[{"@type":"ReadAction","target":["https:\/\/graziamagazine.com\/es\/articles\/guia-ilustrada-semanas-de-la-moda\/"]}]},{"@type":"BreadcrumbList","@id":"https:\/\/graziamagazine.com\/es\/articles\/guia-ilustrada-semanas-de-la-moda\/#breadcrumb","itemListElement":[{"@type":"ListItem","position":1,"name":"Portada","item":"https:\/\/graziamagazine.com\/es\/"},{"@type":"ListItem","position":2,"name":"Gu\u00eda ilustrada de las semanas de la moda"}]},{"@type":"WebSite","@id":"https:\/\/graziamagazine.com\/es\/#website","url":"https:\/\/graziamagazine.com\/es\/","name":"Grazia","description":"Moda, belleza, celebrities, estilo de vida...","potentialAction":[{"@type":"SearchAction","target":{"@type":"EntryPoint","urlTemplate":"https:\/\/graziamagazine.com\/es\/?s={search_term_string}"},"query-input":"required name=search_term_string"}],"inLanguage":"es"}]}},"jetpack_sharing_enabled":true,"distributor_meta":false,"distributor_terms":false,"distributor_media":false,"distributor_original_site_name":"Grazia","distributor_original_site_url":"https:\/\/graziamagazine.com\/es","push-errors":false,"_links":{"self":[{"href":"https:\/\/graziamagazine.com\/es\/wp-json\/wp\/v2\/articles\/84745"}],"collection":[{"href":"https:\/\/graziamagazine.com\/es\/wp-json\/wp\/v2\/articles"}],"about":[{"href":"https:\/\/graziamagazine.com\/es\/wp-json\/wp\/v2\/types\/articles"}],"author":[{"embeddable":true,"href":"https:\/\/graziamagazine.com\/es\/wp-json\/wp\/v2\/users\/12360"}],"wp:attachment":[{"href":"https:\/\/graziamagazine.com\/es\/wp-json\/wp\/v2\/media?parent=84745"}],"wp:term":[{"taxonomy":"category","embeddable":true,"href":"https:\/\/graziamagazine.com\/es\/wp-json\/wp\/v2\/categories?post=84745"}],"curies":[{"name":"wp","href":"https:\/\/api.w.org\/{rel}","templated":true}]}}