{"id":84558,"date":"2016-09-06T13:45:28","date_gmt":"2016-09-06T11:45:28","guid":{"rendered":"https:\/\/graziamagazine.com\/es\/?p=84558"},"modified":"2016-09-06T13:46:30","modified_gmt":"2016-09-06T11:46:30","slug":"quien-es-haley-bennett","status":"publish","type":"articles","link":"https:\/\/graziamagazine.com\/es\/articles\/quien-es-haley-bennett\/","title":{"rendered":"\u00bfQui\u00e9n es Haley Bennett?"},"content":{"rendered":"<p>Apr\u00e9ndete bien su nombre porque <strong>Haley Bennett (Florida, 1988) est\u00e1 en la sala de embarque para convertirse en la nueva estrella de Hollywood.<\/strong> Aunque la camale\u00f3nica actriz no es nueva por estos lares: debut\u00f3 en el cine hace 10 a\u00f1os, pero es ahora cuando su carrera despega rumbo a las estrellas.<\/p>\n<figure id=\"attachment_84688\" aria-describedby=\"caption-attachment-84688\" style=\"width: 785px\" class=\"wp-caption aligncenter\"><img loading=\"lazy\" decoding=\"async\" class=\"size-full wp-image-84688\" src=\"https:\/\/graziamagazine.com\/es\/wp-content\/uploads\/sites\/12\/2016\/09\/06124319\/01-haley-bennett.jpg\" alt=\"Haley Bennett, que ya es una habitual en los eventos de moda, en el desfile Resort 17 de Dior. \u00a9 Getty Images\" width=\"785\" height=\"480\" \/><figcaption id=\"caption-attachment-84688\" class=\"wp-caption-text\">Haley Bennett, que ya es una habitual en los eventos de moda, en el desfile Resort 17 de Dior. \u00a9 Getty Images<\/figcaption><\/figure>\n<p>Este mes estrena en Espa\u00f1a el <em>remake<\/em> de <em>Los siete magn\u00edficos<\/em> (30 septiembre), la \u00faltima cinta de Antoine Fuqua, en la que se une a un elenco comandado por <strong>Denzel Washington, Chris Patt y Ethan Hawke.<\/strong><\/p>\n<p>Su oto\u00f1o llega muy movidito: tambi\u00e9n la veremos en la esperada <strong><em>La chica del tren<\/em> (21 octubre), la pel\u00edcula basada en el <em>best seller<\/em> del pasado verano, junto a Emily Blunt y Luke Evans.<\/strong> En noviembre cambia de registro para protagonizar <em>Rules don&#8217;t apply,<\/em> una historia de amor escrita por Warren Beatty y en la que comparte pantalla con Lily Collins y <em>A Kind of Murder, <\/em>un thriller de Andy Goddard en el que act\u00faa con Jessica Biel y Patrick Wilson.<\/p>\n<figure id=\"attachment_84639\" aria-describedby=\"caption-attachment-84639\" style=\"width: 785px\" class=\"wp-caption aligncenter\"><img loading=\"lazy\" decoding=\"async\" class=\"size-full wp-image-84639\" src=\"https:\/\/graziamagazine.com\/es\/wp-content\/uploads\/sites\/12\/2016\/09\/05103458\/The-Magnificent-Seven-7-Haley-Bennett-Denzel-Washington-web.jpg\" alt=\"'Los siete magn\u00edficos', una de las pel\u00edculas que Haley Bennett ha estrenado este a\u00f1o.\" width=\"785\" height=\"523\" \/><figcaption id=\"caption-attachment-84639\" class=\"wp-caption-text\">&#8216;Los siete magn\u00edficos&#8217;, una de las pel\u00edculas que Haley Bennett ha estrenado este a\u00f1o.<\/figcaption><\/figure>\n<p>Por si no fuera bastante, para 2017 tiene programada <strong><em>Weightless<\/em>, la nueva cinta de Terrence Malick, donde se codea con Rooney Mara, <a href=\"https:\/\/graziamagazine.com\/es\/etiqueta\/ryan-gosling\/\" target=\"_blank\">Ryan Gosling<\/a>, Christian Bale, <a href=\"https:\/\/graziamagazine.com\/es\/etiqueta\/cate-blanchett\/\" target=\"_blank\">Cate Blanchett<\/a>, Michael Fassbender y <a href=\"https:\/\/graziamagazine.com\/es\/etiqueta\/natalie-portman\/\" target=\"_blank\">Natalie Portman<\/a><\/strong>. En 2017 Bennett estrenar\u00e1 tambi\u00e9n <em>Thank you for your service<\/em>, un drama que trata el estr\u00e9s post traum\u00e1tico que sufren los combatientes al regresar de un conflicto armado.<\/p>\n<figure id=\"attachment_84653\" aria-describedby=\"caption-attachment-84653\" style=\"width: 785px\" class=\"wp-caption aligncenter\"><img loading=\"lazy\" decoding=\"async\" class=\"size-full wp-image-84653\" src=\"https:\/\/graziamagazine.com\/es\/wp-content\/uploads\/sites\/12\/2016\/09\/05121241\/la-chica-del-tren.jpg\" alt=\"Junto con Luke Evans en 'La chica del tren'.\" width=\"785\" height=\"463\" \/><figcaption id=\"caption-attachment-84653\" class=\"wp-caption-text\">Junto con Luke Evans en &#8216;La chica del tren&#8217;.<\/figcaption><\/figure>\n<p>La historia en Hollywood se vuelve a repetir. <strong>Una actriz pasa de estar en el hangar a estrenar un pu\u00f1ado de pel\u00edculas de corrido que le hace tocar el cielo<\/strong> de la industria en pocos meses.<\/p>\n<p>En 2011 fue <a href=\"https:\/\/graziamagazine.com\/es\/etiqueta\/jessica-chastain\/\" target=\"_blank\">Jessica Chastain<\/a>, que particip\u00f3 en siete pel\u00edculas, entre ellas <em>El \u00e1rbol de la vida. <\/em>El a\u00f1o pasado le toc\u00f3 a la sueca <a href=\"https:\/\/graziamagazine.com\/es\/etiqueta\/alicia-vikander\/\" target=\"_blank\">Alicia Vikander<\/a> con el estreno de cinco largometrajes, entre ellos <em>The Danish Girl<\/em><em>, <\/em>por la que se llev\u00f3 el Oscar a Mejor actriz de reparto el pasado mes de febrero.<\/p>\n<p>Estas dos actrices ya han tomado velocidad de crucero: Vikander presenta estos d\u00edas en Venecia <em>The Light Between Oceans<\/em>, donde se enamor\u00f3 de su actual pareja, Michael Fassbender. Y Chastain ha sido dos veces nominada al Oscar (<em>Criadas y Se\u00f1oras<\/em> y<em> La noche m\u00e1s oscura<\/em>) desde que fue anunciada por la megafon\u00eda de la fama.<\/p>\n<p>\u00bfSeguir\u00e1 el mismo sendero Haley Bennett? Todas las papeletas dicen que s\u00ed. <strong>\u00bfQui\u00e9n es esta chica de la mirada rasgada?<\/strong><\/p>\n<figure id=\"attachment_84655\" aria-describedby=\"caption-attachment-84655\" style=\"width: 785px\" class=\"wp-caption aligncenter\"><img loading=\"lazy\" decoding=\"async\" class=\"size-full wp-image-84655\" src=\"https:\/\/graziamagazine.com\/es\/wp-content\/uploads\/sites\/12\/2016\/09\/05122601\/a-kind-of-murder-patrick-wilson.jpg\" alt=\"En el thriller 'The kind of murder' Bennett act\u00faa con Patrick Wilson.\" width=\"785\" height=\"524\" \/><figcaption id=\"caption-attachment-84655\" class=\"wp-caption-text\">En el thriller &#8216;A kind of murder&#8217;, junto a Patrick Wilson.<\/figcaption><\/figure>\n<ul>\n<li><span style=\"text-decoration: underline;\"><strong>Alfombra roja<\/strong><\/span><\/li>\n<\/ul>\n<p>Como muchas actrices saben, el look elegido para presentar una cinta puede acaparar m\u00e1s focos que la propia pel\u00edcula; lo que se traduce en poderosas alianzas y en rentables campa\u00f1as de publicidad. Bennett, que fue bautizada como &#8216;cometa Haley&#8217; por la revista <em>GQ,<\/em> <strong>deposita su confianza en <a href=\"https:\/\/www.instagram.com\/highheelprncess\/?hl=en\" target=\"_blank\" target=\"_blank\">Jessica Paster<\/a>, la estilista que tambi\u00e9n se encarga de vestir a Miranda Kerr, Olivia Munn y Emily Blunt.<\/strong> La alianza se ha traducido en que la joven de Ohio no ha dado ni un paso en falso y ya ha comenzado a introducirse en las listas de mejor vestidas.<\/p>\n<p>Guarda muy buena relaci\u00f3n con las firmas m\u00e1s aspiracionales del universo del lujo (de Chanel a Dior) y su nombre se baraja como posible embajadora de Louis Vuitton. De momento, y por lo que pueda pasar, no se pierde ni uno de sus desfiles. Aunque, qui\u00e9n sabe&#8230; quiz\u00e1 su rostro desembarque en Dior, para relevar a Jennifer Lawrence (con la que, por cierto, guarda un asombroso parecido).<\/p>\n<figure id=\"attachment_84692\" aria-describedby=\"caption-attachment-84692\" style=\"width: 785px\" class=\"wp-caption aligncenter\"><img loading=\"lazy\" decoding=\"async\" class=\"size-full wp-image-84692\" src=\"https:\/\/graziamagazine.com\/es\/wp-content\/uploads\/sites\/12\/2016\/09\/06124342\/05-haley-bennett-looks-red-carpet.jpg\" alt=\"En el desfile de Louis Vuitton; de Michael Kors en la gala del Met de este a\u00f1o; en el \u00faltimo desfile de Dior; y en un evento celebrado por Chanel en Nueva York. \u00a9 Cordon Press \/ Getty Images\" width=\"785\" height=\"480\" \/><figcaption id=\"caption-attachment-84692\" class=\"wp-caption-text\">En el desfile de Louis Vuitton; de Michael Kors en la gala del Met de este a\u00f1o; en el \u00faltimo desfile de Dior; y en un evento celebrado por Chanel en Nueva York. \u00a9 Cordon Press \/ Getty Images<\/figcaption><\/figure>\n<ul>\n<li><span style=\"text-decoration: underline;\"><strong>Redes sociales<\/strong><\/span><\/li>\n<\/ul>\n<p>A diferencia de sus compa\u00f1eras de profesi\u00f3n, ella no suele prodigarse por las pantallas de las redes sociales. Bennett prefiere mantener un perfil bajo en Instagram (<a href=\"https:\/\/www.instagram.com\/halolorraine\/?hl=en\" target=\"_blank\" target=\"_blank\">@halolorraine<\/a>), donde apenas cuenta con 21.000 seguidores (sirva como comparaci\u00f3n Jessica Chastain, que tiene <a href=\"https:\/\/www.instagram.com\/jessicachastain\/?hl=en\" target=\"_blank\" target=\"_blank\">casi un mill\u00f3n<\/a>). Para Twitter ni siquiera se ha sacado billete.<\/p>\n<figure id=\"attachment_84583\" aria-describedby=\"caption-attachment-84583\" style=\"width: 785px\" class=\"wp-caption aligncenter\"><img loading=\"lazy\" decoding=\"async\" class=\"size-full wp-image-84583\" src=\"https:\/\/graziamagazine.com\/es\/wp-content\/uploads\/sites\/12\/2016\/09\/02171904\/haley-bennett-instagram.jpg\" alt=\"Instagram @haholorraine\" width=\"785\" height=\"600\" \/><figcaption id=\"caption-attachment-84583\" class=\"wp-caption-text\">\u00a9 Instagram @halolorraine<\/figcaption><\/figure>\n<ul>\n<li><strong><span style=\"text-decoration: underline;\">Una vida entre animales<\/span><\/strong><\/li>\n<\/ul>\n<p>Es animalista confesa: tiene tres gatos, un terrier mix y un san bernardo. Y es que <strong>Bennett creci\u00f3 en una zona rural de Ohio entre cerdos y hurones.<\/strong> All\u00ed aprendi\u00f3 a manejar un arma con ocho a\u00f1os, aunque r\u00e1pidamente dej\u00f3 de cazar tras ver con su padre la pel\u00edcula <em>Bambi<\/em>, seg\u00fan declaraba en una entrevista en <em>Talking Fashion.<\/em><\/p>\n<p><iframe loading=\"lazy\" title=\"Haley Bennett - Buddha&#039;s Delight\" width=\"500\" height=\"281\" src=\"https:\/\/www.youtube.com\/embed\/FV11fi1-I5Q?feature=oembed\" frameborder=\"0\" allow=\"accelerometer; autoplay; encrypted-media; gyroscope; picture-in-picture\" allowfullscreen><\/iframe><\/p>\n<ul>\n<li><span style=\"text-decoration: underline;\"><strong>Todo comenz\u00f3 con la m\u00fasica<\/strong><\/span><\/li>\n<\/ul>\n<p>El primer papel que desempe\u00f1\u00f3 Bennett fue haciendo de <strong>estrella del pop en la pel\u00edcula <em>T\u00fa la letra, yo la m\u00fasica<\/em> <\/strong>(2007), donde comparti\u00f3 reparto con Hugh Grant y Drew Barrymore. Con esta primera actuaci\u00f3n demostr\u00f3 su talento musical, hasta el punto de trasladarse a Los \u00c1ngeles para intentar convertirse en cantante.<\/p>\n<p>No tiene educaci\u00f3n formal en interpretaci\u00f3n, pero suple su carencia con un talento natural y unas ganas locas de trabajar: \u00abEs una bella persona que se compromete al 100%. Te dar\u00e1 su coraz\u00f3n\u00bb, asegura Fuqua en la versi\u00f3n americana de <em>Vogue.<\/em> El director se qued\u00f3 tan prendado de la actriz (se la recomend\u00f3 Terrence Malick) que escribi\u00f3 para ella un papel en <em>El Protector.<\/em><\/p>\n<figure id=\"attachment_84636\" aria-describedby=\"caption-attachment-84636\" style=\"width: 785px\" class=\"wp-caption aligncenter\"><img loading=\"lazy\" decoding=\"async\" class=\"size-full wp-image-84636\" src=\"https:\/\/graziamagazine.com\/es\/wp-content\/uploads\/sites\/12\/2016\/09\/05095226\/2007_music_and_lyrics_haley-bennett.jpg\" alt=\"Bennett es una estrella del pop en la pel\u00edcula Music and Lyrics junto a High Grant, un cantante que vive de las rentas del pasado.\" width=\"785\" height=\"522\" \/><figcaption id=\"caption-attachment-84636\" class=\"wp-caption-text\">Bennett es una estrella del pop en la pel\u00edcula &#8216;Music and Lyrics&#8217; junto a Hugh Grant, un cantante que vive de las rentas del pasado.<\/figcaption><\/figure>\n<p><iframe loading=\"lazy\" style=\"border: none; overflow: hidden; height: 258px;\" src=\"\/\/www.facebook.com\/plugins\/likebox.php?href=https%3A%2F%2Fwww.facebook.com%2Fgraziaespana&amp;width&amp;height=258&amp;colorscheme=light&amp;show_faces=true&amp;header=false&amp;stream=false&amp;show_border=false&amp;appId=349017955267591\" width=\"300\" height=\"150\" frameborder=\"0\" scrolling=\"no\"><\/iframe><\/p>\n","protected":false},"author":19210,"featured_media":0,"template":"","format":"standard","categories":[13,17],"acf":[],"yoast_head":"<!-- This site is optimized with the Yoast SEO Premium plugin v18.5 (Yoast SEO v20.4) - https:\/\/yoast.com\/wordpress\/plugins\/seo\/ -->\n<title>\u00bfQui\u00e9n es Haley Bennett? | Grazia<\/title>\n<meta name=\"description\" content=\"En los pr\u00f3ximos meses estrena seis pel\u00edculas, algunas llamadas a dar mucho de qu\u00e9 hablar... tanto en taquilla como en la temporada de premios.\" \/>\n<meta name=\"robots\" content=\"index, follow, max-snippet:-1, max-image-preview:large, max-video-preview:-1\" \/>\n<link rel=\"canonical\" href=\"https:\/\/graziamagazine.com\/es\/articles\/quien-es-haley-bennett\/\" \/>\n<meta property=\"og:locale\" content=\"es_ES\" \/>\n<meta property=\"og:type\" content=\"article\" \/>\n<meta property=\"og:title\" content=\"\u00bfQui\u00e9n es Haley Bennett?\" \/>\n<meta property=\"og:description\" content=\"Qu\u00e9date con su cara porque est\u00e1s a punto de verla por todas partes: en los pr\u00f3ximos meses estrena seis pel\u00edculas, algunas llamadas a dar mucho de qu\u00e9 hablar... tanto en taquilla como en la temporada de premios.\" \/>\n<meta property=\"og:url\" content=\"https:\/\/graziamagazine.com\/es\/articles\/quien-es-haley-bennett\/\" \/>\n<meta property=\"og:site_name\" content=\"Grazia\" \/>\n<meta property=\"article:modified_time\" content=\"2016-09-06T11:46:30+00:00\" \/>\n<meta property=\"og:image\" content=\"https:\/\/graziamagazine.com\/es\/wp-content\/uploads\/sites\/12\/2016\/09\/06124319\/01-haley-bennett.jpg?fit=785%2C480\" \/>\n\t<meta property=\"og:image:width\" content=\"785\" \/>\n\t<meta property=\"og:image:height\" content=\"480\" \/>\n\t<meta property=\"og:image:type\" content=\"image\/jpeg\" \/>\n<meta name=\"twitter:card\" content=\"summary_large_image\" \/>\n<meta name=\"twitter:title\" content=\"\u00bfQui\u00e9n es Haley Bennett?\" \/>\n<meta name=\"twitter:description\" content=\"Qu\u00e9date con su cara porque est\u00e1s a punto de verla por todas partes: en los pr\u00f3ximos meses estrena seis pel\u00edculas, algunas llamadas a dar mucho de qu\u00e9 hablar... tanto en taquilla como en la temporada de premios.\" \/>\n<meta name=\"twitter:image\" content=\"http:\/\/s3-eu-west-1.amazonaws.com\/grazia-cdn\/wp-content\/uploads\/sites\/12\/2016\/09\/06124319\/01-haley-bennett.jpg\" \/>\n<meta name=\"twitter:label1\" content=\"Est. reading time\" \/>\n\t<meta name=\"twitter:data1\" content=\"5 minutos\" \/>\n<script type=\"application\/ld+json\" class=\"yoast-schema-graph\">{\"@context\":\"https:\/\/schema.org\",\"@graph\":[{\"@type\":\"WebPage\",\"@id\":\"https:\/\/graziamagazine.com\/es\/articles\/quien-es-haley-bennett\/\",\"url\":\"https:\/\/graziamagazine.com\/es\/articles\/quien-es-haley-bennett\/\",\"name\":\"\u00bfQui\u00e9n es Haley Bennett? | Grazia\",\"isPartOf\":{\"@id\":\"https:\/\/graziamagazine.com\/es\/#website\"},\"datePublished\":\"2016-09-06T11:45:28+00:00\",\"dateModified\":\"2016-09-06T11:46:30+00:00\",\"description\":\"En los pr\u00f3ximos meses estrena seis pel\u00edculas, algunas llamadas a dar mucho de qu\u00e9 hablar... tanto en taquilla como en la temporada de premios.\",\"breadcrumb\":{\"@id\":\"https:\/\/graziamagazine.com\/es\/articles\/quien-es-haley-bennett\/#breadcrumb\"},\"inLanguage\":\"es\",\"potentialAction\":[{\"@type\":\"ReadAction\",\"target\":[\"https:\/\/graziamagazine.com\/es\/articles\/quien-es-haley-bennett\/\"]}]},{\"@type\":\"BreadcrumbList\",\"@id\":\"https:\/\/graziamagazine.com\/es\/articles\/quien-es-haley-bennett\/#breadcrumb\",\"itemListElement\":[{\"@type\":\"ListItem\",\"position\":1,\"name\":\"Portada\",\"item\":\"https:\/\/graziamagazine.com\/es\/\"},{\"@type\":\"ListItem\",\"position\":2,\"name\":\"\u00bfQui\u00e9n es Haley Bennett?\"}]},{\"@type\":\"WebSite\",\"@id\":\"https:\/\/graziamagazine.com\/es\/#website\",\"url\":\"https:\/\/graziamagazine.com\/es\/\",\"name\":\"Grazia\",\"description\":\"Moda, belleza, celebrities, estilo de vida...\",\"potentialAction\":[{\"@type\":\"SearchAction\",\"target\":{\"@type\":\"EntryPoint\",\"urlTemplate\":\"https:\/\/graziamagazine.com\/es\/?s={search_term_string}\"},\"query-input\":\"required name=search_term_string\"}],\"inLanguage\":\"es\"}]}<\/script>\n<!-- \/ Yoast SEO Premium plugin. -->","yoast_head_json":{"title":"\u00bfQui\u00e9n es Haley Bennett? | Grazia","description":"En los pr\u00f3ximos meses estrena seis pel\u00edculas, algunas llamadas a dar mucho de qu\u00e9 hablar... tanto en taquilla como en la temporada de premios.","robots":{"index":"index","follow":"follow","max-snippet":"max-snippet:-1","max-image-preview":"max-image-preview:large","max-video-preview":"max-video-preview:-1"},"canonical":"https:\/\/graziamagazine.com\/es\/articles\/quien-es-haley-bennett\/","og_locale":"es_ES","og_type":"article","og_title":"\u00bfQui\u00e9n es Haley Bennett?","og_description":"Qu\u00e9date con su cara porque est\u00e1s a punto de verla por todas partes: en los pr\u00f3ximos meses estrena seis pel\u00edculas, algunas llamadas a dar mucho de qu\u00e9 hablar... tanto en taquilla como en la temporada de premios.","og_url":"https:\/\/graziamagazine.com\/es\/articles\/quien-es-haley-bennett\/","og_site_name":"Grazia","article_modified_time":"2016-09-06T11:46:30+00:00","og_image":[{"width":785,"height":480,"url":"https:\/\/graziamagazine.com\/es\/wp-content\/uploads\/sites\/12\/2016\/09\/06124319\/01-haley-bennett.jpg?fit=785%2C480","type":"image\/jpeg"}],"twitter_card":"summary_large_image","twitter_title":"\u00bfQui\u00e9n es Haley Bennett?","twitter_description":"Qu\u00e9date con su cara porque est\u00e1s a punto de verla por todas partes: en los pr\u00f3ximos meses estrena seis pel\u00edculas, algunas llamadas a dar mucho de qu\u00e9 hablar... tanto en taquilla como en la temporada de premios.","twitter_image":"http:\/\/s3-eu-west-1.amazonaws.com\/grazia-cdn\/wp-content\/uploads\/sites\/12\/2016\/09\/06124319\/01-haley-bennett.jpg","twitter_misc":{"Est. reading time":"5 minutos"},"schema":{"@context":"https:\/\/schema.org","@graph":[{"@type":"WebPage","@id":"https:\/\/graziamagazine.com\/es\/articles\/quien-es-haley-bennett\/","url":"https:\/\/graziamagazine.com\/es\/articles\/quien-es-haley-bennett\/","name":"\u00bfQui\u00e9n es Haley Bennett? | Grazia","isPartOf":{"@id":"https:\/\/graziamagazine.com\/es\/#website"},"datePublished":"2016-09-06T11:45:28+00:00","dateModified":"2016-09-06T11:46:30+00:00","description":"En los pr\u00f3ximos meses estrena seis pel\u00edculas, algunas llamadas a dar mucho de qu\u00e9 hablar... tanto en taquilla como en la temporada de premios.","breadcrumb":{"@id":"https:\/\/graziamagazine.com\/es\/articles\/quien-es-haley-bennett\/#breadcrumb"},"inLanguage":"es","potentialAction":[{"@type":"ReadAction","target":["https:\/\/graziamagazine.com\/es\/articles\/quien-es-haley-bennett\/"]}]},{"@type":"BreadcrumbList","@id":"https:\/\/graziamagazine.com\/es\/articles\/quien-es-haley-bennett\/#breadcrumb","itemListElement":[{"@type":"ListItem","position":1,"name":"Portada","item":"https:\/\/graziamagazine.com\/es\/"},{"@type":"ListItem","position":2,"name":"\u00bfQui\u00e9n es Haley Bennett?"}]},{"@type":"WebSite","@id":"https:\/\/graziamagazine.com\/es\/#website","url":"https:\/\/graziamagazine.com\/es\/","name":"Grazia","description":"Moda, belleza, celebrities, estilo de vida...","potentialAction":[{"@type":"SearchAction","target":{"@type":"EntryPoint","urlTemplate":"https:\/\/graziamagazine.com\/es\/?s={search_term_string}"},"query-input":"required name=search_term_string"}],"inLanguage":"es"}]}},"jetpack_sharing_enabled":true,"distributor_meta":false,"distributor_terms":false,"distributor_media":false,"distributor_original_site_name":"Grazia","distributor_original_site_url":"https:\/\/graziamagazine.com\/es","push-errors":false,"_links":{"self":[{"href":"https:\/\/graziamagazine.com\/es\/wp-json\/wp\/v2\/articles\/84558"}],"collection":[{"href":"https:\/\/graziamagazine.com\/es\/wp-json\/wp\/v2\/articles"}],"about":[{"href":"https:\/\/graziamagazine.com\/es\/wp-json\/wp\/v2\/types\/articles"}],"author":[{"embeddable":true,"href":"https:\/\/graziamagazine.com\/es\/wp-json\/wp\/v2\/users\/19210"}],"wp:attachment":[{"href":"https:\/\/graziamagazine.com\/es\/wp-json\/wp\/v2\/media?parent=84558"}],"wp:term":[{"taxonomy":"category","embeddable":true,"href":"https:\/\/graziamagazine.com\/es\/wp-json\/wp\/v2\/categories?post=84558"}],"curies":[{"name":"wp","href":"https:\/\/api.w.org\/{rel}","templated":true}]}}