{"id":8406,"date":"2013-03-06T11:33:03","date_gmt":"2013-03-06T10:33:03","guid":{"rendered":"https:\/\/graziamagazine.com\/es\/?p=8406"},"modified":"2020-01-02T19:44:40","modified_gmt":"2020-01-02T18:44:40","slug":"conoces-dalianah-arekion","status":"publish","type":"articles","link":"https:\/\/graziamagazine.com\/es\/articles\/conoces-dalianah-arekion\/","title":{"rendered":"\u00bfConoces a Dalianah Arekion?"},"content":{"rendered":"<p>Oscuridad. Suenan los primeros acordes. Una orquesta hace de base a la voz de <strong>Antony Hegarty<\/strong> (<em>Antony &amp; The Johnsons<\/em>), que inaugura el desfile de <a href=\"https:\/\/graziamagazine.com\/es\/moda\/otono-invierno-2013-14-pret-a-porter\/givenchy\" target=\"_blank\" rel=\"noopener\">la colecci\u00f3n oto\u00f1o-invierno 2013\/14 de <strong>Givenchy<\/strong><\/a>. En un ambiente de fantas\u00eda que roza el ritual y a golpe de un \u00abdreams come true\u00bb en boca de uno de los grandes de la m\u00fasica, irrumpe en escena la primera figura. Lleva una sudadera de Bambi y una falda de tul bordada, la tez oscura. Se llama <strong>Dalianah Arekion<\/strong>&#8230; \u00a1y es espa\u00f1ola!<\/p>\n<figure id=\"attachment_94004\" aria-describedby=\"caption-attachment-94004\" style=\"width: 785px\" class=\"wp-caption aligncenter\"><img loading=\"lazy\" decoding=\"async\" class=\"wp-image-94004 size-full\" title=\"\u00bfConoces a Dalianah Arekion?\" src=\"https:\/\/graziamagazine.com\/es\/wp-content\/uploads\/sites\/12\/2013\/11\/Givenchy-ful-W-F13-P-148_899225.jpg\" alt=\"Apertura del desfile de Givenchy oto\u00f1o-invierno 2013\/14. \u00a9 Mondadori Photo\" width=\"785\" height=\"523\" srcset=\"https:\/\/graziamagazine.com\/es\/wp-content\/uploads\/sites\/12\/2013\/11\/Givenchy-ful-W-F13-P-148_899225.jpg 785w, https:\/\/graziamagazine.com\/es\/wp-content\/uploads\/sites\/12\/2013\/11\/Givenchy-ful-W-F13-P-148_899225-300x200.jpg 300w, https:\/\/graziamagazine.com\/es\/wp-content\/uploads\/sites\/12\/2013\/11\/Givenchy-ful-W-F13-P-148_899225-768x512.jpg 768w, https:\/\/graziamagazine.com\/es\/wp-content\/uploads\/sites\/12\/2013\/11\/Givenchy-ful-W-F13-P-148_899225-720x480.jpg 720w, https:\/\/graziamagazine.com\/es\/wp-content\/uploads\/sites\/12\/2013\/11\/Givenchy-ful-W-F13-P-148_899225-626x417.jpg 626w, https:\/\/graziamagazine.com\/es\/wp-content\/uploads\/sites\/12\/2013\/11\/Givenchy-ful-W-F13-P-148_899225-360x240.jpg 360w\" sizes=\"(max-width: 785px) 100vw, 785px\" \/><figcaption id=\"caption-attachment-94004\" class=\"wp-caption-text\">Apertura del desfile de Givenchy oto\u00f1o-invierno 2013\/14. \u00a9 Mondadori Photo<\/figcaption><\/figure>\n<p>Rodeada de <em>tops<\/em> internacionales como <strong>Isabeli Fontana<\/strong> o la mism\u00edsima <strong>Natalia Vodianova<\/strong>, <strong>Dalianah Arekion<\/strong> se estrenaba hace ya m\u00e1s de un a\u00f1o en la pasarela internacional bajo las \u00f3rdenes de <strong>Riccardo Tisci<\/strong>. Y no fue una modelo cualquiera, no. Fue la primera, la elegida para abrir el desfile; en la que todos ten\u00edan la mirada puesta. 12 meses despu\u00e9s, en 2014, volvi\u00f3 a ser una de las maniqu\u00edes sobre la pasarela de <strong>Givenchy<\/strong> en Par\u00eds, presentando su colecci\u00f3n Oto\u00f1o\/Invierno 2014-15. Lo de Tisci por ella fue, en efecto, amor del bueno.<\/p>\n<p>Tras su primera incursi\u00f3n en la gran moda, le siguieron otros tantos retos importantes: editoriales en publicaciones nacionales e internacionales, campa\u00f1as (<strong>Givenchy, Givenchy Crucero, Chanel Crucero<\/strong>&#8230;) y desfiles dentro y fuera de nuestras fronteras; de hecho, en la \u00faltima edici\u00f3n de MBFW Madrid (y tras haber pasado tambi\u00e9n por 080 Barcelona), <strong>Dalianah<\/strong> se hizo con el Premio L&#8217;Or\u00e9al a la Mejor Modelo de la temporada. S\u00ed, el mismo que meses antes recogi\u00f3 <a href=\"https:\/\/graziamagazine.com\/es\/moda\/actualidad\/2014-11-04\/blanca-padilla-el-angel-espanol-de-victorias-secret\" target=\"_blank\" rel=\"noopener\">su compa\u00f1era <strong>Blanca Padilla<\/strong>.<\/a><\/p>\n<figure id=\"attachment_8427\" aria-describedby=\"caption-attachment-8427\" style=\"width: 785px\" class=\"wp-caption aligncenter\"><img loading=\"lazy\" decoding=\"async\" class=\"wp-image-8427 size-full\" title=\"\u00bfConoces a Dalianah Arekion?\" src=\"https:\/\/graziamagazine.com\/es\/wp-content\/uploads\/sites\/12\/2013\/03\/chanel_dalianaharekion.jpg\" alt=\"\u00bfConoces a Dalianah Arekion? \u00a9 Chanel\" width=\"785\" height=\"508\" srcset=\"https:\/\/graziamagazine.com\/es\/wp-content\/uploads\/sites\/12\/2013\/03\/chanel_dalianaharekion.jpg 785w, https:\/\/graziamagazine.com\/es\/wp-content\/uploads\/sites\/12\/2013\/03\/chanel_dalianaharekion-300x194.jpg 300w, https:\/\/graziamagazine.com\/es\/wp-content\/uploads\/sites\/12\/2013\/03\/chanel_dalianaharekion-720x466.jpg 720w, https:\/\/graziamagazine.com\/es\/wp-content\/uploads\/sites\/12\/2013\/03\/chanel_dalianaharekion-626x405.jpg 626w, https:\/\/graziamagazine.com\/es\/wp-content\/uploads\/sites\/12\/2013\/03\/chanel_dalianaharekion-360x233.jpg 360w\" sizes=\"(max-width: 785px) 100vw, 785px\" \/><figcaption id=\"caption-attachment-8427\" class=\"wp-caption-text\">\u00a9 Chanel<\/figcaption><\/figure>\n<p><strong>Dalianah<\/strong> es\u00a0joven. Naci\u00f3 hace 18 a\u00f1os (23 de febrero de 1996, era menor de edad a\u00fan cuando encandil\u00f3 a<strong> Tisci<\/strong>) en <strong>Santander<\/strong> (<strong>Cantabria<\/strong>), aunque pocos lo hubieran imaginado por sus rasgos ex\u00f3ticos. Pero s\u00ed. De padre mauritano y madre espa\u00f1ola, <strong>Dalianah<\/strong> tiene todas las papeletas para encandilar a los grandes de la moda.<\/p>\n<p>Ella quer\u00eda ser modelo. Modelo y periodista. Su primer objetivo est\u00e1 conseguido; para el segundo a\u00fan tiene tiempo, pero eso s\u00ed, no piensa dejarlo pasar. A pesar de su edad da gran importancia al tener una carrera de base por si las cosas sobre la pasarela no salieran bien&#8230; Aunque lo har\u00e1n, no hay m\u00e1s que verla.<\/p>\n<figure id=\"attachment_8430\" aria-describedby=\"caption-attachment-8430\" style=\"width: 785px\" class=\"wp-caption aligncenter\"><img loading=\"lazy\" decoding=\"async\" class=\"wp-image-8430 size-full\" title=\"\u00bfConoces a Dalianah Arekion?\" src=\"https:\/\/graziamagazine.com\/es\/wp-content\/uploads\/sites\/12\/2013\/03\/2_dalianaharekion.jpg\" alt=\"\u00bfConoces a Dalianah Arekion? \u00a9 Traffic Barcelona \" width=\"785\" height=\"480\" srcset=\"https:\/\/graziamagazine.com\/es\/wp-content\/uploads\/sites\/12\/2013\/03\/2_dalianaharekion.jpg 785w, https:\/\/graziamagazine.com\/es\/wp-content\/uploads\/sites\/12\/2013\/03\/2_dalianaharekion-300x183.jpg 300w, https:\/\/graziamagazine.com\/es\/wp-content\/uploads\/sites\/12\/2013\/03\/2_dalianaharekion-695x425.jpg 695w, https:\/\/graziamagazine.com\/es\/wp-content\/uploads\/sites\/12\/2013\/03\/2_dalianaharekion-720x440.jpg 720w, https:\/\/graziamagazine.com\/es\/wp-content\/uploads\/sites\/12\/2013\/03\/2_dalianaharekion-626x383.jpg 626w, https:\/\/graziamagazine.com\/es\/wp-content\/uploads\/sites\/12\/2013\/03\/2_dalianaharekion-360x220.jpg 360w\" sizes=\"(max-width: 785px) 100vw, 785px\" \/><figcaption id=\"caption-attachment-8430\" class=\"wp-caption-text\">\u00a9 Traffic Barcelona<\/figcaption><\/figure>\n<p>Lleg\u00f3 al mundo de la moda respaldada por la agencia <a href=\"http:\/\/www.trafficmodels.com\" target=\"_blank\" rel=\"noopener\" target=\"_blank\"><strong>Traffic<\/strong><\/a> de Barcelona, a la que, seg\u00fan cuenta en una entrevista, fue en un puente de enero \u201cpara no perder clase\u201d. Desde entonces, nada la ha parado (su trabajo ahora ronda entre Nueva York y Madrid). Y es que,\u00a0en esa misma entrevista, <strong>Dalianah<\/strong> dec\u00eda que de aqu\u00ed a diez a\u00f1os se ve\u00eda \u201cdesfilando en grandes pasarelas y posando para grandes marcas\u201d, cosa que ya ha conseguido en poco m\u00e1s de un a\u00f1o. Qued\u00e1os con su nombre, porque como bien dijo <strong>Antony Hegarty<\/strong> en su canci\u00f3n, <em>dreams (do) come true<\/em>.<\/p>\n<figure id=\"attachment_8432\" aria-describedby=\"caption-attachment-8432\" style=\"width: 550px\" class=\"wp-caption aligncenter\"><img loading=\"lazy\" decoding=\"async\" class=\"wp-image-8432 size-full\" title=\"\u00bfConoces a Dalianah Arekion?\" src=\"https:\/\/graziamagazine.com\/es\/wp-content\/uploads\/sites\/12\/2013\/03\/instagram_dalianaharekion.jpg\" alt=\"\u00bfConoces a Dalianah Arekion? \u00a9 Instagram @dalianaharekion\" width=\"550\" height=\"550\" srcset=\"https:\/\/graziamagazine.com\/es\/wp-content\/uploads\/sites\/12\/2013\/03\/instagram_dalianaharekion.jpg 550w, https:\/\/graziamagazine.com\/es\/wp-content\/uploads\/sites\/12\/2013\/03\/instagram_dalianaharekion-150x150.jpg 150w, https:\/\/graziamagazine.com\/es\/wp-content\/uploads\/sites\/12\/2013\/03\/instagram_dalianaharekion-300x300.jpg 300w, https:\/\/graziamagazine.com\/es\/wp-content\/uploads\/sites\/12\/2013\/03\/instagram_dalianaharekion-360x360.jpg 360w\" sizes=\"(max-width: 550px) 100vw, 550px\" \/><figcaption id=\"caption-attachment-8432\" class=\"wp-caption-text\">\u00a9 Instagram @dalianaharekion<\/figcaption><\/figure>\n","protected":false},"author":14080,"featured_media":0,"template":"","format":"standard","categories":[3,1],"acf":[],"yoast_head":"<!-- This site is optimized with the Yoast SEO Premium plugin v18.5 (Yoast SEO v20.4) - https:\/\/yoast.com\/wordpress\/plugins\/seo\/ -->\n<title>\u00bfConoces a Dalianah Arekion? | Grazia<\/title>\n<meta name=\"description\" content=\"Encandil\u00f3 a Riccardo Tisci hace ya m\u00e1s de un a\u00f1o. Ahora, no hay quien la pare... \u00a1No te olvides de su cara!\" \/>\n<meta name=\"robots\" content=\"index, follow, max-snippet:-1, max-image-preview:large, max-video-preview:-1\" \/>\n<link rel=\"canonical\" href=\"https:\/\/graziamagazine.com\/es\/articles\/conoces-dalianah-arekion\/\" \/>\n<meta property=\"og:locale\" content=\"es_ES\" \/>\n<meta property=\"og:type\" content=\"article\" \/>\n<meta property=\"og:title\" content=\"\u00bfConoces a Dalianah Arekion?\" \/>\n<meta property=\"og:description\" content=\"Encandil\u00f3 a Riccardo Tisci hace ya m\u00e1s de un a\u00f1o. Ahora, no hay quien la pare... \u00a1No te olvides de su cara!\" \/>\n<meta property=\"og:url\" content=\"https:\/\/graziamagazine.com\/es\/articles\/conoces-dalianah-arekion\/\" \/>\n<meta property=\"og:site_name\" content=\"Grazia\" \/>\n<meta property=\"article:modified_time\" content=\"2020-01-02T18:44:40+00:00\" \/>\n<meta property=\"og:image\" content=\"https:\/\/graziamagazine.com\/es\/wp-content\/uploads\/sites\/12\/2013\/11\/Givenchy-ful-W-F13-P-148_899225.jpg\" \/>\n<meta name=\"twitter:card\" content=\"summary_large_image\" \/>\n<meta name=\"twitter:label1\" content=\"Est. reading time\" \/>\n\t<meta name=\"twitter:data1\" content=\"3 minutos\" \/>\n<script type=\"application\/ld+json\" class=\"yoast-schema-graph\">{\"@context\":\"https:\/\/schema.org\",\"@graph\":[{\"@type\":\"WebPage\",\"@id\":\"https:\/\/graziamagazine.com\/es\/articles\/conoces-dalianah-arekion\/\",\"url\":\"https:\/\/graziamagazine.com\/es\/articles\/conoces-dalianah-arekion\/\",\"name\":\"\u00bfConoces a Dalianah Arekion? | Grazia\",\"isPartOf\":{\"@id\":\"https:\/\/graziamagazine.com\/es\/#website\"},\"datePublished\":\"2013-03-06T10:33:03+00:00\",\"dateModified\":\"2020-01-02T18:44:40+00:00\",\"description\":\"Encandil\u00f3 a Riccardo Tisci hace ya m\u00e1s de un a\u00f1o. Ahora, no hay quien la pare... \u00a1No te olvides de su cara!\",\"breadcrumb\":{\"@id\":\"https:\/\/graziamagazine.com\/es\/articles\/conoces-dalianah-arekion\/#breadcrumb\"},\"inLanguage\":\"es\",\"potentialAction\":[{\"@type\":\"ReadAction\",\"target\":[\"https:\/\/graziamagazine.com\/es\/articles\/conoces-dalianah-arekion\/\"]}]},{\"@type\":\"BreadcrumbList\",\"@id\":\"https:\/\/graziamagazine.com\/es\/articles\/conoces-dalianah-arekion\/#breadcrumb\",\"itemListElement\":[{\"@type\":\"ListItem\",\"position\":1,\"name\":\"Portada\",\"item\":\"https:\/\/graziamagazine.com\/es\/\"},{\"@type\":\"ListItem\",\"position\":2,\"name\":\"\u00bfConoces a Dalianah Arekion?\"}]},{\"@type\":\"WebSite\",\"@id\":\"https:\/\/graziamagazine.com\/es\/#website\",\"url\":\"https:\/\/graziamagazine.com\/es\/\",\"name\":\"Grazia\",\"description\":\"Moda, belleza, celebrities, estilo de vida...\",\"potentialAction\":[{\"@type\":\"SearchAction\",\"target\":{\"@type\":\"EntryPoint\",\"urlTemplate\":\"https:\/\/graziamagazine.com\/es\/?s={search_term_string}\"},\"query-input\":\"required name=search_term_string\"}],\"inLanguage\":\"es\"}]}<\/script>\n<!-- \/ Yoast SEO Premium plugin. -->","yoast_head_json":{"title":"\u00bfConoces a Dalianah Arekion? | Grazia","description":"Encandil\u00f3 a Riccardo Tisci hace ya m\u00e1s de un a\u00f1o. Ahora, no hay quien la pare... \u00a1No te olvides de su cara!","robots":{"index":"index","follow":"follow","max-snippet":"max-snippet:-1","max-image-preview":"max-image-preview:large","max-video-preview":"max-video-preview:-1"},"canonical":"https:\/\/graziamagazine.com\/es\/articles\/conoces-dalianah-arekion\/","og_locale":"es_ES","og_type":"article","og_title":"\u00bfConoces a Dalianah Arekion?","og_description":"Encandil\u00f3 a Riccardo Tisci hace ya m\u00e1s de un a\u00f1o. Ahora, no hay quien la pare... \u00a1No te olvides de su cara!","og_url":"https:\/\/graziamagazine.com\/es\/articles\/conoces-dalianah-arekion\/","og_site_name":"Grazia","article_modified_time":"2020-01-02T18:44:40+00:00","og_image":[{"url":"https:\/\/graziamagazine.com\/es\/wp-content\/uploads\/sites\/12\/2013\/11\/Givenchy-ful-W-F13-P-148_899225.jpg"}],"twitter_card":"summary_large_image","twitter_misc":{"Est. reading time":"3 minutos"},"schema":{"@context":"https:\/\/schema.org","@graph":[{"@type":"WebPage","@id":"https:\/\/graziamagazine.com\/es\/articles\/conoces-dalianah-arekion\/","url":"https:\/\/graziamagazine.com\/es\/articles\/conoces-dalianah-arekion\/","name":"\u00bfConoces a Dalianah Arekion? | Grazia","isPartOf":{"@id":"https:\/\/graziamagazine.com\/es\/#website"},"datePublished":"2013-03-06T10:33:03+00:00","dateModified":"2020-01-02T18:44:40+00:00","description":"Encandil\u00f3 a Riccardo Tisci hace ya m\u00e1s de un a\u00f1o. Ahora, no hay quien la pare... \u00a1No te olvides de su cara!","breadcrumb":{"@id":"https:\/\/graziamagazine.com\/es\/articles\/conoces-dalianah-arekion\/#breadcrumb"},"inLanguage":"es","potentialAction":[{"@type":"ReadAction","target":["https:\/\/graziamagazine.com\/es\/articles\/conoces-dalianah-arekion\/"]}]},{"@type":"BreadcrumbList","@id":"https:\/\/graziamagazine.com\/es\/articles\/conoces-dalianah-arekion\/#breadcrumb","itemListElement":[{"@type":"ListItem","position":1,"name":"Portada","item":"https:\/\/graziamagazine.com\/es\/"},{"@type":"ListItem","position":2,"name":"\u00bfConoces a Dalianah Arekion?"}]},{"@type":"WebSite","@id":"https:\/\/graziamagazine.com\/es\/#website","url":"https:\/\/graziamagazine.com\/es\/","name":"Grazia","description":"Moda, belleza, celebrities, estilo de vida...","potentialAction":[{"@type":"SearchAction","target":{"@type":"EntryPoint","urlTemplate":"https:\/\/graziamagazine.com\/es\/?s={search_term_string}"},"query-input":"required name=search_term_string"}],"inLanguage":"es"}]}},"jetpack_sharing_enabled":true,"distributor_meta":false,"distributor_terms":false,"distributor_media":false,"distributor_original_site_name":"Grazia","distributor_original_site_url":"https:\/\/graziamagazine.com\/es","push-errors":false,"_links":{"self":[{"href":"https:\/\/graziamagazine.com\/es\/wp-json\/wp\/v2\/articles\/8406"}],"collection":[{"href":"https:\/\/graziamagazine.com\/es\/wp-json\/wp\/v2\/articles"}],"about":[{"href":"https:\/\/graziamagazine.com\/es\/wp-json\/wp\/v2\/types\/articles"}],"author":[{"embeddable":true,"href":"https:\/\/graziamagazine.com\/es\/wp-json\/wp\/v2\/users\/14080"}],"wp:attachment":[{"href":"https:\/\/graziamagazine.com\/es\/wp-json\/wp\/v2\/media?parent=8406"}],"wp:term":[{"taxonomy":"category","embeddable":true,"href":"https:\/\/graziamagazine.com\/es\/wp-json\/wp\/v2\/categories?post=8406"}],"curies":[{"name":"wp","href":"https:\/\/api.w.org\/{rel}","templated":true}]}}