{"id":83041,"date":"2016-08-12T05:15:29","date_gmt":"2016-08-12T03:15:29","guid":{"rendered":"https:\/\/graziamagazine.com\/es\/?p=83041"},"modified":"2016-08-11T20:28:20","modified_gmt":"2016-08-11T18:28:20","slug":"la-nina-fuiste-nunca-se-averguence-ti","status":"publish","type":"articles","link":"https:\/\/graziamagazine.com\/es\/articles\/la-nina-fuiste-nunca-se-averguence-ti\/","title":{"rendered":"Carta abierta a los padres de la ni\u00f1a llorona de la mesa de al lado"},"content":{"rendered":"<p><em>Hace unas semanas hablamos en Grazia\u00a0<a href=\"https:\/\/graziamagazine.com\/es\/lifestyle\/ninos-y-restaurantes-ninofobia\/\" target=\"_blank\">sobre\u00a0la ni\u00f1ofobia,<\/a>\u00a0un art\u00edculo que gener\u00f3 diversas opiniones tanto dentro de la redacci\u00f3n como fuera. Hoy queremos conocer el otro punto de vista y esta es la respuesta de nuestra colaboradora\u00a0Rosa\u00a0Alvares\u00a0a aquel texto.<\/em><\/p>\n<figure id=\"attachment_83253\" aria-describedby=\"caption-attachment-83253\" style=\"width: 785px\" class=\"wp-caption aligncenter\"><img loading=\"lazy\" decoding=\"async\" class=\"size-full wp-image-83253\" src=\"https:\/\/graziamagazine.com\/es\/wp-content\/uploads\/sites\/12\/2016\/08\/08111424\/ninofobia2_INTERIOR.jpg\" alt=\"\u00a9 Getty Images.\" width=\"785\" height=\"600\" \/><figcaption id=\"caption-attachment-83253\" class=\"wp-caption-text\">\u00a9 Getty Images.<\/figcaption><\/figure>\n<p><strong style=\"text-decoration: underline;\">Que la ni\u00f1a que fuiste nunca se averg\u00fcence de ti<\/strong><\/p>\n<p>Soy de una <strong>generaci\u00f3n en la que muchas mujeres apostaban por la maternidad ante todo.<\/strong> Era el modelo que hab\u00edamos heredado de nuestras madres, y <a href=\"https:\/\/graziamagazine.com\/es\/lifestyle\/no-quiero-tener-hijos-y-que\/\" target=\"_blank\">el hecho de que algunas opt\u00e1ramos abiertamente por la pareja, los amigos, la familia de nacimiento o nuestra carrera profesional, sin hijos,<\/a> no era la norma general.<\/p>\n<p>Nunca me he arrepentido de ello.\u00a0<strong>Tampoco me ha hecho ser una especie de madrastra de cuento,<\/strong> insensible a las alegr\u00edas que da <a href=\"https:\/\/graziamagazine.com\/es\/lifestyle\/llegan-los-ninos-y-ahora-que\/\" target=\"_blank\">tener cr\u00edos<\/a> alrededor, incapaz de disfrutar con sus ocurrencias\u2026 No. De hecho, confieso que en no pocas cabalgatas de Reyes he pedido a alguna amiga que me &#8216;prestara&#8217; a sus ni\u00f1os\u00a0para pasar ese m\u00e1gico rato con ellos; que he llegado a ver varias veces seguidas una exposici\u00f3n sobre efectos especiales terror\u00edfica (y muy fea) para dar gusto a mi sobrino, y que disfruto mucho buscando peque\u00f1os tesoros para la colecci\u00f3n particular de Mateo, uno de mis grandes amigos, a pesar de medir menos de 1,20 m y tener 7 a\u00f1os. Sirva todo esto para decirlo bien claro: <strong>yo no sufro <em>ni\u00f1ofobia.<\/em> Lo que realmente no soporto son los ni\u00f1os a los que sus padres no han educado como deber\u00edan.<\/strong><\/p>\n<figure id=\"attachment_83138\" aria-describedby=\"caption-attachment-83138\" style=\"width: 400px\" class=\"wp-caption aligncenter\"><img loading=\"lazy\" decoding=\"async\" class=\"size-full wp-image-83138\" src=\"https:\/\/graziamagazine.com\/es\/wp-content\/uploads\/sites\/12\/2016\/08\/04132922\/tumblr_mxzyuu2Gdj1qdojzho1_400.gif\" alt=\"cccc\" width=\"400\" height=\"400\" \/><figcaption id=\"caption-attachment-83138\" class=\"wp-caption-text\">Esta podr\u00eda ser yo\u00a0con una\u00a0amiga.<\/figcaption><\/figure>\n<p><span style=\"text-decoration: underline;\"><strong>\u00bfNI\u00d1OS? S\u00cd\u2026 PERO EDUCADOS<\/strong><\/span><\/p>\n<p><a href=\"https:\/\/graziamagazine.com\/es\/lifestyle\/ninos-y-restaurantes-ninofobia\/\" target=\"_blank\">Leo una frase que me estremece<\/a>: <strong>\u201cLos ni\u00f1os nunca molestan, son ni\u00f1os\u201d.<\/strong> \u00a1Error! Tan grande como decir que los adultos nunca resultamos pesados y desagradables, por m\u00e1s problemas, estr\u00e9s, desamores y otras muchas vivencias que nos puedan eximir, en ciertos momentos, de ser educados, respetuosos, atentos\u2026<\/p>\n<p>Los cr\u00edos son adultos\u00a0en potencia, llegar\u00e1n a ser mayores y tomar el relevo generacional. \u00a1Incluso nos cuidar\u00e1n y ayudar\u00e1n a pagar nuestras pensiones! Y para ser adultos responsables, cari\u00f1osos, \u00fatiles, necesitar\u00e1n haber hecho su particular <em>training<\/em> desde su m\u00e1s tierna infancia. Y eso, adem\u00e1s de adquirirse en la guarder\u00eda o el colegio, se consigue socializando con el resto de las personas, no solo con las de su entorno m\u00e1s pr\u00f3ximo.<\/p>\n<p>De alguna manera, todos los mayores \u2013aunque no seamos pap\u00e1s, t\u00edos o amigos del c\u00edrculo de los peques\u2013 contribuimos a su educaci\u00f3n. Por eso, es importante darles un buen ejemplo de lo que est\u00e1 bien y lo que no. Y cuanto antes vayan aprendiendo que hay comportamientos suyos que a ellos les pueden resultar muy naturales (como correr sin tregua por una tienda, chillar a pleno pulm\u00f3n mientras los vecinos duermen la siesta, patinar por las aceras sin fijarse en los ancianos que pasean, dar patadas en el asiento de delante en el tren\u2026), pero que fastidian a los dem\u00e1s. Y que ninguna madre me diga que esto es falta de empat\u00eda con los cr\u00edos. Es, sencillamente, respeto por los dem\u00e1s.<\/p>\n<figure id=\"attachment_83134\" aria-describedby=\"caption-attachment-83134\" style=\"width: 400px\" class=\"wp-caption aligncenter\"><img loading=\"lazy\" decoding=\"async\" class=\"size-full wp-image-83134\" src=\"https:\/\/graziamagazine.com\/es\/wp-content\/uploads\/sites\/12\/2016\/08\/04131840\/giphy-68.gif\" alt=\"\u00a1Y punto!\" width=\"400\" height=\"273\" \/><figcaption id=\"caption-attachment-83134\" class=\"wp-caption-text\">\u00a1Y punto!<\/figcaption><\/figure>\n<p><span style=\"text-decoration: underline;\"><strong>VACUNA CONTRA LA MADUREZ<\/strong><\/span><\/p>\n<p>Dice alguna madre que <strong>esa supuesta <em>ni\u00f1ofobia<\/em> que parece haberse puesto de moda se debe a que, como nacen menos ni\u00f1os, se nos ha olvidado como son\u2026<\/strong> \u00a1Menuda afirmaci\u00f3n! En todas las civilizaciones, los cr\u00edos han sido uno de los activos m\u00e1s preciados. \u00a1Son el futuro de la especie! Adem\u00e1s, nunca podremos olvidar lo que es la infancia porque todos llevamos dentro aquel ni\u00f1o que fuimos.<\/p>\n<p>S\u00ed, a pesar de todo el <em>background<\/em> que nos acompa\u00f1a seg\u00fan cumplimos a\u00f1os (y asumimos responsabilidades, y acumulamos ausencias), todav\u00eda recordamos lo mucho que nos gustaba aquella Barbie del escaparate, las chuches que com\u00edamos a escondidas, o nuestro sue\u00f1o de ser mayores, pintarnos con <em>rouge<\/em> y hacer preguntas al famoso de turno como buena periodista\u2026 Y si a alguien se le ha olvidado, le regalo tres sugerencias en formato de libro a las que recurro una y otra vez:<strong> <em>Peter Pan, Alicia en el Pa\u00eds de las Maravillas<\/em> y <em>Charlie y la f\u00e1brica de chocolate.<\/em> Las mejores vacunas contra la madurez\u2026<\/strong> \u00a1palabra de adulta!<\/p>\n<figure id=\"attachment_83139\" aria-describedby=\"caption-attachment-83139\" style=\"width: 500px\" class=\"wp-caption aligncenter\"><img loading=\"lazy\" decoding=\"async\" class=\"size-full wp-image-83139\" src=\"https:\/\/graziamagazine.com\/es\/wp-content\/uploads\/sites\/12\/2016\/08\/04133111\/big1.gif\" alt=\"Y ser as\u00ed de maduro\" width=\"500\" height=\"268\" \/><figcaption id=\"caption-attachment-83139\" class=\"wp-caption-text\">Todos tenemos ese ni\u00f1o dentro que de vez en cuando vuelve a salir.<\/figcaption><\/figure>\n<p><span style=\"text-decoration: underline;\"><strong>\u00bfY SI ME MONTO EN SU PATINETE?<\/strong><\/span><\/p>\n<p>Hoteles <strong><em>only adults,<\/em><\/strong> vagones sin ni\u00f1os, restaurantes para mayores\u2026 <strong>Son tan respetables como que en los centros de ocio infantil no dejen acceder a los adultos a las piscinas de bolas de los cr\u00edos.<\/strong> Y no quiero imaginar la que se armar\u00eda si, paseando por El Retiro, se me ocurriera arrebatar a un ni\u00f1o un patinete y salir huyendo porque &#8216;lo natural&#8217; es hacer lo que me da la gana y cuando me da la gana.<\/p>\n<p>Lo dicho, que los adultos acudan a un local reservado solo para mayores no significa que detesten a los menores o que est\u00e9n fomentando guetos. Simplemente, es que desean pasar una velada en paz, sin que les perturben los cr\u00edos que no vienen educados de casa. Mientra escribo esto, veo una entra\u00f1able imagen enmarcada: es verano y una madre sujeta feliz a su hija peque\u00f1a. Tiene un largo camino para hacer de ella una persona emp\u00e1tica y educada con quienes tiene alrededor, sean de la edad que sean.<\/p>\n<p><strong>Aquella ni\u00f1a que fui nunca se avergonzar\u00eda de la adulta en la que me he convertido.<\/strong> Ni siquiera por reivindicar mi derecho a no soportar ni\u00f1os inquietos\u2026<\/p>\n<figure id=\"attachment_83155\" aria-describedby=\"caption-attachment-83155\" style=\"width: 459px\" class=\"wp-caption aligncenter\"><img loading=\"lazy\" decoding=\"async\" class=\"wp-image-83155 size-full\" src=\"https:\/\/graziamagazine.com\/es\/wp-content\/uploads\/sites\/12\/2016\/08\/04145019\/ninofobia2_interior1.jpg\" alt=\"xxx\" width=\"459\" height=\"351\" \/><figcaption id=\"caption-attachment-83155\" class=\"wp-caption-text\">Esta es justo la imagen que me viene a la mente. \u00a1DE VERDAD!<\/figcaption><\/figure>\n<p><iframe loading=\"lazy\" style=\"overflow: hidden; height: 258px;\" src=\"\/\/www.facebook.com\/plugins\/likebox.php?href=https%3A%2F%2Fwww.facebook.com%2Fgraziaespana&amp;width&amp;height=258&amp;colorscheme=light&amp;show_faces=true&amp;header=false&amp;stream=false&amp;show_border=false&amp;appId=349017955267591\" width=\"300\" height=\"150\" frameborder=\"0\" scrolling=\"no\"><\/iframe><\/p>\n<p>&nbsp;<\/p>\n<p>&nbsp;<\/p>\n<p>&nbsp;<\/p>\n","protected":false},"author":22361,"featured_media":0,"template":"","format":"standard","categories":[19,18],"acf":[],"yoast_head":"<!-- This site is optimized with the Yoast SEO Premium plugin v18.5 (Yoast SEO v20.4) - https:\/\/yoast.com\/wordpress\/plugins\/seo\/ -->\n<title>Carta abierta a los padres de la ni\u00f1a llorona de la mesa de al lado | Grazia<\/title>\n<meta name=\"description\" content=\"\u00bfEs cierto que nuestra sociedad sufre ni\u00f1ofobia? \u00bfNo tienen los adultos derecho a &#039;huir&#039; de los cr\u00edos maleducados (...y de sus padres)?\" \/>\n<meta name=\"robots\" content=\"index, follow, max-snippet:-1, max-image-preview:large, max-video-preview:-1\" \/>\n<link rel=\"canonical\" href=\"https:\/\/graziamagazine.com\/es\/articles\/la-nina-fuiste-nunca-se-averguence-ti\/\" \/>\n<meta property=\"og:locale\" content=\"es_ES\" \/>\n<meta property=\"og:type\" content=\"article\" \/>\n<meta property=\"og:title\" content=\"Carta abierta a la madre de la ni\u00f1a llorona de la mesa de al lado\" \/>\n<meta property=\"og:description\" content=\"\u00bfEs cierto que nuestra sociedad sufre ni\u00f1ofobia? \u00bfNo tienen los adultos derecho a &#039;huir&#039; de los cr\u00edos maleducados (...y de sus padres)?\" \/>\n<meta property=\"og:url\" content=\"https:\/\/graziamagazine.com\/es\/articles\/la-nina-fuiste-nunca-se-averguence-ti\/\" \/>\n<meta property=\"og:site_name\" content=\"Grazia\" \/>\n<meta property=\"article:modified_time\" content=\"2016-08-11T18:28:20+00:00\" \/>\n<meta property=\"og:image\" content=\"https:\/\/graziamagazine.com\/es\/wp-content\/uploads\/sites\/12\/2016\/08\/08111222\/ninofobia2_COVER2.jpg?fit=785%2C480\" \/>\n\t<meta property=\"og:image:width\" content=\"785\" \/>\n\t<meta property=\"og:image:height\" content=\"480\" \/>\n\t<meta property=\"og:image:type\" content=\"image\/jpeg\" \/>\n<meta name=\"twitter:card\" content=\"summary_large_image\" \/>\n<meta name=\"twitter:title\" content=\"Carta abierta a la madre de la ni\u00f1a llorona de la mesa de al lado\" \/>\n<meta name=\"twitter:description\" content=\"\u00bfEs cierto que nuestra sociedad sufre ni\u00f1ofobia? \u00bfNo tienen los adultos derecho a &#039;huir&#039; de los cr\u00edos maleducados (...y de sus padres)?\" \/>\n<meta name=\"twitter:image\" content=\"http:\/\/s3-eu-west-1.amazonaws.com\/grazia-cdn\/wp-content\/uploads\/sites\/12\/2016\/08\/08111222\/ninofobia2_COVER2.jpg\" \/>\n<meta name=\"twitter:label1\" content=\"Est. reading time\" \/>\n\t<meta name=\"twitter:data1\" content=\"5 minutos\" \/>\n<script type=\"application\/ld+json\" class=\"yoast-schema-graph\">{\"@context\":\"https:\/\/schema.org\",\"@graph\":[{\"@type\":\"WebPage\",\"@id\":\"https:\/\/graziamagazine.com\/es\/articles\/la-nina-fuiste-nunca-se-averguence-ti\/\",\"url\":\"https:\/\/graziamagazine.com\/es\/articles\/la-nina-fuiste-nunca-se-averguence-ti\/\",\"name\":\"Carta abierta a los padres de la ni\u00f1a llorona de la mesa de al lado | Grazia\",\"isPartOf\":{\"@id\":\"https:\/\/graziamagazine.com\/es\/#website\"},\"datePublished\":\"2016-08-12T03:15:29+00:00\",\"dateModified\":\"2016-08-11T18:28:20+00:00\",\"description\":\"\u00bfEs cierto que nuestra sociedad sufre ni\u00f1ofobia? \u00bfNo tienen los adultos derecho a 'huir' de los cr\u00edos maleducados (...y de sus padres)?\",\"breadcrumb\":{\"@id\":\"https:\/\/graziamagazine.com\/es\/articles\/la-nina-fuiste-nunca-se-averguence-ti\/#breadcrumb\"},\"inLanguage\":\"es\",\"potentialAction\":[{\"@type\":\"ReadAction\",\"target\":[\"https:\/\/graziamagazine.com\/es\/articles\/la-nina-fuiste-nunca-se-averguence-ti\/\"]}]},{\"@type\":\"BreadcrumbList\",\"@id\":\"https:\/\/graziamagazine.com\/es\/articles\/la-nina-fuiste-nunca-se-averguence-ti\/#breadcrumb\",\"itemListElement\":[{\"@type\":\"ListItem\",\"position\":1,\"name\":\"Portada\",\"item\":\"https:\/\/graziamagazine.com\/es\/\"},{\"@type\":\"ListItem\",\"position\":2,\"name\":\"Carta abierta a los padres de la ni\u00f1a llorona de la mesa de al lado\"}]},{\"@type\":\"WebSite\",\"@id\":\"https:\/\/graziamagazine.com\/es\/#website\",\"url\":\"https:\/\/graziamagazine.com\/es\/\",\"name\":\"Grazia\",\"description\":\"Moda, belleza, celebrities, estilo de vida...\",\"potentialAction\":[{\"@type\":\"SearchAction\",\"target\":{\"@type\":\"EntryPoint\",\"urlTemplate\":\"https:\/\/graziamagazine.com\/es\/?s={search_term_string}\"},\"query-input\":\"required name=search_term_string\"}],\"inLanguage\":\"es\"}]}<\/script>\n<!-- \/ Yoast SEO Premium plugin. -->","yoast_head_json":{"title":"Carta abierta a los padres de la ni\u00f1a llorona de la mesa de al lado | Grazia","description":"\u00bfEs cierto que nuestra sociedad sufre ni\u00f1ofobia? \u00bfNo tienen los adultos derecho a 'huir' de los cr\u00edos maleducados (...y de sus padres)?","robots":{"index":"index","follow":"follow","max-snippet":"max-snippet:-1","max-image-preview":"max-image-preview:large","max-video-preview":"max-video-preview:-1"},"canonical":"https:\/\/graziamagazine.com\/es\/articles\/la-nina-fuiste-nunca-se-averguence-ti\/","og_locale":"es_ES","og_type":"article","og_title":"Carta abierta a la madre de la ni\u00f1a llorona de la mesa de al lado","og_description":"\u00bfEs cierto que nuestra sociedad sufre ni\u00f1ofobia? \u00bfNo tienen los adultos derecho a 'huir' de los cr\u00edos maleducados (...y de sus padres)?","og_url":"https:\/\/graziamagazine.com\/es\/articles\/la-nina-fuiste-nunca-se-averguence-ti\/","og_site_name":"Grazia","article_modified_time":"2016-08-11T18:28:20+00:00","og_image":[{"width":785,"height":480,"url":"https:\/\/graziamagazine.com\/es\/wp-content\/uploads\/sites\/12\/2016\/08\/08111222\/ninofobia2_COVER2.jpg?fit=785%2C480","type":"image\/jpeg"}],"twitter_card":"summary_large_image","twitter_title":"Carta abierta a la madre de la ni\u00f1a llorona de la mesa de al lado","twitter_description":"\u00bfEs cierto que nuestra sociedad sufre ni\u00f1ofobia? \u00bfNo tienen los adultos derecho a 'huir' de los cr\u00edos maleducados (...y de sus padres)?","twitter_image":"http:\/\/s3-eu-west-1.amazonaws.com\/grazia-cdn\/wp-content\/uploads\/sites\/12\/2016\/08\/08111222\/ninofobia2_COVER2.jpg","twitter_misc":{"Est. reading time":"5 minutos"},"schema":{"@context":"https:\/\/schema.org","@graph":[{"@type":"WebPage","@id":"https:\/\/graziamagazine.com\/es\/articles\/la-nina-fuiste-nunca-se-averguence-ti\/","url":"https:\/\/graziamagazine.com\/es\/articles\/la-nina-fuiste-nunca-se-averguence-ti\/","name":"Carta abierta a los padres de la ni\u00f1a llorona de la mesa de al lado | Grazia","isPartOf":{"@id":"https:\/\/graziamagazine.com\/es\/#website"},"datePublished":"2016-08-12T03:15:29+00:00","dateModified":"2016-08-11T18:28:20+00:00","description":"\u00bfEs cierto que nuestra sociedad sufre ni\u00f1ofobia? \u00bfNo tienen los adultos derecho a 'huir' de los cr\u00edos maleducados (...y de sus padres)?","breadcrumb":{"@id":"https:\/\/graziamagazine.com\/es\/articles\/la-nina-fuiste-nunca-se-averguence-ti\/#breadcrumb"},"inLanguage":"es","potentialAction":[{"@type":"ReadAction","target":["https:\/\/graziamagazine.com\/es\/articles\/la-nina-fuiste-nunca-se-averguence-ti\/"]}]},{"@type":"BreadcrumbList","@id":"https:\/\/graziamagazine.com\/es\/articles\/la-nina-fuiste-nunca-se-averguence-ti\/#breadcrumb","itemListElement":[{"@type":"ListItem","position":1,"name":"Portada","item":"https:\/\/graziamagazine.com\/es\/"},{"@type":"ListItem","position":2,"name":"Carta abierta a los padres de la ni\u00f1a llorona de la mesa de al lado"}]},{"@type":"WebSite","@id":"https:\/\/graziamagazine.com\/es\/#website","url":"https:\/\/graziamagazine.com\/es\/","name":"Grazia","description":"Moda, belleza, celebrities, estilo de vida...","potentialAction":[{"@type":"SearchAction","target":{"@type":"EntryPoint","urlTemplate":"https:\/\/graziamagazine.com\/es\/?s={search_term_string}"},"query-input":"required name=search_term_string"}],"inLanguage":"es"}]}},"jetpack_sharing_enabled":true,"distributor_meta":false,"distributor_terms":false,"distributor_media":false,"distributor_original_site_name":"Grazia","distributor_original_site_url":"https:\/\/graziamagazine.com\/es","push-errors":false,"_links":{"self":[{"href":"https:\/\/graziamagazine.com\/es\/wp-json\/wp\/v2\/articles\/83041"}],"collection":[{"href":"https:\/\/graziamagazine.com\/es\/wp-json\/wp\/v2\/articles"}],"about":[{"href":"https:\/\/graziamagazine.com\/es\/wp-json\/wp\/v2\/types\/articles"}],"author":[{"embeddable":true,"href":"https:\/\/graziamagazine.com\/es\/wp-json\/wp\/v2\/users\/22361"}],"wp:attachment":[{"href":"https:\/\/graziamagazine.com\/es\/wp-json\/wp\/v2\/media?parent=83041"}],"wp:term":[{"taxonomy":"category","embeddable":true,"href":"https:\/\/graziamagazine.com\/es\/wp-json\/wp\/v2\/categories?post=83041"}],"curies":[{"name":"wp","href":"https:\/\/api.w.org\/{rel}","templated":true}]}}