{"id":82916,"date":"2016-11-05T12:35:43","date_gmt":"2016-11-05T11:35:43","guid":{"rendered":"https:\/\/graziamagazine.com\/es\/?p=82916"},"modified":"2016-11-07T11:46:18","modified_gmt":"2016-11-07T10:46:18","slug":"paseo-la-rochelle","status":"publish","type":"articles","link":"https:\/\/graziamagazine.com\/es\/articles\/paseo-la-rochelle\/","title":{"rendered":"Un suculento paseo por La Rochelle"},"content":{"rendered":"<p><em>Por Use Lahoz<\/em><\/p>\n<p>Una cosa est\u00e1 clara: habituarse a La Rochelle y a la isla de R\u00e9 cuesta bastante menos que abandonarlas. S\u00ed, llegar es una liberaci\u00f3n; irse, una condena. Pero qu\u00e9 le vamos a hacer, estas cosas pasan, y conviene aceptarlas de antemano. Mentalizarse ahorrar\u00e1 problemas.<\/p>\n<figure id=\"attachment_82931\" aria-describedby=\"caption-attachment-82931\" style=\"width: 785px\" class=\"wp-caption aligncenter\"><img loading=\"lazy\" decoding=\"async\" class=\"size-full wp-image-82931\" src=\"https:\/\/graziamagazine.com\/es\/wp-content\/uploads\/sites\/12\/2016\/08\/02122722\/la-rochelle-04.jpg\" alt=\"La Torre de la Linterna vista desde la Torre de Saint Nicolas, en el puerto de La Rochelle.\" width=\"785\" height=\"523\" \/><figcaption id=\"caption-attachment-82931\" class=\"wp-caption-text\">La Torre de la Linterna vista desde la Torre de Saint Nicolas, en el puerto de La Rochelle. \u00a9 Luis Rubio<\/figcaption><\/figure>\n<p><span style=\"text-decoration: underline;\"><strong>DECADENCIA CHIC<\/strong><\/span><br \/>\nUn corto paseo por La Rochelle es suficiente para entender que se trata de disfrutar del sur en el oeste de Francia. <strong>Aqu\u00ed caben<\/strong> <strong>la luminosidad de algunas ciudades provenzales y una desgastada belleza a la siciliana.<\/strong> Dif\u00edcilmente se encuentra una ubicaci\u00f3n tan protegida y una ciudad tan manejable con cuatro puertos y otras tantas torres medievales. El agua es muy protagonista, da mucho de s\u00ed, revela color, espacio y panor\u00e1micas que almacenar\u00e1 la memoria como insignias de la buena vida.<\/p>\n<p>Tomando como centro el Vieux Port (puerto viejo) y teniendo en cuenta el ADN comerciante de una sociedad que se dedic\u00f3 durante siglos a la construcci\u00f3n de barcos (y que fue hasta finales del XVIII la puerta de salida de Francia hacia ultramar), resulta evidente el punto cosmopolita que irradian las terrazas. La Rochelle es una ciudad vibrante, de esp\u00edritu humanista y sostenible. Desde 1971 idolatra a Michel Cr\u00e9peau, alcalde que hasta 1999, transform\u00f3 su ritmo de vida impulsando el uso de la bicicleta y festivales musicales como el Francofolies, que cada julio llena de m\u00fasica los muelles del puerto.<\/p>\n<p>El barrio de <strong>Saint Nicolas conserva la esencia de su pasado pesquero<\/strong> en determinadas fachadas, unas de madera, otras de piedra caliza. Hoy son los estudiantes quienes mantienen intacta la <em>joie de vivre.<\/em> En el 8 de la Rue de Saint Nicolas, se halla el bar <a href=\"http:\/\/la-guignette.fr\" target=\"_blank\" target=\"_blank\">La Guignette<\/a>, de los m\u00e1s antiguos y bellos, r\u00fastico y desali\u00f1ado como ninguno. Aqu\u00ed, desde que el mundo es mundo, <strong>los estudiantes abusan de <em>guignette<\/em> (mezcla de vino y zumo) y de <em>pineau des Charentes<\/em> (una especie de mistela)<\/strong>. Lo inaugur\u00f3 un espa\u00f1ol, Emiliano Garc\u00eda. Era una bodega para marineros que evolucion\u00f3 a taberna y, por suerte, a nada m\u00e1s.<\/p>\n<figure id=\"attachment_82937\" aria-describedby=\"caption-attachment-82937\" style=\"width: 785px\" class=\"wp-caption aligncenter\"><img loading=\"lazy\" decoding=\"async\" class=\"size-full wp-image-82937\" src=\"https:\/\/graziamagazine.com\/es\/wp-content\/uploads\/sites\/12\/2016\/08\/02122749\/la-rochelle-10.jpg\" alt=\"El simp\u00e1tico due\u00f1o de la Taberna Guiguientte (o Garc\u00eda), un seguro de fiesta.\" width=\"785\" height=\"524\" \/><figcaption id=\"caption-attachment-82937\" class=\"wp-caption-text\">El simp\u00e1tico due\u00f1o de la Taberna Guiguientte (o Garc\u00eda), un seguro de fiesta. \u00a9 Luis Rubio<\/figcaption><\/figure>\n<p>La Rue des Merciers y las colindantes conforman el eje comercial. Se vaya por donde se vaya, se tiene la sensaci\u00f3n de que todas las calles conducen al sitio oportuno. <strong>Tiendas tradicionales y nuevas firmas manifiestan una conveniente admiraci\u00f3n por la moda marinera;<\/strong> <a href=\"http:\/\/www.viamaris.fr\/?page=PV&amp;spage=la-rochelle\" target=\"_blank\" target=\"_blank\">Via Maris<\/a>, en el 8 Bis de la Rue Chaudrier, es el mejor ejemplo de ello. La zapater\u00eda Chaussures Denis, abierta desde 1860, vende las aut\u00e9nticas <em>Charentaises,<\/em> m\u00edticas zapatillas de estar por casa reconvertidas en icono hipster. As\u00ed se desemboca en el colorido Les Halles, mercado del siglo XIX, donde dar una vuelta b\u00e1sicamente consiste en superar una tentaci\u00f3n tras otra: desde<strong> la sal de la isla de R\u00e9, a las ostras <\/strong>(<a href=\"http:\/\/huitres-roumegous.fr\" target=\"_blank\" target=\"_blank\">Roumegous<\/a> es el lugar),<strong> pasando por la mantequilla Echir\u00e9, la variedad de patatas <em>grenailles<\/em>, el genuino mel\u00f3n <em>charentaise<\/em> o quesos regionales <\/strong>como el Chabichou o el Fort Boyard. Demasiado.<\/p>\n<figure id=\"attachment_82936\" aria-describedby=\"caption-attachment-82936\" style=\"width: 785px\" class=\"wp-caption aligncenter\"><img loading=\"lazy\" decoding=\"async\" class=\"size-full wp-image-82936\" src=\"https:\/\/graziamagazine.com\/es\/wp-content\/uploads\/sites\/12\/2016\/08\/02122744\/la-rochelle-09.jpg\" alt=\"Vendedor especialista de ostras en el mercado de La Flotte. Abierto todos los d\u00edas del a\u00f1o.\" width=\"785\" height=\"523\" \/><figcaption id=\"caption-attachment-82936\" class=\"wp-caption-text\">Vendedor especialista de ostras en el mercado de La Flotte. Abierto todos los d\u00edas del a\u00f1o. \u00a9 Luis\u00a0Rubio<\/figcaption><\/figure>\n<p>Muy cerca, en la Rue Gargoulleau, desde hace 35 a\u00f1os Paul Bossuet vende los mejores <em>cognacs<\/em> y <em>pineaus<\/em> de su destiler\u00eda. <strong>Poitou-Charentes es la regi\u00f3n del <em>cognac,<\/em> y aqu\u00ed una comida nunca empieza ni termina sin \u00e9l<\/strong>. Casi enfrente, la <a href=\"https:\/\/www.facebook.com\/lepicuriumlr\/\" target=\"_blank\" target=\"_blank\">Fromagerie Epicurium<\/a> ofrece m\u00e1s de 200 quesos, y con este dato queda descrita.<\/p>\n<p>Basta continuar por esa calle, admirando palacetes de los armadores del siglo XVIII que se enriquecieron en las Antillas, algunos de ellos reciclados en galer\u00edas como el <a href=\"http:\/\/www.ville-larochelle.fr\/culture-sports-et-loisirs\/musees-de-la-rochelle\/musee-des-beaux-arts.html\" target=\"_blank\" target=\"_blank\">Mus\u00e9e des Beaux-Arts,<\/a> para llegar a la plaza Verdun.<strong> All\u00ed espera<\/strong> <strong>uno de los caf\u00e9s m\u00e1s hermosos del mundo, el <a href=\"https:\/\/fr.wikipedia.org\/wiki\/Caf\u00e9_de_la_Paix_(La_Rochelle)\" target=\"_blank\" target=\"_blank\">Caf\u00e9 de la Paix<\/a><\/strong>, donde es imposible no sentarse. Sin duda, est\u00e1 a la altura del Pedrocchi de Padua, el San Marco de Trieste, el Sperl de Viena o el Majestic de Oporto. Esta fue la &#8216;oficina&#8217; del escritor de novela negra Georges Simenon, de ah\u00ed que lo transitemos en muchas de sus novelas, como <em>El testamento<\/em> o <em>El viajero del d\u00eda de todos los santos,<\/em> junto al inspector Maigret. Fue precisamente aqu\u00ed donde una tarde de 1939 Simenon se enter\u00f3 de que hab\u00eda empezado la Segunda Guerra Mundial. Al instante, para sorpresa de todos los presentes, pidi\u00f3 una botella de champ\u00e1n. <strong>Una vez descorchada dijo: \u201cAl menos, esta no se la beber\u00e1n los alemanes\u201d.<\/strong><\/p>\n<figure id=\"attachment_82930\" aria-describedby=\"caption-attachment-82930\" style=\"width: 785px\" class=\"wp-caption aligncenter\"><img loading=\"lazy\" decoding=\"async\" class=\"size-full wp-image-82930\" src=\"https:\/\/graziamagazine.com\/es\/wp-content\/uploads\/sites\/12\/2016\/08\/02122716\/la-rochelle-03.jpg\" alt=\"El maravilloso Caf\u00e9 de la Paix en La Rochelle.\" width=\"785\" height=\"523\" \/><figcaption id=\"caption-attachment-82930\" class=\"wp-caption-text\">El maravilloso Caf\u00e9 de la Paix en La Rochelle. \u00a9 Luis Rubio<\/figcaption><\/figure>\n<p>Conviene no descuidar una vista al barrio de Gabut y visitar dos emblemas de la ciudad: la tienda de la marca de cuchillos <a href=\"http:\/\/www.farol.fr\" target=\"_blank\" target=\"_blank\">Farol<\/a>, con su legendaria empu\u00f1adura en forma de cachalote y, sobre todo, Matlama, atelier y boutique de una dise\u00f1adora al alza, Marina Richet, que acaba de presentar el \u00a1carrito de la compra que se transforma en monopat\u00edn! Si alguien puede evitar llev\u00e1rselo, por favor, que diga c\u00f3mo.<\/p>\n<p>Antes de despedir esta ciudad, es preciso darse un homenaje. Para ello nada como el restaurante <a href=\"http:\/\/www.les4sergents.com\/\" target=\"_blank\" target=\"_blank\">Les 4 sergents<\/a>; <strong>si el <em>civet<\/em> de gamba roja con mantequilla de langosta y arroz negro no te\u00a0conmueve<\/strong>, <del>h\u00e1ztelo\u00a0mirar<\/del>.\u00a0 Y no sufras por el carrito, se puede entrar con \u00e9l.<\/p>\n<p><span style=\"text-decoration: underline;\"><strong>UNA ISLA PRIVILEGIADA<\/strong><\/span><br \/>\nPara llegar a la isla de R\u00e9 basta atravesar un puente de tres kil\u00f3metros y pagar un peaje de ocho euros. Ir all\u00ed resulta una de las mejores opciones que se pueden tomar en esta vida. Hay que entregarse a ella como el fil\u00f3sofo ateniense se entregaba al discurso demi\u00fargico. <strong>Est\u00e1 llena de placeres. El primero de ellos es la ausencia de publicidad.<\/strong> Es un rinc\u00f3n tan privilegiado y tan bien conservado que no se permiten anuncios de ning\u00fan tipo. Un descanso para la vista. As\u00ed, en lugar de reclamos de agencias inmobiliarias o coches de \u00faltima generaci\u00f3n, se ven burros vestidos de cintura para abajo. S\u00ed, aqu\u00ed los burros llevan pantalones.<\/p>\n<figure id=\"attachment_82934\" aria-describedby=\"caption-attachment-82934\" style=\"width: 785px\" class=\"wp-caption aligncenter\"><img loading=\"lazy\" decoding=\"async\" class=\"size-full wp-image-82934\" src=\"https:\/\/graziamagazine.com\/es\/wp-content\/uploads\/sites\/12\/2016\/08\/02122735\/la-rochelle-07.jpg\" alt=\"Pedalear entre las salinas es uno de los placeres que ofrece la isla.\" width=\"785\" height=\"523\" \/><figcaption id=\"caption-attachment-82934\" class=\"wp-caption-text\">Pedalear entre las salinas es uno de los placeres que ofrece la isla. \u00a9 Luis Rubio<\/figcaption><\/figure>\n<p><strong>Alquilar una bicicleta es la segunda mejor opci\u00f3n que se puede hacer en el mismo d\u00eda<\/strong>. Y alojarse en el hotel <a href=\"http:\/\/www.hotel-le-senechal.com\" target=\"_blank\" target=\"_blank\">Le Senechal<\/a>, en Ars en R\u00e9, la tercera. A partir de ah\u00ed, la expresi\u00f3n &#8216;lo nunca visto&#8217; cobrar\u00e1 mucho sentido. Goce m\u00e1ximo. La opci\u00f3n de pedalear entre las salinas mientras el atardecer deshilacha el sol es tentadora y necesaria. Cualquier recodo es una invitaci\u00f3n a la desconexi\u00f3n y al urban\u00a0<em>sketcher.\u00a0<\/em>Aqu\u00ed flores de mostaza, ah\u00ed sal, all\u00ed una garza, a lo lejos un faro. Es un vicio secreto. Quien sue\u00f1e con leer junto al mar, a la sombra de una duna salvaje, con el susurro del aire y a la sombra de \u00e1rboles, solo debe preguntar por la playa de Trousse-Chemise.<\/p>\n<p>Si en una de esas se precisa imperiosamente una dosis de molusco palpitante, uno se detiene en un criadero como <a href=\"http:\/\/www.huitrieredere.com\" target=\"_blank\" target=\"_blank\">L\u00b4huitri\u00e8re de R\u00e9<\/a> y degusta y aprende sobre las ostras, este complejo marisco que tanta felicidad aporta. A estas alturas ya habr\u00e1 aflorado el deseo de mudarse. Y tal vez convenga tener en cuenta un dato: el metro cuadro de suelo est\u00e1 a 10.000 euros.<br \/>\nDe vuelta al pueblo, en el coqueto puerto, siempre est\u00e1 abierto <strong>el Caf\u00e9 du Commerce, toda una instituci\u00f3n en la isla<\/strong>. Irremediablemente elegante, si Jay Gatsby levantara la cabeza, sabr\u00edamos donde encontrarle.<\/p>\n<figure id=\"attachment_82933\" aria-describedby=\"caption-attachment-82933\" style=\"width: 785px\" class=\"wp-caption aligncenter\"><img loading=\"lazy\" decoding=\"async\" class=\"size-full wp-image-82933\" src=\"https:\/\/graziamagazine.com\/es\/wp-content\/uploads\/sites\/12\/2016\/08\/02122731\/la-rochelle-06.jpg\" alt=\"Perfecto ejemplo de \u201cmariscada popular\u201d en Aux Fr\u00e8res de la C\u00f4te, en Ars en R\u00e9. Como plato del d\u00eda, no est\u00e1 mal.\" width=\"785\" height=\"523\" \/><figcaption id=\"caption-attachment-82933\" class=\"wp-caption-text\">Perfecto ejemplo de \u201cmariscada popular\u201d en Aux Fr\u00e8res de la C\u00f4te, en Ars en R\u00e9. Como plato del d\u00eda, no est\u00e1 mal. \u00a9 Luis Rubio<\/figcaption><\/figure>\n<p><span style=\"text-decoration: underline;\"><strong>OSTRAS, \u00a1UN HELADO!<\/strong><\/span><br \/>\nEn Saint Martin de R\u00e9 conviene perderse en el templado bullicio comercial. En <a href=\"http:\/\/www.savonneriedere.fr\" target=\"_blank\" target=\"_blank\">Loix et Savons<\/a> est\u00e1n los mejores jabones de leche de burra. Y sea la hora que sea, <strong>hay que ir a <a href=\"http:\/\/www.la-martiniere.fr\/\" target=\"_blank\" target=\"_blank\">La Martini\u00e8re<\/a>:\u00a0no es solo una helader\u00eda, es un espect\u00e1culo, y hay que vivirlo.<\/strong> Ejemplo de negocio familiar exitoso, en verano puede despachar 7.000 helados al d\u00eda. Los sabores son tan incontestables como aut\u00f3ctonos: helado de \u00a1ostras!, de <em>caramel fleur de sel,<\/em> de patatas <em>(grenailles),<\/em> adem\u00e1s de frambuesa y pimiento rojo o <em>latte macchiato.<\/em> Apote\u00f3sico.<\/p>\n<p>Deambular por el pueblo supone asistir a un seminario de sensibilidad urban\u00edstica: las fachadas blancas, las contraventanas en verde. Ni un desliz trastoca la armon\u00eda. Y hablando de armon\u00eda, quien se resista a cenar en <a href=\"http:\/\/lacible-restaurantbar.fr\/\" target=\"_blank\" target=\"_blank\">La Cible<\/a> es un h\u00e9roe y alg\u00fan d\u00eda recibir\u00e1 una medalla. Es <strong>un restaurante anclado en la arena que entra por los ojos y por el entorno (sublime), la carta (\u00a1qu\u00e9 pescado!) y el ambiente (tan poco pretencioso).<\/strong><\/p>\n<figure id=\"attachment_82929\" aria-describedby=\"caption-attachment-82929\" style=\"width: 785px\" class=\"wp-caption aligncenter\"><img loading=\"lazy\" decoding=\"async\" class=\"size-full wp-image-82929\" src=\"https:\/\/graziamagazine.com\/es\/wp-content\/uploads\/sites\/12\/2016\/08\/02122712\/la-rochelle-02.jpg\" alt=\"El puerto de St. Martin de R\u00e9, ejemplo de la arquitectura de la isla: fachadas blancas, contraventanas verdes o grises. As\u00ed se ve el mundo desde la helader\u00eda La Martini\u00e8re.\" width=\"785\" height=\"523\" \/><figcaption id=\"caption-attachment-82929\" class=\"wp-caption-text\">El puerto de St. Martin de R\u00e9, ejemplo de la arquitectura de la isla: fachadas blancas, contraventanas verdes o grises. As\u00ed se ve el mundo desde la helader\u00eda La Martini\u00e8re. \u00a9 Luis Rubio<\/figcaption><\/figure>\n<p>\u00cele de R\u00e9 es tentadora para deportistas serios. En la Plage de la Conche, que bordea el Phare des Baleines, all\u00e1 donde todo termina, <strong>son habituales<\/strong> <strong>los garabatos en el aire de las cometas de kitesurf<\/strong>. Si opta por el surf en la impactante Plage de Gros Jonc, se debe recordar la cercan\u00eda de <a href=\"http:\/\/www.iledere.com\/decouvrez-lile-de-re\/lile-de-re-en-10-histoires\/ars-en-re\/547414-restaurant-aux-freres-de-la-cote\" target=\"_blank\" target=\"_blank\">Aux Fr\u00e8res de la Cote<\/a>, el restaurante ideal para una mariscada sin cursiler\u00edas (99, Rue de la Grange). A diez minutos, se debe acudir a la <a href=\"http:\/\/www.espace-crearte.com\" target=\"_blank\" target=\"_blank\">galer\u00eda Cr\u00e9arte<\/a>, el espacio m\u00e1s din\u00e1mico de la escena cultural. Aqu\u00ed expone, entre otros, el escultor Gilles Candellier, cuyas singulares piezas de metal no pasan desapercibidas para nadie. Llevarse una en el <em>caddy<\/em> de Matlama es una tierna manera de terminar el viaje. Arruinado, pero contento.<\/p>\n<p>En un art\u00edculo de 1926, Stefan Zweig sosten\u00eda que \u201cla palabra viaje viene envuelta por un aroma de aventura, por un h\u00e1lito de azar veleidoso y de seductora incertidumbre\u201d. No viajamos para buscar la lejan\u00eda, sino para abandonar lo propio. Pues bien, <strong>la isla de R\u00e9 es el lugar para abandonarse a s\u00ed mismo y despedirse: mundo dom\u00e9stico, cotidiano, aburrido y met\u00f3dico, <\/strong>fue un placer, pero&#8230; \u00a1adi\u00f3s!<\/p>\n<figure id=\"attachment_82932\" aria-describedby=\"caption-attachment-82932\" style=\"width: 875px\" class=\"wp-caption aligncenter\"><img loading=\"lazy\" decoding=\"async\" class=\"size-full wp-image-82932\" src=\"https:\/\/graziamagazine.com\/es\/wp-content\/uploads\/sites\/12\/2016\/08\/02122727\/la-rochelle-05.jpg\" alt=\"Playa de la Concha, junto al Faro de las Ballenas, refugio de los m\u00e1s atrevidos kitesurfers.\" width=\"875\" height=\"583\" \/><figcaption id=\"caption-attachment-82932\" class=\"wp-caption-text\">Playa de la Concha, junto al Faro de las Ballenas, refugio de los m\u00e1s atrevidos &#8216;kitesurfers&#8217;. \u00a9 Luis Rubio<\/figcaption><\/figure>\n<p><iframe loading=\"lazy\" style=\"border: none; overflow: hidden; height: 258px;\" src=\"\/\/www.facebook.com\/plugins\/likebox.php?href=https%3A%2F%2Fwww.facebook.com%2Fgraziaespana&amp;width&amp;height=258&amp;colorscheme=light&amp;show_faces=true&amp;header=false&amp;stream=false&amp;show_border=false&amp;appId=349017955267591\" width=\"300\" height=\"150\" frameborder=\"0\" scrolling=\"no\"><\/iframe><\/p>\n","protected":false},"author":24470,"featured_media":0,"template":"","format":"standard","categories":[18,21],"acf":[],"yoast_head":"<!-- This site is optimized with the Yoast SEO Premium plugin v18.5 (Yoast SEO v20.4) - https:\/\/yoast.com\/wordpress\/plugins\/seo\/ -->\n<title>Un suculento paseo por La Rochelle | Grazia<\/title>\n<meta name=\"description\" content=\"Una ciudad y una isla, La Rochelle y la isla de R\u00e9, destinos de verano para robarle el brillo al sol y saciarse de ostras frente al mar.\" \/>\n<meta name=\"robots\" content=\"index, follow, max-snippet:-1, max-image-preview:large, max-video-preview:-1\" \/>\n<link rel=\"canonical\" href=\"https:\/\/graziamagazine.com\/es\/articles\/paseo-la-rochelle\/\" \/>\n<meta property=\"og:locale\" content=\"es_ES\" \/>\n<meta property=\"og:type\" content=\"article\" \/>\n<meta property=\"og:title\" content=\"Un suculento paseo por La Rochelle\" \/>\n<meta property=\"og:description\" content=\"Nunca un dos por uno result\u00f3 tan delicioso: una ciudad y una isla conectadas por un puente de tres kil\u00f3metros, La Rochelle y la isla de R\u00e9, apetecibles destinos para robarle el brillo al sol y saciarse de ostras frente al mar.\" \/>\n<meta property=\"og:url\" content=\"https:\/\/graziamagazine.com\/es\/articles\/paseo-la-rochelle\/\" \/>\n<meta property=\"og:site_name\" content=\"Grazia\" \/>\n<meta property=\"article:modified_time\" content=\"2016-11-07T10:46:18+00:00\" \/>\n<meta property=\"og:image\" content=\"https:\/\/graziamagazine.com\/es\/wp-content\/uploads\/sites\/12\/2016\/08\/02121127\/la-rochelle-cover-01.jpg?fit=785%2C480\" \/>\n\t<meta property=\"og:image:width\" content=\"785\" \/>\n\t<meta property=\"og:image:height\" content=\"480\" \/>\n\t<meta property=\"og:image:type\" content=\"image\/jpeg\" \/>\n<meta name=\"twitter:card\" content=\"summary_large_image\" \/>\n<meta name=\"twitter:title\" content=\"Un suculento paseo por La Rochelle\" \/>\n<meta name=\"twitter:description\" content=\"Nunca un dos por uno result\u00f3 tan delicioso: una ciudad y una isla conectadas por un puente de tres kil\u00f3metros, La Rochelle y la isla de R\u00e9, apetecibles destinos para robarle el brillo al sol y saciarse de ostras frente al mar.\" \/>\n<meta name=\"twitter:image\" content=\"http:\/\/s3-eu-west-1.amazonaws.com\/grazia-cdn\/wp-content\/uploads\/sites\/12\/2016\/08\/02121127\/la-rochelle-cover-01.jpg\" \/>\n<meta name=\"twitter:label1\" content=\"Est. reading time\" \/>\n\t<meta name=\"twitter:data1\" content=\"9 minutos\" \/>\n<script type=\"application\/ld+json\" class=\"yoast-schema-graph\">{\"@context\":\"https:\/\/schema.org\",\"@graph\":[{\"@type\":\"WebPage\",\"@id\":\"https:\/\/graziamagazine.com\/es\/articles\/paseo-la-rochelle\/\",\"url\":\"https:\/\/graziamagazine.com\/es\/articles\/paseo-la-rochelle\/\",\"name\":\"Un suculento paseo por La Rochelle | Grazia\",\"isPartOf\":{\"@id\":\"https:\/\/graziamagazine.com\/es\/#website\"},\"datePublished\":\"2016-11-05T11:35:43+00:00\",\"dateModified\":\"2016-11-07T10:46:18+00:00\",\"description\":\"Una ciudad y una isla, La Rochelle y la isla de R\u00e9, destinos de verano para robarle el brillo al sol y saciarse de ostras frente al mar.\",\"breadcrumb\":{\"@id\":\"https:\/\/graziamagazine.com\/es\/articles\/paseo-la-rochelle\/#breadcrumb\"},\"inLanguage\":\"es\",\"potentialAction\":[{\"@type\":\"ReadAction\",\"target\":[\"https:\/\/graziamagazine.com\/es\/articles\/paseo-la-rochelle\/\"]}]},{\"@type\":\"BreadcrumbList\",\"@id\":\"https:\/\/graziamagazine.com\/es\/articles\/paseo-la-rochelle\/#breadcrumb\",\"itemListElement\":[{\"@type\":\"ListItem\",\"position\":1,\"name\":\"Portada\",\"item\":\"https:\/\/graziamagazine.com\/es\/\"},{\"@type\":\"ListItem\",\"position\":2,\"name\":\"Un suculento paseo por La Rochelle\"}]},{\"@type\":\"WebSite\",\"@id\":\"https:\/\/graziamagazine.com\/es\/#website\",\"url\":\"https:\/\/graziamagazine.com\/es\/\",\"name\":\"Grazia\",\"description\":\"Moda, belleza, celebrities, estilo de vida...\",\"potentialAction\":[{\"@type\":\"SearchAction\",\"target\":{\"@type\":\"EntryPoint\",\"urlTemplate\":\"https:\/\/graziamagazine.com\/es\/?s={search_term_string}\"},\"query-input\":\"required name=search_term_string\"}],\"inLanguage\":\"es\"}]}<\/script>\n<!-- \/ Yoast SEO Premium plugin. -->","yoast_head_json":{"title":"Un suculento paseo por La Rochelle | Grazia","description":"Una ciudad y una isla, La Rochelle y la isla de R\u00e9, destinos de verano para robarle el brillo al sol y saciarse de ostras frente al mar.","robots":{"index":"index","follow":"follow","max-snippet":"max-snippet:-1","max-image-preview":"max-image-preview:large","max-video-preview":"max-video-preview:-1"},"canonical":"https:\/\/graziamagazine.com\/es\/articles\/paseo-la-rochelle\/","og_locale":"es_ES","og_type":"article","og_title":"Un suculento paseo por La Rochelle","og_description":"Nunca un dos por uno result\u00f3 tan delicioso: una ciudad y una isla conectadas por un puente de tres kil\u00f3metros, La Rochelle y la isla de R\u00e9, apetecibles destinos para robarle el brillo al sol y saciarse de ostras frente al mar.","og_url":"https:\/\/graziamagazine.com\/es\/articles\/paseo-la-rochelle\/","og_site_name":"Grazia","article_modified_time":"2016-11-07T10:46:18+00:00","og_image":[{"width":785,"height":480,"url":"https:\/\/graziamagazine.com\/es\/wp-content\/uploads\/sites\/12\/2016\/08\/02121127\/la-rochelle-cover-01.jpg?fit=785%2C480","type":"image\/jpeg"}],"twitter_card":"summary_large_image","twitter_title":"Un suculento paseo por La Rochelle","twitter_description":"Nunca un dos por uno result\u00f3 tan delicioso: una ciudad y una isla conectadas por un puente de tres kil\u00f3metros, La Rochelle y la isla de R\u00e9, apetecibles destinos para robarle el brillo al sol y saciarse de ostras frente al mar.","twitter_image":"http:\/\/s3-eu-west-1.amazonaws.com\/grazia-cdn\/wp-content\/uploads\/sites\/12\/2016\/08\/02121127\/la-rochelle-cover-01.jpg","twitter_misc":{"Est. reading time":"9 minutos"},"schema":{"@context":"https:\/\/schema.org","@graph":[{"@type":"WebPage","@id":"https:\/\/graziamagazine.com\/es\/articles\/paseo-la-rochelle\/","url":"https:\/\/graziamagazine.com\/es\/articles\/paseo-la-rochelle\/","name":"Un suculento paseo por La Rochelle | Grazia","isPartOf":{"@id":"https:\/\/graziamagazine.com\/es\/#website"},"datePublished":"2016-11-05T11:35:43+00:00","dateModified":"2016-11-07T10:46:18+00:00","description":"Una ciudad y una isla, La Rochelle y la isla de R\u00e9, destinos de verano para robarle el brillo al sol y saciarse de ostras frente al mar.","breadcrumb":{"@id":"https:\/\/graziamagazine.com\/es\/articles\/paseo-la-rochelle\/#breadcrumb"},"inLanguage":"es","potentialAction":[{"@type":"ReadAction","target":["https:\/\/graziamagazine.com\/es\/articles\/paseo-la-rochelle\/"]}]},{"@type":"BreadcrumbList","@id":"https:\/\/graziamagazine.com\/es\/articles\/paseo-la-rochelle\/#breadcrumb","itemListElement":[{"@type":"ListItem","position":1,"name":"Portada","item":"https:\/\/graziamagazine.com\/es\/"},{"@type":"ListItem","position":2,"name":"Un suculento paseo por La Rochelle"}]},{"@type":"WebSite","@id":"https:\/\/graziamagazine.com\/es\/#website","url":"https:\/\/graziamagazine.com\/es\/","name":"Grazia","description":"Moda, belleza, celebrities, estilo de vida...","potentialAction":[{"@type":"SearchAction","target":{"@type":"EntryPoint","urlTemplate":"https:\/\/graziamagazine.com\/es\/?s={search_term_string}"},"query-input":"required name=search_term_string"}],"inLanguage":"es"}]}},"jetpack_sharing_enabled":true,"distributor_meta":false,"distributor_terms":false,"distributor_media":false,"distributor_original_site_name":"Grazia","distributor_original_site_url":"https:\/\/graziamagazine.com\/es","push-errors":false,"_links":{"self":[{"href":"https:\/\/graziamagazine.com\/es\/wp-json\/wp\/v2\/articles\/82916"}],"collection":[{"href":"https:\/\/graziamagazine.com\/es\/wp-json\/wp\/v2\/articles"}],"about":[{"href":"https:\/\/graziamagazine.com\/es\/wp-json\/wp\/v2\/types\/articles"}],"author":[{"embeddable":true,"href":"https:\/\/graziamagazine.com\/es\/wp-json\/wp\/v2\/users\/24470"}],"wp:attachment":[{"href":"https:\/\/graziamagazine.com\/es\/wp-json\/wp\/v2\/media?parent=82916"}],"wp:term":[{"taxonomy":"category","embeddable":true,"href":"https:\/\/graziamagazine.com\/es\/wp-json\/wp\/v2\/categories?post=82916"}],"curies":[{"name":"wp","href":"https:\/\/api.w.org\/{rel}","templated":true}]}}