{"id":82805,"date":"2016-08-01T11:41:46","date_gmt":"2016-08-01T09:41:46","guid":{"rendered":"https:\/\/graziamagazine.com\/es\/?p=82805"},"modified":"2016-08-01T11:42:51","modified_gmt":"2016-08-01T09:42:51","slug":"tom-hiddleston-armani-taylor-swift","status":"publish","type":"articles","link":"https:\/\/graziamagazine.com\/es\/articles\/tom-hiddleston-armani-taylor-swift\/","title":{"rendered":"Taylor Swift le pasa factura a Tom Hiddleston"},"content":{"rendered":"<p>\u00abLa verdad es que <a href=\"https:\/\/graziamagazine.com\/es\/etiqueta\/taylor-swift\/\" target=\"_blank\"><strong>Taylor Swift<\/strong><\/a> y yo estamos juntos, y somos muy felices\u201d confesaba el actor hace unas semanas tratando de poner fin as\u00ed a los rumores sobre la posibilidad de que su relaci\u00f3n fuera un montaje para promocionar el pr\u00f3ximo disco de la cantante y su\u00a0candidatura como\u00a0agente 007.\u00a0Pero de nuevo, la pareja del momento vuelve a ser noticia y esta vez porque <strong>el actor podr\u00eda haber perdido un contrato publicitario (<del>y de los buenos<\/del>) por culpa de su\u00a0uni\u00f3n con Swift<\/strong> y el revuelo que \u00e9sta est\u00e1 generando a su alrededor.<\/p>\n<figure id=\"attachment_82820\" aria-describedby=\"caption-attachment-82820\" style=\"width: 785px\" class=\"wp-caption aligncenter\"><img loading=\"lazy\" decoding=\"async\" class=\"size-full wp-image-82820\" src=\"https:\/\/graziamagazine.com\/es\/wp-content\/uploads\/sites\/12\/2016\/08\/01110233\/hiddleston_armani_interior2.jpg\" alt=\"La medi\u00e1tica pareja paseando cogidos de la mano por la playa. \u00a9 Cordon Press\" width=\"785\" height=\"1100\" \/><figcaption id=\"caption-attachment-82820\" class=\"wp-caption-text\">La medi\u00e1tica pareja paseando de la mano por la playa. \u00a9 Cordon Press<\/figcaption><\/figure>\n<p>Y es que hace unas semanas todos los rumores apuntaban a que el actor brit\u00e1nico (<a href=\"https:\/\/graziamagazine.com\/es\/celebs\/taylor-swift-tom-hiddleston-juntos\/\" target=\"_blank\">que como\u00a0sab\u00e9is, nos encanta<\/a>) era <strong>uno de los firmes candidatos a sustituir a Calvin Harris<\/strong> (s\u00ed, su antecesor en el coraz\u00f3n de Swift)<a href=\"https:\/\/graziamagazine.com\/es\/moda\/calvin-harris-vuelve-a-ser-imagen-de-emporio-armani\/\" target=\"_blank\"> como imagen de Emporio Armani.<\/a> Y as\u00ed lo ha confesado un <em>fashion insider<\/em> al peri\u00f3dico<em> The Mirror<\/em>, \u201cTom estaba en la lista de posibles sucesores de Calvin Harris\u201d lo que <strong>al ser novio de Taylor Swift generar\u00eda una gran cobertura y titulares.<\/strong><\/p>\n<p>Pero a pesar de que este suele ser uno de los objetivos principales de las firmas a la hora de elegir embajadores de marca, finalmente Armani ha dejado fuera de su quiniela\u00a0al actor de <em>The Night Manager<\/em> porque adem\u00e1s de \u201cser un poco viejo\u201d <strong>no quieren obtener notoriedad \u00fanicamente gracias a la cantante de <em>Bad Blood<\/em>\u00a0<\/strong><del>que bastante tiene con su pelea con Kimye&#8230;<\/del><\/p>\n<figure id=\"attachment_82823\" aria-describedby=\"caption-attachment-82823\" style=\"width: 785px\" class=\"wp-caption aligncenter\"><img loading=\"lazy\" decoding=\"async\" class=\"size-full wp-image-82823\" src=\"https:\/\/graziamagazine.com\/es\/wp-content\/uploads\/sites\/12\/2016\/08\/01110247\/Hiddleston_armani_COVER.jpg\" alt=\"Tom, no te adelantes a los acontecimientos y cambia esa cara. \u00a9 Cordon Press\" width=\"785\" height=\"480\" \/><figcaption id=\"caption-attachment-82823\" class=\"wp-caption-text\">Tom, no te adelantes a los acontecimientos y cambia esa cara. \u00a9 Cordon Press<\/figcaption><\/figure>\n<p>As\u00ed que todo apunta que nos vamos a quedar <strong>sin ver el premiado\u00a0culo (<a href=\"http:\/\/www.huffingtonpost.com\/entry\/tom-hiddleston-rear-of-the-year_us_5798b9e4e4b02d5d5ed39f3d\" target=\"_blank\" target=\"_blank\"><em>true story<\/em><\/a>) de Tom Hiddleston enfundado en unos boxers de Armani<\/strong> por culpa del <em>boom<\/em> medi\u00e1tico por el que est\u00e1 atravesando por ser novio\u00a0de una de las mujeres m\u00e1s influyentes del planeta. Una verdadera pena ya que hace unos d\u00edas fue elegido el mejor trasero del a\u00f1o y hasta se ha creado un hashtag en su honor, #hiddlesbum.<\/p>\n<p>Pero, \u00bfafectar\u00e1 su relaci\u00f3n a su prometedora carrera en Hollywood? Todo podr\u00eda ser. Y es que <strong>la buena reputaci\u00f3n de Taylor Swift empieza a ponerse en tela de juicio<\/strong>\u00a0por\u00a0todos los frentes que tiene abiertos\u00a0(<a href=\"https:\/\/graziamagazine.com\/es\/celebs\/calvin-harris-se-venga-taylor-swift-misma-moneda\/\" target=\"_blank\">con su ex Calvin Harris,<\/a>\u00a0con Katy Perry o con\u00a0<a href=\"https:\/\/graziamagazine.com\/es\/celebs\/y-entonces-kanye-west-se-la-lio-a-taylor-swift-otra-vez\/\" target=\"_blank\">la <del>todopoderosa<\/del> uni\u00f3n Kim-Kanye)<\/a>. De hecho, Hiddleston, que hasta el momento contaba con una imagen p\u00fablica impecable\u00a0y con la aprobaci\u00f3n de productores y dem\u00e1s\u00a0miembros del mundo del cine, est\u00e1 empezando a ser cuestionado por haber pasado a ser el novio de una\u00a0estrella del pop en plena crisis de popularidad.<\/p>\n<p><strong>\u00bfPasar\u00e1 de ser el candidato favorito para convertirse en el nuevo 007 a la m\u00e1s absoluta NADA?<\/strong>\u00a0Todo se ver\u00e1&#8230;<\/p>\n<figure id=\"attachment_82819\" aria-describedby=\"caption-attachment-82819\" style=\"width: 785px\" class=\"wp-caption aligncenter\"><img loading=\"lazy\" decoding=\"async\" class=\"size-full wp-image-82819\" src=\"https:\/\/graziamagazine.com\/es\/wp-content\/uploads\/sites\/12\/2016\/08\/01110226\/hiddleston_armani_interior1.jpg\" alt=\"Si lo descartan como el nuevo 007 no ser\u00e1 porque el traje no le queda (s\u00faper) bien. \u00a9 Cordon Press\" width=\"785\" height=\"1100\" \/><figcaption id=\"caption-attachment-82819\" class=\"wp-caption-text\">Si lo descartan como el nuevo 007 no ser\u00e1 porque el traje no le queda (s\u00faper) bien. \u00a9 Cordon Press<\/figcaption><\/figure>\n<p><iframe loading=\"lazy\" style=\"overflow: hidden; height: 258px;\" src=\"\/\/www.facebook.com\/plugins\/likebox.php?href=https%3A%2F%2Fwww.facebook.com%2Fgraziaespana&amp;width&amp;height=258&amp;colorscheme=light&amp;show_faces=true&amp;header=false&amp;stream=false&amp;show_border=false&amp;appId=349017955267591\" width=\"300\" height=\"150\" frameborder=\"0\" scrolling=\"no\"><\/iframe><\/p>\n","protected":false},"author":24470,"featured_media":0,"template":"","format":"standard","categories":[14,13],"acf":[],"yoast_head":"<!-- This site is optimized with the Yoast SEO Premium plugin v18.5 (Yoast SEO v20.4) - https:\/\/yoast.com\/wordpress\/plugins\/seo\/ -->\n<title>Taylor Swift le pasa factura a Tom Hiddleston | Grazia<\/title>\n<meta name=\"description\" content=\"\u00bfAcaba de perder Tom Hiddleston un contrato con Armani (de muchos ceros) a causa de su relaci\u00f3n con la todopoderosa cantante?\" \/>\n<meta name=\"robots\" content=\"index, follow, max-snippet:-1, max-image-preview:large, max-video-preview:-1\" \/>\n<link rel=\"canonical\" href=\"https:\/\/graziamagazine.com\/es\/articles\/tom-hiddleston-armani-taylor-swift\/\" \/>\n<meta property=\"og:locale\" content=\"es_ES\" \/>\n<meta property=\"og:type\" content=\"article\" \/>\n<meta property=\"og:title\" content=\"Taylor Swift le pasa factura a Tom Hiddleston\" \/>\n<meta property=\"og:description\" content=\"\u00bfHa perdido un contrato de muchos ceros a causa de su relaci\u00f3n con la (todopoderosa) cantante?\" \/>\n<meta property=\"og:url\" content=\"https:\/\/graziamagazine.com\/es\/articles\/tom-hiddleston-armani-taylor-swift\/\" \/>\n<meta property=\"og:site_name\" content=\"Grazia\" \/>\n<meta property=\"article:modified_time\" content=\"2016-08-01T09:42:51+00:00\" \/>\n<meta property=\"og:image\" content=\"https:\/\/graziamagazine.com\/es\/wp-content\/uploads\/sites\/12\/2016\/08\/01110247\/Hiddleston_armani_COVER.jpg?fit=785%2C480\" \/>\n\t<meta property=\"og:image:width\" content=\"785\" \/>\n\t<meta property=\"og:image:height\" content=\"480\" \/>\n\t<meta property=\"og:image:type\" content=\"image\/jpeg\" \/>\n<meta name=\"twitter:card\" content=\"summary_large_image\" \/>\n<meta name=\"twitter:title\" content=\"Taylor Swift le pasa factura a Tom Hiddleston\" \/>\n<meta name=\"twitter:description\" content=\"\u00bfHa perdido un contrato de muchos ceros a causa de su relaci\u00f3n con la (todopoderosa) cantante?\" \/>\n<meta name=\"twitter:image\" content=\"http:\/\/s3-eu-west-1.amazonaws.com\/grazia-cdn\/wp-content\/uploads\/sites\/12\/2016\/08\/01110247\/Hiddleston_armani_COVER.jpg\" \/>\n<meta name=\"twitter:label1\" content=\"Est. reading time\" \/>\n\t<meta name=\"twitter:data1\" content=\"3 minutos\" \/>\n<script type=\"application\/ld+json\" class=\"yoast-schema-graph\">{\"@context\":\"https:\/\/schema.org\",\"@graph\":[{\"@type\":\"WebPage\",\"@id\":\"https:\/\/graziamagazine.com\/es\/articles\/tom-hiddleston-armani-taylor-swift\/\",\"url\":\"https:\/\/graziamagazine.com\/es\/articles\/tom-hiddleston-armani-taylor-swift\/\",\"name\":\"Taylor Swift le pasa factura a Tom Hiddleston | Grazia\",\"isPartOf\":{\"@id\":\"https:\/\/graziamagazine.com\/es\/#website\"},\"datePublished\":\"2016-08-01T09:41:46+00:00\",\"dateModified\":\"2016-08-01T09:42:51+00:00\",\"description\":\"\u00bfAcaba de perder Tom Hiddleston un contrato con Armani (de muchos ceros) a causa de su relaci\u00f3n con la todopoderosa cantante?\",\"breadcrumb\":{\"@id\":\"https:\/\/graziamagazine.com\/es\/articles\/tom-hiddleston-armani-taylor-swift\/#breadcrumb\"},\"inLanguage\":\"es\",\"potentialAction\":[{\"@type\":\"ReadAction\",\"target\":[\"https:\/\/graziamagazine.com\/es\/articles\/tom-hiddleston-armani-taylor-swift\/\"]}]},{\"@type\":\"BreadcrumbList\",\"@id\":\"https:\/\/graziamagazine.com\/es\/articles\/tom-hiddleston-armani-taylor-swift\/#breadcrumb\",\"itemListElement\":[{\"@type\":\"ListItem\",\"position\":1,\"name\":\"Portada\",\"item\":\"https:\/\/graziamagazine.com\/es\/\"},{\"@type\":\"ListItem\",\"position\":2,\"name\":\"Taylor Swift le pasa factura a Tom Hiddleston\"}]},{\"@type\":\"WebSite\",\"@id\":\"https:\/\/graziamagazine.com\/es\/#website\",\"url\":\"https:\/\/graziamagazine.com\/es\/\",\"name\":\"Grazia\",\"description\":\"Moda, belleza, celebrities, estilo de vida...\",\"potentialAction\":[{\"@type\":\"SearchAction\",\"target\":{\"@type\":\"EntryPoint\",\"urlTemplate\":\"https:\/\/graziamagazine.com\/es\/?s={search_term_string}\"},\"query-input\":\"required name=search_term_string\"}],\"inLanguage\":\"es\"}]}<\/script>\n<!-- \/ Yoast SEO Premium plugin. -->","yoast_head_json":{"title":"Taylor Swift le pasa factura a Tom Hiddleston | Grazia","description":"\u00bfAcaba de perder Tom Hiddleston un contrato con Armani (de muchos ceros) a causa de su relaci\u00f3n con la todopoderosa cantante?","robots":{"index":"index","follow":"follow","max-snippet":"max-snippet:-1","max-image-preview":"max-image-preview:large","max-video-preview":"max-video-preview:-1"},"canonical":"https:\/\/graziamagazine.com\/es\/articles\/tom-hiddleston-armani-taylor-swift\/","og_locale":"es_ES","og_type":"article","og_title":"Taylor Swift le pasa factura a Tom Hiddleston","og_description":"\u00bfHa perdido un contrato de muchos ceros a causa de su relaci\u00f3n con la (todopoderosa) cantante?","og_url":"https:\/\/graziamagazine.com\/es\/articles\/tom-hiddleston-armani-taylor-swift\/","og_site_name":"Grazia","article_modified_time":"2016-08-01T09:42:51+00:00","og_image":[{"width":785,"height":480,"url":"https:\/\/graziamagazine.com\/es\/wp-content\/uploads\/sites\/12\/2016\/08\/01110247\/Hiddleston_armani_COVER.jpg?fit=785%2C480","type":"image\/jpeg"}],"twitter_card":"summary_large_image","twitter_title":"Taylor Swift le pasa factura a Tom Hiddleston","twitter_description":"\u00bfHa perdido un contrato de muchos ceros a causa de su relaci\u00f3n con la (todopoderosa) cantante?","twitter_image":"http:\/\/s3-eu-west-1.amazonaws.com\/grazia-cdn\/wp-content\/uploads\/sites\/12\/2016\/08\/01110247\/Hiddleston_armani_COVER.jpg","twitter_misc":{"Est. reading time":"3 minutos"},"schema":{"@context":"https:\/\/schema.org","@graph":[{"@type":"WebPage","@id":"https:\/\/graziamagazine.com\/es\/articles\/tom-hiddleston-armani-taylor-swift\/","url":"https:\/\/graziamagazine.com\/es\/articles\/tom-hiddleston-armani-taylor-swift\/","name":"Taylor Swift le pasa factura a Tom Hiddleston | Grazia","isPartOf":{"@id":"https:\/\/graziamagazine.com\/es\/#website"},"datePublished":"2016-08-01T09:41:46+00:00","dateModified":"2016-08-01T09:42:51+00:00","description":"\u00bfAcaba de perder Tom Hiddleston un contrato con Armani (de muchos ceros) a causa de su relaci\u00f3n con la todopoderosa cantante?","breadcrumb":{"@id":"https:\/\/graziamagazine.com\/es\/articles\/tom-hiddleston-armani-taylor-swift\/#breadcrumb"},"inLanguage":"es","potentialAction":[{"@type":"ReadAction","target":["https:\/\/graziamagazine.com\/es\/articles\/tom-hiddleston-armani-taylor-swift\/"]}]},{"@type":"BreadcrumbList","@id":"https:\/\/graziamagazine.com\/es\/articles\/tom-hiddleston-armani-taylor-swift\/#breadcrumb","itemListElement":[{"@type":"ListItem","position":1,"name":"Portada","item":"https:\/\/graziamagazine.com\/es\/"},{"@type":"ListItem","position":2,"name":"Taylor Swift le pasa factura a Tom Hiddleston"}]},{"@type":"WebSite","@id":"https:\/\/graziamagazine.com\/es\/#website","url":"https:\/\/graziamagazine.com\/es\/","name":"Grazia","description":"Moda, belleza, celebrities, estilo de vida...","potentialAction":[{"@type":"SearchAction","target":{"@type":"EntryPoint","urlTemplate":"https:\/\/graziamagazine.com\/es\/?s={search_term_string}"},"query-input":"required name=search_term_string"}],"inLanguage":"es"}]}},"jetpack_sharing_enabled":true,"distributor_meta":false,"distributor_terms":false,"distributor_media":false,"distributor_original_site_name":"Grazia","distributor_original_site_url":"https:\/\/graziamagazine.com\/es","push-errors":false,"_links":{"self":[{"href":"https:\/\/graziamagazine.com\/es\/wp-json\/wp\/v2\/articles\/82805"}],"collection":[{"href":"https:\/\/graziamagazine.com\/es\/wp-json\/wp\/v2\/articles"}],"about":[{"href":"https:\/\/graziamagazine.com\/es\/wp-json\/wp\/v2\/types\/articles"}],"author":[{"embeddable":true,"href":"https:\/\/graziamagazine.com\/es\/wp-json\/wp\/v2\/users\/24470"}],"wp:attachment":[{"href":"https:\/\/graziamagazine.com\/es\/wp-json\/wp\/v2\/media?parent=82805"}],"wp:term":[{"taxonomy":"category","embeddable":true,"href":"https:\/\/graziamagazine.com\/es\/wp-json\/wp\/v2\/categories?post=82805"}],"curies":[{"name":"wp","href":"https:\/\/api.w.org\/{rel}","templated":true}]}}