{"id":82672,"date":"2016-08-02T05:18:07","date_gmt":"2016-08-02T03:18:07","guid":{"rendered":"https:\/\/graziamagazine.com\/es\/?p=82672"},"modified":"2016-08-01T10:18:52","modified_gmt":"2016-08-01T08:18:52","slug":"ugly-shoes","status":"publish","type":"articles","link":"https:\/\/graziamagazine.com\/es\/articles\/ugly-shoes\/","title":{"rendered":"El triunfo del zapato feo"},"content":{"rendered":"<p>\u00bfCu\u00e1ntas veces has\u00a0dicho \u00ab<a href=\"https:\/\/graziamagazine.com\/es\/moda\/la-polemica-rinonera-ataca-de-nuevo\/\" target=\"_blank\">esto no me lo pongo ni loca\u00bb<\/a> y has acabado no solo poni\u00e9ndotelo, sino convirti\u00e9ndolo en tu pieza m\u00e1s querida del armario? <strong>As\u00ed de traicionera es la moda. Un d\u00eda es el chico que te pide una cita pero no te gusta, y al d\u00eda siguiente es ese mismo chico (una cena y un ataque de celos despu\u00e9s) por el que mueres de amor.<\/strong><\/p>\n<p>Nadie en su sano juicio quer\u00eda llevar pitillos hace diez a\u00f1os (si no eras una roquera empedernida). Y de la noche a la ma\u00f1ana: \u201c\u00bfYo? \u00bfUnos campana? \u00a1Ni loca! \u00a1\u00a1\u00a1Pero si el pitillo es lo m\u00e1s!!!\u201d. \u00bfTe suena? Seguro que s\u00ed. Es m\u00e1s, quiz\u00e1s hace muy poco hayas (re)vivido esta situaci\u00f3n, o est\u00e9s a punto de hacerlo, con lo \u00faltimo en zapatos: los denominados <em>ugly shoes.<\/em> S\u00ed, has le\u00eddo bien, los zapatos feos. Pero, \u00bfc\u00f3mo puede ser que en el mundo de la moda (con las cosas tan monas que hay ahora) nos vaya a gustar algo que ya de por s\u00ed se llama feo? Pues por el mismo motivo que <a href=\"https:\/\/graziamagazine.com\/es\/moda\/pantalon-ancho-dosdonts\/\" target=\"_blank\">te has vuelto a poner el pantal\u00f3n de campana<\/a>. As\u00ed que <strong>toma buena nota porque el feo es el nuevo bonito.<\/strong><\/p>\n<figure id=\"attachment_82692\" aria-describedby=\"caption-attachment-82692\" style=\"width: 800px\" class=\"wp-caption aligncenter\"><img loading=\"lazy\" decoding=\"async\" class=\"size-full wp-image-82692\" src=\"https:\/\/graziamagazine.com\/es\/wp-content\/uploads\/sites\/12\/2016\/07\/28152250\/louis-vuitton1.jpg\" alt=\"La armada de Louis Vuitton defendiendo la bota que se convertir\u00e1 en objeto de deseo el pr\u00f3ximo oto\u00f1o. \u00a9 Cordon Press \/ Getty Images\" width=\"800\" height=\"640\" \/><figcaption id=\"caption-attachment-82692\" class=\"wp-caption-text\">La armada de Louis Vuitton defendiendo la bota que se convertir\u00e1 en objeto de deseo el pr\u00f3ximo oto\u00f1o. \u00a9 Cordon Press \/ Getty Images<\/figcaption><\/figure>\n<p>Todo comenz\u00f3 unos dos siglos antes de Cristo, cuando <strong>los actores griegos decidieron usar unas sandalias con plataforma plana en sus representaciones<\/strong> para destacar la importancia de unos actores sobre otros por su altura, as\u00ed el protagonista era el m\u00e1s alto y, por lo tanto, al que mejor divisaban los espectadores.<\/p>\n<figure id=\"attachment_82694\" aria-describedby=\"caption-attachment-82694\" style=\"width: 785px\" class=\"wp-caption aligncenter\"><img loading=\"lazy\" decoding=\"async\" class=\"size-full wp-image-82694\" src=\"https:\/\/graziamagazine.com\/es\/wp-content\/uploads\/sites\/12\/2016\/07\/28153105\/babuchas.jpg\" alt=\"Las babuchas venecianas del siglo XVII no permit\u00edan dar m\u00e1s de dos pasos. \u00a9 Victoria &amp; Albert Museum\" width=\"785\" height=\"589\" \/><figcaption id=\"caption-attachment-82694\" class=\"wp-caption-text\">Las babuchas venecianas del siglo XVII, chopine, no permit\u00edan dar m\u00e1s de dos pasos. \u00a9 Victoria &amp; Albert Museum<\/figcaption><\/figure>\n<p>En el siglo XIV, en Asia hicieron su propia versi\u00f3n, llamada <em>kabkab,<\/em> con una suela de madera muy alta para entrar en los ba\u00f1os p\u00fablicos protegiendo los pies del calor y la humedad. Dos siglos despu\u00e9s surgi\u00f3 entre la nobleza italiana el chopine, una babucha con una exagerada plataforma que imped\u00eda a las mujeres dar un paso.<\/p>\n<p>Pero <strong>fue el 1938 cuando naci\u00f3 el <em>ugly shoe<\/em> tal cual hoy lo conocemos.<\/strong> \u00bfEl culpable? <strong>Salvatore Ferragamo,<\/strong> que dise\u00f1\u00f3 una espectacular sandalia tan moderna que ahora, adem\u00e1s de ser una pieza de museo, <a href=\"http:\/\/www.ferragamo.com\/shop\/en\/eur\/-574602--1\" target=\"_blank\" target=\"_blank\">ha vuelto a reeditarse.<\/a><\/p>\n<figure id=\"attachment_82677\" aria-describedby=\"caption-attachment-82677\" style=\"width: 785px\" class=\"wp-caption aligncenter\"><img loading=\"lazy\" decoding=\"async\" class=\"size-full wp-image-82677\" src=\"https:\/\/graziamagazine.com\/es\/wp-content\/uploads\/sites\/12\/2016\/07\/28131505\/ferragamo.jpg\" alt=\"La plataforma original de Ferragamo y la reedici\u00f3n que puede encontrarse hoy en sus tiendas. \u00a9 Met Museum \/ Salvatore Ferragamo\" width=\"785\" height=\"383\" \/><figcaption id=\"caption-attachment-82677\" class=\"wp-caption-text\">La plataforma original de Ferragamo y la reedici\u00f3n que puede encontrarse hoy en sus tiendas. \u00a9 Met Museum \/ Salvatore Ferragamo<\/figcaption><\/figure>\n<p>Aunque no hay duda de que estas arist\u00f3cratas italianas debieron de molar mucho con sus super plataformas del Renacimiento, <strong>las que pueden llevarse el m\u00e9rito de haber popularizado los <em>ugly shoes,<\/em> fueron las Spice Girls,<\/strong> o al menos Geri, Emma y Mel B, porque es dif\u00edcil encontrar a Victoria, la Spice pija, con estos zapatos (ella era m\u00e1s de otras tendencias <em>ugly).<\/em><\/p>\n<figure id=\"attachment_82678\" aria-describedby=\"caption-attachment-82678\" style=\"width: 500px\" class=\"wp-caption aligncenter\"><img loading=\"lazy\" decoding=\"async\" class=\"size-full wp-image-82678\" src=\"https:\/\/graziamagazine.com\/es\/wp-content\/uploads\/sites\/12\/2016\/07\/28131827\/spice-girls.gif\" alt=\"Puedes culpar a las Spice Girls de la popularizaci\u00f3n del zapato feo.\" width=\"500\" height=\"370\" \/><figcaption id=\"caption-attachment-82678\" class=\"wp-caption-text\">Puedes culpar a las Spice Girls de la popularizaci\u00f3n del zapato feo.<\/figcaption><\/figure>\n<p>Y por si los actores de la Antigua Grecia y las Spice Girls no fueran motivo suficiente para rendirnos al encanto del zapato feo, aqu\u00ed va la prueba definitiva: \u00bfrecuerdas cuando descubrimos las UGG? Eran unas botas raras, casi de astronauta, con las que incluso nos tropez\u00e1bamos al andar pero que hac\u00edamos el esfuerzo por incorporar a nuestro armario. Y ahora, en cambio, nos ir\u00edamos a vivir al Pirineo solo para poder usarlas m\u00e1s veces durante el a\u00f1o.<\/p>\n<p>A la moda del <em>ugly shoe<\/em> tambi\u00e9n han colaborado las <strong>Birkenstock,<\/strong> unas sandalias alemanas anat\u00f3micas (la mar de c\u00f3modas) que causan furor entre <em>celebs<\/em> como <strong>Naomi Watts, Julianne Moore<\/strong>\u00a0y <strong>Mary Kate Olsen.<\/strong><\/p>\n<figure id=\"attachment_82695\" aria-describedby=\"caption-attachment-82695\" style=\"width: 785px\" class=\"wp-caption aligncenter\"><img loading=\"lazy\" decoding=\"async\" class=\"size-full wp-image-82695\" src=\"https:\/\/graziamagazine.com\/es\/wp-content\/uploads\/sites\/12\/2016\/07\/28153749\/celebrities-street-style.jpg\" alt=\"Julianne Moore, Mary Kate Olsen y Naomi Watts se rinden a diario a la comodidad de este calzado. \u00a9 Cordon Press\" width=\"785\" height=\"480\" \/><figcaption id=\"caption-attachment-82695\" class=\"wp-caption-text\">Julianne Moore, Mary Kate Olsen y Naomi Watts se rinden a diario a la comodidad de este calzado. \u00a9 Cordon Press<\/figcaption><\/figure>\n<p>Los tiempos est\u00e1n cambiando y el calzado m\u00e1s propio de un profesional sanitario que de una <em>it girl<\/em> ha dado un giro de 180 grados a la moda de nuestros pies, desde que en 2013, C\u00e9line se inspirase en las Birkenstock en su colecci\u00f3n de primavera.<\/p>\n<figure id=\"attachment_82696\" aria-describedby=\"caption-attachment-82696\" style=\"width: 785px\" class=\"wp-caption aligncenter\"><img loading=\"lazy\" decoding=\"async\" class=\"size-full wp-image-82696\" src=\"https:\/\/graziamagazine.com\/es\/wp-content\/uploads\/sites\/12\/2016\/07\/28154106\/celine-ss13.jpg\" alt=\"\u00bfLa culpa de todo? La colecci\u00f3n primavera-verano 2013 de C\u00e9line. \u00a9 Mondadori Photo\" width=\"785\" height=\"480\" \/><figcaption id=\"caption-attachment-82696\" class=\"wp-caption-text\">\u00bfLa culpa de todo? La colecci\u00f3n primavera-verano 2013 de C\u00e9line. \u00a9 Mondadori Photo<\/figcaption><\/figure>\n<p>Otro peculiar <em>must have<\/em> tambi\u00e9n proveniente de Alemania y con <a href=\"https:\/\/graziamagazine.com\/es\/etiqueta\/gigi-hadid\/\" target=\"_blank\"><strong>Gigi Hadid<\/strong><\/a> como fan n\u00famero uno, son las chanclas de Adidas. Nadie podr\u00eda imaginar que esas sandalias de goma creadas en los sesenta para que los deportistas las usasen en la ducha, y popularizadas m\u00e1s tarde por \u2018cerebritos\u2019 de Silicon Valley como Mark Zuckerberg, las combinar\u00eda hoy una top con vaqueros para pasear por Nueva York.<\/p>\n<figure id=\"attachment_82697\" aria-describedby=\"caption-attachment-82697\" style=\"width: 785px\" class=\"wp-caption aligncenter\"><img loading=\"lazy\" decoding=\"async\" class=\"size-full wp-image-82697\" src=\"https:\/\/graziamagazine.com\/es\/wp-content\/uploads\/sites\/12\/2016\/07\/28154539\/gigi-hadid.jpg\" alt=\"Gigi Hadid se declara fan de la versi\u00f3n chancla para pasear por Nueva York. \u00a9 Cordon Press\" width=\"785\" height=\"480\" \/><figcaption id=\"caption-attachment-82697\" class=\"wp-caption-text\">Gigi Hadid se declara fan de la versi\u00f3n chancla para pasear por Nueva York. \u00a9 Cordon Press<\/figcaption><\/figure>\n<p>Confiesa que en el fondo te gustan\u2026 \u00bfo acaso no pensaste en comprarte unas cuando viste a Mickey en <a href=\"https:\/\/graziamagazine.com\/es\/lifestyle\/las-nuevas-series-que-querras-ver-en-2016\/\" target=\"_blank\">el primer cap\u00edtulo de <\/a><em>Love?<\/em><\/p>\n<figure id=\"attachment_82698\" aria-describedby=\"caption-attachment-82698\" style=\"width: 600px\" class=\"wp-caption aligncenter\"><img loading=\"lazy\" decoding=\"async\" class=\"size-full wp-image-82698\" src=\"https:\/\/graziamagazine.com\/es\/wp-content\/uploads\/sites\/12\/2016\/07\/28154710\/love.jpg\" alt=\"\u00bfNo te enamoraste de ellas cuando viste a Mickey en el p\u00f3ster de 'Love'? \u00a9 Netflix\" width=\"600\" height=\"889\" \/><figcaption id=\"caption-attachment-82698\" class=\"wp-caption-text\">\u00bfNo te enamoraste de ellas cuando viste a Mickey en el p\u00f3ster de &#8216;Love&#8217;? \u00a9 Netflix<\/figcaption><\/figure>\n<p>Tampoco <strong>Gucci<\/strong> se ha quedado fuera de esta tendencia. Despu\u00e9s de sus calentitos mocasines rarunos de pelo, amenaza ahora con rescatar el esp\u00edritu <em>Spice Girls<\/em> a trav\u00e9s de unos zapatos de plataforma arco iris en su colecci\u00f3n Resort 2017.<\/p>\n<figure id=\"attachment_82700\" aria-describedby=\"caption-attachment-82700\" style=\"width: 550px\" class=\"wp-caption aligncenter\"><img loading=\"lazy\" decoding=\"async\" class=\"size-full wp-image-82700\" src=\"https:\/\/graziamagazine.com\/es\/wp-content\/uploads\/sites\/12\/2016\/07\/28155852\/gucci.jpg\" alt=\"Tras el \u00e9xito del mocas\u00edn, la pr\u00f3xima propuesta de 'ugly shoe' por parte de Gucci ser\u00e1 la plataforma. \u00a9 Getty Images\" width=\"550\" height=\"777\" \/><figcaption id=\"caption-attachment-82700\" class=\"wp-caption-text\">Tras el \u00e9xito del mocas\u00edn, la pr\u00f3xima propuesta de &#8216;ugly shoe&#8217; por parte de Gucci ser\u00e1 la plataforma. \u00a9 Getty Images<\/figcaption><\/figure>\n<p>Por su parte, Ghesqui\u00e8re en <strong>Louis Vuitton<\/strong> propone su versi\u00f3n m\u00e1s invernal para la pr\u00f3xima temporada: una bota mitad\u00a0calzado de monta\u00f1a, mitad Dr. Martens, que ya se ha convertido en habitual en todo tipo de eventos. <strong>Selena Gomez<\/strong> (flamante imagen de campa\u00f1a de la firma), <strong>Alicia Vikander <\/strong>y<strong> Michelle Williams<\/strong> la combinaron con minivestidos para, nada m\u00e1s y nada menos, <a href=\"https:\/\/graziamagazine.com\/es\/celebs\/met-gala-2016-alfombra-roja\/\" target=\"_blank\">pasear por la alfombra de la gala del Met<\/a> el pasado mes de mayo.<\/p>\n<figure id=\"attachment_82704\" aria-describedby=\"caption-attachment-82704\" style=\"width: 785px\" class=\"wp-caption aligncenter\"><img loading=\"lazy\" decoding=\"async\" class=\"size-full wp-image-82704\" src=\"https:\/\/graziamagazine.com\/es\/wp-content\/uploads\/sites\/12\/2016\/07\/28160905\/louis-vuitton-campa%C3%B1a.jpg\" alt=\"La campa\u00f1a oto\u00f1o-invierno 2016\/17 de Louis Vuitton hace hincapi\u00e9 en uno de los 'must' de la temporada: el zapato feo (esta vez en versi\u00f3n bota). \u00a9 Louis Vuitton\" width=\"785\" height=\"480\" \/><figcaption id=\"caption-attachment-82704\" class=\"wp-caption-text\">La campa\u00f1a oto\u00f1o-invierno 2016\/17 de Louis Vuitton hace hincapi\u00e9 en uno de los &#8216;must&#8217; de la temporada: el zapato feo (esta vez en versi\u00f3n bota). \u00a9 Louis Vuitton<\/figcaption><\/figure>\n<p>Est\u00e1 claro que esta tendencia est\u00e1 dispuesta a quitarle la hegemon\u00eda a los inc\u00f3modos tacones. Pero, \u00bfqu\u00e9 se puede poner una fan de los <em>ugly shoes<\/em> en ocasiones especiales? Porque tampoco se trata de ir en chanclas a una boda&#8230;<\/p>\n<p>Tenemos los <em>granny shoes,<\/em> o lo que es lo mismo los zapatos de la abuelita, un dise\u00f1o de piel suave, de empeine alto y con tac\u00f3n midi o plano, que se adaptan al pie como un guante. Puede que ese nombre te produzca ternura pero en cuesti\u00f3n de moda te eche bastante para atr\u00e1s. Sin embargo, los <em>granny<\/em> se han convertido en objeto de deseo para las <em>its<\/em> gracias, una vez m\u00e1s, a<strong> C\u00e9line.<\/strong><\/p>\n<p><strong>\u00bfVas a sucumbir ya a ellos o seguir\u00e1s ech\u00e1ndole un pulso a la tendencia m\u00e1s odiada-amada?<\/strong><\/p>\n<figure id=\"attachment_82706\" aria-describedby=\"caption-attachment-82706\" style=\"width: 785px\" class=\"wp-caption aligncenter\"><img loading=\"lazy\" decoding=\"async\" class=\"size-full wp-image-82706\" src=\"https:\/\/graziamagazine.com\/es\/wp-content\/uploads\/sites\/12\/2016\/07\/28162108\/granny-shoes.jpg\" alt=\"Miroslava Duma se apunta a la versi\u00f3n 'granny shoe' de C\u00e9line. \u00a9 Getty Images \/ Mondadori Photo\" width=\"785\" height=\"589\" \/><figcaption id=\"caption-attachment-82706\" class=\"wp-caption-text\">Miroslava Duma se apunta a la versi\u00f3n &#8216;granny shoe&#8217; de C\u00e9line. \u00a9 Getty Images \/ Mondadori Photo<\/figcaption><\/figure>\n<p><iframe loading=\"lazy\" style=\"overflow: hidden; height: 258px;\" src=\"\/\/www.facebook.com\/plugins\/likebox.php?href=https%3A%2F%2Fwww.facebook.com%2Fgraziaespana&amp;width&amp;height=258&amp;colorscheme=light&amp;show_faces=true&amp;header=false&amp;stream=false&amp;show_border=false&amp;appId=349017955267591\" width=\"300\" height=\"150\" frameborder=\"0\" scrolling=\"no\"><\/iframe><\/p>\n","protected":false},"author":24052,"featured_media":0,"template":"","format":"standard","categories":[162,1],"acf":[],"yoast_head":"<!-- This site is optimized with the Yoast SEO Premium plugin v18.5 (Yoast SEO v20.4) - https:\/\/yoast.com\/wordpress\/plugins\/seo\/ -->\n<title>El triunfo del zapato feo | Grazia<\/title>\n<meta name=\"description\" content=\"Repasamos la historia del zapato feo: desde su invenci\u00f3n hasta las propuestas de temporada (pasando, claro, por su rescate de la mano de Phoebe Philo).\" \/>\n<meta name=\"robots\" content=\"index, follow, max-snippet:-1, max-image-preview:large, max-video-preview:-1\" \/>\n<link rel=\"canonical\" href=\"https:\/\/graziamagazine.com\/es\/articles\/ugly-shoes\/\" \/>\n<meta property=\"og:locale\" content=\"es_ES\" \/>\n<meta property=\"og:type\" content=\"article\" \/>\n<meta property=\"og:title\" content=\"El triunfo del zapato feo\" \/>\n<meta property=\"og:description\" content=\"Nos rendimos a la comodidad de los &#039;ugly shoes&#039; que seguir\u00e1n pisando con fuerza el pr\u00f3ximo oto\u00f1o... al fin y al cabo no son tan feos.\" \/>\n<meta property=\"og:url\" content=\"https:\/\/graziamagazine.com\/es\/articles\/ugly-shoes\/\" \/>\n<meta property=\"og:site_name\" content=\"Grazia\" \/>\n<meta property=\"article:modified_time\" content=\"2016-08-01T08:18:52+00:00\" \/>\n<meta property=\"og:image\" content=\"https:\/\/graziamagazine.com\/es\/wp-content\/uploads\/sites\/12\/2016\/07\/28160848\/01-zapato-feo.jpg?fit=785%2C480\" \/>\n\t<meta property=\"og:image:width\" content=\"785\" \/>\n\t<meta property=\"og:image:height\" content=\"480\" \/>\n\t<meta property=\"og:image:type\" content=\"image\/jpeg\" \/>\n<meta name=\"twitter:card\" content=\"summary_large_image\" \/>\n<meta name=\"twitter:title\" content=\"El triunfo del zapato feo\" \/>\n<meta name=\"twitter:description\" content=\"Nos rendimos a la comodidad de los &#039;ugly shoes&#039; que seguir\u00e1n pisando con fuerza el pr\u00f3ximo oto\u00f1o... al fin y al cabo no son tan feos.\" \/>\n<meta name=\"twitter:image\" content=\"http:\/\/s3-eu-west-1.amazonaws.com\/grazia-cdn\/wp-content\/uploads\/sites\/12\/2016\/07\/28160848\/01-zapato-feo.jpg\" \/>\n<meta name=\"twitter:label1\" content=\"Est. reading time\" \/>\n\t<meta name=\"twitter:data1\" content=\"6 minutos\" \/>\n<script type=\"application\/ld+json\" class=\"yoast-schema-graph\">{\"@context\":\"https:\/\/schema.org\",\"@graph\":[{\"@type\":\"WebPage\",\"@id\":\"https:\/\/graziamagazine.com\/es\/articles\/ugly-shoes\/\",\"url\":\"https:\/\/graziamagazine.com\/es\/articles\/ugly-shoes\/\",\"name\":\"El triunfo del zapato feo | Grazia\",\"isPartOf\":{\"@id\":\"https:\/\/graziamagazine.com\/es\/#website\"},\"datePublished\":\"2016-08-02T03:18:07+00:00\",\"dateModified\":\"2016-08-01T08:18:52+00:00\",\"description\":\"Repasamos la historia del zapato feo: desde su invenci\u00f3n hasta las propuestas de temporada (pasando, claro, por su rescate de la mano de Phoebe Philo).\",\"breadcrumb\":{\"@id\":\"https:\/\/graziamagazine.com\/es\/articles\/ugly-shoes\/#breadcrumb\"},\"inLanguage\":\"es\",\"potentialAction\":[{\"@type\":\"ReadAction\",\"target\":[\"https:\/\/graziamagazine.com\/es\/articles\/ugly-shoes\/\"]}]},{\"@type\":\"BreadcrumbList\",\"@id\":\"https:\/\/graziamagazine.com\/es\/articles\/ugly-shoes\/#breadcrumb\",\"itemListElement\":[{\"@type\":\"ListItem\",\"position\":1,\"name\":\"Portada\",\"item\":\"https:\/\/graziamagazine.com\/es\/\"},{\"@type\":\"ListItem\",\"position\":2,\"name\":\"El triunfo del zapato feo\"}]},{\"@type\":\"WebSite\",\"@id\":\"https:\/\/graziamagazine.com\/es\/#website\",\"url\":\"https:\/\/graziamagazine.com\/es\/\",\"name\":\"Grazia\",\"description\":\"Moda, belleza, celebrities, estilo de vida...\",\"potentialAction\":[{\"@type\":\"SearchAction\",\"target\":{\"@type\":\"EntryPoint\",\"urlTemplate\":\"https:\/\/graziamagazine.com\/es\/?s={search_term_string}\"},\"query-input\":\"required name=search_term_string\"}],\"inLanguage\":\"es\"}]}<\/script>\n<!-- \/ Yoast SEO Premium plugin. -->","yoast_head_json":{"title":"El triunfo del zapato feo | Grazia","description":"Repasamos la historia del zapato feo: desde su invenci\u00f3n hasta las propuestas de temporada (pasando, claro, por su rescate de la mano de Phoebe Philo).","robots":{"index":"index","follow":"follow","max-snippet":"max-snippet:-1","max-image-preview":"max-image-preview:large","max-video-preview":"max-video-preview:-1"},"canonical":"https:\/\/graziamagazine.com\/es\/articles\/ugly-shoes\/","og_locale":"es_ES","og_type":"article","og_title":"El triunfo del zapato feo","og_description":"Nos rendimos a la comodidad de los 'ugly shoes' que seguir\u00e1n pisando con fuerza el pr\u00f3ximo oto\u00f1o... al fin y al cabo no son tan feos.","og_url":"https:\/\/graziamagazine.com\/es\/articles\/ugly-shoes\/","og_site_name":"Grazia","article_modified_time":"2016-08-01T08:18:52+00:00","og_image":[{"width":785,"height":480,"url":"https:\/\/graziamagazine.com\/es\/wp-content\/uploads\/sites\/12\/2016\/07\/28160848\/01-zapato-feo.jpg?fit=785%2C480","type":"image\/jpeg"}],"twitter_card":"summary_large_image","twitter_title":"El triunfo del zapato feo","twitter_description":"Nos rendimos a la comodidad de los 'ugly shoes' que seguir\u00e1n pisando con fuerza el pr\u00f3ximo oto\u00f1o... al fin y al cabo no son tan feos.","twitter_image":"http:\/\/s3-eu-west-1.amazonaws.com\/grazia-cdn\/wp-content\/uploads\/sites\/12\/2016\/07\/28160848\/01-zapato-feo.jpg","twitter_misc":{"Est. reading time":"6 minutos"},"schema":{"@context":"https:\/\/schema.org","@graph":[{"@type":"WebPage","@id":"https:\/\/graziamagazine.com\/es\/articles\/ugly-shoes\/","url":"https:\/\/graziamagazine.com\/es\/articles\/ugly-shoes\/","name":"El triunfo del zapato feo | Grazia","isPartOf":{"@id":"https:\/\/graziamagazine.com\/es\/#website"},"datePublished":"2016-08-02T03:18:07+00:00","dateModified":"2016-08-01T08:18:52+00:00","description":"Repasamos la historia del zapato feo: desde su invenci\u00f3n hasta las propuestas de temporada (pasando, claro, por su rescate de la mano de Phoebe Philo).","breadcrumb":{"@id":"https:\/\/graziamagazine.com\/es\/articles\/ugly-shoes\/#breadcrumb"},"inLanguage":"es","potentialAction":[{"@type":"ReadAction","target":["https:\/\/graziamagazine.com\/es\/articles\/ugly-shoes\/"]}]},{"@type":"BreadcrumbList","@id":"https:\/\/graziamagazine.com\/es\/articles\/ugly-shoes\/#breadcrumb","itemListElement":[{"@type":"ListItem","position":1,"name":"Portada","item":"https:\/\/graziamagazine.com\/es\/"},{"@type":"ListItem","position":2,"name":"El triunfo del zapato feo"}]},{"@type":"WebSite","@id":"https:\/\/graziamagazine.com\/es\/#website","url":"https:\/\/graziamagazine.com\/es\/","name":"Grazia","description":"Moda, belleza, celebrities, estilo de vida...","potentialAction":[{"@type":"SearchAction","target":{"@type":"EntryPoint","urlTemplate":"https:\/\/graziamagazine.com\/es\/?s={search_term_string}"},"query-input":"required name=search_term_string"}],"inLanguage":"es"}]}},"jetpack_sharing_enabled":true,"distributor_meta":false,"distributor_terms":false,"distributor_media":false,"distributor_original_site_name":"Grazia","distributor_original_site_url":"https:\/\/graziamagazine.com\/es","push-errors":false,"_links":{"self":[{"href":"https:\/\/graziamagazine.com\/es\/wp-json\/wp\/v2\/articles\/82672"}],"collection":[{"href":"https:\/\/graziamagazine.com\/es\/wp-json\/wp\/v2\/articles"}],"about":[{"href":"https:\/\/graziamagazine.com\/es\/wp-json\/wp\/v2\/types\/articles"}],"author":[{"embeddable":true,"href":"https:\/\/graziamagazine.com\/es\/wp-json\/wp\/v2\/users\/24052"}],"wp:attachment":[{"href":"https:\/\/graziamagazine.com\/es\/wp-json\/wp\/v2\/media?parent=82672"}],"wp:term":[{"taxonomy":"category","embeddable":true,"href":"https:\/\/graziamagazine.com\/es\/wp-json\/wp\/v2\/categories?post=82672"}],"curies":[{"name":"wp","href":"https:\/\/api.w.org\/{rel}","templated":true}]}}