{"id":8047,"date":"2014-12-01T07:04:24","date_gmt":"2014-12-01T06:04:24","guid":{"rendered":"https:\/\/graziamagazine.com\/es\/?p=8047"},"modified":"2015-05-01T00:56:19","modified_gmt":"2015-04-30T22:56:19","slug":"menu-para-comer-sano-en-la-oficina","status":"publish","type":"articles","link":"https:\/\/graziamagazine.com\/es\/articles\/menu-para-comer-sano-en-la-oficina\/","title":{"rendered":"Men\u00fa para comer sano en la oficina"},"content":{"rendered":"<p>Tener que comer a diario en la oficina es la pesadilla de muchos de nosotros: la log\u00edstica o el gasto hacen temblar, pero m\u00e1s que ninguna otra cosa, la absoluta certeza de comer de forma no sana o, directamente, de comer muy mal.<\/p>\n<p>La sensaci\u00f3n de tirar a la basura <a href=\"https:\/\/graziamagazine.com\/es\/tags\/fitness\" target=\"_blank\">las horas de gimnasio<\/a> y los tremendos esfuerzos por llevar una dieta equilibrada, nos empujan a llevar todos los d\u00edas el <em>tupper<\/em> a la oficina. La imaginaci\u00f3n no suele acompa\u00f1arnos y <strong>terminamos por comer siempre lo mismo,<\/strong> llegando a los mismos problemas de siempre, que no comemos sano, <span style=\"text-decoration: line-through;\">que no significa comer siempre verdura<\/span>.<\/p>\n<p>Estos men\u00fas que os vamos a proponer (todos para cuatro personas)<strong> son totalmente equilibrados, <\/strong>o mejor dicho,<strong> semanalmente equilibrados, y adem\u00e1s los vamos a complementar con una recomendaci\u00f3n para cenar, que ayudar\u00e1 a terminar el d\u00eda sin remordimientos.<\/strong> Las propuestas contienen alimentos de temporada como las setas, ya que siempre hay que intentar usar lo que corresponde a la \u00e9poca del a\u00f1o en la que nos encontremos, que es m\u00e1s barato y mucho m\u00e1s rico.<\/p>\n<figure id=\"attachment_8054\" aria-describedby=\"caption-attachment-8054\" style=\"width: 785px\" class=\"wp-caption aligncenter\"><img loading=\"lazy\" decoding=\"async\" class=\"wp-image-8054 size-full\" src=\"https:\/\/graziamagazine.com\/es\/wp-content\/uploads\/sites\/12\/2014\/12\/93851_menuparacomersanoenlaoficina.jpg\" alt=\"\u00a9 Fernando Zaragoz\u00e1\" width=\"785\" height=\"785\" srcset=\"https:\/\/graziamagazine.com\/es\/wp-content\/uploads\/sites\/12\/2014\/12\/93851_menuparacomersanoenlaoficina.jpg 785w, https:\/\/graziamagazine.com\/es\/wp-content\/uploads\/sites\/12\/2014\/12\/93851_menuparacomersanoenlaoficina-150x150.jpg 150w, https:\/\/graziamagazine.com\/es\/wp-content\/uploads\/sites\/12\/2014\/12\/93851_menuparacomersanoenlaoficina-300x300.jpg 300w, https:\/\/graziamagazine.com\/es\/wp-content\/uploads\/sites\/12\/2014\/12\/93851_menuparacomersanoenlaoficina-720x720.jpg 720w, https:\/\/graziamagazine.com\/es\/wp-content\/uploads\/sites\/12\/2014\/12\/93851_menuparacomersanoenlaoficina-626x626.jpg 626w, https:\/\/graziamagazine.com\/es\/wp-content\/uploads\/sites\/12\/2014\/12\/93851_menuparacomersanoenlaoficina-360x360.jpg 360w\" sizes=\"(max-width: 785px) 100vw, 785px\" \/><figcaption id=\"caption-attachment-8054\" class=\"wp-caption-text\">\u00a9 Fernando Zaragoz\u00e1<\/figcaption><\/figure>\n<p><strong><span style=\"text-decoration: underline;\">LUNES:<\/span> Pasta integral con at\u00fan, aceitunas negras y alcaparras fritas. <\/strong><\/p>\n<p><em>320gr de pasta integral<\/em><\/p>\n<p><em>50gr de alcaparras bien secas <\/em><\/p>\n<p><em>4 dientes de ajo fileteados muy finos <\/em><\/p>\n<p><em>12 filetes de anchoa <\/em><\/p>\n<p><em>1 pellizco grande de cayena picada <\/em><\/p>\n<p><em>1 pu\u00f1ado de aceitunas negras, aplastadas con los dedos <\/em><\/p>\n<p><em>300gr de at\u00fan en aceite de oliva virgen extra, bien escurrido<\/em><\/p>\n<p><em>Zumo de un lim\u00f3n grande<\/em><\/p>\n<p><em>4 cucharadas soperas de perejil picado <\/em><\/p>\n<p><em>Aceite de oliva virgen extra <\/em><\/p>\n<p><em>Sal y pimienta al gusto, \u00a1pero con moderaci\u00f3n!<\/em><\/p>\n<p>&#8212;<\/p>\n<p>1. Poner a hervir agua con sal en un cazuela grande.<\/p>\n<p>2. Hervir la pasta seg\u00fan las instrucciones del fabricante para que quede \u201cal dente\u201d. Reservarla cuando est\u00e9 hecha.<\/p>\n<p>3. Mientras tanto, calentar medio cent\u00edmetro de profundidad de aceite de oliva virgen extra, en un cazo (con tapa). Cuando est\u00e9 caliente, freir las alcaparras durante dos minutos aproximadamente, hasta que queden bien crujientes, pero sin quemarse. Cuidado con este paso, porque tienden a saltar si no las hemos secado bien. Por eso es importante que el cazo tenga tapa.<\/p>\n<p>4. Una vez fritas, reservarlas en un plato aparte.<\/p>\n<p>5. En este mismo aceite, y a temperatura baja-media, a\u00f1adir los ajos, las anchoas y la cayena. Cocinar sin parar de remover hasta que las anchoas se hayan disuelto en el aceite. Unos 3 \u00f3 4 minutos.<\/p>\n<p>6. A\u00f1adir el at\u00fan a la misma sart\u00e9n, junto con las aceitunas, subir un poco la temperatura. A\u00f1adir el zumo del lim\u00f3n y cocinar rompiendo el at\u00fan en trozos m\u00e1s peque\u00f1os. 2 \u00f3 3 minutos.<\/p>\n<p>7. En un bol grande, mezclar la pasta junto con el contenido de la sart\u00e9n, las alcaparras fritas y el perejil. Mezclar todo bien.<\/p>\n<p>Sugerencias: A\u00f1adir esp\u00e1rragos verdes, calabac\u00edn o berenjena, ligeramente salteados.<\/p>\n<p><span style=\"text-decoration: underline;\">Postre:<\/span> un caqui.<\/p>\n<p><strong>Recomendaciones para cenar:<\/strong> pechuga de pollo a la plancha, con ensalada y un trozo de pan.<\/p>\n<figure id=\"attachment_8051\" aria-describedby=\"caption-attachment-8051\" style=\"width: 785px\" class=\"wp-caption aligncenter\"><img loading=\"lazy\" decoding=\"async\" class=\"wp-image-8051 size-full\" src=\"https:\/\/graziamagazine.com\/es\/wp-content\/uploads\/sites\/12\/2014\/12\/93847_menuparacomersanoenlaoficina.jpg\" alt=\"\u00a9 Fernando Zaragoz\u00e1\" width=\"785\" height=\"785\" srcset=\"https:\/\/graziamagazine.com\/es\/wp-content\/uploads\/sites\/12\/2014\/12\/93847_menuparacomersanoenlaoficina.jpg 785w, https:\/\/graziamagazine.com\/es\/wp-content\/uploads\/sites\/12\/2014\/12\/93847_menuparacomersanoenlaoficina-150x150.jpg 150w, https:\/\/graziamagazine.com\/es\/wp-content\/uploads\/sites\/12\/2014\/12\/93847_menuparacomersanoenlaoficina-300x300.jpg 300w, https:\/\/graziamagazine.com\/es\/wp-content\/uploads\/sites\/12\/2014\/12\/93847_menuparacomersanoenlaoficina-720x720.jpg 720w, https:\/\/graziamagazine.com\/es\/wp-content\/uploads\/sites\/12\/2014\/12\/93847_menuparacomersanoenlaoficina-626x626.jpg 626w, https:\/\/graziamagazine.com\/es\/wp-content\/uploads\/sites\/12\/2014\/12\/93847_menuparacomersanoenlaoficina-360x360.jpg 360w\" sizes=\"(max-width: 785px) 100vw, 785px\" \/><figcaption id=\"caption-attachment-8051\" class=\"wp-caption-text\">\u00a9 Fernando Zaragoz\u00e1<\/figcaption><\/figure>\n<p><span style=\"text-decoration: underline;\"><strong>MARTES:<\/strong><\/span> <strong>Ensalada de lentejas con tomates y salsa ligera de mostaza.<\/strong><\/p>\n<p><em>250gr de lentejas <\/em><\/p>\n<p><em>8 langostinos <\/em><\/p>\n<p><em>1 cucharada sopera de mostaza de Dijon <\/em><\/p>\n<p><em>1 cucharada sopera de mostaza Antigua <\/em><\/p>\n<p><em>2 cucharadas soperas de vinagre de jerez <\/em><\/p>\n<p><em>1 cebolla morada peque\u00f1a, cortada en dados peque\u00f1os <\/em><\/p>\n<p><em>10 tomates cherry amarillos, cortados a la mitad<\/em><\/p>\n<p><em>60ml de aceite de oliva virgen extra <\/em><\/p>\n<p><em>4 cucharadas soperas de perejil picado <\/em><\/p>\n<p><em>Sal y pimienta al gusto, \u00a1pero con moderaci\u00f3n!<\/em><\/p>\n<p>&#8212;<\/p>\n<p>1. En una cazuela con agua hirviendo, cocer las lentejas con sal, a temperatura media-alta, hasta que est\u00e9n hechas. Una vez hervidas, escurrir, y dejar en un plato aparte. (Si las lentejas las dejamos en remojo la noche anterior, la cocci\u00f3n ser\u00e1 m\u00e1s r\u00e1pida. En torno a 15 minutos si han estado en remojo. Si no, se puede hacer, pero llevar\u00e1 m\u00e1s tiempo)<\/p>\n<p>2. En una sart\u00e9n, saltear los langostinos con un poco de sal. Reservarlos cuando est\u00e9n hechos.<\/p>\n<p>3. En un bol peque\u00f1o, mezclar las dos mostazas, el lim\u00f3n, el vinagre, el aceite de oliva y un pellizco de sal. Mezclar todo con unas varillas hasta que quede una mezcla pastosa homog\u00e9nea.<\/p>\n<p>4. En un bol m\u00e1s grande, mezclar las lentejas y los langostinos con los tomates.<\/p>\n<p>5. A\u00f1adir la vinagreta por encima.<\/p>\n<p>6. A\u00f1adir el perejil picado muy fino.<\/p>\n<p>Sugerencias: Dejar reposar la ensalada a temperatura ambiente por lo menos media hora, para que quede a\u00fan m\u00e1s sabrosa.<\/p>\n<p><span style=\"text-decoration: underline;\">Postre:<\/span> 1 naranja o 1 kiwi.<\/p>\n<p><strong>Recomendaciones para cenar:<\/strong> Tosta de salm\u00f3n con aguacate.<\/p>\n<figure id=\"attachment_8052\" aria-describedby=\"caption-attachment-8052\" style=\"width: 785px\" class=\"wp-caption aligncenter\"><img loading=\"lazy\" decoding=\"async\" class=\"wp-image-8052 size-full\" src=\"https:\/\/graziamagazine.com\/es\/wp-content\/uploads\/sites\/12\/2014\/12\/93848_menuparacomersanoenlaoficina.jpg\" alt=\"\u00a9 Fernando Zaragoz\u00e1\" width=\"785\" height=\"785\" srcset=\"https:\/\/graziamagazine.com\/es\/wp-content\/uploads\/sites\/12\/2014\/12\/93848_menuparacomersanoenlaoficina.jpg 785w, https:\/\/graziamagazine.com\/es\/wp-content\/uploads\/sites\/12\/2014\/12\/93848_menuparacomersanoenlaoficina-150x150.jpg 150w, https:\/\/graziamagazine.com\/es\/wp-content\/uploads\/sites\/12\/2014\/12\/93848_menuparacomersanoenlaoficina-300x300.jpg 300w, https:\/\/graziamagazine.com\/es\/wp-content\/uploads\/sites\/12\/2014\/12\/93848_menuparacomersanoenlaoficina-720x720.jpg 720w, https:\/\/graziamagazine.com\/es\/wp-content\/uploads\/sites\/12\/2014\/12\/93848_menuparacomersanoenlaoficina-626x626.jpg 626w, https:\/\/graziamagazine.com\/es\/wp-content\/uploads\/sites\/12\/2014\/12\/93848_menuparacomersanoenlaoficina-360x360.jpg 360w\" sizes=\"(max-width: 785px) 100vw, 785px\" \/><figcaption id=\"caption-attachment-8052\" class=\"wp-caption-text\">\u00a9 Fernando Zaragoz\u00e1<\/figcaption><\/figure>\n<p><strong><span style=\"text-decoration: underline;\">MI\u00c9RCOLES:<\/span> Quinoa con espinacas, champi\u00f1ones y jam\u00f3n.<\/strong><\/p>\n<p><em>250gr de quinoa <\/em><\/p>\n<p><em>125gr de brotes de espinacas <\/em><\/p>\n<p><em>16 champi\u00f1ones portobello <\/em><\/p>\n<p><em>125gr de jam\u00f3n (cocido o ib\u00e9rico) <\/em><\/p>\n<p><em>1 diente de ajo grande cortado en l\u00e1minas finas <\/em><\/p>\n<p><em>1 rama peque\u00f1a de tomillo fresco <\/em><\/p>\n<p><em>Aceite de oliva virgen extra <\/em><\/p>\n<p><em>Sal y pimienta<\/em><\/p>\n<p>&#8212;<\/p>\n<p>1. Poner a cocer la quinoa: poner 425ml de agua con sal a hervir en una cazuela con tapa. Mientras tanto, lavar bien la quinoa en un colador grande, bajo el grifo con agua fr\u00eda. Una vez que est\u00e1 el agua hirviendo, a\u00f1adir la quinoa y cocer a fuego medio, con la tapa puesta, hasta que el agua casi se ha evaporado. Retirar del fuego, y dejar reposar poniendo un papel de cocina entre la tapa y la cazuela. Es importante lavar bien la quinoa, porque el sabor cambia bastante. La quinoa estar\u00e1 cocida cuando est\u00e9 al dente, haya adquirido un color ligeramente transparente y el germen se haya soltado. Parecen como peque\u00f1os rabitos retorcidos.<\/p>\n<p>2. Limpiar bien los champi\u00f1ones y trocearlos en 6 cada uno.<\/p>\n<p>3. Poner una sart\u00e9n al fuego con 2 cucharadas de aceite de oliva y, una vez caliente, saltear el ajo. M\u00e1s o menos unos 30 segundos si el aceite est\u00e1 bien caliente.<\/p>\n<p>4. Cuando comience a cambiar de color, a\u00f1adir los champi\u00f1ones junto con el tomillo y un pellizco de sal. Saltear todo a fuego fuerte hasta que se ablanden un poco y empiecen a cambiar de color. Tienen que quedar poco hechos, pero no crudos. El truco est\u00e1 en sacarlos cuando comiencen a sonar como un silbido, (no se puede predecir un tiempo determinado).<\/p>\n<p>5. En un bol mezclador, a\u00f1adir la quinoa, el contenido de la sarten sin el tomillo y el jam\u00f3n cortado en cubos (ib\u00e9rico) o cuadrados (cocido), las espinacas y mezclar todo bien.<\/p>\n<p>6. Comprobar el punto de sal y a\u00f1adir pimienta negra reci\u00e9n molida.<\/p>\n<p>Sugerencias: Estamos en temporada de setas, por lo que esta receta la deber\u00edamos preparar con unos boletus, amanitas o incluso chantarellas. La receta est\u00e1 preparada con jam\u00f3n cocido. Si se quiere usar ib\u00e9rico, queda igual de rico. Los champi\u00f1ones pelados aportan una textura m\u00e1s fina.<\/p>\n<p><span style=\"text-decoration: underline;\">Postre:<\/span> Pi\u00f1a<\/p>\n<p><strong>Recomendaciones para cenar:<\/strong> Lubina a la plancha con berenjenas salteadas y un trozo de pan.<\/p>\n<figure id=\"attachment_8053\" aria-describedby=\"caption-attachment-8053\" style=\"width: 785px\" class=\"wp-caption aligncenter\"><img loading=\"lazy\" decoding=\"async\" class=\"wp-image-8053 size-full\" src=\"https:\/\/graziamagazine.com\/es\/wp-content\/uploads\/sites\/12\/2014\/12\/93849_menuparacomersanoenlaoficina.jpg\" alt=\"\u00a9 Fernando Zaragoz\u00e1\" width=\"785\" height=\"785\" srcset=\"https:\/\/graziamagazine.com\/es\/wp-content\/uploads\/sites\/12\/2014\/12\/93849_menuparacomersanoenlaoficina.jpg 785w, https:\/\/graziamagazine.com\/es\/wp-content\/uploads\/sites\/12\/2014\/12\/93849_menuparacomersanoenlaoficina-150x150.jpg 150w, https:\/\/graziamagazine.com\/es\/wp-content\/uploads\/sites\/12\/2014\/12\/93849_menuparacomersanoenlaoficina-300x300.jpg 300w, https:\/\/graziamagazine.com\/es\/wp-content\/uploads\/sites\/12\/2014\/12\/93849_menuparacomersanoenlaoficina-720x720.jpg 720w, https:\/\/graziamagazine.com\/es\/wp-content\/uploads\/sites\/12\/2014\/12\/93849_menuparacomersanoenlaoficina-626x626.jpg 626w, https:\/\/graziamagazine.com\/es\/wp-content\/uploads\/sites\/12\/2014\/12\/93849_menuparacomersanoenlaoficina-360x360.jpg 360w\" sizes=\"(max-width: 785px) 100vw, 785px\" \/><figcaption id=\"caption-attachment-8053\" class=\"wp-caption-text\">\u00a9 Fernando Zaragoz\u00e1<\/figcaption><\/figure>\n<p><strong><span style=\"text-decoration: underline;\">JUEVES:<\/span> Ensalada mejicana de jud\u00edas pintas, aguacate, ma\u00edz y r\u00facula. <\/strong><\/p>\n<p><em>250gr de jud\u00edas pintas <\/em><\/p>\n<p><em>300gr de ma\u00edz <\/em><\/p>\n<p><em>125gr de r\u00facula <\/em><\/p>\n<p><em>75gr de cebolla morada cortada en brunoise fina <\/em><\/p>\n<p><em>1 aguacate cortado en cubos <\/em><\/p>\n<p><em>8 tomates cherry cortados por la mitad <\/em><\/p>\n<p><em>4 cucharadas soperas de cilantro picado <\/em><\/p>\n<p><em><span style=\"text-decoration: underline;\">Para la salsa:<\/span> <\/em><\/p>\n<p><em>1 yogur griego <\/em><\/p>\n<p><em>El zumo de 2 limas <\/em><\/p>\n<p><em>25gr de cebolla morada cortada en brunoise fina <\/em><\/p>\n<p><em>2 cucharadas soperas de cilantro picado muy fino <\/em><\/p>\n<p><em>1 pellizco de Cayena picada <\/em><\/p>\n<p><em>8 cucharadas soperas de aceite de oliva virgen extra <\/em><\/p>\n<p><em>Media cucharada (de postre) de sal <\/em><\/p>\n<p><em>1 cucharada sopera de miel <\/em><\/p>\n<p>&#8212;<\/p>\n<p>1. En una cazuela con agua hirviendo, cocer las jud\u00edas con sal, a temperatura media-alta, hasta que est\u00e9n hechas. Una vez hervidas, escurrir, y dejar en un plato aparte. (Si las jud\u00edas las dejamos en remojo la noche anterior, la cocci\u00f3n ser\u00e1 m\u00e1s r\u00e1pida. En torno a 20 minutos, si han estado en remojo. Si no, se puede hacer, pero llevar\u00e1 m\u00e1s tiempo)<\/p>\n<p>2. Colocar todos los ingredientes de la salsa en un vaso de tourmix, y turbinar a m\u00e1xima potencia hasta que quede completamente homog\u00e9neo.<\/p>\n<p>3. En un bol mezclador grande, colocar la r\u00facula y ali\u00f1ar con la mitad de la salsa.<\/p>\n<p>4. A\u00f1adir el resto de ingredientes y mezclar ligeramente.<\/p>\n<p>5. A\u00f1adir m\u00e1s salsa seg\u00fan el gusto de cada uno. Sugerencias: Aunque lo ideal es preparar nosotros mismos la legumbre que vamos a consumir, hay veces que no tenemos tiempo. En ese caso, podemos utilizar legumbres cocidas.<\/p>\n<p><span style=\"text-decoration: underline;\">Postre:<\/span> Naranja o kiwi<\/p>\n<p><strong>Recomendaciones para cenar:<\/strong> Tortilla francesa con setas y un trozo de pan.<\/p>\n<figure id=\"attachment_8049\" aria-describedby=\"caption-attachment-8049\" style=\"width: 720px\" class=\"wp-caption aligncenter\"><img loading=\"lazy\" decoding=\"async\" class=\"wp-image-8049 size-full\" src=\"https:\/\/graziamagazine.com\/es\/wp-content\/uploads\/sites\/12\/2014\/12\/93844_menuparacomersanoenlaoficina.jpg\" alt=\"\u00a9 Fernando Zaragoz\u00e1\" width=\"720\" height=\"1080\" srcset=\"https:\/\/graziamagazine.com\/es\/wp-content\/uploads\/sites\/12\/2014\/12\/93844_menuparacomersanoenlaoficina.jpg 720w, https:\/\/graziamagazine.com\/es\/wp-content\/uploads\/sites\/12\/2014\/12\/93844_menuparacomersanoenlaoficina-200x300.jpg 200w, https:\/\/graziamagazine.com\/es\/wp-content\/uploads\/sites\/12\/2014\/12\/93844_menuparacomersanoenlaoficina-683x1024.jpg 683w, https:\/\/graziamagazine.com\/es\/wp-content\/uploads\/sites\/12\/2014\/12\/93844_menuparacomersanoenlaoficina-151x227.jpg 151w, https:\/\/graziamagazine.com\/es\/wp-content\/uploads\/sites\/12\/2014\/12\/93844_menuparacomersanoenlaoficina-626x939.jpg 626w, https:\/\/graziamagazine.com\/es\/wp-content\/uploads\/sites\/12\/2014\/12\/93844_menuparacomersanoenlaoficina-157x236.jpg 157w, https:\/\/graziamagazine.com\/es\/wp-content\/uploads\/sites\/12\/2014\/12\/93844_menuparacomersanoenlaoficina-360x540.jpg 360w, https:\/\/graziamagazine.com\/es\/wp-content\/uploads\/sites\/12\/2014\/12\/93844_menuparacomersanoenlaoficina-298x448.jpg 298w, https:\/\/graziamagazine.com\/es\/wp-content\/uploads\/sites\/12\/2014\/12\/93844_menuparacomersanoenlaoficina-128x192.jpg 128w, https:\/\/graziamagazine.com\/es\/wp-content\/uploads\/sites\/12\/2014\/12\/93844_menuparacomersanoenlaoficina-364x546.jpg 364w, https:\/\/graziamagazine.com\/es\/wp-content\/uploads\/sites\/12\/2014\/12\/93844_menuparacomersanoenlaoficina-220x330.jpg 220w\" sizes=\"(max-width: 720px) 100vw, 720px\" \/><figcaption id=\"caption-attachment-8049\" class=\"wp-caption-text\">\u00a9 Fernando Zaragoz\u00e1<\/figcaption><\/figure>\n<p><strong><span style=\"text-decoration: underline;\">VIERNES:<\/span> Pollo marinado con cous-cous y tomates ali\u00f1ados. <\/strong><\/p>\n<p><em>400gr de pechuga de pollo <\/em><\/p>\n<p><em>250gr de cous-cous <\/em><\/p>\n<p><em>16 tomates cherry rojos, amarillos y naranjas <\/em><\/p>\n<p><em>Aceite de oliva virgen extra <\/em><\/p>\n<p><em>Sal y pimienta negra reci\u00e9n molida <\/em><\/p>\n<p><em>4 hojas de albahaca <\/em><\/p>\n<p><em><span style=\"text-decoration: underline;\">Para el marinado del pollo: <\/span><\/em><\/p>\n<p><em>4 cucharadas soperas de albahaca picada <\/em><\/p>\n<p><em>1 ramita de romero fresco <\/em><\/p>\n<p><em>8 cucharadas soperas de miel <\/em><\/p>\n<p><em>1 pellizco grande de Cayena picada <\/em><\/p>\n<p><em>El zumo de media lima <\/em><\/p>\n<p><em>4 cucharadas soperas de aceite de oliva virgen extra <\/em><\/p>\n<p><em>1 cucharada de postre de sal pimienta negra reci\u00e9n molida <\/em><\/p>\n<p><em><span style=\"text-decoration: underline;\">Para la vinagreta de los tomates: <\/span><\/em><\/p>\n<p><em>4 cucharadas soperas de aceite de oliva virgen extra <\/em><\/p>\n<p><em>El zumo de media lima <\/em><\/p>\n<p><em>8 hojas de albahaca fresca picada sal y pimienta negra reci\u00e9n molida <\/em><\/p>\n<p>&#8212;<\/p>\n<p>1. Cortar el pollo en tiras y colocar en un bol mezclador<\/p>\n<p>2. A\u00f1adir todos los ingredientes del marinado, mezclar bien, a\u00f1adir el pollo y dejar reposar al menos 1 hora en fr\u00edo.<\/p>\n<p>3. Poner el cous-cous en un bol mezclador.<\/p>\n<p>4. Llevar 250ml de agua a ebullici\u00f3n y una vez hirviendo, a\u00f1adir al cous-cous. Tapar con un trapo y dejar reposar. Importante, leer bien las instrucciones del fabricante, ya que hay veces que la proporci\u00f3n de agua debe ser mayor de 1:1.<\/p>\n<p>5. Mezclar bien todos los ingredientes de la vinagreta y batir con unas varillas hasta que se adquiera una textura un poco espesa y est\u00e9 todo bien integrado.<\/p>\n<p>6. Incorporar a esta mezcla los tomates y dejar reposar mientras preparamos el pollo.<\/p>\n<p>7. Calentar 1 cucharada de aceite de oliva en una sart\u00e9n y saltear el pollo, pero sin verter el l\u00edquido restante del bol. Hacer a fuego muy fuerte hasta que se caramelice la superficie, pero sin llegar a quemarse. Si es necesario, a\u00f1adir poco a poco el l\u00edquido restante.<\/p>\n<p>8. Cuando el cous-cous haya absorbido todo el agua, y haya doblado su volumen, a\u00f1adir 1 cucharada sopera de aceite de oliva virgen extra y mezclar suavemente.<\/p>\n<p>9. Emplatar como se desee, mezclando todos los ingredientes o cada uno por separado, pero a\u00f1adiendo por encima las 4 hojas de albahaca, rompi\u00e9ndolas con la mano. Sugerencias: Con pollo de corral sale much\u00edsimo m\u00e1s rica esta receta.<\/p>\n<p><span style=\"text-decoration: underline;\">Postre:<\/span> Mandarinas<\/p>\n<p><strong>Recomendaciones para cenar:<\/strong> Una cena de viernes con amigos es la mejor manera de terminar la semana. No olvid\u00e9is incluir Hidratos de Carbono, Prote\u00edna y Verduras en esta cena.<\/p>\n<p>&nbsp;<\/p>\n<p><em>Tip Grazia:<\/em> En vez de cocinar cada d\u00eda, <strong>haced un club del <em>tupper,<\/em><\/strong> y entre cinco compa\u00f1eros, cada d\u00eda uno cocina para los dem\u00e1s, con lo que solo tocar\u00e1 hacer (y cargar) una comida a la semana. Adem\u00e1s, cada hora de la comida ser\u00e1 una sorpresa.<\/p>\n","protected":false},"author":15951,"featured_media":0,"template":"","format":"standard","categories":[20,18],"acf":[],"yoast_head":"<!-- This site is optimized with the Yoast SEO Premium plugin v18.5 (Yoast SEO v20.4) - https:\/\/yoast.com\/wordpress\/plugins\/seo\/ -->\n<title>Men\u00fa para comer sano en la oficina | Grazia<\/title>\n<meta name=\"description\" content=\"De lunes a viernes: el nutricionista Fernando Zaragoz\u00e1 nos recomienda cinco men\u00fas para que no se te vuelvan a poner los pelos de punta al escuchar &quot;tupper&quot;\" \/>\n<meta name=\"robots\" content=\"index, follow, max-snippet:-1, max-image-preview:large, max-video-preview:-1\" \/>\n<link rel=\"canonical\" href=\"https:\/\/graziamagazine.com\/es\/articles\/menu-para-comer-sano-en-la-oficina\/\" \/>\n<meta property=\"og:locale\" content=\"es_ES\" \/>\n<meta property=\"og:type\" content=\"article\" \/>\n<meta property=\"og:title\" content=\"Men\u00fa para comer sano en la oficina\" \/>\n<meta property=\"og:description\" content=\"De lunes a viernes: el nutricionista Fernando Zaragoz\u00e1 nos recomienda cinco men\u00fas para que no se te vuelvan a poner los pelos de punta al escuchar &quot;tupper&quot;\" \/>\n<meta property=\"og:url\" content=\"https:\/\/graziamagazine.com\/es\/articles\/menu-para-comer-sano-en-la-oficina\/\" \/>\n<meta property=\"og:site_name\" content=\"Grazia\" \/>\n<meta property=\"article:modified_time\" content=\"2015-04-30T22:56:19+00:00\" \/>\n<meta property=\"og:image\" content=\"https:\/\/graziamagazine.com\/es\/wp-content\/uploads\/sites\/12\/2014\/12\/93851_menuparacomersanoenlaoficina.jpg\" \/>\n<meta name=\"twitter:card\" content=\"summary_large_image\" \/>\n<meta name=\"twitter:label1\" content=\"Est. reading time\" \/>\n\t<meta name=\"twitter:data1\" content=\"9 minutos\" \/>\n<script type=\"application\/ld+json\" class=\"yoast-schema-graph\">{\"@context\":\"https:\/\/schema.org\",\"@graph\":[{\"@type\":\"WebPage\",\"@id\":\"https:\/\/graziamagazine.com\/es\/articles\/menu-para-comer-sano-en-la-oficina\/\",\"url\":\"https:\/\/graziamagazine.com\/es\/articles\/menu-para-comer-sano-en-la-oficina\/\",\"name\":\"Men\u00fa para comer sano en la oficina | Grazia\",\"isPartOf\":{\"@id\":\"https:\/\/graziamagazine.com\/es\/#website\"},\"datePublished\":\"2014-12-01T06:04:24+00:00\",\"dateModified\":\"2015-04-30T22:56:19+00:00\",\"description\":\"De lunes a viernes: el nutricionista Fernando Zaragoz\u00e1 nos recomienda cinco men\u00fas para que no se te vuelvan a poner los pelos de punta al escuchar \\\"tupper\\\"\",\"breadcrumb\":{\"@id\":\"https:\/\/graziamagazine.com\/es\/articles\/menu-para-comer-sano-en-la-oficina\/#breadcrumb\"},\"inLanguage\":\"es\",\"potentialAction\":[{\"@type\":\"ReadAction\",\"target\":[\"https:\/\/graziamagazine.com\/es\/articles\/menu-para-comer-sano-en-la-oficina\/\"]}]},{\"@type\":\"BreadcrumbList\",\"@id\":\"https:\/\/graziamagazine.com\/es\/articles\/menu-para-comer-sano-en-la-oficina\/#breadcrumb\",\"itemListElement\":[{\"@type\":\"ListItem\",\"position\":1,\"name\":\"Portada\",\"item\":\"https:\/\/graziamagazine.com\/es\/\"},{\"@type\":\"ListItem\",\"position\":2,\"name\":\"Men\u00fa para comer sano en la oficina\"}]},{\"@type\":\"WebSite\",\"@id\":\"https:\/\/graziamagazine.com\/es\/#website\",\"url\":\"https:\/\/graziamagazine.com\/es\/\",\"name\":\"Grazia\",\"description\":\"Moda, belleza, celebrities, estilo de vida...\",\"potentialAction\":[{\"@type\":\"SearchAction\",\"target\":{\"@type\":\"EntryPoint\",\"urlTemplate\":\"https:\/\/graziamagazine.com\/es\/?s={search_term_string}\"},\"query-input\":\"required name=search_term_string\"}],\"inLanguage\":\"es\"}]}<\/script>\n<!-- \/ Yoast SEO Premium plugin. -->","yoast_head_json":{"title":"Men\u00fa para comer sano en la oficina | Grazia","description":"De lunes a viernes: el nutricionista Fernando Zaragoz\u00e1 nos recomienda cinco men\u00fas para que no se te vuelvan a poner los pelos de punta al escuchar \"tupper\"","robots":{"index":"index","follow":"follow","max-snippet":"max-snippet:-1","max-image-preview":"max-image-preview:large","max-video-preview":"max-video-preview:-1"},"canonical":"https:\/\/graziamagazine.com\/es\/articles\/menu-para-comer-sano-en-la-oficina\/","og_locale":"es_ES","og_type":"article","og_title":"Men\u00fa para comer sano en la oficina","og_description":"De lunes a viernes: el nutricionista Fernando Zaragoz\u00e1 nos recomienda cinco men\u00fas para que no se te vuelvan a poner los pelos de punta al escuchar \"tupper\"","og_url":"https:\/\/graziamagazine.com\/es\/articles\/menu-para-comer-sano-en-la-oficina\/","og_site_name":"Grazia","article_modified_time":"2015-04-30T22:56:19+00:00","og_image":[{"url":"https:\/\/graziamagazine.com\/es\/wp-content\/uploads\/sites\/12\/2014\/12\/93851_menuparacomersanoenlaoficina.jpg"}],"twitter_card":"summary_large_image","twitter_misc":{"Est. reading time":"9 minutos"},"schema":{"@context":"https:\/\/schema.org","@graph":[{"@type":"WebPage","@id":"https:\/\/graziamagazine.com\/es\/articles\/menu-para-comer-sano-en-la-oficina\/","url":"https:\/\/graziamagazine.com\/es\/articles\/menu-para-comer-sano-en-la-oficina\/","name":"Men\u00fa para comer sano en la oficina | Grazia","isPartOf":{"@id":"https:\/\/graziamagazine.com\/es\/#website"},"datePublished":"2014-12-01T06:04:24+00:00","dateModified":"2015-04-30T22:56:19+00:00","description":"De lunes a viernes: el nutricionista Fernando Zaragoz\u00e1 nos recomienda cinco men\u00fas para que no se te vuelvan a poner los pelos de punta al escuchar \"tupper\"","breadcrumb":{"@id":"https:\/\/graziamagazine.com\/es\/articles\/menu-para-comer-sano-en-la-oficina\/#breadcrumb"},"inLanguage":"es","potentialAction":[{"@type":"ReadAction","target":["https:\/\/graziamagazine.com\/es\/articles\/menu-para-comer-sano-en-la-oficina\/"]}]},{"@type":"BreadcrumbList","@id":"https:\/\/graziamagazine.com\/es\/articles\/menu-para-comer-sano-en-la-oficina\/#breadcrumb","itemListElement":[{"@type":"ListItem","position":1,"name":"Portada","item":"https:\/\/graziamagazine.com\/es\/"},{"@type":"ListItem","position":2,"name":"Men\u00fa para comer sano en la oficina"}]},{"@type":"WebSite","@id":"https:\/\/graziamagazine.com\/es\/#website","url":"https:\/\/graziamagazine.com\/es\/","name":"Grazia","description":"Moda, belleza, celebrities, estilo de vida...","potentialAction":[{"@type":"SearchAction","target":{"@type":"EntryPoint","urlTemplate":"https:\/\/graziamagazine.com\/es\/?s={search_term_string}"},"query-input":"required name=search_term_string"}],"inLanguage":"es"}]}},"jetpack_sharing_enabled":true,"distributor_meta":false,"distributor_terms":false,"distributor_media":false,"distributor_original_site_name":"Grazia","distributor_original_site_url":"https:\/\/graziamagazine.com\/es","push-errors":false,"_links":{"self":[{"href":"https:\/\/graziamagazine.com\/es\/wp-json\/wp\/v2\/articles\/8047"}],"collection":[{"href":"https:\/\/graziamagazine.com\/es\/wp-json\/wp\/v2\/articles"}],"about":[{"href":"https:\/\/graziamagazine.com\/es\/wp-json\/wp\/v2\/types\/articles"}],"author":[{"embeddable":true,"href":"https:\/\/graziamagazine.com\/es\/wp-json\/wp\/v2\/users\/15951"}],"wp:attachment":[{"href":"https:\/\/graziamagazine.com\/es\/wp-json\/wp\/v2\/media?parent=8047"}],"wp:term":[{"taxonomy":"category","embeddable":true,"href":"https:\/\/graziamagazine.com\/es\/wp-json\/wp\/v2\/categories?post=8047"}],"curies":[{"name":"wp","href":"https:\/\/api.w.org\/{rel}","templated":true}]}}