{"id":80205,"date":"2016-07-04T09:14:16","date_gmt":"2016-07-04T07:14:16","guid":{"rendered":"https:\/\/graziamagazine.com\/es\/?p=80205"},"modified":"2016-07-04T09:14:16","modified_gmt":"2016-07-04T07:14:16","slug":"la-historia-del-bikini-en-imagenes","status":"publish","type":"articles","link":"https:\/\/graziamagazine.com\/es\/articles\/la-historia-del-bikini-en-imagenes\/","title":{"rendered":"La historia del bikini en 25 im\u00e1genes"},"content":{"rendered":"<p>122 a\u00f1os despu\u00e9s de que se sumergiera en el Canal de la Mancha la primera ba\u00f1ista, Maria Carolina di Berry, se inventaba el bikini. O al menos\u00a0<strong>eso se han disputado toda la vida los franceses Jacques Heim y Louis R\u00e9ard.<\/strong><\/p>\n<p>Este \u00faltimo es precisamente el responsable del d\u00eda que ahora festejamos:\u00a0<strong>el d\u00eda internacional del bikini, el 5 de julio<\/strong>\u00a0(porque si tenemos d\u00eda del beso, del picnic y hasta de los calcetines perdidos \u2013el 9 de mayo, por si alguien est\u00e1 interesado en celebrarlo-, la prenda por excelencia del verano no iba a ser menos).<\/p>\n<figure id=\"attachment_80208\" aria-describedby=\"caption-attachment-80208\" style=\"width: 785px\" class=\"wp-caption aligncenter\"><img loading=\"lazy\" decoding=\"async\" class=\"size-full wp-image-80208\" src=\"https:\/\/graziamagazine.com\/es\/wp-content\/uploads\/sites\/12\/2016\/06\/24111814\/1historia-bikini-06.jpg\" alt=\"Norma Jean, o lo que es lo mismo, Marilyn, en bikini en las playas de los Hamptons. \u00a9 Cordon Press\" width=\"785\" height=\"567\" \/><figcaption id=\"caption-attachment-80208\" class=\"wp-caption-text\">Norma Jean, o lo que es lo mismo, Marilyn, en bikini en las playas de los Hamptons. \u00a9 Cordon Press<\/figcaption><\/figure>\n<p>Esta celebraci\u00f3n conmemora la presentaci\u00f3n en Par\u00eds del primer bikini en 1946. El evento tuvo lugar en la popular piscina Molitor y, ante varios espectadores asombrados,<strong>\u00a0Micheline Bernardini desfil\u00f3 con la escueta prenda.<\/strong>\u00a0Ella sol\u00eda bailar desnuda en el Casino de Par\u00eds, as\u00ed que no tuvo problema en ense\u00f1ar m\u00e1s chicha de la cuenta. El que s\u00ed tuvo problemas varios fue el dise\u00f1ador, que fue incapaz de encontrar a una modelo dispuesta a vestir su creaci\u00f3n teniendo que acudir a la bailarina.<\/p>\n<figure id=\"attachment_80209\" aria-describedby=\"caption-attachment-80209\" style=\"width: 550px\" class=\"wp-caption aligncenter\"><img loading=\"lazy\" decoding=\"async\" class=\"size-full wp-image-80209\" src=\"https:\/\/graziamagazine.com\/es\/wp-content\/uploads\/sites\/12\/2016\/06\/24111857\/2historia-bikini-04.jpg\" alt=\"Micheline Bernardini luciendo el bikini de Louis R\u00e9ard y una cajita en la mano izquierda en la que pod\u00eda guardarse el traje de ba\u00f1o. \u00a9 Getty Images\" width=\"550\" height=\"748\" \/><figcaption id=\"caption-attachment-80209\" class=\"wp-caption-text\">Micheline Bernardini luciendo el bikini de Louis R\u00e9ard y una cajita en la mano izquierda en la que pod\u00eda guardarse el traje de ba\u00f1o. \u00a9 Getty Images<\/figcaption><\/figure>\n<p>Imprevistos\u00a0con modelos pudorosas aparte, algo en lo que R\u00e9ard era tremendamente bueno era en el marketing. Sabiendo los r\u00edos de tinta que har\u00eda correr su dise\u00f1o,\u00a0<strong>lo estamp\u00f3 con lo que simulaban ser p\u00e1ginas de peri\u00f3dico.<\/strong>\u00a0\u00bfY el nombre? Pues bikini, en honor a las pruebas con bombas nucleares que pocos d\u00edas antes se celebraban en\u00a0el atol\u00f3n con el mismo nombre de mitad del Pac\u00edfico.<\/p>\n<p>Por su parte, Heim desarrollaba tambi\u00e9n un prototipo de la prenda aquel verano y lo promocionaba como\u00a0<strong>\u00abel traje de ba\u00f1o m\u00e1s peque\u00f1o del mundo\u00bb.<\/strong>\u00a0Aunque en realidad eran m\u00e1s peque\u00f1os los cuatro tri\u00e1ngulos de su competidor (dos en la parte superior y dos enfrentados a modo de bragueta) que ni corto ni perezoso anunci\u00f3 el suyo como \u00abm\u00e1s peque\u00f1o que el traje de ba\u00f1o m\u00e1s peque\u00f1o del mundo\u00bb.<\/p>\n<p>Aunque si somos fieles a la historia, la pelea se tendr\u00eda que quedar en tablas, un ni pa&#8217; ti ni pa&#8217; m\u00ed: muchas mujeres ya utilizaban dos piezas para ba\u00f1arse en las playas del Mediterr\u00e1neo desde los a\u00f1os 30. Eso s\u00ed, prendas m\u00e1s castas y fabricadas con m\u00e1s cent\u00edmetros de tela.<\/p>\n<figure id=\"attachment_80210\" aria-describedby=\"caption-attachment-80210\" style=\"width: 600px\" class=\"wp-caption aligncenter\"><img loading=\"lazy\" decoding=\"async\" class=\"size-full wp-image-80210\" src=\"https:\/\/graziamagazine.com\/es\/wp-content\/uploads\/sites\/12\/2016\/06\/24111935\/3historia-bikini-05.jpg\" alt=\"En 1935, varias mujeres con un traje de ba\u00f1o de dos piezas. \u00a9 Getty Images \" width=\"600\" height=\"808\" \/><figcaption id=\"caption-attachment-80210\" class=\"wp-caption-text\">En 1935, varias mujeres con un traje de ba\u00f1o de dos piezas. \u00a9 Getty Images<\/figcaption><\/figure>\n<p>Favorito pronto de las francesas, el furor por el escueto traje de ba\u00f1o que pr\u00e1cticamente no dejaba marcas\u00a0se contagi\u00f3 pronto a las italianas:\u00a0<strong>Luc\u00eda Bos\u00e9 se alzaba\u00a0con el t\u00edtulo de Miss Italia en 1947 y\u00a0<a href=\"http:\/\/www.shopaholic-prr.com\/2012\/06\/tendencias-verano-2012-el-bikini-y-su.html\" target=\"_blank\" target=\"_blank\">lo hac\u00eda\u00a0enfundada en un sensual bikini<\/a>.<\/strong>\u00a0Como la bomba at\u00f3mica que inspir\u00f3 su nombre, ya era imparable.<\/p>\n<p>En pocos meses todas las playas del pa\u00eds se inundaron de ellos y tambi\u00e9n, para mantener el decoro, de polic\u00edas que med\u00edan que la proporci\u00f3n de tela entrase en los est\u00e1ndares aceptables.<\/p>\n<figure id=\"attachment_80211\" aria-describedby=\"caption-attachment-80211\" style=\"width: 600px\" class=\"wp-caption aligncenter\"><img loading=\"lazy\" decoding=\"async\" class=\"size-full wp-image-80211\" src=\"https:\/\/graziamagazine.com\/es\/wp-content\/uploads\/sites\/12\/2016\/06\/24112007\/4historia-bikini-09.jpg\" alt=\"Brigitte Bardot contribuy\u00f3 a popularizarlo. \u00a9 Getty Images\" width=\"600\" height=\"758\" \/><figcaption id=\"caption-attachment-80211\" class=\"wp-caption-text\">Brigitte Bardot contribuy\u00f3 a popularizarlo. \u00a9 Getty Images<\/figcaption><\/figure>\n<p>A popularizar \u2013a\u00fan m\u00e1s- el bikini en los a\u00f1os sesenta, contribuye una exuberante\u00a0<b>Brigitte Bardot\u00a0<\/b>y toda la industria cinematogr\u00e1fica que encuentra en \u00e9l un recurso m\u00e1s para atraer al p\u00fablico. \u00a0Y si no, que se lo pregunten a\u00a0<strong>Ursula Andress,<\/strong>\u00a0que en 1962 se convirti\u00f3 inmediatamente en un icono tras protagonizar\u00a0la salida m\u00e1s sensual del Caribe (con permiso<del>\u00a0y sin \u00e9l<\/del>\u00a0<a href=\"https:\/\/31.media.tumblr.com\/1d034801b5eeb05a15e2849bbaa63cb9\/tumblr_inline_n609p7ySJH1s9v80l.jpg\" target=\"_blank\" target=\"_blank\">de Halle Berry<\/a>).\u00a0<i>Dr. No<\/i>\u00a0la catapult\u00f3 a la fama y la convirti\u00f3 en la primera de una larga lista de\u00a0<b>chicas Bond<\/b>. El bikini blanco, responsable en parte del \u00e9xito, se subast\u00f3 en Londres a principios de este siglo\u00a0por unos nada desde\u00f1ables 60.000 euros.<\/p>\n<div>Ahora\u00a0festejamos\u00a0esta prenda que se ha encargado de provocar, de resaltar la feminidad m\u00e1s absoluta, de moldear, escandalizar y, sobre todo, celebrar el cuerpo de la mujer.<\/div>\n<div><\/div>\n<div>\n<figure id=\"attachment_80216\" aria-describedby=\"caption-attachment-80216\" style=\"width: 785px\" class=\"wp-caption aligncenter\"><img loading=\"lazy\" decoding=\"async\" class=\"size-full wp-image-80216\" src=\"https:\/\/graziamagazine.com\/es\/wp-content\/uploads\/sites\/12\/2016\/06\/24112754\/cover1_bikini.jpg\" alt=\"\u00a9 Victoria's Secret\" width=\"785\" height=\"480\" \/><figcaption id=\"caption-attachment-80216\" class=\"wp-caption-text\">\u00a9 Victoria&#8217;s Secret<\/figcaption><\/figure>\n<blockquote><p>Adem\u00e1s&#8230; los 20 bikinis m\u00e1s ic\u00f3nicos:<\/p><\/blockquote>\n<\/div>\n<p>[galeria]<\/p>\n<p><iframe loading=\"lazy\" style=\"border: none; overflow: hidden; height: 258px;\" src=\"\/\/www.facebook.com\/plugins\/likebox.php?href=https%3A%2F%2Fwww.facebook.com%2Fgraziaespana&amp;width&amp;height=258&amp;colorscheme=light&amp;show_faces=true&amp;header=false&amp;stream=false&amp;show_border=false&amp;appId=349017955267591\" width=\"300\" height=\"150\" frameborder=\"0\" scrolling=\"no\"><\/iframe><\/p>\n","protected":false},"author":21500,"featured_media":0,"template":"","format":"standard","categories":[162,1],"acf":[],"yoast_head":"<!-- This site is optimized with the Yoast SEO Premium plugin v18.5 (Yoast SEO v20.4) - https:\/\/yoast.com\/wordpress\/plugins\/seo\/ -->\n<title>La historia del bikini en 25 im\u00e1genes | Grazia<\/title>\n<meta name=\"description\" content=\"Repasamos los momentos clave de la historia del dos piezas a golpe de im\u00e1genes ic\u00f3nicas. \u00a1Feliz 70 cumplea\u00f1os, querido bikini!\" \/>\n<meta name=\"robots\" content=\"index, follow, max-snippet:-1, max-image-preview:large, max-video-preview:-1\" \/>\n<link rel=\"canonical\" href=\"https:\/\/graziamagazine.com\/es\/articles\/la-historia-del-bikini-en-imagenes\/\" \/>\n<meta property=\"og:locale\" content=\"es_ES\" \/>\n<meta property=\"og:type\" content=\"article\" \/>\n<meta property=\"og:title\" content=\"La historia del bikini en 25 im\u00e1genes\" \/>\n<meta property=\"og:description\" content=\"70 a\u00f1os no son nada cuando la capacidad de renovaci\u00f3n es tan imparable como la propia prenda. Repasamos los momentos clave de la historia del dos piezas a golpe de im\u00e1genes ic\u00f3nicas. \u00a1Feliz cumplea\u00f1os, bikini!\" \/>\n<meta property=\"og:url\" content=\"https:\/\/graziamagazine.com\/es\/articles\/la-historia-del-bikini-en-imagenes\/\" \/>\n<meta property=\"og:site_name\" content=\"Grazia\" \/>\n<meta property=\"og:image\" content=\"https:\/\/graziamagazine.com\/es\/wp-content\/uploads\/sites\/12\/2016\/06\/24112754\/cover1_bikini.jpg?fit=785%2C480\" \/>\n\t<meta property=\"og:image:width\" content=\"785\" \/>\n\t<meta property=\"og:image:height\" content=\"480\" \/>\n\t<meta property=\"og:image:type\" content=\"image\/jpeg\" \/>\n<meta name=\"twitter:card\" content=\"summary_large_image\" \/>\n<meta name=\"twitter:title\" content=\"La historia del bikini en 25 im\u00e1genes\" \/>\n<meta name=\"twitter:description\" content=\"70 a\u00f1os no son nada cuando la capacidad de renovaci\u00f3n es tan imparable como la propia prenda. Repasamos los momentos clave de la historia del dos piezas a golpe de im\u00e1genes ic\u00f3nicas. \u00a1Feliz cumplea\u00f1os, bikini!\" \/>\n<meta name=\"twitter:image\" content=\"http:\/\/s3-eu-west-1.amazonaws.com\/grazia-cdn\/wp-content\/uploads\/sites\/12\/2016\/06\/24112754\/cover1_bikini.jpg\" \/>\n<meta name=\"twitter:label1\" content=\"Est. reading time\" \/>\n\t<meta name=\"twitter:data1\" content=\"4 minutos\" \/>\n<script type=\"application\/ld+json\" class=\"yoast-schema-graph\">{\"@context\":\"https:\/\/schema.org\",\"@graph\":[{\"@type\":\"WebPage\",\"@id\":\"https:\/\/graziamagazine.com\/es\/articles\/la-historia-del-bikini-en-imagenes\/\",\"url\":\"https:\/\/graziamagazine.com\/es\/articles\/la-historia-del-bikini-en-imagenes\/\",\"name\":\"La historia del bikini en 25 im\u00e1genes | Grazia\",\"isPartOf\":{\"@id\":\"https:\/\/graziamagazine.com\/es\/#website\"},\"datePublished\":\"2016-07-04T07:14:16+00:00\",\"dateModified\":\"2016-07-04T07:14:16+00:00\",\"description\":\"Repasamos los momentos clave de la historia del dos piezas a golpe de im\u00e1genes ic\u00f3nicas. \u00a1Feliz 70 cumplea\u00f1os, querido bikini!\",\"breadcrumb\":{\"@id\":\"https:\/\/graziamagazine.com\/es\/articles\/la-historia-del-bikini-en-imagenes\/#breadcrumb\"},\"inLanguage\":\"es\",\"potentialAction\":[{\"@type\":\"ReadAction\",\"target\":[\"https:\/\/graziamagazine.com\/es\/articles\/la-historia-del-bikini-en-imagenes\/\"]}]},{\"@type\":\"BreadcrumbList\",\"@id\":\"https:\/\/graziamagazine.com\/es\/articles\/la-historia-del-bikini-en-imagenes\/#breadcrumb\",\"itemListElement\":[{\"@type\":\"ListItem\",\"position\":1,\"name\":\"Portada\",\"item\":\"https:\/\/graziamagazine.com\/es\/\"},{\"@type\":\"ListItem\",\"position\":2,\"name\":\"La historia del bikini en 25 im\u00e1genes\"}]},{\"@type\":\"WebSite\",\"@id\":\"https:\/\/graziamagazine.com\/es\/#website\",\"url\":\"https:\/\/graziamagazine.com\/es\/\",\"name\":\"Grazia\",\"description\":\"Moda, belleza, celebrities, estilo de vida...\",\"potentialAction\":[{\"@type\":\"SearchAction\",\"target\":{\"@type\":\"EntryPoint\",\"urlTemplate\":\"https:\/\/graziamagazine.com\/es\/?s={search_term_string}\"},\"query-input\":\"required name=search_term_string\"}],\"inLanguage\":\"es\"}]}<\/script>\n<!-- \/ Yoast SEO Premium plugin. -->","yoast_head_json":{"title":"La historia del bikini en 25 im\u00e1genes | Grazia","description":"Repasamos los momentos clave de la historia del dos piezas a golpe de im\u00e1genes ic\u00f3nicas. \u00a1Feliz 70 cumplea\u00f1os, querido bikini!","robots":{"index":"index","follow":"follow","max-snippet":"max-snippet:-1","max-image-preview":"max-image-preview:large","max-video-preview":"max-video-preview:-1"},"canonical":"https:\/\/graziamagazine.com\/es\/articles\/la-historia-del-bikini-en-imagenes\/","og_locale":"es_ES","og_type":"article","og_title":"La historia del bikini en 25 im\u00e1genes","og_description":"70 a\u00f1os no son nada cuando la capacidad de renovaci\u00f3n es tan imparable como la propia prenda. Repasamos los momentos clave de la historia del dos piezas a golpe de im\u00e1genes ic\u00f3nicas. \u00a1Feliz cumplea\u00f1os, bikini!","og_url":"https:\/\/graziamagazine.com\/es\/articles\/la-historia-del-bikini-en-imagenes\/","og_site_name":"Grazia","og_image":[{"width":785,"height":480,"url":"https:\/\/graziamagazine.com\/es\/wp-content\/uploads\/sites\/12\/2016\/06\/24112754\/cover1_bikini.jpg?fit=785%2C480","type":"image\/jpeg"}],"twitter_card":"summary_large_image","twitter_title":"La historia del bikini en 25 im\u00e1genes","twitter_description":"70 a\u00f1os no son nada cuando la capacidad de renovaci\u00f3n es tan imparable como la propia prenda. Repasamos los momentos clave de la historia del dos piezas a golpe de im\u00e1genes ic\u00f3nicas. \u00a1Feliz cumplea\u00f1os, bikini!","twitter_image":"http:\/\/s3-eu-west-1.amazonaws.com\/grazia-cdn\/wp-content\/uploads\/sites\/12\/2016\/06\/24112754\/cover1_bikini.jpg","twitter_misc":{"Est. reading time":"4 minutos"},"schema":{"@context":"https:\/\/schema.org","@graph":[{"@type":"WebPage","@id":"https:\/\/graziamagazine.com\/es\/articles\/la-historia-del-bikini-en-imagenes\/","url":"https:\/\/graziamagazine.com\/es\/articles\/la-historia-del-bikini-en-imagenes\/","name":"La historia del bikini en 25 im\u00e1genes | Grazia","isPartOf":{"@id":"https:\/\/graziamagazine.com\/es\/#website"},"datePublished":"2016-07-04T07:14:16+00:00","dateModified":"2016-07-04T07:14:16+00:00","description":"Repasamos los momentos clave de la historia del dos piezas a golpe de im\u00e1genes ic\u00f3nicas. \u00a1Feliz 70 cumplea\u00f1os, querido bikini!","breadcrumb":{"@id":"https:\/\/graziamagazine.com\/es\/articles\/la-historia-del-bikini-en-imagenes\/#breadcrumb"},"inLanguage":"es","potentialAction":[{"@type":"ReadAction","target":["https:\/\/graziamagazine.com\/es\/articles\/la-historia-del-bikini-en-imagenes\/"]}]},{"@type":"BreadcrumbList","@id":"https:\/\/graziamagazine.com\/es\/articles\/la-historia-del-bikini-en-imagenes\/#breadcrumb","itemListElement":[{"@type":"ListItem","position":1,"name":"Portada","item":"https:\/\/graziamagazine.com\/es\/"},{"@type":"ListItem","position":2,"name":"La historia del bikini en 25 im\u00e1genes"}]},{"@type":"WebSite","@id":"https:\/\/graziamagazine.com\/es\/#website","url":"https:\/\/graziamagazine.com\/es\/","name":"Grazia","description":"Moda, belleza, celebrities, estilo de vida...","potentialAction":[{"@type":"SearchAction","target":{"@type":"EntryPoint","urlTemplate":"https:\/\/graziamagazine.com\/es\/?s={search_term_string}"},"query-input":"required name=search_term_string"}],"inLanguage":"es"}]}},"jetpack_sharing_enabled":true,"distributor_meta":false,"distributor_terms":false,"distributor_media":false,"distributor_original_site_name":"Grazia","distributor_original_site_url":"https:\/\/graziamagazine.com\/es","push-errors":false,"_links":{"self":[{"href":"https:\/\/graziamagazine.com\/es\/wp-json\/wp\/v2\/articles\/80205"}],"collection":[{"href":"https:\/\/graziamagazine.com\/es\/wp-json\/wp\/v2\/articles"}],"about":[{"href":"https:\/\/graziamagazine.com\/es\/wp-json\/wp\/v2\/types\/articles"}],"author":[{"embeddable":true,"href":"https:\/\/graziamagazine.com\/es\/wp-json\/wp\/v2\/users\/21500"}],"wp:attachment":[{"href":"https:\/\/graziamagazine.com\/es\/wp-json\/wp\/v2\/media?parent=80205"}],"wp:term":[{"taxonomy":"category","embeddable":true,"href":"https:\/\/graziamagazine.com\/es\/wp-json\/wp\/v2\/categories?post=80205"}],"curies":[{"name":"wp","href":"https:\/\/api.w.org\/{rel}","templated":true}]}}