{"id":79278,"date":"2016-06-13T06:12:04","date_gmt":"2016-06-13T04:12:04","guid":{"rendered":"https:\/\/graziamagazine.com\/es\/?p=79278"},"modified":"2016-06-10T15:13:05","modified_gmt":"2016-06-10T13:13:05","slug":"ninos-y-restaurantes-ninofobia","status":"publish","type":"articles","link":"https:\/\/graziamagazine.com\/es\/articles\/ninos-y-restaurantes-ninofobia\/","title":{"rendered":"Ni\u00f1os y restaurantes, \u00bfuna pareja incompatible?"},"content":{"rendered":"<p>Lo vemos cada vez m\u00e1s: <a href=\"http:\/\/www.elmundo.es\/sociedad\/2016\/01\/22\/56a2483a46163f11318b465c.html\" target=\"_blank\" target=\"_blank\">restaurantes que prohiben la entrada a los ni\u00f1os<\/a> (con carteles que corren por las redes sociales despertando simpat\u00edas y odios entre dos bandos enfrentados) u <a href=\"http:\/\/www.huffingtonpost.es\/2014\/09\/07\/lugares-sin-ninos_n_5574713.html\" target=\"_blank\" target=\"_blank\">hoteles para adultos<\/a> en los que no se permite el acceso a los que no superen cierta edad. Y quejas. Muchas: historias sobre cenas arruinadas por un ni\u00f1o asilvestrado en la mesa de al lado; viajes en tren que <a href=\"http:\/\/unamadrecomotu.com\/stop-ninofobia\/\" target=\"_blank\" target=\"_blank\">se asume ser\u00e1n insufribles<\/a> cuando se sienta un beb\u00e9 en la fila de delante&#8230;<\/p>\n<figure id=\"attachment_79291\" aria-describedby=\"caption-attachment-79291\" style=\"width: 785px\" class=\"wp-caption aligncenter\"><img loading=\"lazy\" decoding=\"async\" class=\"size-full wp-image-79291\" src=\"https:\/\/graziamagazine.com\/es\/wp-content\/uploads\/sites\/12\/2016\/06\/10124413\/01-ni%C3%B1os-y-restaurantes.jpg\" alt=\"\u00bfCada d\u00eda somos m\u00e1s intolerantes con los ni\u00f1os en espacios p\u00fablicos o cada d\u00eda son m\u00e1s molestos?\" width=\"785\" height=\"480\" \/><figcaption id=\"caption-attachment-79291\" class=\"wp-caption-text\">\u00bfCada d\u00eda somos m\u00e1s intolerantes con los ni\u00f1os en espacios p\u00fablicos o cada d\u00eda son m\u00e1s molestos?<\/figcaption><\/figure>\n<p>Pero, \u00bfqu\u00e9 piensan las que son madres de todo esto? Discutimos con un grupo de blogueras especialistas en maternidad.<\/p>\n<figure id=\"attachment_79297\" aria-describedby=\"caption-attachment-79297\" style=\"width: 1024px\" class=\"wp-caption aligncenter\"><img loading=\"lazy\" decoding=\"async\" class=\"size-full wp-image-79297\" src=\"https:\/\/graziamagazine.com\/es\/wp-content\/uploads\/sites\/12\/2016\/06\/10125720\/blogs-mamas.jpeg\" alt=\"Hablamos con las madres de la blogosfera sobre una tendencia al alza: el odio a ni\u00f1os en espacios p\u00fablicos.\" width=\"1024\" height=\"779\" \/><figcaption id=\"caption-attachment-79297\" class=\"wp-caption-text\">Hablamos con las madres de la blogosfera sobre una tendencia al alza: el odio a ni\u00f1os en espacios p\u00fablicos.<\/figcaption><\/figure>\n<p><span style=\"text-decoration: underline;\"><strong>LA NI\u00d1OFOBIA, \u00bfEXISTE O SON LOS PADRES?<\/strong><\/span><\/p>\n<p>La ni\u00f1ofobia es \u201cun rechazo injustificado hacia los ni\u00f1os\u201d, explica <strong>Vanesa Pi\u00f1ero,<\/strong> de <a href=\"http:\/\/unamadrecomotu.com\" target=\"_blank\" target=\"_blank\"><em>Una madre como t\u00fa;<\/em><\/a> definici\u00f3n que matiza <strong>Catalina Echeverry,<\/strong> de <em><a href=\"http:\/\/www.mamatambiensabe.com\" target=\"_blank\" target=\"_blank\">Mam\u00e1 tambi\u00e9n sabe<\/a>:<\/em> \u201cAunque el t\u00e9rmino no est\u00e1 muy bien acu\u00f1ado, creo que a lo que se refiere es a la<strong> falta de tolerancia cada vez m\u00e1s evidente hacia los ni\u00f1os y sus comportamientos naturales<\/strong>. En ingl\u00e9s esto se llama <a href=\"http:\/\/sofosagora.net\/etica\/misopedia-pedofobia-edadismo-t2597.html\" target=\"_blank\" target=\"_blank\">misopedia<\/a> y es el odio e intolerancia a los ni\u00f1os y preadolescentes\u201d.<\/p>\n<p>La definici\u00f3n est\u00e1 clara, en lo que no hay tanta unanimidad, sin embargo, es en decidir si realmente hay ni\u00f1ofobia en nuestra sociedad: \u201cClaro que existe ese rechazo a tener ni\u00f1os cerca por una parte de la sociedad. Adem\u00e1s, tambi\u00e9n afecta a padres que, cuando no est\u00e1n con sus hijos, tampoco quieren tener ni\u00f1os cerca\u201d, opina <strong>Martina Calzada,<\/strong> autora de <a href=\"http:\/\/www.nosinmishijos.com\" target=\"_blank\" target=\"_blank\"><em>No sin mis hijos.<\/em><\/a> Para Beatriz, de <em><a href=\"https:\/\/niblognibloga.wordpress.com\" target=\"_blank\" target=\"_blank\">Ni blog ni bloga,<\/a><\/em> el concepto es perfilable: \u201cHay personas que han decidido no tener hijos por diferentes motivos y prefieren vivir en paz y armon\u00eda sin &#8216;sufrir&#8217; las alegr\u00edas de los peque\u00f1os. <strong>Es su decisi\u00f3n y tan respetable como la nuestra<\/strong>\u201d.<\/p>\n<p>\u00bfOdio hacia los m\u00e1s peque\u00f1os o simplemente deseo de descansar? \u201cYo soy madre. Mis hijos me han hecho sentir ternura por otros ni\u00f1os, pero <strong>eso no significa que quiera estar rodeada de ni\u00f1os a todas horas<\/strong>. A veces busco paz, a veces est\u00e1 bien ir a sitios donde sabes que no va a haber. Pero eso no es ni\u00f1ofobia\u201d, apostilla Nuria Puig, de <a href=\"https:\/\/nurananu.wordpress.com\" target=\"_blank\" target=\"_blank\"><em>Con gorro y a lo loco.<\/em><\/a><\/p>\n<figure id=\"attachment_79304\" aria-describedby=\"caption-attachment-79304\" style=\"width: 355px\" class=\"wp-caption aligncenter\"><img loading=\"lazy\" decoding=\"async\" class=\"size-full wp-image-79304\" src=\"https:\/\/graziamagazine.com\/es\/wp-content\/uploads\/sites\/12\/2016\/06\/10135400\/claire-underwood.gif\" alt=\"A Claire Underwood le encantan los ni\u00f1os. Mogoll\u00f3n.\" width=\"355\" height=\"200\" \/><figcaption id=\"caption-attachment-79304\" class=\"wp-caption-text\">A Claire Underwood le encantan los ni\u00f1os. Mogoll\u00f3n.<\/figcaption><\/figure>\n<p><span style=\"text-decoration: underline;\"><strong>\u00bfMOLESTIA O INTOLERANCIA?<\/strong><\/span><\/p>\n<p>\u201cLos ni\u00f1os nunca molestan, son ni\u00f1os. Como espectadora, cuando un ni\u00f1o hace algo intento entender por qu\u00e9 lo hace. <strong>Creo que en general estamos faltos de empat\u00eda<\/strong>. Con mis hijas trato de ir a sitios donde ellas vayan estar a gusto porque si ellas est\u00e1n bien, yo estoy bien. Si no van a estar c\u00f3modas, prefiero no ir\u201d, nos cuenta <strong>Natalia Mart\u00edn,<\/strong> de <a href=\"http:\/\/lashistorietasdemama.blogspot.com.es\" target=\"_blank\" target=\"_blank\"><em>Las historietas de mam\u00e1<\/em><\/a>\u00a0y de\u00a0<a href=\"http:\/\/www.mujeresymadresmagazine.com\" target=\"_blank\" target=\"_blank\"><em>Mujeres<\/em> <em>y Madres Magazine.<\/em><\/a><\/p>\n<p>\u201cLa idea que se transmite es que\u00a0los ni\u00f1os tienen que estar siempre aparte porque molestan. La tolerancia cada vez es m\u00e1s reducida\u201d, opina Martina,\u00a0\u201cvenimos de\u00a0una educaci\u00f3n autoritaria en la que se somete al ni\u00f1o a obedecer indiscriminadamente: <strong>a veces lo que se ve como falta de educaci\u00f3n es\u00a0simplemente un comportamiento de ni\u00f1os,<\/strong> acorde a su edad\u201d. Mientras Vanesa recuerda:\u00a0\u201cLos ni\u00f1os tienen que viajar, ir al banco, al m\u00e9dico y a muchos sitios, y el resto debemos comprenderlo. <strong>Hay tan pocos ni\u00f1os que se nos ha olvidado c\u00f3mo es tenerlos a nuestro alrededor\u201d.<\/strong><\/p>\n<figure id=\"attachment_79306\" aria-describedby=\"caption-attachment-79306\" style=\"width: 368px\" class=\"wp-caption aligncenter\"><img loading=\"lazy\" decoding=\"async\" class=\"size-full wp-image-79306\" src=\"https:\/\/graziamagazine.com\/es\/wp-content\/uploads\/sites\/12\/2016\/06\/10135956\/alterada.gif\" alt=\"Es absurdo pretender que los ni\u00f1os se comporten como adultos, \u00a1son ni\u00f1os!\" width=\"368\" height=\"200\" \/><figcaption id=\"caption-attachment-79306\" class=\"wp-caption-text\">Es absurdo pretender que los ni\u00f1os se comporten como adultos, \u00a1son ni\u00f1os!<\/figcaption><\/figure>\n<p><span style=\"text-decoration: underline;\"><strong>ENTONCES, \u00bfPROHIBIMOS NI\u00d1OS?<\/strong><\/span><\/p>\n<p>Con respecto a la tendencia cada vez m\u00e1s com\u00fan de prohibir la entrada de ni\u00f1os en hoteles, restaurantes o incluso ciertos vagones del tren, las blogueras de maternidad dividen sus opiniones. Algunas, como\u00a0Nuria, comprenden las restricciones:\u00a0\u201cLa prohibici\u00f3n, en general, me disgusta\u00a0porque la mayor\u00eda de las prohibiciones, con un poco de sentido com\u00fan por parte de los padres, no ser\u00edan necesarias\u2026 pero cuando lo que falla es esto hay que poner coto de otro modo\u201d.<\/p>\n<p>Beatriz tambi\u00e9n lo entiende, pero recuerda que los ni\u00f1os no son los \u00fanicos que pueden llegar a molestar en espacios p\u00fablicos:\u00a0\u201cNos parece estupendo que pongan un letrero anunciando que los ni\u00f1os no son bienvenidos en hoteles y restaurantes. <strong>Preferimos no entrar que estar aguantando las malas caras del camarero de turno.<\/strong> Al fin y al cabo no deja de ser un negocio, en el que no encajamos. En cambio en el transporte p\u00fablico no lo veo\u00a0bien, hay gente que molesta igual o m\u00e1s que los ni\u00f1os: adolescentes con el m\u00f3vil a todo trapo, gente que se pasa todo el viaje con las notificaciones del movil encendidas o los pseudoejecutivos que se pelean por tel\u00e9fono como si estuvieran solos\u201d.\u00a0En general las prohibiciones no gustan, aunque se pueden llegar a entender; eso s\u00ed, siempre sin perder la perspectiva, para que ese &#8216;sin ni\u00f1os&#8217; no se convierta en la norma.<\/p>\n<figure id=\"attachment_79308\" aria-describedby=\"caption-attachment-79308\" style=\"width: 785px\" class=\"wp-caption aligncenter\"><img loading=\"lazy\" decoding=\"async\" class=\"size-full wp-image-79308\" src=\"https:\/\/graziamagazine.com\/es\/wp-content\/uploads\/sites\/12\/2016\/06\/10140330\/restaurantes-sin-ni%C3%B1os.jpg\" alt=\"\u00bfCorremos el riesgo de que los restaurantes 'sin ni\u00f1os' se conviertan en la norma?\" width=\"785\" height=\"523\" \/><figcaption id=\"caption-attachment-79308\" class=\"wp-caption-text\">\u00bfCorremos el riesgo de que los restaurantes &#8216;sin ni\u00f1os&#8217; se conviertan en la norma?<\/figcaption><\/figure>\n<p><span style=\"text-decoration: underline;\"><strong>Y EL &#8216;BIENVENIDOS, NI\u00d1OS&#8217;, \u00bfD\u00d3NDE EST\u00c1?<\/strong><\/span><\/p>\n<p>\u201cMe encantar\u00eda que hoteles y restaurantes empezaran a colgar carteles de &#8216;bienvenidos los ni\u00f1os&#8217;,\u00a0para compensar\u201d, pide Vanesa, abriendo un nuevo mel\u00f3n en el mundo infantil: los restaurantes <em>kid friendly.<\/em><\/p>\n<p>\u201cCuando yo era peque\u00f1a ir al restaurante era un drama sopor\u00edfero. Hab\u00eda que estar sentada en la mesa, aburrida hasta que terminaran los mayores, que adem\u00e1s no hac\u00edan m\u00e1s que alargar las conversaciones.\u00a0Hoy en d\u00eda s\u00ed que hay oferta: parques infantiles de exterior, de interior, esquinas de juego\u2026\u201d, recuerda Nuria. Mientras que la visi\u00f3n de Catalina es algo distinta:\u00a0\u201cCreo que el tema de <a href=\"http:\/\/www.mamatambiensabe.com\/2013\/02\/espacios-familiares-o-espacios-para.html\" target=\"_blank\" target=\"_blank\">lugares <em>family friendly<\/em><\/a> est\u00e1 muy estereotipado. O bien son restaurantes de comida r\u00e1pida, con espacio de bolas o resorts con campamentos y monitores. Pero <strong>son pocos los que dan la bienvenida a los ni\u00f1os de forma inclusiva, sin llev\u00e1rselos de la mesa.<\/strong> Muchos de estos sitios tienen men\u00fas de ni\u00f1os pero <strong>nunca\u00a0adaptan los men\u00fas normales a las raciones de ni\u00f1os. Creen que todos comen pizza, croquetas o pasta\u201d. <\/strong>Y es que idear un espacio donde los ni\u00f1os son bienvenidos es mucho m\u00e1s que eso.\u00a0\u201cCon que traten a los ni\u00f1os igual de bien que a los adultos yo me conformo, que de las pinturas ya me ocupo yo\u201d, sentencia Vanesa.<\/p>\n<figure id=\"attachment_79307\" aria-describedby=\"caption-attachment-79307\" style=\"width: 480px\" class=\"wp-caption aligncenter\"><img loading=\"lazy\" decoding=\"async\" class=\"size-full wp-image-79307\" src=\"https:\/\/graziamagazine.com\/es\/wp-content\/uploads\/sites\/12\/2016\/06\/10140053\/04-rapunzel.gif\" alt=\"Rapunzel fue a muchos restaurantes con sus padres.\" width=\"480\" height=\"264\" \/><figcaption id=\"caption-attachment-79307\" class=\"wp-caption-text\">Rapunzel fue a muchos restaurantes con sus padres.<\/figcaption><\/figure>\n<p>A la hora de la verdad, \u00bfqu\u00e9 restaurantes eligen los padres? Resulta que la mayor\u00eda mira m\u00e1s all\u00e1 del men\u00fa infantil:\u00a0\u201cLos ni\u00f1os a veces son ciudadanos de segunda, no se les trata con la misma dignidad que a los adultos. Parece que se les puede dar cualquier cosa con salsa de tomate\u201d, explica Martina. Y es que en el fondo, de lo que se trata es de escoger un restaurante en el que se coma bien y en el que a los ni\u00f1os les apetezca estar (sin que esto implique toboganes o camas el\u00e1sticas).\u00a0\u201c<strong>Voy donde\u00a0s\u00e9 que estar\u00e9 c\u00f3moda con ellos. Y donde\u00a0a ellos les apetece, porque nosotros tambi\u00e9n estaremos c\u00f3modos<\/strong>\u201d, resume Vanesa.\u00a0As\u00ed que se\u00f1ores hosteleros de Espa\u00f1a piensen en lugares para los adultos, pero en los que tambi\u00e9n puedan\u00a0estar bien los ni\u00f1os.\u00a0Porque los padres, cuando descubren un sitio as\u00ed, suelen volver.<\/p>\n<p><iframe loading=\"lazy\" style=\"border: none; overflow: hidden; height: 258px;\" src=\"\/\/www.facebook.com\/plugins\/likebox.php?href=https%3A%2F%2Fwww.facebook.com%2Fgraziaespana&amp;width&amp;height=258&amp;colorscheme=light&amp;show_faces=true&amp;header=false&amp;stream=false&amp;show_border=false&amp;appId=349017955267591\" width=\"300\" height=\"150\" frameborder=\"0\" scrolling=\"no\"><\/iframe><\/p>\n","protected":false},"author":22777,"featured_media":0,"template":"","format":"standard","categories":[19,18],"acf":[],"yoast_head":"<!-- This site is optimized with the Yoast SEO Premium plugin v18.5 (Yoast SEO v20.4) - https:\/\/yoast.com\/wordpress\/plugins\/seo\/ -->\n<title>Ni\u00f1os y restaurantes, \u00bfuna pareja incompatible? | Grazia<\/title>\n<meta name=\"description\" content=\"\u00bfEs la ni\u00f1ofobia algo real en nuestra sociedad? \u00bfO, por el contrario, el problema es la falta de educaci\u00f3n? \u00bfC\u00f3mo engranamos el t\u00e1ndem ni\u00f1os y restaurantes?\" \/>\n<meta name=\"robots\" content=\"index, follow, max-snippet:-1, max-image-preview:large, max-video-preview:-1\" \/>\n<link rel=\"canonical\" href=\"https:\/\/graziamagazine.com\/es\/articles\/ninos-y-restaurantes-ninofobia\/\" \/>\n<meta property=\"og:locale\" content=\"es_ES\" \/>\n<meta property=\"og:type\" content=\"article\" \/>\n<meta property=\"og:title\" content=\"Ni\u00f1os y restaurantes, \u00bfuna pareja incompatible?\" \/>\n<meta property=\"og:description\" content=\"\u00bfEs la ni\u00f1ofobia algo real en nuestra sociedad? \u00bfO, por el contrario, el problema pasa por la falta de educaci\u00f3n?\" \/>\n<meta property=\"og:url\" content=\"https:\/\/graziamagazine.com\/es\/articles\/ninos-y-restaurantes-ninofobia\/\" \/>\n<meta property=\"og:site_name\" content=\"Grazia\" \/>\n<meta property=\"article:modified_time\" content=\"2016-06-10T13:13:05+00:00\" \/>\n<meta property=\"og:image\" content=\"https:\/\/graziamagazine.com\/es\/wp-content\/uploads\/sites\/12\/2016\/06\/10124413\/01-ni\u00f1os-y-restaurantes.jpg?fit=785%2C480\" \/>\n\t<meta property=\"og:image:width\" content=\"785\" \/>\n\t<meta property=\"og:image:height\" content=\"480\" \/>\n\t<meta property=\"og:image:type\" content=\"image\/jpeg\" \/>\n<meta name=\"twitter:card\" content=\"summary_large_image\" \/>\n<meta name=\"twitter:title\" content=\"Ni\u00f1os y restaurantes, \u00bfuna pareja incompatible?\" \/>\n<meta name=\"twitter:description\" content=\"\u00bfEs la ni\u00f1ofobia algo real en nuestra sociedad? \u00bfO, por el contrario, el problema pasa por la falta de educaci\u00f3n?\" \/>\n<meta name=\"twitter:image\" content=\"http:\/\/s3-eu-west-1.amazonaws.com\/grazia-cdn\/wp-content\/uploads\/sites\/12\/2016\/06\/10124413\/01-nios-y-restaurantes.jpg\" \/>\n<meta name=\"twitter:label1\" content=\"Est. reading time\" \/>\n\t<meta name=\"twitter:data1\" content=\"7 minutos\" \/>\n<script type=\"application\/ld+json\" class=\"yoast-schema-graph\">{\"@context\":\"https:\/\/schema.org\",\"@graph\":[{\"@type\":\"WebPage\",\"@id\":\"https:\/\/graziamagazine.com\/es\/articles\/ninos-y-restaurantes-ninofobia\/\",\"url\":\"https:\/\/graziamagazine.com\/es\/articles\/ninos-y-restaurantes-ninofobia\/\",\"name\":\"Ni\u00f1os y restaurantes, \u00bfuna pareja incompatible? | Grazia\",\"isPartOf\":{\"@id\":\"https:\/\/graziamagazine.com\/es\/#website\"},\"datePublished\":\"2016-06-13T04:12:04+00:00\",\"dateModified\":\"2016-06-10T13:13:05+00:00\",\"description\":\"\u00bfEs la ni\u00f1ofobia algo real en nuestra sociedad? \u00bfO, por el contrario, el problema es la falta de educaci\u00f3n? \u00bfC\u00f3mo engranamos el t\u00e1ndem ni\u00f1os y restaurantes?\",\"breadcrumb\":{\"@id\":\"https:\/\/graziamagazine.com\/es\/articles\/ninos-y-restaurantes-ninofobia\/#breadcrumb\"},\"inLanguage\":\"es\",\"potentialAction\":[{\"@type\":\"ReadAction\",\"target\":[\"https:\/\/graziamagazine.com\/es\/articles\/ninos-y-restaurantes-ninofobia\/\"]}]},{\"@type\":\"BreadcrumbList\",\"@id\":\"https:\/\/graziamagazine.com\/es\/articles\/ninos-y-restaurantes-ninofobia\/#breadcrumb\",\"itemListElement\":[{\"@type\":\"ListItem\",\"position\":1,\"name\":\"Portada\",\"item\":\"https:\/\/graziamagazine.com\/es\/\"},{\"@type\":\"ListItem\",\"position\":2,\"name\":\"Ni\u00f1os y restaurantes, \u00bfuna pareja incompatible?\"}]},{\"@type\":\"WebSite\",\"@id\":\"https:\/\/graziamagazine.com\/es\/#website\",\"url\":\"https:\/\/graziamagazine.com\/es\/\",\"name\":\"Grazia\",\"description\":\"Moda, belleza, celebrities, estilo de vida...\",\"potentialAction\":[{\"@type\":\"SearchAction\",\"target\":{\"@type\":\"EntryPoint\",\"urlTemplate\":\"https:\/\/graziamagazine.com\/es\/?s={search_term_string}\"},\"query-input\":\"required name=search_term_string\"}],\"inLanguage\":\"es\"}]}<\/script>\n<!-- \/ Yoast SEO Premium plugin. -->","yoast_head_json":{"title":"Ni\u00f1os y restaurantes, \u00bfuna pareja incompatible? | Grazia","description":"\u00bfEs la ni\u00f1ofobia algo real en nuestra sociedad? \u00bfO, por el contrario, el problema es la falta de educaci\u00f3n? \u00bfC\u00f3mo engranamos el t\u00e1ndem ni\u00f1os y restaurantes?","robots":{"index":"index","follow":"follow","max-snippet":"max-snippet:-1","max-image-preview":"max-image-preview:large","max-video-preview":"max-video-preview:-1"},"canonical":"https:\/\/graziamagazine.com\/es\/articles\/ninos-y-restaurantes-ninofobia\/","og_locale":"es_ES","og_type":"article","og_title":"Ni\u00f1os y restaurantes, \u00bfuna pareja incompatible?","og_description":"\u00bfEs la ni\u00f1ofobia algo real en nuestra sociedad? \u00bfO, por el contrario, el problema pasa por la falta de educaci\u00f3n?","og_url":"https:\/\/graziamagazine.com\/es\/articles\/ninos-y-restaurantes-ninofobia\/","og_site_name":"Grazia","article_modified_time":"2016-06-10T13:13:05+00:00","og_image":[{"width":785,"height":480,"url":"https:\/\/graziamagazine.com\/es\/wp-content\/uploads\/sites\/12\/2016\/06\/10124413\/01-ni\u00f1os-y-restaurantes.jpg?fit=785%2C480","type":"image\/jpeg"}],"twitter_card":"summary_large_image","twitter_title":"Ni\u00f1os y restaurantes, \u00bfuna pareja incompatible?","twitter_description":"\u00bfEs la ni\u00f1ofobia algo real en nuestra sociedad? \u00bfO, por el contrario, el problema pasa por la falta de educaci\u00f3n?","twitter_image":"http:\/\/s3-eu-west-1.amazonaws.com\/grazia-cdn\/wp-content\/uploads\/sites\/12\/2016\/06\/10124413\/01-nios-y-restaurantes.jpg","twitter_misc":{"Est. reading time":"7 minutos"},"schema":{"@context":"https:\/\/schema.org","@graph":[{"@type":"WebPage","@id":"https:\/\/graziamagazine.com\/es\/articles\/ninos-y-restaurantes-ninofobia\/","url":"https:\/\/graziamagazine.com\/es\/articles\/ninos-y-restaurantes-ninofobia\/","name":"Ni\u00f1os y restaurantes, \u00bfuna pareja incompatible? | Grazia","isPartOf":{"@id":"https:\/\/graziamagazine.com\/es\/#website"},"datePublished":"2016-06-13T04:12:04+00:00","dateModified":"2016-06-10T13:13:05+00:00","description":"\u00bfEs la ni\u00f1ofobia algo real en nuestra sociedad? \u00bfO, por el contrario, el problema es la falta de educaci\u00f3n? \u00bfC\u00f3mo engranamos el t\u00e1ndem ni\u00f1os y restaurantes?","breadcrumb":{"@id":"https:\/\/graziamagazine.com\/es\/articles\/ninos-y-restaurantes-ninofobia\/#breadcrumb"},"inLanguage":"es","potentialAction":[{"@type":"ReadAction","target":["https:\/\/graziamagazine.com\/es\/articles\/ninos-y-restaurantes-ninofobia\/"]}]},{"@type":"BreadcrumbList","@id":"https:\/\/graziamagazine.com\/es\/articles\/ninos-y-restaurantes-ninofobia\/#breadcrumb","itemListElement":[{"@type":"ListItem","position":1,"name":"Portada","item":"https:\/\/graziamagazine.com\/es\/"},{"@type":"ListItem","position":2,"name":"Ni\u00f1os y restaurantes, \u00bfuna pareja incompatible?"}]},{"@type":"WebSite","@id":"https:\/\/graziamagazine.com\/es\/#website","url":"https:\/\/graziamagazine.com\/es\/","name":"Grazia","description":"Moda, belleza, celebrities, estilo de vida...","potentialAction":[{"@type":"SearchAction","target":{"@type":"EntryPoint","urlTemplate":"https:\/\/graziamagazine.com\/es\/?s={search_term_string}"},"query-input":"required name=search_term_string"}],"inLanguage":"es"}]}},"jetpack_sharing_enabled":true,"distributor_meta":false,"distributor_terms":false,"distributor_media":false,"distributor_original_site_name":"Grazia","distributor_original_site_url":"https:\/\/graziamagazine.com\/es","push-errors":false,"_links":{"self":[{"href":"https:\/\/graziamagazine.com\/es\/wp-json\/wp\/v2\/articles\/79278"}],"collection":[{"href":"https:\/\/graziamagazine.com\/es\/wp-json\/wp\/v2\/articles"}],"about":[{"href":"https:\/\/graziamagazine.com\/es\/wp-json\/wp\/v2\/types\/articles"}],"author":[{"embeddable":true,"href":"https:\/\/graziamagazine.com\/es\/wp-json\/wp\/v2\/users\/22777"}],"wp:attachment":[{"href":"https:\/\/graziamagazine.com\/es\/wp-json\/wp\/v2\/media?parent=79278"}],"wp:term":[{"taxonomy":"category","embeddable":true,"href":"https:\/\/graziamagazine.com\/es\/wp-json\/wp\/v2\/categories?post=79278"}],"curies":[{"name":"wp","href":"https:\/\/api.w.org\/{rel}","templated":true}]}}