{"id":78981,"date":"2016-06-03T12:28:16","date_gmt":"2016-06-03T10:28:16","guid":{"rendered":"https:\/\/graziamagazine.com\/es\/?p=78981"},"modified":"2016-06-03T12:28:16","modified_gmt":"2016-06-03T10:28:16","slug":"taylor-swift-calvin-harris-han-roto","status":"publish","type":"articles","link":"https:\/\/graziamagazine.com\/es\/articles\/taylor-swift-calvin-harris-han-roto\/","title":{"rendered":"9 veces en las que Taylor y Calvin fueron demasiado r\u00e1pido"},"content":{"rendered":"<p>Conste en acta, de primeras, que aqu\u00ed estamos muy tristes. S\u00ed, porque esta relaci\u00f3n nos hab\u00eda llegado especialmente al coraz\u00f3n: adoramos a Taylor, Calvin no nos ca\u00eda del todo mal y, en fin, llev\u00e1bamos mucho tiempo busc\u00e1ndole novio a Swift y -no os vamos a mentir- ya empez\u00e1bamos a desesperar. La cosa no fue del todo mal, duraron un a\u00f1o y (casi) tres meses,\u00a0y la cosa parec\u00eda tan seria que por poco nos preocupamos <a href=\"https:\/\/graziamagazine.com\/es\/lifestyle\/taylor-swift-y-otras-canciones-inspiradas-en-el-desamor\/\" target=\"_blank\">por el pr\u00f3ximo disco de la cantante<\/a>. Pero nada, que no, que a la chica le salen todos rana: <strong><a href=\"https:\/\/graziamagazine.com\/es\/etiqueta\/taylor-swift\/\" target=\"_blank\">Taylor Swift<\/a> y Calvin Harris han roto.<\/strong><\/p>\n<figure id=\"attachment_78985\" aria-describedby=\"caption-attachment-78985\" style=\"width: 785px\" class=\"wp-caption aligncenter\"><img loading=\"lazy\" decoding=\"async\" class=\"size-full wp-image-78985\" src=\"https:\/\/graziamagazine.com\/es\/wp-content\/uploads\/sites\/12\/2016\/06\/03110857\/cover1_talvin.jpg\" alt=\"\u00a9 Cordon Press\" width=\"785\" height=\"480\" \/><figcaption id=\"caption-attachment-78985\" class=\"wp-caption-text\">\u00a9 Cordon Press<\/figcaption><\/figure>\n<p>Los rumores saltaron a la luz a principios de semana, pero por aqu\u00ed nos hicimos las locas esperando que la cosa quedara solamente en eso. Ilusas nosotras: ayer, Calvin utiliz\u00f3 su perfil de <a href=\"https:\/\/twitter.com\/CalvinHarris\" target=\"_blank\" target=\"_blank\">Twitter<\/a> para anunciar que lo suyo con la de 1989\u00a0hab\u00eda terminado: <strong>\u00abLo \u00fanico que es verdad aqu\u00ed es que una relaci\u00f3n se ha acabado y lo que queda es un enorme amor y respeto\u00bb,<\/strong> escribi\u00f3, parti\u00e9ndonos a todos el corazoncito. Al parecer, seg\u00fan fuentes cercanas a la pareja, el Dj fue quien dio el paso al darse cuenta de que la magia y el romance inicial se hab\u00edan acabado: \u00abTodo sucedi\u00f3 la semana pasada. Taylor y Adam no tuvieron una gran pelea que acabara con todo; sencillamente, el amor y la magia ya no estaban ah\u00ed. Todo sucedi\u00f3 de forma muy madura. Taylor est\u00e1 bastante dolida, pero siguen en contacto\u00bb, comentan.<\/p>\n<p><img loading=\"lazy\" decoding=\"async\" class=\"aligncenter size-full wp-image-78990\" src=\"https:\/\/graziamagazine.com\/es\/wp-content\/uploads\/sites\/12\/2016\/06\/03120104\/2ok.gif\" alt=\"Taylor Swift y Calvin Harris han roto\" width=\"300\" height=\"166\" \/><\/p>\n<p>&nbsp;<\/p>\n<p>La cosa es que ahora, pens\u00e1ndolo en fr\u00edo, la verdad es que estos chicos han hecho m\u00e1s cosas en un a\u00f1o de relaci\u00f3n que servidora con su novio en siete.Y claro, <em>TayTay,<\/em> as\u00ed no se puede; pero no te preocupes, que no te va a volver a pasar. Para asegurarnos de ello, nos hemos <del>tomado la molestia<\/del> encargado de rescatar\u00a0las 9 veces en las que fuisteis demasiado r\u00e1pido:<\/p>\n<p><strong>1. Cuando compartisteis flotador de cisne gigante.<\/strong> En fin, chicos, estabais confirmando al mundo vuestra relaci\u00f3n y, una imagen tan id\u00edlica como esta, era empezar a lo grande.<\/p>\n<figure id=\"attachment_78991\" aria-describedby=\"caption-attachment-78991\" style=\"width: 718px\" class=\"wp-caption aligncenter\"><img loading=\"lazy\" decoding=\"async\" class=\"size-full wp-image-78991\" src=\"https:\/\/graziamagazine.com\/es\/wp-content\/uploads\/sites\/12\/2016\/06\/03120159\/Captura-de-pantalla-2016-06-03-a-las-10.49.43.png\" alt=\"\u00a9 Instagram\" width=\"718\" height=\"532\" \/><figcaption id=\"caption-attachment-78991\" class=\"wp-caption-text\">\u00a9 Instagram<\/figcaption><\/figure>\n<p><strong>2. <a href=\"https:\/\/graziamagazine.com\/es\/celebs\/taylor-swift-calvin-harris-pareja-mejor-pagada\/\" target=\"_blank\">Cuando fuisteis la pareja mejor pagada del mundo.<\/a><\/strong>\u00a0As\u00ed, de primeras, \u00a1compromiso! \u00a1A lo loco!<\/p>\n<p><img loading=\"lazy\" decoding=\"async\" class=\"aligncenter size-full wp-image-78992\" src=\"https:\/\/graziamagazine.com\/es\/wp-content\/uploads\/sites\/12\/2016\/06\/03120253\/5.gif\" alt=\"Taylor Swift y Calvin Harris han roto\" width=\"500\" height=\"281\" \/><\/p>\n<p>&nbsp;<\/p>\n<p><strong>3. Cuando Taylor invit\u00f3 a Calvin a una tarde de cocinillas con Karlie<\/strong>. \u00bfA qui\u00e9n se le ocurre meter tan pronto a tu chico en la relaci\u00f3n con tu mejor amiga? \u00bfA qui\u00e9n se le ocurre llevarle a hacer tartas sanas en ese contexto?<\/p>\n<figure id=\"attachment_78993\" aria-describedby=\"caption-attachment-78993\" style=\"width: 719px\" class=\"wp-caption aligncenter\"><img loading=\"lazy\" decoding=\"async\" class=\"size-full wp-image-78993\" src=\"https:\/\/graziamagazine.com\/es\/wp-content\/uploads\/sites\/12\/2016\/06\/03120353\/Captura-de-pantalla-2016-06-03-a-las-10.48.13.png\" alt=\"\u00a9 Instagram\" width=\"719\" height=\"718\" \/><figcaption id=\"caption-attachment-78993\" class=\"wp-caption-text\">\u00a9 Instagram<\/figcaption><\/figure>\n<p><strong>4. Cuando dejamos de verla salir de su casa en Nueva York<\/strong> y pasamos a verla en Los Angeles todo el rato. O sea, donde vive el escoc\u00e9s; o sea, \u00abme mudo para estar m\u00e1s cerca aunque todos sabemos lo feliz que soy yo en mi apartamento de TriBeCa\u00bb.<\/p>\n<p><img loading=\"lazy\" decoding=\"async\" class=\"aligncenter size-full wp-image-78994\" src=\"https:\/\/graziamagazine.com\/es\/wp-content\/uploads\/sites\/12\/2016\/06\/03120507\/3ok.gif\" alt=\"Taylor Swift y Calvin Harris han roto\" width=\"350\" height=\"190\" \/><\/p>\n<p>&nbsp;<\/p>\n<p><strong>5. Cuando hicisteis\u00a0cita de parejas con Gigi Hadid y Joe Jonas.<\/strong> En Londres. En un barco. Por el T\u00e1mesis. Dejando a Karlie, la pobre, de sujetavelas. Karlie, te queremos.<\/p>\n<figure id=\"attachment_78995\" aria-describedby=\"caption-attachment-78995\" style=\"width: 716px\" class=\"wp-caption aligncenter\"><img loading=\"lazy\" decoding=\"async\" class=\"size-full wp-image-78995\" src=\"https:\/\/graziamagazine.com\/es\/wp-content\/uploads\/sites\/12\/2016\/06\/03120541\/Captura-de-pantalla-2016-06-03-a-las-10.48.47.gif\" alt=\"\u00a9 Instagram\" width=\"716\" height=\"521\" \/><figcaption id=\"caption-attachment-78995\" class=\"wp-caption-text\">\u00a9 Instagram<\/figcaption><\/figure>\n<p><strong>6. Cuando, llevando un a\u00f1o, Taylor llev\u00f3 a su chico a casa a pasar la Navidad.<\/strong> Algo que el resto de mortales\u00a0no har\u00edamos hasta pasados los tres&#8230; \u00a1m\u00ednimo! \u00a1\u00bfA qui\u00e9n se le ocurre?!<\/p>\n<figure id=\"attachment_78996\" aria-describedby=\"caption-attachment-78996\" style=\"width: 571px\" class=\"wp-caption aligncenter\"><img loading=\"lazy\" decoding=\"async\" class=\"size-full wp-image-78996\" src=\"https:\/\/graziamagazine.com\/es\/wp-content\/uploads\/sites\/12\/2016\/06\/03120619\/Captura-de-pantalla-2016-06-03-a-las-10.46.01.png\" alt=\"\u00a9 Instagram\" width=\"571\" height=\"716\" \/><figcaption id=\"caption-attachment-78996\" class=\"wp-caption-text\">\u00a9 Instagram<\/figcaption><\/figure>\n<p><strong>7. <a href=\"https:\/\/graziamagazine.com\/es\/celebs\/las-vacaciones-de-taylor-swift-y-calvin-harris\/\" target=\"_blank\">Cuando os fuisteis de vacaciones juntos<\/a> <\/strong>y compartisteis doscientas fotos muy de \u00abaqu\u00ed, sufriendo\u00bb.<\/p>\n<figure id=\"attachment_78997\" aria-describedby=\"caption-attachment-78997\" style=\"width: 861px\" class=\"wp-caption aligncenter\"><img loading=\"lazy\" decoding=\"async\" class=\"size-full wp-image-78997\" src=\"https:\/\/graziamagazine.com\/es\/wp-content\/uploads\/sites\/12\/2016\/06\/03120711\/Captura-de-pantalla-2016-06-03-a-las-10.41.18.png\" alt=\"\u00a9 Instagram\" width=\"861\" height=\"643\" \/><figcaption id=\"caption-attachment-78997\" class=\"wp-caption-text\">\u00a9 Instagram<\/figcaption><\/figure>\n<p><strong>8. Cuando escribisteis vuestras iniciales en la arena<\/strong> y lo subisteis a Instagram.<\/p>\n<figure id=\"attachment_78998\" aria-describedby=\"caption-attachment-78998\" style=\"width: 717px\" class=\"wp-caption aligncenter\"><img loading=\"lazy\" decoding=\"async\" class=\"size-full wp-image-78998\" src=\"https:\/\/graziamagazine.com\/es\/wp-content\/uploads\/sites\/12\/2016\/06\/03120745\/Captura-de-pantalla-2016-06-03-a-las-10.41.02.png\" alt=\"\u00a9 Instagram\" width=\"717\" height=\"716\" \/><figcaption id=\"caption-attachment-78998\" class=\"wp-caption-text\">\u00a9 Instagram<\/figcaption><\/figure>\n<p><strong>9. Cuando Calvin le regal\u00f3 a Taylor un relicario por su a\u00f1o de noviazgo<\/strong> porque seguro que no hab\u00eda nada mejor ni m\u00e1s bonito en la tienda de segunda mano.<\/p>\n<p><img loading=\"lazy\" decoding=\"async\" class=\"aligncenter size-full wp-image-78999\" src=\"https:\/\/graziamagazine.com\/es\/wp-content\/uploads\/sites\/12\/2016\/06\/03121458\/7.gif\" alt=\"Taylor Swift y Calvin Harris han roto\" width=\"245\" height=\"150\" \/><\/p>\n<p>&nbsp;<\/p>\n<p><iframe loading=\"lazy\" style=\"border: none; overflow: hidden; height: 258px;\" src=\"\/\/www.facebook.com\/plugins\/likebox.php?href=https%3A%2F%2Fwww.facebook.com%2Fgraziaespana&amp;width&amp;height=258&amp;colorscheme=light&amp;show_faces=true&amp;header=false&amp;stream=false&amp;show_border=false&amp;appId=349017955267591\" width=\"300\" height=\"150\" frameborder=\"0\" scrolling=\"no\"><\/iframe><\/p>\n","protected":false},"author":24470,"featured_media":0,"template":"","format":"standard","categories":[14,13],"acf":[],"yoast_head":"<!-- This site is optimized with the Yoast SEO Premium plugin v18.5 (Yoast SEO v20.4) - https:\/\/yoast.com\/wordpress\/plugins\/seo\/ -->\n<title>9 veces en las que Taylor y Calvin fueron demasiado r\u00e1pido<\/title>\n<meta name=\"description\" content=\"Nadie nos ha pedido opini\u00f3n, pero as\u00ed somos nosotras, muy de meter las narices donde no nos llaman. Porque las cosas de palacio van despacio pero...\" \/>\n<meta name=\"robots\" content=\"index, follow, max-snippet:-1, max-image-preview:large, max-video-preview:-1\" \/>\n<link rel=\"canonical\" href=\"https:\/\/graziamagazine.com\/es\/articles\/taylor-swift-calvin-harris-han-roto\/\" \/>\n<meta property=\"og:locale\" content=\"es_ES\" \/>\n<meta property=\"og:type\" content=\"article\" \/>\n<meta property=\"og:title\" content=\"9 veces en las que Taylor y Calvin fueron demasiado r\u00e1pido\" \/>\n<meta property=\"og:description\" content=\"Nadie nos ha pedido opini\u00f3n, pero as\u00ed somos nosotras, muy de meter las narices donde no nos llaman. Porque las cosas de palacio van despacio pero, \u00a1ay! las cosas de la far\u00e1ndula, todo lo contrario...\" \/>\n<meta property=\"og:url\" content=\"https:\/\/graziamagazine.com\/es\/articles\/taylor-swift-calvin-harris-han-roto\/\" \/>\n<meta property=\"og:site_name\" content=\"Grazia\" \/>\n<meta property=\"og:image\" content=\"https:\/\/graziamagazine.com\/es\/wp-content\/uploads\/sites\/12\/2016\/06\/03110857\/cover1_talvin.jpg?fit=785%2C480\" \/>\n\t<meta property=\"og:image:width\" content=\"785\" \/>\n\t<meta property=\"og:image:height\" content=\"480\" \/>\n\t<meta property=\"og:image:type\" content=\"image\/jpeg\" \/>\n<meta name=\"twitter:card\" content=\"summary_large_image\" \/>\n<meta name=\"twitter:title\" content=\"9 veces en las que Taylor y Calvin fueron demasiado r\u00e1pido\" \/>\n<meta name=\"twitter:description\" content=\"Nadie nos ha pedido opini\u00f3n, pero as\u00ed somos nosotras, muy de meter las narices donde no nos llaman. Porque las cosas de palacio van despacio pero, \u00a1ay! las cosas de la far\u00e1ndula, todo lo contrario...\" \/>\n<meta name=\"twitter:image\" content=\"http:\/\/s3-eu-west-1.amazonaws.com\/grazia-cdn\/wp-content\/uploads\/sites\/12\/2016\/06\/03110857\/cover1_talvin.jpg\" \/>\n<meta name=\"twitter:label1\" content=\"Est. reading time\" \/>\n\t<meta name=\"twitter:data1\" content=\"3 minutos\" \/>\n<script type=\"application\/ld+json\" class=\"yoast-schema-graph\">{\"@context\":\"https:\/\/schema.org\",\"@graph\":[{\"@type\":\"WebPage\",\"@id\":\"https:\/\/graziamagazine.com\/es\/articles\/taylor-swift-calvin-harris-han-roto\/\",\"url\":\"https:\/\/graziamagazine.com\/es\/articles\/taylor-swift-calvin-harris-han-roto\/\",\"name\":\"9 veces en las que Taylor y Calvin fueron demasiado r\u00e1pido\",\"isPartOf\":{\"@id\":\"https:\/\/graziamagazine.com\/es\/#website\"},\"datePublished\":\"2016-06-03T10:28:16+00:00\",\"dateModified\":\"2016-06-03T10:28:16+00:00\",\"description\":\"Nadie nos ha pedido opini\u00f3n, pero as\u00ed somos nosotras, muy de meter las narices donde no nos llaman. Porque las cosas de palacio van despacio pero...\",\"breadcrumb\":{\"@id\":\"https:\/\/graziamagazine.com\/es\/articles\/taylor-swift-calvin-harris-han-roto\/#breadcrumb\"},\"inLanguage\":\"es\",\"potentialAction\":[{\"@type\":\"ReadAction\",\"target\":[\"https:\/\/graziamagazine.com\/es\/articles\/taylor-swift-calvin-harris-han-roto\/\"]}]},{\"@type\":\"BreadcrumbList\",\"@id\":\"https:\/\/graziamagazine.com\/es\/articles\/taylor-swift-calvin-harris-han-roto\/#breadcrumb\",\"itemListElement\":[{\"@type\":\"ListItem\",\"position\":1,\"name\":\"Portada\",\"item\":\"https:\/\/graziamagazine.com\/es\/\"},{\"@type\":\"ListItem\",\"position\":2,\"name\":\"9 veces en las que Taylor y Calvin fueron demasiado r\u00e1pido\"}]},{\"@type\":\"WebSite\",\"@id\":\"https:\/\/graziamagazine.com\/es\/#website\",\"url\":\"https:\/\/graziamagazine.com\/es\/\",\"name\":\"Grazia\",\"description\":\"Moda, belleza, celebrities, estilo de vida...\",\"potentialAction\":[{\"@type\":\"SearchAction\",\"target\":{\"@type\":\"EntryPoint\",\"urlTemplate\":\"https:\/\/graziamagazine.com\/es\/?s={search_term_string}\"},\"query-input\":\"required name=search_term_string\"}],\"inLanguage\":\"es\"}]}<\/script>\n<!-- \/ Yoast SEO Premium plugin. -->","yoast_head_json":{"title":"9 veces en las que Taylor y Calvin fueron demasiado r\u00e1pido","description":"Nadie nos ha pedido opini\u00f3n, pero as\u00ed somos nosotras, muy de meter las narices donde no nos llaman. Porque las cosas de palacio van despacio pero...","robots":{"index":"index","follow":"follow","max-snippet":"max-snippet:-1","max-image-preview":"max-image-preview:large","max-video-preview":"max-video-preview:-1"},"canonical":"https:\/\/graziamagazine.com\/es\/articles\/taylor-swift-calvin-harris-han-roto\/","og_locale":"es_ES","og_type":"article","og_title":"9 veces en las que Taylor y Calvin fueron demasiado r\u00e1pido","og_description":"Nadie nos ha pedido opini\u00f3n, pero as\u00ed somos nosotras, muy de meter las narices donde no nos llaman. Porque las cosas de palacio van despacio pero, \u00a1ay! las cosas de la far\u00e1ndula, todo lo contrario...","og_url":"https:\/\/graziamagazine.com\/es\/articles\/taylor-swift-calvin-harris-han-roto\/","og_site_name":"Grazia","og_image":[{"width":785,"height":480,"url":"https:\/\/graziamagazine.com\/es\/wp-content\/uploads\/sites\/12\/2016\/06\/03110857\/cover1_talvin.jpg?fit=785%2C480","type":"image\/jpeg"}],"twitter_card":"summary_large_image","twitter_title":"9 veces en las que Taylor y Calvin fueron demasiado r\u00e1pido","twitter_description":"Nadie nos ha pedido opini\u00f3n, pero as\u00ed somos nosotras, muy de meter las narices donde no nos llaman. Porque las cosas de palacio van despacio pero, \u00a1ay! las cosas de la far\u00e1ndula, todo lo contrario...","twitter_image":"http:\/\/s3-eu-west-1.amazonaws.com\/grazia-cdn\/wp-content\/uploads\/sites\/12\/2016\/06\/03110857\/cover1_talvin.jpg","twitter_misc":{"Est. reading time":"3 minutos"},"schema":{"@context":"https:\/\/schema.org","@graph":[{"@type":"WebPage","@id":"https:\/\/graziamagazine.com\/es\/articles\/taylor-swift-calvin-harris-han-roto\/","url":"https:\/\/graziamagazine.com\/es\/articles\/taylor-swift-calvin-harris-han-roto\/","name":"9 veces en las que Taylor y Calvin fueron demasiado r\u00e1pido","isPartOf":{"@id":"https:\/\/graziamagazine.com\/es\/#website"},"datePublished":"2016-06-03T10:28:16+00:00","dateModified":"2016-06-03T10:28:16+00:00","description":"Nadie nos ha pedido opini\u00f3n, pero as\u00ed somos nosotras, muy de meter las narices donde no nos llaman. Porque las cosas de palacio van despacio pero...","breadcrumb":{"@id":"https:\/\/graziamagazine.com\/es\/articles\/taylor-swift-calvin-harris-han-roto\/#breadcrumb"},"inLanguage":"es","potentialAction":[{"@type":"ReadAction","target":["https:\/\/graziamagazine.com\/es\/articles\/taylor-swift-calvin-harris-han-roto\/"]}]},{"@type":"BreadcrumbList","@id":"https:\/\/graziamagazine.com\/es\/articles\/taylor-swift-calvin-harris-han-roto\/#breadcrumb","itemListElement":[{"@type":"ListItem","position":1,"name":"Portada","item":"https:\/\/graziamagazine.com\/es\/"},{"@type":"ListItem","position":2,"name":"9 veces en las que Taylor y Calvin fueron demasiado r\u00e1pido"}]},{"@type":"WebSite","@id":"https:\/\/graziamagazine.com\/es\/#website","url":"https:\/\/graziamagazine.com\/es\/","name":"Grazia","description":"Moda, belleza, celebrities, estilo de vida...","potentialAction":[{"@type":"SearchAction","target":{"@type":"EntryPoint","urlTemplate":"https:\/\/graziamagazine.com\/es\/?s={search_term_string}"},"query-input":"required name=search_term_string"}],"inLanguage":"es"}]}},"jetpack_sharing_enabled":true,"distributor_meta":false,"distributor_terms":false,"distributor_media":false,"distributor_original_site_name":"Grazia","distributor_original_site_url":"https:\/\/graziamagazine.com\/es","push-errors":false,"_links":{"self":[{"href":"https:\/\/graziamagazine.com\/es\/wp-json\/wp\/v2\/articles\/78981"}],"collection":[{"href":"https:\/\/graziamagazine.com\/es\/wp-json\/wp\/v2\/articles"}],"about":[{"href":"https:\/\/graziamagazine.com\/es\/wp-json\/wp\/v2\/types\/articles"}],"author":[{"embeddable":true,"href":"https:\/\/graziamagazine.com\/es\/wp-json\/wp\/v2\/users\/24470"}],"wp:attachment":[{"href":"https:\/\/graziamagazine.com\/es\/wp-json\/wp\/v2\/media?parent=78981"}],"wp:term":[{"taxonomy":"category","embeddable":true,"href":"https:\/\/graziamagazine.com\/es\/wp-json\/wp\/v2\/categories?post=78981"}],"curies":[{"name":"wp","href":"https:\/\/api.w.org\/{rel}","templated":true}]}}