{"id":78886,"date":"2016-06-03T06:23:27","date_gmt":"2016-06-03T04:23:27","guid":{"rendered":"https:\/\/graziamagazine.com\/es\/?p=78886"},"modified":"2017-10-31T18:41:24","modified_gmt":"2017-10-31T17:41:24","slug":"beauty-yoga-aliado-belleza","status":"publish","type":"articles","link":"https:\/\/graziamagazine.com\/es\/articles\/beauty-yoga-aliado-belleza\/","title":{"rendered":"Beauty yoga: las que hacen yoga est\u00e1n m\u00e1s guapas"},"content":{"rendered":"<p>\u00bfEs posible estar m\u00e1s guapas gracias al yoga? \u00a1S\u00ed! Porque el bienestar interior que sentimos al practicarlo se refleja autom\u00e1ticamente en nuestro exterior, ayud\u00e1ndonos a sentirnos m\u00e1s conscientes, sanas, felices y luminosas. Y eso se traduce en mostrarnos mucho m\u00e1s bellas. <strong>Mercedes de la Rosa, una de las creadoras de <a href=\"http:\/\/www.freeyoga.es\" target=\"_blank\" target=\"_blank\"><em>Freeyoga Project<\/em><\/a><\/strong> y encargada de impartir la multitudinaria clase que se celebra <strong>el pr\u00f3ximo 4 de junio en la Plaza Mayor de Madrid<\/strong>, nos da <strong>siete claves para que este ejercicio se convierta en un ritual de belleza cotidiano:<\/strong><\/p>\n<figure id=\"attachment_78891\" aria-describedby=\"caption-attachment-78891\" style=\"width: 550px\" class=\"wp-caption aligncenter\"><img loading=\"lazy\" decoding=\"async\" class=\"size-full wp-image-78891\" src=\"https:\/\/graziamagazine.com\/es\/wp-content\/uploads\/sites\/12\/2016\/06\/3_yogi.jpg\" alt=\"\u00a9 Instagram @aerialtheyogi\" width=\"550\" height=\"550\" srcset=\"https:\/\/graziamagazine.com\/es\/wp-content\/uploads\/sites\/12\/2016\/06\/3_yogi.jpg 550w, https:\/\/graziamagazine.com\/es\/wp-content\/uploads\/sites\/12\/2016\/06\/3_yogi-150x150.jpg 150w, https:\/\/graziamagazine.com\/es\/wp-content\/uploads\/sites\/12\/2016\/06\/3_yogi-300x300.jpg 300w, https:\/\/graziamagazine.com\/es\/wp-content\/uploads\/sites\/12\/2016\/06\/3_yogi-360x360.jpg 360w\" sizes=\"(max-width: 550px) 100vw, 550px\" \/><figcaption id=\"caption-attachment-78891\" class=\"wp-caption-text\">\u00a9 Instagram @aerialtheyogi<\/figcaption><\/figure>\n<p><span style=\"text-decoration: underline;\"><b>1.\u00bfQu\u00e9 beneficios tiene para la belleza practicar yoga?<\/b><\/span><\/p>\n<p>A trav\u00e9s de las secuencias de posturas f\u00edsicas y de la atenci\u00f3n hacia la respiraci\u00f3n, oxigenamos, revitalizamos y regeneramos todo el organismo a nivel celular haci\u00e9ndolo m\u00e1s fuerte y resistente a las agresiones externas e internas. Una pr\u00e1ctica continuada de yoga fomenta la segregaci\u00f3n de endorfinas (hormona de la felicidad), lo que provoca la disminuci\u00f3n autom\u00e1tica de los niveles de estr\u00e9s y facilita que nos sintamos m\u00e1s felices y relajados, haciendo desparecer cualquier rictus de tensi\u00f3n en nuestra cara \u2013entrecejo, mand\u00edbula, alrededor de los ojos\u2013 e impulsando la desaparici\u00f3n de arrugas y una mayor luminosidad en nuestro rostro.<\/p>\n<p><span style=\"text-decoration: underline;\"><b>2. \u00bfC\u00f3mo act\u00faa a nivel celular?<\/b><\/span><\/p>\n<p>Mediante una respiraci\u00f3n consciente y completa, el yoga proporciona ox\u00edgeno suficiente para el funcionamiento correcto y eficiente de todas las c\u00e9lulas del cuerpo.\u00a0 A modo de ejemplo, sin suficiente ox\u00edgeno, las c\u00e9lulas no pueden metabolizar los alimentos adecuadamente. Los nutrientes, incluyendo las vitaminas y minerales, se desperdician. Una pr\u00e1ctica regular de yoga activa todos los sistemas \u2013circulatorio, inmunol\u00f3gico, digestivo, etc\u2013 lo que permite depurar nuestro organismo y eliminar todo lo que no necesita, fomentando el brillo tanto de nuestra piel como de nuestro cabello.<\/p>\n<figure id=\"attachment_78892\" aria-describedby=\"caption-attachment-78892\" style=\"width: 785px\" class=\"wp-caption aligncenter\"><img loading=\"lazy\" decoding=\"async\" class=\"size-full wp-image-78892\" src=\"https:\/\/graziamagazine.com\/es\/wp-content\/uploads\/sites\/12\/2016\/06\/2_yogi.jpg\" alt=\"\u00a9 Victoria's Secret Sport\" width=\"785\" height=\"480\" srcset=\"https:\/\/graziamagazine.com\/es\/wp-content\/uploads\/sites\/12\/2016\/06\/2_yogi.jpg 785w, https:\/\/graziamagazine.com\/es\/wp-content\/uploads\/sites\/12\/2016\/06\/2_yogi-300x183.jpg 300w, https:\/\/graziamagazine.com\/es\/wp-content\/uploads\/sites\/12\/2016\/06\/2_yogi-768x470.jpg 768w, https:\/\/graziamagazine.com\/es\/wp-content\/uploads\/sites\/12\/2016\/06\/2_yogi-695x425.jpg 695w, https:\/\/graziamagazine.com\/es\/wp-content\/uploads\/sites\/12\/2016\/06\/2_yogi-720x440.jpg 720w, https:\/\/graziamagazine.com\/es\/wp-content\/uploads\/sites\/12\/2016\/06\/2_yogi-626x383.jpg 626w, https:\/\/graziamagazine.com\/es\/wp-content\/uploads\/sites\/12\/2016\/06\/2_yogi-360x220.jpg 360w\" sizes=\"(max-width: 785px) 100vw, 785px\" \/><figcaption id=\"caption-attachment-78892\" class=\"wp-caption-text\">\u00a9 Victoria&#8217;s Secret Sport<\/figcaption><\/figure>\n<p><span style=\"text-decoration: underline;\"><b>3. \u00bfFavorece el adelgazamiento y la tonificaci\u00f3n de los m\u00fasculos?<\/b><\/span><\/p>\n<p>La pr\u00e1ctica del yoga fomenta la oxigenaci\u00f3n de los m\u00fasculos del cuerpo al mismo tiempo que los tonifica y esculpe de manera natural puesto que \u00fanicamente se utiliza el peso del propio cuerpo. Adem\u00e1s, aparte de ponernos en forma f\u00edsicamente, disminuye mucho los niveles de ansiedad que son, muchas veces, los que nos impulsan a comer de forma compulsiva. Una pr\u00e1ctica continuada de yoga nos ense\u00f1a a escucharnos para entender qu\u00e9 es lo que nos hace sentir bien en todos los aspectos, incluida nuestra alimentaci\u00f3n. Por lo tanto, s\u00ed, ayuda a adelgazar pero de manera natural y como consecuencia de nuestro propio autoconocimiento y bienestar.<\/p>\n<figure id=\"attachment_78900\" aria-describedby=\"caption-attachment-78900\" style=\"width: 550px\" class=\"wp-caption aligncenter\"><img loading=\"lazy\" decoding=\"async\" class=\"size-full wp-image-78900\" src=\"https:\/\/graziamagazine.com\/es\/wp-content\/uploads\/sites\/12\/2016\/06\/5_yogi.jpg\" alt=\"\u00a9 Instagram @beachyogagirl\" width=\"550\" height=\"550\" srcset=\"https:\/\/graziamagazine.com\/es\/wp-content\/uploads\/sites\/12\/2016\/06\/5_yogi.jpg 550w, https:\/\/graziamagazine.com\/es\/wp-content\/uploads\/sites\/12\/2016\/06\/5_yogi-150x150.jpg 150w, https:\/\/graziamagazine.com\/es\/wp-content\/uploads\/sites\/12\/2016\/06\/5_yogi-300x300.jpg 300w, https:\/\/graziamagazine.com\/es\/wp-content\/uploads\/sites\/12\/2016\/06\/5_yogi-360x360.jpg 360w\" sizes=\"(max-width: 550px) 100vw, 550px\" \/><figcaption id=\"caption-attachment-78900\" class=\"wp-caption-text\">\u00a9 Instagram @beachyogagirl<\/figcaption><\/figure>\n<p><span style=\"text-decoration: underline;\"><b>4. El yoga equilibra la mente. \u00bfC\u00f3mo repercute esto en nuestra apariencia f\u00edsica?<\/b><\/span><\/p>\n<p>Respirar es el acto que nos permite oxigenarnos y llenarnos de vida. Si lo hacemos de manera limitada, as\u00ed es como nos sentiremos f\u00edsica, mental y an\u00edmicamente, y eso se traducir\u00e1 en nuestro aspecto externo. Una respiraci\u00f3n consciente y profunda permite el buen funcionamiento de \u00f3rganos, gl\u00e1ndulas, sistemas y cerebro. Vivimos a un ritmo acelerado; con prisa y deprisa, y as\u00ed respiramos. Utilizamos \u00fanicamente un tercio de nuestra capacidad y lo hacemos de manera inconsciente. Este automatismo, junto a la escasez de ox\u00edgeno, tienen efectos negativos tanto en las c\u00e9lulas, como el organismo, la mente y el \u00e1nimo. A trav\u00e9s de una respiraci\u00f3n consciente, mejora la fuerza f\u00edsica, la resistencia contra enfermedades y cansancio, los estados de \u00e1nimo deca\u00eddos, as\u00ed como las mentes dispersas y aceleradas. Y todo esto se refleja en nuestro exterior.<\/p>\n<p><span style=\"text-decoration: underline;\"><b>5. Practicar yoga nos ancla en el presente. \u00bfEso es positivo en clave <i>beauty?<\/i>\u00a0<\/b><\/span><\/p>\n<p>\u00a1Desde luego! Cuando vivimos agitados, tensos, crispados o sentimos miedo, generalmente es porque vamos oscilando entre la nostalgia del pasado y la incertidumbre del futuro, algo que \u00fanicamente existe en nuestra mente. Si hacemos una prueba, en cualquiera de esos estados, seguramente nuestra respiraci\u00f3n sea entrecortada y poco profunda. Si, por el contrario, tratamos de vivir en el presente al cien por cien, nos encontraremos m\u00e1s serenos y enraizados, y probablemente nuestra respiraci\u00f3n sea m\u00e1s sosegada y profunda. Eso se traduce en c\u00f3mo nos relacionamos, lo que transmitimos, en c\u00f3mo somos y vivimos.<\/p>\n<figure id=\"attachment_78893\" aria-describedby=\"caption-attachment-78893\" style=\"width: 785px\" class=\"wp-caption aligncenter\"><img loading=\"lazy\" decoding=\"async\" class=\"size-full wp-image-78893\" src=\"https:\/\/graziamagazine.com\/es\/wp-content\/uploads\/sites\/12\/2016\/06\/1_yogi.jpg\" alt=\"\u00a9 Instagram @sjanaelise\" width=\"785\" height=\"480\" srcset=\"https:\/\/graziamagazine.com\/es\/wp-content\/uploads\/sites\/12\/2016\/06\/1_yogi.jpg 785w, https:\/\/graziamagazine.com\/es\/wp-content\/uploads\/sites\/12\/2016\/06\/1_yogi-300x183.jpg 300w, https:\/\/graziamagazine.com\/es\/wp-content\/uploads\/sites\/12\/2016\/06\/1_yogi-768x470.jpg 768w, https:\/\/graziamagazine.com\/es\/wp-content\/uploads\/sites\/12\/2016\/06\/1_yogi-695x425.jpg 695w, https:\/\/graziamagazine.com\/es\/wp-content\/uploads\/sites\/12\/2016\/06\/1_yogi-720x440.jpg 720w, https:\/\/graziamagazine.com\/es\/wp-content\/uploads\/sites\/12\/2016\/06\/1_yogi-626x383.jpg 626w, https:\/\/graziamagazine.com\/es\/wp-content\/uploads\/sites\/12\/2016\/06\/1_yogi-360x220.jpg 360w\" sizes=\"(max-width: 785px) 100vw, 785px\" \/><figcaption id=\"caption-attachment-78893\" class=\"wp-caption-text\">\u00a9 Instagram @sjanaelise<\/figcaption><\/figure>\n<p><span style=\"text-decoration: underline;\"><b>6. \u00bfC\u00f3mo ser\u00eda la sesi\u00f3n de yoga <i>antiaging<\/i> perfecta?<\/b><\/span><\/p>\n<p>La sesi\u00f3n de yoga <i>antiaging<\/i> perfecta ser\u00eda cualquiera que incluyera posturas f\u00edsicas que activaran la circulaci\u00f3n sangu\u00ednea, tonificaran los m\u00fasculos y ayudaran a eliminar toxinas, todo esto acompa\u00f1ado de una respiraci\u00f3n profunda y consciente. Precisamente, este \u00faltimo punto es el que diferencia el yoga de cualquier gimnasia o t\u00e9cnica. Es a trav\u00e9s de la respiraci\u00f3n que se consigue la oxigenaci\u00f3n de las c\u00e9lulas y serenar la mente. En cuanto al escenario ideal, puede ser cualquier lugar. Es verdad que, si se puede practicar de vez en cuando en lugares donde el aire sea puro y estemos rodeados de naturaleza, es un aut\u00e9ntico lujo, pero nuestra habitaci\u00f3n, estudio de yoga o lugar de trabajo tambi\u00e9n son excelentes lugares para hacerlo.<\/p>\n<p><span style=\"text-decoration: underline;\"><b>7. \u00bfQu\u00e9 posturas concretas podr\u00edan (casi) sustituir a una crema?<\/b><\/span><\/p>\n<p>Existen infinidad de posturas que ayudan a conseguir todos los beneficios de la pr\u00e1ctica de yoga que nos ayudar\u00e1n a ser m\u00e1s bellas; entre ellas, recomendar\u00eda estas:<\/p>\n<p><b><i>Gato\/Vaca:<\/i><\/b> Col\u00f3cate a gatas, con las manos debajo de los hombros y las rodillas debajo de las caderas. Al inhalar, abre el pecho y mira hacia el entrecejo, al exhalar, empuja el suelo con las manos y relaja el cuello, llevando la mirada hacia el ombligo. Repite cada postura diez veces llevando la atenci\u00f3n a tu respiraci\u00f3n.<\/p>\n<figure id=\"attachment_78898\" aria-describedby=\"caption-attachment-78898\" style=\"width: 320px\" class=\"wp-caption aligncenter\"><img loading=\"lazy\" decoding=\"async\" class=\"size-full wp-image-78898\" src=\"https:\/\/graziamagazine.com\/es\/wp-content\/uploads\/sites\/12\/2016\/06\/Yoga_GATO.gif\" alt=\"Al inhalar, abre el pecho; al exhalar, redondea la espalda.\" width=\"320\" height=\"212\" \/><figcaption id=\"caption-attachment-78898\" class=\"wp-caption-text\">En cuatro apoyos, al inhalar, abre el pecho; al exhalar, redondea la espalda. Hazlo a un ritmo relajado.<\/figcaption><\/figure>\n<p><b><i>El perro boca abajo:<\/i><\/b> a gatas, con las rodillas debajo de las caderas y las manos debajo de los hombros, eleva las rodillas y lleva poco a poco los isquiones y nalgas hacia el techo. Empuja desde las manos, alejando los hombros de las orejas, estirando la espalda. Puedes mantener las rodillas ligeramente dobladas o estirarlas. Lleva todo el peso de tu cuerpo hacia los talones, tratando de que estos toquen el suelo. Relaja la cabeza y abre los hombros. Mant\u00e9n 10 respiraciones largas y profundas. Para salir de la postura, vuelve a apoyar las rodillas en el suelo con una exhalaci\u00f3n.<\/p>\n<figure id=\"attachment_78890\" aria-describedby=\"caption-attachment-78890\" style=\"width: 785px\" class=\"wp-caption aligncenter\"><img loading=\"lazy\" decoding=\"async\" class=\"size-full wp-image-78890\" src=\"https:\/\/graziamagazine.com\/es\/wp-content\/uploads\/sites\/12\/2016\/06\/4_yogi.jpg\" alt=\"El perro boca abajo., por \u00a9 Cortes\u00eda de Free Yoga\" width=\"785\" height=\"480\" srcset=\"https:\/\/graziamagazine.com\/es\/wp-content\/uploads\/sites\/12\/2016\/06\/4_yogi.jpg 785w, https:\/\/graziamagazine.com\/es\/wp-content\/uploads\/sites\/12\/2016\/06\/4_yogi-300x183.jpg 300w, https:\/\/graziamagazine.com\/es\/wp-content\/uploads\/sites\/12\/2016\/06\/4_yogi-768x470.jpg 768w, https:\/\/graziamagazine.com\/es\/wp-content\/uploads\/sites\/12\/2016\/06\/4_yogi-695x425.jpg 695w, https:\/\/graziamagazine.com\/es\/wp-content\/uploads\/sites\/12\/2016\/06\/4_yogi-720x440.jpg 720w, https:\/\/graziamagazine.com\/es\/wp-content\/uploads\/sites\/12\/2016\/06\/4_yogi-626x383.jpg 626w, https:\/\/graziamagazine.com\/es\/wp-content\/uploads\/sites\/12\/2016\/06\/4_yogi-360x220.jpg 360w\" sizes=\"(max-width: 785px) 100vw, 785px\" \/><figcaption id=\"caption-attachment-78890\" class=\"wp-caption-text\">El perro boca abajo, perfecta postura de (<em>beauty<\/em>) yoga. \u00a9 Cortes\u00eda de Freeyoga<\/figcaption><\/figure>\n<blockquote><p>El pr\u00f3ximo s\u00e1bado 4 de junio la Plaza Mayor de Madrid se llenar\u00e1 de yoguis gracias a Freeyoga. \u00a1Ap\u00fantate <a href=\"http:\/\/www.freeyoga.es\/madrid\" target=\"_blank\" target=\"_blank\">aqu\u00ed<\/a>!<\/p><\/blockquote>\n<figure id=\"attachment_78901\" aria-describedby=\"caption-attachment-78901\" style=\"width: 785px\" class=\"wp-caption aligncenter\"><img loading=\"lazy\" decoding=\"async\" class=\"size-full wp-image-78901\" src=\"https:\/\/graziamagazine.com\/es\/wp-content\/uploads\/sites\/12\/2016\/06\/6_yogi.jpg\" alt=\"\u00a9 Cortes\u00eda de Freeyoga\" width=\"785\" height=\"480\" srcset=\"https:\/\/graziamagazine.com\/es\/wp-content\/uploads\/sites\/12\/2016\/06\/6_yogi.jpg 785w, https:\/\/graziamagazine.com\/es\/wp-content\/uploads\/sites\/12\/2016\/06\/6_yogi-300x183.jpg 300w, https:\/\/graziamagazine.com\/es\/wp-content\/uploads\/sites\/12\/2016\/06\/6_yogi-768x470.jpg 768w, https:\/\/graziamagazine.com\/es\/wp-content\/uploads\/sites\/12\/2016\/06\/6_yogi-695x425.jpg 695w, https:\/\/graziamagazine.com\/es\/wp-content\/uploads\/sites\/12\/2016\/06\/6_yogi-720x440.jpg 720w, https:\/\/graziamagazine.com\/es\/wp-content\/uploads\/sites\/12\/2016\/06\/6_yogi-626x383.jpg 626w, https:\/\/graziamagazine.com\/es\/wp-content\/uploads\/sites\/12\/2016\/06\/6_yogi-360x220.jpg 360w\" sizes=\"(max-width: 785px) 100vw, 785px\" \/><figcaption id=\"caption-attachment-78901\" class=\"wp-caption-text\">\u00a9 Cortes\u00eda de Freeyoga<\/figcaption><\/figure>\n<p><iframe loading=\"lazy\" style=\"border: none; overflow: hidden; height: 258px;\" src=\"\/\/www.facebook.com\/plugins\/likebox.php?href=https%3A%2F%2Fwww.facebook.com%2Fgraziaespana&amp;width&amp;height=258&amp;colorscheme=light&amp;show_faces=true&amp;header=false&amp;stream=false&amp;show_border=false&amp;appId=349017955267591\" width=\"300\" height=\"150\" frameborder=\"0\" scrolling=\"no\"><\/iframe><\/p>\n","protected":false},"author":22361,"featured_media":0,"template":"","format":"standard","categories":[7,11],"acf":[],"yoast_head":"<!-- This site is optimized with the Yoast SEO Premium plugin v18.5 (Yoast SEO v20.4) - https:\/\/yoast.com\/wordpress\/plugins\/seo\/ -->\n<title>Yoga, nueva rutina para estar m\u00e1s guapa | Grazia<\/title>\n<meta name=\"description\" content=\"El yoga sirve para equilibrar cuerpo y mente, para desconectar del mundanal ruido y relajarte. Pero tambi\u00e9n es un aliado perfecto de tu rutina de belleza.\" \/>\n<meta name=\"robots\" content=\"index, follow, max-snippet:-1, max-image-preview:large, max-video-preview:-1\" \/>\n<link rel=\"canonical\" href=\"https:\/\/graziamagazine.com\/es\/articles\/beauty-yoga-aliado-belleza\/\" \/>\n<meta property=\"og:locale\" content=\"es_ES\" \/>\n<meta property=\"og:type\" content=\"article\" \/>\n<meta property=\"og:title\" content=\"Las que hacen yoga est\u00e1n m\u00e1s guapas\" \/>\n<meta property=\"og:description\" content=\"S\u00ed, ya sabes que el yoga sirve para equilibrar cuerpo y mente, para desconectar del mundanal ruido y relajarte. Y, a partir de ahora, tambi\u00e9n sabr\u00e1s que es un aliado perfecto de tu rutina de belleza.\" \/>\n<meta property=\"og:url\" content=\"https:\/\/graziamagazine.com\/es\/articles\/beauty-yoga-aliado-belleza\/\" \/>\n<meta property=\"og:site_name\" content=\"Grazia\" \/>\n<meta property=\"article:modified_time\" content=\"2017-10-31T17:41:24+00:00\" \/>\n<meta property=\"og:image\" content=\"https:\/\/graziamagazine.com\/es\/wp-content\/uploads\/sites\/12\/2016\/06\/01120321\/2_yogi.jpg?fit=785%2C480\" \/>\n\t<meta property=\"og:image:width\" content=\"785\" \/>\n\t<meta property=\"og:image:height\" content=\"480\" \/>\n\t<meta property=\"og:image:type\" content=\"image\/jpeg\" \/>\n<meta name=\"twitter:card\" content=\"summary_large_image\" \/>\n<meta name=\"twitter:title\" content=\"Las que hacen yoga est\u00e1n m\u00e1s guapas\" \/>\n<meta name=\"twitter:description\" content=\"S\u00ed, ya sabes que el yoga sirve para equilibrar cuerpo y mente, para desconectar del mundanal ruido y relajarte. Y, a partir de ahora, tambi\u00e9n sabr\u00e1s que es un aliado perfecto de tu rutina de belleza.\" \/>\n<meta name=\"twitter:image\" content=\"http:\/\/s3-eu-west-1.amazonaws.com\/grazia-cdn\/wp-content\/uploads\/sites\/12\/2016\/06\/01120321\/2_yogi.jpg\" \/>\n<meta name=\"twitter:label1\" content=\"Est. reading time\" \/>\n\t<meta name=\"twitter:data1\" content=\"6 minutos\" \/>\n<script type=\"application\/ld+json\" class=\"yoast-schema-graph\">{\"@context\":\"https:\/\/schema.org\",\"@graph\":[{\"@type\":\"WebPage\",\"@id\":\"https:\/\/graziamagazine.com\/es\/articles\/beauty-yoga-aliado-belleza\/\",\"url\":\"https:\/\/graziamagazine.com\/es\/articles\/beauty-yoga-aliado-belleza\/\",\"name\":\"Yoga, nueva rutina para estar m\u00e1s guapa | Grazia\",\"isPartOf\":{\"@id\":\"https:\/\/graziamagazine.com\/es\/#website\"},\"datePublished\":\"2016-06-03T04:23:27+00:00\",\"dateModified\":\"2017-10-31T17:41:24+00:00\",\"description\":\"El yoga sirve para equilibrar cuerpo y mente, para desconectar del mundanal ruido y relajarte. Pero tambi\u00e9n es un aliado perfecto de tu rutina de belleza.\",\"breadcrumb\":{\"@id\":\"https:\/\/graziamagazine.com\/es\/articles\/beauty-yoga-aliado-belleza\/#breadcrumb\"},\"inLanguage\":\"es\",\"potentialAction\":[{\"@type\":\"ReadAction\",\"target\":[\"https:\/\/graziamagazine.com\/es\/articles\/beauty-yoga-aliado-belleza\/\"]}]},{\"@type\":\"BreadcrumbList\",\"@id\":\"https:\/\/graziamagazine.com\/es\/articles\/beauty-yoga-aliado-belleza\/#breadcrumb\",\"itemListElement\":[{\"@type\":\"ListItem\",\"position\":1,\"name\":\"Portada\",\"item\":\"https:\/\/graziamagazine.com\/es\/\"},{\"@type\":\"ListItem\",\"position\":2,\"name\":\"Beauty yoga: las que hacen yoga est\u00e1n m\u00e1s guapas\"}]},{\"@type\":\"WebSite\",\"@id\":\"https:\/\/graziamagazine.com\/es\/#website\",\"url\":\"https:\/\/graziamagazine.com\/es\/\",\"name\":\"Grazia\",\"description\":\"Moda, belleza, celebrities, estilo de vida...\",\"potentialAction\":[{\"@type\":\"SearchAction\",\"target\":{\"@type\":\"EntryPoint\",\"urlTemplate\":\"https:\/\/graziamagazine.com\/es\/?s={search_term_string}\"},\"query-input\":\"required name=search_term_string\"}],\"inLanguage\":\"es\"}]}<\/script>\n<!-- \/ Yoast SEO Premium plugin. -->","yoast_head_json":{"title":"Yoga, nueva rutina para estar m\u00e1s guapa | Grazia","description":"El yoga sirve para equilibrar cuerpo y mente, para desconectar del mundanal ruido y relajarte. Pero tambi\u00e9n es un aliado perfecto de tu rutina de belleza.","robots":{"index":"index","follow":"follow","max-snippet":"max-snippet:-1","max-image-preview":"max-image-preview:large","max-video-preview":"max-video-preview:-1"},"canonical":"https:\/\/graziamagazine.com\/es\/articles\/beauty-yoga-aliado-belleza\/","og_locale":"es_ES","og_type":"article","og_title":"Las que hacen yoga est\u00e1n m\u00e1s guapas","og_description":"S\u00ed, ya sabes que el yoga sirve para equilibrar cuerpo y mente, para desconectar del mundanal ruido y relajarte. Y, a partir de ahora, tambi\u00e9n sabr\u00e1s que es un aliado perfecto de tu rutina de belleza.","og_url":"https:\/\/graziamagazine.com\/es\/articles\/beauty-yoga-aliado-belleza\/","og_site_name":"Grazia","article_modified_time":"2017-10-31T17:41:24+00:00","og_image":[{"width":785,"height":480,"url":"https:\/\/graziamagazine.com\/es\/wp-content\/uploads\/sites\/12\/2016\/06\/01120321\/2_yogi.jpg?fit=785%2C480","type":"image\/jpeg"}],"twitter_card":"summary_large_image","twitter_title":"Las que hacen yoga est\u00e1n m\u00e1s guapas","twitter_description":"S\u00ed, ya sabes que el yoga sirve para equilibrar cuerpo y mente, para desconectar del mundanal ruido y relajarte. Y, a partir de ahora, tambi\u00e9n sabr\u00e1s que es un aliado perfecto de tu rutina de belleza.","twitter_image":"http:\/\/s3-eu-west-1.amazonaws.com\/grazia-cdn\/wp-content\/uploads\/sites\/12\/2016\/06\/01120321\/2_yogi.jpg","twitter_misc":{"Est. reading time":"6 minutos"},"schema":{"@context":"https:\/\/schema.org","@graph":[{"@type":"WebPage","@id":"https:\/\/graziamagazine.com\/es\/articles\/beauty-yoga-aliado-belleza\/","url":"https:\/\/graziamagazine.com\/es\/articles\/beauty-yoga-aliado-belleza\/","name":"Yoga, nueva rutina para estar m\u00e1s guapa | Grazia","isPartOf":{"@id":"https:\/\/graziamagazine.com\/es\/#website"},"datePublished":"2016-06-03T04:23:27+00:00","dateModified":"2017-10-31T17:41:24+00:00","description":"El yoga sirve para equilibrar cuerpo y mente, para desconectar del mundanal ruido y relajarte. Pero tambi\u00e9n es un aliado perfecto de tu rutina de belleza.","breadcrumb":{"@id":"https:\/\/graziamagazine.com\/es\/articles\/beauty-yoga-aliado-belleza\/#breadcrumb"},"inLanguage":"es","potentialAction":[{"@type":"ReadAction","target":["https:\/\/graziamagazine.com\/es\/articles\/beauty-yoga-aliado-belleza\/"]}]},{"@type":"BreadcrumbList","@id":"https:\/\/graziamagazine.com\/es\/articles\/beauty-yoga-aliado-belleza\/#breadcrumb","itemListElement":[{"@type":"ListItem","position":1,"name":"Portada","item":"https:\/\/graziamagazine.com\/es\/"},{"@type":"ListItem","position":2,"name":"Beauty yoga: las que hacen yoga est\u00e1n m\u00e1s guapas"}]},{"@type":"WebSite","@id":"https:\/\/graziamagazine.com\/es\/#website","url":"https:\/\/graziamagazine.com\/es\/","name":"Grazia","description":"Moda, belleza, celebrities, estilo de vida...","potentialAction":[{"@type":"SearchAction","target":{"@type":"EntryPoint","urlTemplate":"https:\/\/graziamagazine.com\/es\/?s={search_term_string}"},"query-input":"required name=search_term_string"}],"inLanguage":"es"}]}},"jetpack_sharing_enabled":true,"distributor_meta":false,"distributor_terms":false,"distributor_media":false,"distributor_original_site_name":"Grazia","distributor_original_site_url":"https:\/\/graziamagazine.com\/es","push-errors":false,"_links":{"self":[{"href":"https:\/\/graziamagazine.com\/es\/wp-json\/wp\/v2\/articles\/78886"}],"collection":[{"href":"https:\/\/graziamagazine.com\/es\/wp-json\/wp\/v2\/articles"}],"about":[{"href":"https:\/\/graziamagazine.com\/es\/wp-json\/wp\/v2\/types\/articles"}],"author":[{"embeddable":true,"href":"https:\/\/graziamagazine.com\/es\/wp-json\/wp\/v2\/users\/22361"}],"wp:attachment":[{"href":"https:\/\/graziamagazine.com\/es\/wp-json\/wp\/v2\/media?parent=78886"}],"wp:term":[{"taxonomy":"category","embeddable":true,"href":"https:\/\/graziamagazine.com\/es\/wp-json\/wp\/v2\/categories?post=78886"}],"curies":[{"name":"wp","href":"https:\/\/api.w.org\/{rel}","templated":true}]}}