{"id":78042,"date":"2016-05-17T19:11:59","date_gmt":"2016-05-17T17:11:59","guid":{"rendered":"https:\/\/graziamagazine.com\/es\/?p=78042"},"modified":"2016-05-17T19:11:59","modified_gmt":"2016-05-17T17:11:59","slug":"lily-rose-depp-cita-en-cannes","status":"publish","type":"articles","link":"https:\/\/graziamagazine.com\/es\/articles\/lily-rose-depp-cita-en-cannes\/","title":{"rendered":"Lily-Rose Depp: cita en Cannes"},"content":{"rendered":"<p>\u201cNo se permiten preguntas personales\u201d, me advierte el\u00a0agente de prensa en un tono amable pero dej\u00e1ndome\u00a0claro que ser\u00e1 preferible que\u00a0resista\u00a0la tentaci\u00f3n de hablar con <a href=\"https:\/\/graziamagazine.com\/es\/etiqueta\/lily-rose-depp\/\" target=\"_blank\"><strong>Lily-Rose Depp<\/strong><\/a> sobre su padre, <strong><a href=\"https:\/\/graziamagazine.com\/es\/etiqueta\/johnny-depp\/\" target=\"_blank\">Johnny Depp<\/a>,<\/strong> o su madre, <strong>Vanessa Paradis. <\/strong>Y es que la primog\u00e9nita de la ex pareja, a punto de\u00a0cumplir 17 primaveras, ha emprendido su vuelo en solitario. Con pasos fuertes, esta chica llega dispuesta a comerse el mundo sabiendo que va a lograrlo. Como modelo (ya ha sido imagen de Chanel) o como actriz, promete\u00a0dar mucho que hablar.<\/p>\n<p>Al Festival de Cannes, donde nos reunimos con ella, <strong>ha venido a\u00a0presentar (fuera del concurso oficial)\u00a0<em>The Dancer,<\/em> <\/strong>la primera obra\u00a0de la francesa Stephanie Di Giusto. Una\u00a0cinta que versa sobre la pionera de la danza moderna Lo\u00efe Fuller\u00a0y en la que\u00a0Lily-Rose da vida a otra adelantada en el mundo del baile, Isadora Duncan.<\/p>\n<p>A nuestra cita, en uno de esos bares de hotel que por la noche se transforman en <em>the-place-to-be,<\/em> acude una adolescente de apariencia insegura que desaparece por completo seg\u00fan avanza la conversaci\u00f3n; dando paso a una chica muy madura\u00a0pero\u00a0reservada y, sobre todo, con las ideas muy claras.<\/p>\n<figure id=\"attachment_78051\" aria-describedby=\"caption-attachment-78051\" style=\"width: 785px\" class=\"wp-caption aligncenter\"><img loading=\"lazy\" decoding=\"async\" class=\"size-full wp-image-78051\" src=\"https:\/\/graziamagazine.com\/es\/wp-content\/uploads\/sites\/12\/2016\/05\/17183829\/lily-rose-depp-01.jpg\" alt=\"Lily-Rose Depp se ha estrenado en Cannes con 'The Dancer', cinta en la que da vida a Isadora Duncan. \u00a9 Cortes\u00eda de Chanel\" width=\"785\" height=\"546\" \/><figcaption id=\"caption-attachment-78051\" class=\"wp-caption-text\">Lily-Rose Depp se ha estrenado en Cannes con &#8216;The Dancer&#8217;, cinta en la que da vida a Isadora Duncan. \u00a9 Cortes\u00eda de Chanel<\/figcaption><\/figure>\n<p><strong>\u00bfC\u00f3mo llegaste al\u00a0proyecto de <em>The Dancer<\/em>?<\/strong><\/p>\n<p>Conoc\u00ed a Stephanie (Di Giusto) a trav\u00e9s de Soko, con quien tengo una amistad desde hace tiempo. Ella fue la que me coment\u00f3 que estaba trabajando en el proyecto de la\u00a0pel\u00edcula y que la directora buscaba una actriz de mi edad para el rol de Isadora Duncan.<\/p>\n<p>&nbsp;<\/p>\n<p><strong>La directora del filme ha dicho de ti que en cuanto te vio supo que ser\u00edas capaz de cualquier cosa, que eres muy osada&#8230;<\/strong><\/p>\n<p>Puedo serlo en el peor de los sentidos [r\u00ede]. Si me interesa algo, voy por a por ello, as\u00ed que\u00a0cuando escuch\u00e9 que se trataba de Isadora Duncan, supe que lo quer\u00eda y que ten\u00eda que hacerlo.\u00a0Representaba un honor asumir el papel de figura tan ic\u00f3nica, una artista tan significativa. Cuando finalmente le\u00ed el guion, me di cuenta de todo el trabajo que hab\u00eda detr\u00e1s, y de la investigaci\u00f3n tan exhaustiva que hab\u00eda realizado Stephanie.<\/p>\n<p>&nbsp;<\/p>\n<p><strong>\u00bfDe d\u00f3nde te viene esa confianza en ti misma tan apabullante?<\/strong><\/p>\n<p>[Risas]\u00a0En realidad no lo s\u00e9, es mi forma de ser.<\/p>\n<figure id=\"attachment_78052\" aria-describedby=\"caption-attachment-78052\" style=\"width: 785px\" class=\"wp-caption aligncenter\"><img loading=\"lazy\" decoding=\"async\" class=\"size-full wp-image-78052\" src=\"https:\/\/graziamagazine.com\/es\/wp-content\/uploads\/sites\/12\/2016\/05\/17183845\/lily-rose-depp-02.jpg\" alt=\"Vestida de Chanel en diferentes actos promocionales en Cannes. \u00a9 Cortes\u00eda de Chanel\" width=\"785\" height=\"393\" \/><figcaption id=\"caption-attachment-78052\" class=\"wp-caption-text\">Vestida de Chanel en diferentes actos promocionales en Cannes. \u00a9 Cortes\u00eda de Chanel<\/figcaption><\/figure>\n<p><strong>Hasta ahora has hecho cinco pel\u00edculas y<\/strong><strong>\u00a0te han dirigido realizadores con mucha experiencia (Kevin Smith y Rebecca Zlotowski). \u00bfC\u00f3mo fue trabajar en el primer largometraje de un director, como es el caso de <em>The Dancer<\/em>?<\/strong><\/p>\n<p>Definitivamente es muy diferente. Un director &#8216;amateur&#8217; es m\u00e1s meticuloso, y apasionado. A Stephanie le llev\u00f3\u00a0cuatro a\u00f1os sacar adelante el proyecto, entre investigaciones y preparativos, y se nota que de verdad que ama a ese &#8216;beb\u00e9&#8217;,\u00a0que est\u00e1 muy orgullosa de \u00e9l.<\/p>\n<p>&nbsp;<\/p>\n<p><strong>Isadora Duncan se retrata en el filme como una persona ambiciosa, \u00bfcu\u00e1l es tu impresi\u00f3n hacia ella?<\/strong><\/p>\n<p>No creo que fuera mala, m\u00e1s bien me parece que era una rebelde. En la cinta sabe perfectamente lo que quiere, y trata de alcanzarlo a su manera.<\/p>\n<p>&nbsp;<\/p>\n<p><strong>\u00bfQu\u00e9 significa para ti la actuaci\u00f3n?<\/strong><\/p>\n<p>Actuar me trae muchas alegr\u00edas, si no no podr\u00eda hacer este trabajo. Me da la oportunidad de ser libre,\u00a0de dejarme llevar con cada uno de los papeles\u00a0que asumo. Actuar me da una sensaci\u00f3n de felicidad; me gusta perderme en m\u00ed misma, dejar de ser yo, dejar de lado mis sentimientos para asumir la personalidad y las emociones de otra persona diferente, vivir sus experiencias.<\/p>\n<figure id=\"attachment_78053\" aria-describedby=\"caption-attachment-78053\" style=\"width: 785px\" class=\"wp-caption aligncenter\"><img loading=\"lazy\" decoding=\"async\" class=\"size-full wp-image-78053\" src=\"https:\/\/graziamagazine.com\/es\/wp-content\/uploads\/sites\/12\/2016\/05\/17183851\/lily-rose-depp-03.jpg\" alt=\"Fan confesa de Instagram, puedes seguir sus aventuras en @lilyrose_depp. \" width=\"785\" height=\"502\" \/><figcaption id=\"caption-attachment-78053\" class=\"wp-caption-text\">Fan confesa de Instagram, puedes seguir sus aventuras en <a href=\"https:\/\/www.instagram.com\/lilyrose_depp\/\" target=\"_blank\" target=\"_blank\">@lilyrose_depp<\/a>.<\/figcaption><\/figure>\n<p><strong>\u00bfC\u00f3mo llevas lo de lidiar con la atenci\u00f3n y la presi\u00f3n que implica este trabajo?<\/strong><\/p>\n<p>Es duro y roba mucho de ti (sobre todo desde el punto de vista emocional), pero lo veo como parte de la profesi\u00f3n, as\u00ed que hay que lidiar con ello. Creo que el resultado merece la pena porque puedo hacer lo que me gusta, estoy consiguiendo buenos papeles, estoy aqu\u00ed en el Festival de Cannes presentando The Dancer&#8230; Todo en la vida tiene sus consecuencias y en cualquier carrera hay que hacer sacrificios.<\/p>\n<p>&nbsp;<\/p>\n<p><strong>\u00bfEl hecho de que te dediques a la actuaci\u00f3n es una influencia directa de tus padres?<\/strong><\/p>\n<p>De peque\u00f1a no lo ten\u00eda como meta. Fue una decisi\u00f3n que lleg\u00f3 despu\u00e9s&#8230;\u00a0Tuve una escena en <em>Tusk<\/em> (de Kevin Smith, 2014), un\u00a0papel\u00a0de cinco minutos en una producci\u00f3n peque\u00f1a. Pero fue una experiencia que disfrut\u00e9 mucho y me hizo darme cuenta de que actuar me hac\u00eda feliz.<\/p>\n<p>&nbsp;<\/p>\n<p><strong>\u00bfPor qu\u00e9 decidiste abandonar el instituto?<\/strong><\/p>\n<p>Para pasar a ser adulto hay que tomar decisiones y ser capaz de escoger lo que crees que es mejor. Ahora trabajo, siento que he madurado, me estoy esforzando, dedic\u00e1ndole todas mis energ\u00edas a la profesi\u00f3n, as\u00ed que no tengo tiempo de sentarme a hacer deberes o escribir ensayos para el instituto. Quiero invertir todas mis horas en aprender m\u00e1s de este trabajo.<\/p>\n<figure id=\"attachment_78054\" aria-describedby=\"caption-attachment-78054\" style=\"width: 785px\" class=\"wp-caption aligncenter\"><img loading=\"lazy\" decoding=\"async\" class=\"size-full wp-image-78054\" src=\"https:\/\/graziamagazine.com\/es\/wp-content\/uploads\/sites\/12\/2016\/05\/17183859\/lily-rose-depp-04.jpg\" alt=\"La actriz se estren\u00f3 hace un a\u00f1o como imagen de Chanel. \u00a9 Cortes\u00eda de Chanel\" width=\"785\" height=\"523\" \/><figcaption id=\"caption-attachment-78054\" class=\"wp-caption-text\">La actriz se estren\u00f3 hace un a\u00f1o como imagen de Chanel. \u00a9 Cortes\u00eda de Chanel<\/figcaption><\/figure>\n<p><strong>\u00bfExiste alguien a le quieras seguir los pasos?<\/strong><\/p>\n<p>No quiero parecerme a nadie.<\/p>\n<p><strong>\u00a0<\/strong><\/p>\n<p><strong>Fuera hay muchas actrices peleando por un trozo del pastel, \u00bfqu\u00e9 crees que te hace diferente de ellas?<\/strong><\/p>\n<p>No se trata de ser mejor que las dem\u00e1s, no estoy en una competici\u00f3n. Estoy haciendo mi trabajo lo mejor que puedo, asumiendo roles que considero son los mejores para m\u00ed. Por eso digo que no es una competici\u00f3n en la que quieres lograr el nivel de los dem\u00e1s o m\u00e1s, esto es solo un desaf\u00edo contigo misma.<\/p>\n<blockquote><p>Adem\u00e1s: todas las im\u00e1genes en Cannes.<\/p><\/blockquote>\n<p>[galeria]<\/p>\n<p><iframe loading=\"lazy\" style=\"border: none; overflow: hidden; height: 258px;\" src=\"\/\/www.facebook.com\/plugins\/likebox.php?href=https%3A%2F%2Fwww.facebook.com%2Fgraziaespana&amp;width&amp;height=258&amp;colorscheme=light&amp;show_faces=true&amp;header=false&amp;stream=false&amp;show_border=false&amp;appId=349017955267591\" width=\"300\" height=\"150\" frameborder=\"0\" scrolling=\"no\"><\/iframe><\/p>\n","protected":false},"author":17007,"featured_media":0,"template":"","format":"standard","categories":[13,17],"acf":[],"yoast_head":"<!-- This site is optimized with the Yoast SEO Premium plugin v18.5 (Yoast SEO v20.4) - https:\/\/yoast.com\/wordpress\/plugins\/seo\/ -->\n<title>Lily-Rose Depp: cita en Cannes | Grazia<\/title>\n<meta name=\"description\" content=\"Nos reunimos con Lily-Rose Depp Cannes para hablar de su \u00faltimo papel en &#039;The Dancer&#039; y para descubrir a una mujer madura y sensata.\" \/>\n<meta name=\"robots\" content=\"index, follow, max-snippet:-1, max-image-preview:large, max-video-preview:-1\" \/>\n<link rel=\"canonical\" href=\"https:\/\/graziamagazine.com\/es\/articles\/lily-rose-depp-cita-en-cannes\/\" \/>\n<meta property=\"og:locale\" content=\"es_ES\" \/>\n<meta property=\"og:type\" content=\"article\" \/>\n<meta property=\"og:title\" content=\"Lily-Rose Depp: cita en Cannes\" \/>\n<meta property=\"og:description\" content=\"Nos reunimos con la joven actriz en el Festival de Cannes para hablar de su \u00faltimo papel en &#039;The Dancer&#039; y para descubrir a una mujer madura y sensata que se ha saltado de un brinco la adolescencia.\" \/>\n<meta property=\"og:url\" content=\"https:\/\/graziamagazine.com\/es\/articles\/lily-rose-depp-cita-en-cannes\/\" \/>\n<meta property=\"og:site_name\" content=\"Grazia\" \/>\n<meta property=\"og:image\" content=\"https:\/\/graziamagazine.com\/es\/wp-content\/uploads\/sites\/12\/2016\/05\/17183829\/lily-rose-depp-01.jpg?fit=785%2C546\" \/>\n\t<meta property=\"og:image:width\" content=\"785\" \/>\n\t<meta property=\"og:image:height\" content=\"546\" \/>\n\t<meta property=\"og:image:type\" content=\"image\/jpeg\" \/>\n<meta name=\"twitter:card\" content=\"summary_large_image\" \/>\n<meta name=\"twitter:title\" content=\"Lily-Rose Depp: cita en Cannes\" \/>\n<meta name=\"twitter:description\" content=\"Nos reunimos con la joven actriz en el Festival de Cannes para hablar de su \u00faltimo papel en &#039;The Dancer&#039; y para descubrir a una mujer madura y sensata que se ha saltado de un brinco la adolescencia.\" \/>\n<meta name=\"twitter:image\" content=\"http:\/\/s3-eu-west-1.amazonaws.com\/grazia-cdn\/wp-content\/uploads\/sites\/12\/2016\/05\/17183829\/lily-rose-depp-01.jpg\" \/>\n<meta name=\"twitter:label1\" content=\"Est. reading time\" \/>\n\t<meta name=\"twitter:data1\" content=\"5 minutos\" \/>\n<script type=\"application\/ld+json\" class=\"yoast-schema-graph\">{\"@context\":\"https:\/\/schema.org\",\"@graph\":[{\"@type\":\"WebPage\",\"@id\":\"https:\/\/graziamagazine.com\/es\/articles\/lily-rose-depp-cita-en-cannes\/\",\"url\":\"https:\/\/graziamagazine.com\/es\/articles\/lily-rose-depp-cita-en-cannes\/\",\"name\":\"Lily-Rose Depp: cita en Cannes | Grazia\",\"isPartOf\":{\"@id\":\"https:\/\/graziamagazine.com\/es\/#website\"},\"datePublished\":\"2016-05-17T17:11:59+00:00\",\"dateModified\":\"2016-05-17T17:11:59+00:00\",\"description\":\"Nos reunimos con Lily-Rose Depp Cannes para hablar de su \u00faltimo papel en 'The Dancer' y para descubrir a una mujer madura y sensata.\",\"breadcrumb\":{\"@id\":\"https:\/\/graziamagazine.com\/es\/articles\/lily-rose-depp-cita-en-cannes\/#breadcrumb\"},\"inLanguage\":\"es\",\"potentialAction\":[{\"@type\":\"ReadAction\",\"target\":[\"https:\/\/graziamagazine.com\/es\/articles\/lily-rose-depp-cita-en-cannes\/\"]}]},{\"@type\":\"BreadcrumbList\",\"@id\":\"https:\/\/graziamagazine.com\/es\/articles\/lily-rose-depp-cita-en-cannes\/#breadcrumb\",\"itemListElement\":[{\"@type\":\"ListItem\",\"position\":1,\"name\":\"Portada\",\"item\":\"https:\/\/graziamagazine.com\/es\/\"},{\"@type\":\"ListItem\",\"position\":2,\"name\":\"Lily-Rose Depp: cita en Cannes\"}]},{\"@type\":\"WebSite\",\"@id\":\"https:\/\/graziamagazine.com\/es\/#website\",\"url\":\"https:\/\/graziamagazine.com\/es\/\",\"name\":\"Grazia\",\"description\":\"Moda, belleza, celebrities, estilo de vida...\",\"potentialAction\":[{\"@type\":\"SearchAction\",\"target\":{\"@type\":\"EntryPoint\",\"urlTemplate\":\"https:\/\/graziamagazine.com\/es\/?s={search_term_string}\"},\"query-input\":\"required name=search_term_string\"}],\"inLanguage\":\"es\"}]}<\/script>\n<!-- \/ Yoast SEO Premium plugin. -->","yoast_head_json":{"title":"Lily-Rose Depp: cita en Cannes | Grazia","description":"Nos reunimos con Lily-Rose Depp Cannes para hablar de su \u00faltimo papel en 'The Dancer' y para descubrir a una mujer madura y sensata.","robots":{"index":"index","follow":"follow","max-snippet":"max-snippet:-1","max-image-preview":"max-image-preview:large","max-video-preview":"max-video-preview:-1"},"canonical":"https:\/\/graziamagazine.com\/es\/articles\/lily-rose-depp-cita-en-cannes\/","og_locale":"es_ES","og_type":"article","og_title":"Lily-Rose Depp: cita en Cannes","og_description":"Nos reunimos con la joven actriz en el Festival de Cannes para hablar de su \u00faltimo papel en 'The Dancer' y para descubrir a una mujer madura y sensata que se ha saltado de un brinco la adolescencia.","og_url":"https:\/\/graziamagazine.com\/es\/articles\/lily-rose-depp-cita-en-cannes\/","og_site_name":"Grazia","og_image":[{"width":785,"height":546,"url":"https:\/\/graziamagazine.com\/es\/wp-content\/uploads\/sites\/12\/2016\/05\/17183829\/lily-rose-depp-01.jpg?fit=785%2C546","type":"image\/jpeg"}],"twitter_card":"summary_large_image","twitter_title":"Lily-Rose Depp: cita en Cannes","twitter_description":"Nos reunimos con la joven actriz en el Festival de Cannes para hablar de su \u00faltimo papel en 'The Dancer' y para descubrir a una mujer madura y sensata que se ha saltado de un brinco la adolescencia.","twitter_image":"http:\/\/s3-eu-west-1.amazonaws.com\/grazia-cdn\/wp-content\/uploads\/sites\/12\/2016\/05\/17183829\/lily-rose-depp-01.jpg","twitter_misc":{"Est. reading time":"5 minutos"},"schema":{"@context":"https:\/\/schema.org","@graph":[{"@type":"WebPage","@id":"https:\/\/graziamagazine.com\/es\/articles\/lily-rose-depp-cita-en-cannes\/","url":"https:\/\/graziamagazine.com\/es\/articles\/lily-rose-depp-cita-en-cannes\/","name":"Lily-Rose Depp: cita en Cannes | Grazia","isPartOf":{"@id":"https:\/\/graziamagazine.com\/es\/#website"},"datePublished":"2016-05-17T17:11:59+00:00","dateModified":"2016-05-17T17:11:59+00:00","description":"Nos reunimos con Lily-Rose Depp Cannes para hablar de su \u00faltimo papel en 'The Dancer' y para descubrir a una mujer madura y sensata.","breadcrumb":{"@id":"https:\/\/graziamagazine.com\/es\/articles\/lily-rose-depp-cita-en-cannes\/#breadcrumb"},"inLanguage":"es","potentialAction":[{"@type":"ReadAction","target":["https:\/\/graziamagazine.com\/es\/articles\/lily-rose-depp-cita-en-cannes\/"]}]},{"@type":"BreadcrumbList","@id":"https:\/\/graziamagazine.com\/es\/articles\/lily-rose-depp-cita-en-cannes\/#breadcrumb","itemListElement":[{"@type":"ListItem","position":1,"name":"Portada","item":"https:\/\/graziamagazine.com\/es\/"},{"@type":"ListItem","position":2,"name":"Lily-Rose Depp: cita en Cannes"}]},{"@type":"WebSite","@id":"https:\/\/graziamagazine.com\/es\/#website","url":"https:\/\/graziamagazine.com\/es\/","name":"Grazia","description":"Moda, belleza, celebrities, estilo de vida...","potentialAction":[{"@type":"SearchAction","target":{"@type":"EntryPoint","urlTemplate":"https:\/\/graziamagazine.com\/es\/?s={search_term_string}"},"query-input":"required name=search_term_string"}],"inLanguage":"es"}]}},"jetpack_sharing_enabled":true,"distributor_meta":false,"distributor_terms":false,"distributor_media":false,"distributor_original_site_name":"Grazia","distributor_original_site_url":"https:\/\/graziamagazine.com\/es","push-errors":false,"_links":{"self":[{"href":"https:\/\/graziamagazine.com\/es\/wp-json\/wp\/v2\/articles\/78042"}],"collection":[{"href":"https:\/\/graziamagazine.com\/es\/wp-json\/wp\/v2\/articles"}],"about":[{"href":"https:\/\/graziamagazine.com\/es\/wp-json\/wp\/v2\/types\/articles"}],"author":[{"embeddable":true,"href":"https:\/\/graziamagazine.com\/es\/wp-json\/wp\/v2\/users\/17007"}],"wp:attachment":[{"href":"https:\/\/graziamagazine.com\/es\/wp-json\/wp\/v2\/media?parent=78042"}],"wp:term":[{"taxonomy":"category","embeddable":true,"href":"https:\/\/graziamagazine.com\/es\/wp-json\/wp\/v2\/categories?post=78042"}],"curies":[{"name":"wp","href":"https:\/\/api.w.org\/{rel}","templated":true}]}}